{"id":820,"date":"2017-03-14T13:17:57","date_gmt":"2017-03-14T11:17:57","guid":{"rendered":"https:\/\/suomenkuvalehti.fi\/kirjailijanpaivakirja\/?p=820"},"modified":"2017-03-14T14:32:39","modified_gmt":"2017-03-14T12:32:39","slug":"kirjastoihin-kayttomaksut-perussuomalaiset-kokoomuslaiset-jattavat-eniten-ovea-auki","status":"publish","type":"post","link":"https:\/\/suomenkuvalehti.fi\/kirjailijanpaivakirja\/kirjastoihin-kayttomaksut-perussuomalaiset-kokoomuslaiset-jattavat-eniten-ovea-auki\/","title":{"rendered":"Kirjastoihin k\u00e4ytt\u00f6maksut? Perussuomalaiset ja kokoomuslaiset j\u00e4tt\u00e4v\u00e4t eniten ovea auki"},"content":{"rendered":"\n<p>Voisiko kunnan kirjastojen k\u00e4yt\u00f6st\u00e4 peri\u00e4 maksun?<\/p>\n\n\n\n<p>Se on yksi asioista, joihin <em>Suomen Kuvalehden<\/em> yhdess\u00e4 Ylen kanssa toteuttamaan kuntavaalikoneeseen vastanneet ehdokkaat ovat ottaneet kantaa. Poikkeuksellisen monella n\u00e4kemys onkin: yli 15 400 vastanneesta vain 132 eli alle prosentti on halunnut ohittaa kysymyksen.<\/p>\n\n\n\n<p>Tarkkaan ottaen kysymys on v\u00e4ite &#8221;Kirjastojen palveluista voisi peri\u00e4 vuosimaksun&#8221;, johon vaalikoneeseen vastanneet kuntavaaliehdokkaat ovat saaneet ottaa kantaa neliportaisella asteikolla. V\u00e4itteen muotoilu j\u00e4tt\u00e4\u00e4 tulkinnanvaraa: edes t\u00e4ysin samaa mielt\u00e4 oleminen ei tarkoita kirjastojen k\u00e4ytt\u00f6maksujen kannattamista vaan ainoastaan sit\u00e4, ett\u00e4 ehdokas ei sulje mahdollisuutta pois.<\/p>\n\n\n\n<p>Vaalikoneeseen vastanneiden ehdokkaiden n\u00e4kemys k\u00e4ytt\u00f6maksuista on selv\u00e4: 63,7 prosenttia on t\u00e4ysin ja 23,7 prosenttia jokseenkin eri mielt\u00e4 siit\u00e4, ett\u00e4 kirjastojen k\u00e4yt\u00f6st\u00e4 pit\u00e4isi peri\u00e4 maksu. Maksuja vastaan on siis 87,4 prosenttia vastaajista. Vain 2,4 prosenttia vastaajista eli 373 ehdokasta on t\u00e4ysin samaa mielt\u00e4 maksullisuusv\u00e4itteen kanssa.<\/p>\n\n\n\n<p>Kuntien kirjastot s\u00e4ilyv\u00e4t siis maksuttomina. Eik\u00e4 asia ole edes ollut laajalti esill\u00e4 julkisessa keskustelussa sen koommin, kun <strong>Sauli Niinist\u00f6<\/strong> vuosikausia sitten ohimennen heitti kirjastojen k\u00e4ytt\u00f6maksut esimerkiksi priorisoinneista.<\/p>\n\n\n\n<p>Ehk\u00e4 Niinist\u00f6n heitto on j\u00e4\u00e4nyt kokoomuslaisten mieleen, sill\u00e4 eduskuntapuolueista juuri kokoomuksen ja perussuomalaisten ehdokkaissa on suhteessa eniten niit\u00e4, jotka kannattavat kirjastojen maksullisuutta. Sek\u00e4 kokoomuksen ett\u00e4 perussuomalaisten ehdokkaista 4,2 prosenttia on t\u00e4ysin samaa mielt\u00e4 siit\u00e4, ett\u00e4 kirjastoista voisi peri\u00e4 vuosimaksun. Jokseenkin samaa mielt\u00e4 on 13,1 prosenttia kokoomuksen ja 13,2 prosenttia perussuomalaisten ehdokkaista.<\/p>\n\n\n\n<p>Jollain tapaa positiivisesti kirjastojen maksullisuuteen suhtautuu siis useampi kuin joka kuudes perussuomalainen ja kokoomuslainen ehdokas (17,4 prosenttia perussuomalaisista ja 17,3 prosenttia kokoomuslaisista), kun kaikkien vaalikoneeseen vastanneiden ehdokkaiden keskuudessa t\u00e4ysin tai jokseenkin samaa mielt\u00e4 maksullisuusv\u00e4itteen kanssa on 11,7 prosenttia.<\/p>\n\n\n\n<p>Eduskuntapuolueista vihre\u00e4t kannattaa v\u00e4hiten maksullisuutta. Vihreiss\u00e4 t\u00e4ysin tai jokseenkin samaa mielt\u00e4 olevien vastaajien osuus on 3,7 prosenttia. Suunnilleen samoissa lukemissa on vasemmistoliitto, 4,1 prosenttia.<\/p>\n\n\n\n<p>Keskustan luku on 14,7 prosenttia, kristillisdemokraattien 14,4, Rkp:n 12,0 ja Sdp:n 7,9 prosenttia.<\/p>\n\n\n\n<p>Pienempien puolueiden keskuudessa vastaajien v\u00e4hyyden vuoksi prosentit heittelev\u00e4t selv\u00e4sti. Esimerkiksi el\u00e4inoikeuspuolueen kymmenest\u00e4 vastaajasta kaikki ovat vahvasti sit\u00e4 mielt\u00e4, ett\u00e4 kirjastot on pidett\u00e4v\u00e4 maksuttomina<\/p>\n\n\n\n<p>Yli satatuhatta euroa vuodessa tienaavien ehdokkaiden keskuudessa kirjastojen maksullisuuteen suhtaudutaan hiukan kielteisemmin kuin ehdokkaiden keskuudessa keskim\u00e4\u00e4rin. Samoin niist\u00e4 ehdokkaista, jotka ovat valinneet ammattiasemakseen &#8221;taiteilija&#8221;, keskim\u00e4\u00e4r\u00e4ist\u00e4 harvempi haluaisi kirjastonk\u00e4ytt\u00f6maksua. My\u00f6s korkeakoulututkinnon suorittaneiden keskuudessa kirjastot halutaan pit\u00e4\u00e4 keskim\u00e4\u00e4r\u00e4ist\u00e4 useammin maksuttomina.<\/p>\n\n\n","protected":false},"excerpt":{"rendered":"<p>Eduskuntapuolueista vihre\u00e4t kannattaa v\u00e4hiten maksullisuutta.<\/p>\n","protected":false},"author":129,"featured_media":0,"comment_status":"open","ping_status":"open","sticky":false,"template":"","format":"standard","meta":{"_acf_changed":false,"asauth_required_access_level":3,"asauth_cansharepaid":"true","om_header_attributes":[],"footnotes":"","om_featured_image_focal_point":[],"om_primary_tag":0,"om_contributors":[],"om_co_authors":[],"beyondwords_generate_audio":"","beyondwords_project_id":"","beyondwords_content_id":"","beyondwords_preview_token":"","beyondwords_player_content":"","beyondwords_player_style":"","beyondwords_language_code":"","beyondwords_language_id":"","beyondwords_title_voice_id":"","beyondwords_body_voice_id":"","beyondwords_summary_voice_id":"","beyondwords_error_message":"","beyondwords_disabled":"","beyondwords_delete_content":"","beyondwords_podcast_id":"","beyondwords_hash":"","publish_post_to_speechkit":"","speechkit_hash":"","speechkit_generate_audio":"","speechkit_project_id":"","speechkit_podcast_id":"","speechkit_error_message":"","speechkit_disabled":"","speechkit_access_key":"","speechkit_error":"","speechkit_info":"","speechkit_response":"","speechkit_retries":"","speechkit_status":"","speechkit_updated_at":"","_speechkit_link":"","_speechkit_text":""},"categories":[1],"tags":[397,849,850,848,395],"class_list":["post-820","post","type-post","status-publish","format-standard","hentry","category-kirjailijan-paivakirja","tag-kirjastot","tag-kokoomus","tag-kuntapalvelut","tag-kuntavaalit","tag-perussuomalaiset"],"om_views":null,"acf":{"tuuma_off":false,"tuuma_kysymys":"","tuuma_vastaus":""},"asauth":{"required_access_level":1,"share_token":"","is_paid":false},"yoast_head":"<!-- This site is optimized with the Yoast SEO plugin v26.4 - https:\/\/yoast.com\/wordpress\/plugins\/seo\/ -->\n<title>Kirjastoihin k\u00e4ytt\u00f6maksut? Perussuomalaiset ja kokoomuslaiset j\u00e4tt\u00e4v\u00e4t eniten ovea auki - Kirjailijan p\u00e4iv\u00e4kirja<\/title>\n<meta name=\"robots\" content=\"index, follow, max-snippet:-1, max-image-preview:large, max-video-preview:-1\" \/>\n<link rel=\"canonical\" href=\"https:\/\/suomenkuvalehti.fi\/kirjailijanpaivakirja\/kirjastoihin-kayttomaksut-perussuomalaiset-kokoomuslaiset-jattavat-eniten-ovea-auki\/\" \/>\n<meta property=\"og:locale\" content=\"fi_FI\" \/>\n<meta property=\"og:type\" content=\"article\" \/>\n<meta property=\"og:title\" content=\"Kirjastoihin k\u00e4ytt\u00f6maksut? Perussuomalaiset ja kokoomuslaiset j\u00e4tt\u00e4v\u00e4t eniten ovea auki - Kirjailijan p\u00e4iv\u00e4kirja\" \/>\n<meta property=\"og:description\" content=\"Eduskuntapuolueista vihre\u00e4t kannattaa v\u00e4hiten maksullisuutta.\" \/>\n<meta property=\"og:url\" content=\"https:\/\/suomenkuvalehti.fi\/kirjailijanpaivakirja\/kirjastoihin-kayttomaksut-perussuomalaiset-kokoomuslaiset-jattavat-eniten-ovea-auki\/\" \/>\n<meta property=\"og:site_name\" content=\"Kirjailijan p\u00e4iv\u00e4kirja\" \/>\n<meta property=\"article:published_time\" content=\"2017-03-14T11:17:57+00:00\" \/>\n<meta property=\"article:modified_time\" content=\"2017-03-14T12:32:39+00:00\" \/>\n<meta property=\"og:image\" content=\"https:\/\/suomenkuvalehti.fi\/kirjailijanpaivakirja\/wp-content\/uploads\/sites\/21\/2022\/04\/hamalainen_karo06-1-scaled.jpg\" \/>\n\t<meta property=\"og:image:width\" content=\"2560\" \/>\n\t<meta property=\"og:image:height\" content=\"1706\" \/>\n\t<meta property=\"og:image:type\" content=\"image\/jpeg\" \/>\n<meta name=\"author\" content=\"Karo H\u00e4m\u00e4l\u00e4inen\" \/>\n<meta name=\"twitter:card\" content=\"summary_large_image\" \/>\n<meta name=\"twitter:label1\" content=\"Written by\" \/>\n\t<meta name=\"twitter:data1\" content=\"Karo H\u00e4m\u00e4l\u00e4inen\" \/>\n\t<meta name=\"twitter:label2\" content=\"Est. reading time\" \/>\n\t<meta name=\"twitter:data2\" content=\"2 minuuttia\" \/>\n<script type=\"application\/ld+json\" class=\"yoast-schema-graph\">{\"@context\":\"https:\/\/schema.org\",\"@graph\":[{\"@type\":\"WebPage\",\"@id\":\"https:\/\/suomenkuvalehti.fi\/kirjailijanpaivakirja\/kirjastoihin-kayttomaksut-perussuomalaiset-kokoomuslaiset-jattavat-eniten-ovea-auki\/\",\"url\":\"https:\/\/suomenkuvalehti.fi\/kirjailijanpaivakirja\/kirjastoihin-kayttomaksut-perussuomalaiset-kokoomuslaiset-jattavat-eniten-ovea-auki\/\",\"name\":\"Kirjastoihin k\u00e4ytt\u00f6maksut? Perussuomalaiset ja kokoomuslaiset j\u00e4tt\u00e4v\u00e4t eniten ovea auki - Kirjailijan p\u00e4iv\u00e4kirja\",\"isPartOf\":{\"@id\":\"https:\/\/suomenkuvalehti.fi\/kirjailijanpaivakirja\/#website\"},\"datePublished\":\"2017-03-14T11:17:57+00:00\",\"dateModified\":\"2017-03-14T12:32:39+00:00\",\"author\":{\"@id\":\"https:\/\/suomenkuvalehti.fi\/kirjailijanpaivakirja\/#\/schema\/person\/ca2dfd9d508d8c675e07b3c099fc789b\"},\"breadcrumb\":{\"@id\":\"https:\/\/suomenkuvalehti.fi\/kirjailijanpaivakirja\/kirjastoihin-kayttomaksut-perussuomalaiset-kokoomuslaiset-jattavat-eniten-ovea-auki\/#breadcrumb\"},\"inLanguage\":\"fi\",\"potentialAction\":[{\"@type\":\"ReadAction\",\"target\":[\"https:\/\/suomenkuvalehti.fi\/kirjailijanpaivakirja\/kirjastoihin-kayttomaksut-perussuomalaiset-kokoomuslaiset-jattavat-eniten-ovea-auki\/\"]}]},{\"@type\":\"BreadcrumbList\",\"@id\":\"https:\/\/suomenkuvalehti.fi\/kirjailijanpaivakirja\/kirjastoihin-kayttomaksut-perussuomalaiset-kokoomuslaiset-jattavat-eniten-ovea-auki\/#breadcrumb\",\"itemListElement\":[{\"@type\":\"ListItem\",\"position\":1,\"name\":\"Home\",\"item\":\"https:\/\/suomenkuvalehti.fi\/kirjailijanpaivakirja\/\"},{\"@type\":\"ListItem\",\"position\":2,\"name\":\"Kirjastoihin k\u00e4ytt\u00f6maksut? Perussuomalaiset ja kokoomuslaiset j\u00e4tt\u00e4v\u00e4t eniten ovea auki\"}]},{\"@type\":\"WebSite\",\"@id\":\"https:\/\/suomenkuvalehti.fi\/kirjailijanpaivakirja\/#website\",\"url\":\"https:\/\/suomenkuvalehti.fi\/kirjailijanpaivakirja\/\",\"name\":\"Kirjailijan p\u00e4iv\u00e4kirja\",\"description\":\"Proosakirjailijan arkea ja kirjallisuuden ajankohtaisia aiheita.\",\"potentialAction\":[{\"@type\":\"SearchAction\",\"target\":{\"@type\":\"EntryPoint\",\"urlTemplate\":\"https:\/\/suomenkuvalehti.fi\/haku\/?q={search_term_string}\"},\"query-input\":{\"@type\":\"PropertyValueSpecification\",\"valueRequired\":true,\"valueName\":\"search_term_string\"}}],\"inLanguage\":\"fi\"},{\"@type\":\"Person\",\"@id\":\"https:\/\/suomenkuvalehti.fi\/kirjailijanpaivakirja\/#\/schema\/person\/ca2dfd9d508d8c675e07b3c099fc789b\",\"name\":\"Karo H\u00e4m\u00e4l\u00e4inen\",\"image\":{\"@type\":\"ImageObject\",\"inLanguage\":\"fi\",\"@id\":\"https:\/\/suomenkuvalehti.fi\/kirjailijanpaivakirja\/#\/schema\/person\/image\/\",\"url\":\"https:\/\/suomenkuvalehti.fi\/kirjailijanpaivakirja\/wp-content\/uploads\/sites\/21\/2022\/04\/hamalainen_karo06-1-150x150.jpg\",\"contentUrl\":\"https:\/\/suomenkuvalehti.fi\/kirjailijanpaivakirja\/wp-content\/uploads\/sites\/21\/2022\/04\/hamalainen_karo06-1-150x150.jpg\",\"caption\":\"Karo H\u00e4m\u00e4l\u00e4inen\"},\"description\":\"Karo H\u00e4m\u00e4l\u00e4inen on kirjailija ja talouteen erikoistunut vapaa toimittaja.\"}]}<\/script>\n<!-- \/ Yoast SEO plugin. -->","yoast_head_json":{"title":"Kirjastoihin k\u00e4ytt\u00f6maksut? Perussuomalaiset ja kokoomuslaiset j\u00e4tt\u00e4v\u00e4t eniten ovea auki - Kirjailijan p\u00e4iv\u00e4kirja","robots":{"index":"index","follow":"follow","max-snippet":"max-snippet:-1","max-image-preview":"max-image-preview:large","max-video-preview":"max-video-preview:-1"},"canonical":"https:\/\/suomenkuvalehti.fi\/kirjailijanpaivakirja\/kirjastoihin-kayttomaksut-perussuomalaiset-kokoomuslaiset-jattavat-eniten-ovea-auki\/","og_locale":"fi_FI","og_type":"article","og_title":"Kirjastoihin k\u00e4ytt\u00f6maksut? Perussuomalaiset ja kokoomuslaiset j\u00e4tt\u00e4v\u00e4t eniten ovea auki - Kirjailijan p\u00e4iv\u00e4kirja","og_description":"Eduskuntapuolueista vihre\u00e4t kannattaa v\u00e4hiten maksullisuutta.","og_url":"https:\/\/suomenkuvalehti.fi\/kirjailijanpaivakirja\/kirjastoihin-kayttomaksut-perussuomalaiset-kokoomuslaiset-jattavat-eniten-ovea-auki\/","og_site_name":"Kirjailijan p\u00e4iv\u00e4kirja","article_published_time":"2017-03-14T11:17:57+00:00","article_modified_time":"2017-03-14T12:32:39+00:00","og_image":[{"width":2560,"height":1706,"url":"https:\/\/suomenkuvalehti.fi\/kirjailijanpaivakirja\/wp-content\/uploads\/sites\/21\/2022\/04\/hamalainen_karo06-1-scaled.jpg","type":"image\/jpeg"}],"author":"Karo H\u00e4m\u00e4l\u00e4inen","twitter_card":"summary_large_image","twitter_misc":{"Written by":"Karo H\u00e4m\u00e4l\u00e4inen","Est. reading time":"2 minuuttia"},"schema":{"@context":"https:\/\/schema.org","@graph":[{"@type":"WebPage","@id":"https:\/\/suomenkuvalehti.fi\/kirjailijanpaivakirja\/kirjastoihin-kayttomaksut-perussuomalaiset-kokoomuslaiset-jattavat-eniten-ovea-auki\/","url":"https:\/\/suomenkuvalehti.fi\/kirjailijanpaivakirja\/kirjastoihin-kayttomaksut-perussuomalaiset-kokoomuslaiset-jattavat-eniten-ovea-auki\/","name":"Kirjastoihin k\u00e4ytt\u00f6maksut? Perussuomalaiset ja kokoomuslaiset j\u00e4tt\u00e4v\u00e4t eniten ovea auki - Kirjailijan p\u00e4iv\u00e4kirja","isPartOf":{"@id":"https:\/\/suomenkuvalehti.fi\/kirjailijanpaivakirja\/#website"},"datePublished":"2017-03-14T11:17:57+00:00","dateModified":"2017-03-14T12:32:39+00:00","author":{"@id":"https:\/\/suomenkuvalehti.fi\/kirjailijanpaivakirja\/#\/schema\/person\/ca2dfd9d508d8c675e07b3c099fc789b"},"breadcrumb":{"@id":"https:\/\/suomenkuvalehti.fi\/kirjailijanpaivakirja\/kirjastoihin-kayttomaksut-perussuomalaiset-kokoomuslaiset-jattavat-eniten-ovea-auki\/#breadcrumb"},"inLanguage":"fi","potentialAction":[{"@type":"ReadAction","target":["https:\/\/suomenkuvalehti.fi\/kirjailijanpaivakirja\/kirjastoihin-kayttomaksut-perussuomalaiset-kokoomuslaiset-jattavat-eniten-ovea-auki\/"]}]},{"@type":"BreadcrumbList","@id":"https:\/\/suomenkuvalehti.fi\/kirjailijanpaivakirja\/kirjastoihin-kayttomaksut-perussuomalaiset-kokoomuslaiset-jattavat-eniten-ovea-auki\/#breadcrumb","itemListElement":[{"@type":"ListItem","position":1,"name":"Home","item":"https:\/\/suomenkuvalehti.fi\/kirjailijanpaivakirja\/"},{"@type":"ListItem","position":2,"name":"Kirjastoihin k\u00e4ytt\u00f6maksut? Perussuomalaiset ja kokoomuslaiset j\u00e4tt\u00e4v\u00e4t eniten ovea auki"}]},{"@type":"WebSite","@id":"https:\/\/suomenkuvalehti.fi\/kirjailijanpaivakirja\/#website","url":"https:\/\/suomenkuvalehti.fi\/kirjailijanpaivakirja\/","name":"Kirjailijan p\u00e4iv\u00e4kirja","description":"Proosakirjailijan arkea ja kirjallisuuden ajankohtaisia aiheita.","potentialAction":[{"@type":"SearchAction","target":{"@type":"EntryPoint","urlTemplate":"https:\/\/suomenkuvalehti.fi\/haku\/?q={search_term_string}"},"query-input":{"@type":"PropertyValueSpecification","valueRequired":true,"valueName":"search_term_string"}}],"inLanguage":"fi"},{"@type":"Person","@id":"https:\/\/suomenkuvalehti.fi\/kirjailijanpaivakirja\/#\/schema\/person\/ca2dfd9d508d8c675e07b3c099fc789b","name":"Karo H\u00e4m\u00e4l\u00e4inen","image":{"@type":"ImageObject","inLanguage":"fi","@id":"https:\/\/suomenkuvalehti.fi\/kirjailijanpaivakirja\/#\/schema\/person\/image\/","url":"https:\/\/suomenkuvalehti.fi\/kirjailijanpaivakirja\/wp-content\/uploads\/sites\/21\/2022\/04\/hamalainen_karo06-1-150x150.jpg","contentUrl":"https:\/\/suomenkuvalehti.fi\/kirjailijanpaivakirja\/wp-content\/uploads\/sites\/21\/2022\/04\/hamalainen_karo06-1-150x150.jpg","caption":"Karo H\u00e4m\u00e4l\u00e4inen"},"description":"Karo H\u00e4m\u00e4l\u00e4inen on kirjailija ja talouteen erikoistunut vapaa toimittaja."}]}},"_links":{"self":[{"href":"https:\/\/suomenkuvalehti.fi\/kirjailijanpaivakirja\/wp-json\/wp\/v2\/posts\/820","targetHints":{"allow":["GET"]}}],"collection":[{"href":"https:\/\/suomenkuvalehti.fi\/kirjailijanpaivakirja\/wp-json\/wp\/v2\/posts"}],"about":[{"href":"https:\/\/suomenkuvalehti.fi\/kirjailijanpaivakirja\/wp-json\/wp\/v2\/types\/post"}],"author":[{"embeddable":true,"href":"https:\/\/suomenkuvalehti.fi\/kirjailijanpaivakirja\/wp-json\/wp\/v2\/users\/129"}],"replies":[{"embeddable":true,"href":"https:\/\/suomenkuvalehti.fi\/kirjailijanpaivakirja\/wp-json\/wp\/v2\/comments?post=820"}],"version-history":[{"count":2,"href":"https:\/\/suomenkuvalehti.fi\/kirjailijanpaivakirja\/wp-json\/wp\/v2\/posts\/820\/revisions"}],"predecessor-version":[{"id":822,"href":"https:\/\/suomenkuvalehti.fi\/kirjailijanpaivakirja\/wp-json\/wp\/v2\/posts\/820\/revisions\/822"}],"wp:attachment":[{"href":"https:\/\/suomenkuvalehti.fi\/kirjailijanpaivakirja\/wp-json\/wp\/v2\/media?parent=820"}],"wp:term":[{"taxonomy":"category","embeddable":true,"href":"https:\/\/suomenkuvalehti.fi\/kirjailijanpaivakirja\/wp-json\/wp\/v2\/categories?post=820"},{"taxonomy":"post_tag","embeddable":true,"href":"https:\/\/suomenkuvalehti.fi\/kirjailijanpaivakirja\/wp-json\/wp\/v2\/tags?post=820"}],"curies":[{"name":"wp","href":"https:\/\/api.w.org\/{rel}","templated":true}]}}