{"id":789,"date":"2017-01-16T10:39:47","date_gmt":"2017-01-16T08:39:47","guid":{"rendered":"https:\/\/suomenkuvalehti.fi\/kirjailijanpaivakirja\/?p=789"},"modified":"2017-01-16T12:42:51","modified_gmt":"2017-01-16T10:42:51","slug":"jutun-saundi-vaarennoskauppias-puhuu","status":"publish","type":"post","link":"https:\/\/suomenkuvalehti.fi\/kirjailijanpaivakirja\/jutun-saundi-vaarennoskauppias-puhuu\/","title":{"rendered":"Jutun saundi \u2013 kuinka v\u00e4\u00e4renn\u00f6skauppias puhuu?"},"content":{"rendered":"\n<p><strong>Marko Erolan<\/strong> kirjoittama <strong>Jouni Rannan<\/strong> el\u00e4m\u00e4ntarina <em>Vilpit\u00f6n mieli<\/em> on nopeasti luettu. Parhaiten taidev\u00e4\u00e4renn\u00f6sten kauppiaana tunnetuksi tulleen Rannan el\u00e4m\u00e4n lukuisat vaiheet korttihuijarina, taidekauppiaana, koomapotilaana, monen naisen miehen\u00e4 ja syytettyn\u00e4 on tiivistetty vajaaseen pariinsataan sivuun. Niist\u00e4kin osan t\u00e4ytt\u00e4\u00e4 Rannan laatima luettelo v\u00e4litt\u00e4mist\u00e4\u00e4n v\u00e4\u00e4renn\u00f6ksist\u00e4.<\/p>\n\n\n\n<p><em>Vilpit\u00f6n mieli<\/em> on suoraviivaista kerrontaa, jossa avioero on muutaman rivin juttu. Ei kuvailuja, ei analysointeja. Toteaminen ja siirtyminen seuraavaan vaiheeseen. Jos Ranta ty\u00f6skentelisi H\u00e4nen Majesteettinsa salaisessa palveluksessa, maanj\u00e4ristyksen j\u00e4lkeen h\u00e4n pyyhkisi p\u00f6lyt puvusta ja oikaisisi rusettinsa.<\/p>\n\n\n\n<p>Teoksen kronologisesti k\u00e4ynnist\u00e4v\u00e4 toinen luku on poikkeus. Se alkaa siteeraamalla valistusfilosofi <strong>Denis Diderot&#8217;ta<\/strong> ja kuvailemalla koulupojan Forssaa.<\/p>\n\n\n\n<p>Jos olisin ollut Erolan asemassa Rannan el\u00e4m\u00e4n muistiinmerkitsij\u00e4n\u00e4, olisin luultavasti pys\u00e4ytt\u00e4nyt Rantaa tavan takaa. <em>Kuvaile! Mill\u00e4 puolella taloa se oli ja mink\u00e4 v\u00e4rinen talo oli, puuta vai betonia, ropisiko sade pelti- vai huopakattoon? Milt\u00e4 siell\u00e4 haisi? Milt\u00e4 iholla tuntui? Millaisia \u00e4\u00e4ni\u00e4 kuului? Luonnehdi h\u00e4nen ulkon\u00e4k\u00f6\u00e4\u00e4n, k\u00e4ytt\u00e4ytymist\u00e4\u00e4n!<\/em><\/p>\n\n\n\n<p>Olisin saattanut tuhota kirjan. Olisin kirjoittanut sen kerronnaltaan paremmaksi ja h\u00e4vitt\u00e4nyt autenttisuuden.<\/p>\n\n\n\n<p>Jouni Ranta ep\u00e4ilem\u00e4tt\u00e4 on suoraviivainen toimija. H\u00e4nelle ei ole luonteenomaista katsoa sivuille. H\u00e4nen huomionsa on niin keskittynyt siihen, mit\u00e4 kohti h\u00e4n on menossa, ettei muulla ole merkityst\u00e4. Sellaisen vaikutelman <em>Vilpitt\u00f6m\u00e4st\u00e4 mielest\u00e4<\/em> saa.<\/p>\n\n\n\n<p>Omael\u00e4m\u00e4kertakirjurin esteettisiin valintoihin kuuluu kertojan \u00e4\u00e4nen rakentaminen. Omael\u00e4m\u00e4kertakirjuri, kuten Erola, on kirjoittamisen ja haastattelemisen ammattilainen. H\u00e4n voi tarkentavilla kysymyksill\u00e4, omalla taustoituksella ja mielikuvituksensa avulla luoda omael\u00e4m\u00e4kerrasta kirjallisilla kriteereill\u00e4 paremman. Sellaisen, jossa draama on hallittua, kerronnalla suunta, tekstiss\u00e4 tihentymien ja harventumien dynamiikkaa ja jonka kertoja k\u00e4ytt\u00e4\u00e4 kaikkia aistejaan. H\u00e4n voi kirjallistaa kerronnan.<\/p>\n\n\n\n<p>Toinen vaihtoehto on autenttisuuden luominen. Autenttisuutta tavoitteleva omael\u00e4m\u00e4kertakirjuri tietenkin purkaa \u00e4\u00e4ness\u00e4 olevan henkil\u00f6n kertomukset kirjalliseen muotoon loogisiksi kokonaisuuksiksi, asettelee lauserakenteet ja muovaa kappaleet. H\u00e4n muuttaa puheen kirjoitetuksi.<\/p>\n\n\n\n<p>Autenttisuuden valinnut omael\u00e4m\u00e4kertakirjuri antaa kuitenkin kertojan tarinan vy\u00f6ry\u00e4 niin vuolaana tai niukkana kuin kertoja kertoo. H\u00e4n ei keskeyt\u00e4 kuin pakon edess\u00e4, ei l\u00e4hde itse rakentelemaan ja suunnittelemaan kokonaisuutta. H\u00e4n muuttaa puheen kirjoitukseksi mutta ei kirjallista sit\u00e4.<\/p>\n\n\n\n<p>Erola on valinnut l\u00e4hemp\u00e4n\u00e4 j\u00e4lkimm\u00e4ist\u00e4 olevan tavan kirjoittaa haastatteluun pohjautuva omael\u00e4m\u00e4kerta. <em>Vilpitt\u00f6m\u00e4n mielen<\/em> kerronta on tehokasta ja kaukana ylev\u00e4st\u00e4. Suuria n\u00e4k\u00f6aloja ei luoda, koska Ranta ei niit\u00e4 luo. Lukija n\u00e4kee ne, jos on n\u00e4hd\u00e4kseen. Kerronnassa soi jutunkerronnan saundi.<\/p>\n\n\n\n<p><em>Vilpitt\u00f6m\u00e4n mielen<\/em> kerronnan uskoo autenttiseksi. Juuri noin aukkoisesti, pomppivasti ja suoraviivaisesti alkoholia riitt\u00e4v\u00e4sti el\u00e4m\u00e4ns\u00e4 aikana juonut v\u00e4\u00e4rennetyn taiteen kauppias voisi muistella.<\/p>\n\n\n","protected":false},"excerpt":{"rendered":"<p>Jouni Rannan el\u00e4m\u00e4ntarina Vilpit\u00f6n mieli on nopeasti luettu.<\/p>\n","protected":false},"author":129,"featured_media":0,"comment_status":"open","ping_status":"open","sticky":false,"template":"","format":"standard","meta":{"_acf_changed":false,"asauth_required_access_level":3,"asauth_cansharepaid":"true","om_header_attributes":[],"footnotes":"","om_featured_image_focal_point":[],"om_primary_tag":0,"om_contributors":[],"om_co_authors":[],"beyondwords_generate_audio":"","beyondwords_project_id":"","beyondwords_content_id":"","beyondwords_preview_token":"","beyondwords_player_content":"","beyondwords_player_style":"","beyondwords_language_code":"","beyondwords_language_id":"","beyondwords_title_voice_id":"","beyondwords_body_voice_id":"","beyondwords_summary_voice_id":"","beyondwords_error_message":"","beyondwords_disabled":"","beyondwords_delete_content":"","beyondwords_podcast_id":"","beyondwords_hash":"","publish_post_to_speechkit":"","speechkit_hash":"","speechkit_generate_audio":"","speechkit_project_id":"","speechkit_podcast_id":"","speechkit_error_message":"","speechkit_disabled":"","speechkit_access_key":"","speechkit_error":"","speechkit_info":"","speechkit_response":"","speechkit_retries":"","speechkit_status":"","speechkit_updated_at":"","_speechkit_link":"","_speechkit_text":""},"categories":[1],"tags":[808,810,807,515,812,811,83,809],"class_list":["post-789","post","type-post","status-publish","format-standard","hentry","category-kirjailijan-paivakirja","tag-jouni-ranta","tag-kerronta","tag-marko-erola","tag-omaelamakerta","tag-taidekauppa","tag-taidevaarennokset","tag-tammi","tag-vilpiton-mieli"],"om_views":null,"acf":{"tuuma_off":false,"tuuma_kysymys":"","tuuma_vastaus":""},"asauth":{"required_access_level":1,"share_token":"","is_paid":false},"yoast_head":"<!-- This site is optimized with the Yoast SEO plugin v26.4 - https:\/\/yoast.com\/wordpress\/plugins\/seo\/ -->\n<title>Jutun saundi \u2013 kuinka v\u00e4\u00e4renn\u00f6skauppias puhuu? - Kirjailijan p\u00e4iv\u00e4kirja<\/title>\n<meta name=\"robots\" content=\"index, follow, max-snippet:-1, max-image-preview:large, max-video-preview:-1\" \/>\n<link rel=\"canonical\" href=\"https:\/\/suomenkuvalehti.fi\/kirjailijanpaivakirja\/jutun-saundi-vaarennoskauppias-puhuu\/\" \/>\n<meta property=\"og:locale\" content=\"fi_FI\" \/>\n<meta property=\"og:type\" content=\"article\" \/>\n<meta property=\"og:title\" content=\"Jutun saundi \u2013 kuinka v\u00e4\u00e4renn\u00f6skauppias puhuu? - Kirjailijan p\u00e4iv\u00e4kirja\" \/>\n<meta property=\"og:description\" content=\"Jouni Rannan el\u00e4m\u00e4ntarina Vilpit\u00f6n mieli on nopeasti luettu.\" \/>\n<meta property=\"og:url\" content=\"https:\/\/suomenkuvalehti.fi\/kirjailijanpaivakirja\/jutun-saundi-vaarennoskauppias-puhuu\/\" \/>\n<meta property=\"og:site_name\" content=\"Kirjailijan p\u00e4iv\u00e4kirja\" \/>\n<meta property=\"article:published_time\" content=\"2017-01-16T08:39:47+00:00\" \/>\n<meta property=\"article:modified_time\" content=\"2017-01-16T10:42:51+00:00\" \/>\n<meta property=\"og:image\" content=\"https:\/\/suomenkuvalehti.fi\/kirjailijanpaivakirja\/wp-content\/uploads\/sites\/21\/2022\/04\/hamalainen_karo06-1-scaled.jpg\" \/>\n\t<meta property=\"og:image:width\" content=\"2560\" \/>\n\t<meta property=\"og:image:height\" content=\"1706\" \/>\n\t<meta property=\"og:image:type\" content=\"image\/jpeg\" \/>\n<meta name=\"author\" content=\"Karo H\u00e4m\u00e4l\u00e4inen\" \/>\n<meta name=\"twitter:card\" content=\"summary_large_image\" \/>\n<meta name=\"twitter:label1\" content=\"Written by\" \/>\n\t<meta name=\"twitter:data1\" content=\"Karo H\u00e4m\u00e4l\u00e4inen\" \/>\n\t<meta name=\"twitter:label2\" content=\"Est. reading time\" \/>\n\t<meta name=\"twitter:data2\" content=\"2 minuuttia\" \/>\n<script type=\"application\/ld+json\" class=\"yoast-schema-graph\">{\"@context\":\"https:\/\/schema.org\",\"@graph\":[{\"@type\":\"WebPage\",\"@id\":\"https:\/\/suomenkuvalehti.fi\/kirjailijanpaivakirja\/jutun-saundi-vaarennoskauppias-puhuu\/\",\"url\":\"https:\/\/suomenkuvalehti.fi\/kirjailijanpaivakirja\/jutun-saundi-vaarennoskauppias-puhuu\/\",\"name\":\"Jutun saundi \u2013 kuinka v\u00e4\u00e4renn\u00f6skauppias puhuu? - Kirjailijan p\u00e4iv\u00e4kirja\",\"isPartOf\":{\"@id\":\"https:\/\/suomenkuvalehti.fi\/kirjailijanpaivakirja\/#website\"},\"datePublished\":\"2017-01-16T08:39:47+00:00\",\"dateModified\":\"2017-01-16T10:42:51+00:00\",\"author\":{\"@id\":\"https:\/\/suomenkuvalehti.fi\/kirjailijanpaivakirja\/#\/schema\/person\/ca2dfd9d508d8c675e07b3c099fc789b\"},\"breadcrumb\":{\"@id\":\"https:\/\/suomenkuvalehti.fi\/kirjailijanpaivakirja\/jutun-saundi-vaarennoskauppias-puhuu\/#breadcrumb\"},\"inLanguage\":\"fi\",\"potentialAction\":[{\"@type\":\"ReadAction\",\"target\":[\"https:\/\/suomenkuvalehti.fi\/kirjailijanpaivakirja\/jutun-saundi-vaarennoskauppias-puhuu\/\"]}]},{\"@type\":\"BreadcrumbList\",\"@id\":\"https:\/\/suomenkuvalehti.fi\/kirjailijanpaivakirja\/jutun-saundi-vaarennoskauppias-puhuu\/#breadcrumb\",\"itemListElement\":[{\"@type\":\"ListItem\",\"position\":1,\"name\":\"Home\",\"item\":\"https:\/\/suomenkuvalehti.fi\/kirjailijanpaivakirja\/\"},{\"@type\":\"ListItem\",\"position\":2,\"name\":\"Jutun saundi \u2013 kuinka v\u00e4\u00e4renn\u00f6skauppias puhuu?\"}]},{\"@type\":\"WebSite\",\"@id\":\"https:\/\/suomenkuvalehti.fi\/kirjailijanpaivakirja\/#website\",\"url\":\"https:\/\/suomenkuvalehti.fi\/kirjailijanpaivakirja\/\",\"name\":\"Kirjailijan p\u00e4iv\u00e4kirja\",\"description\":\"Proosakirjailijan arkea ja kirjallisuuden ajankohtaisia aiheita.\",\"potentialAction\":[{\"@type\":\"SearchAction\",\"target\":{\"@type\":\"EntryPoint\",\"urlTemplate\":\"https:\/\/suomenkuvalehti.fi\/haku\/?q={search_term_string}\"},\"query-input\":{\"@type\":\"PropertyValueSpecification\",\"valueRequired\":true,\"valueName\":\"search_term_string\"}}],\"inLanguage\":\"fi\"},{\"@type\":\"Person\",\"@id\":\"https:\/\/suomenkuvalehti.fi\/kirjailijanpaivakirja\/#\/schema\/person\/ca2dfd9d508d8c675e07b3c099fc789b\",\"name\":\"Karo H\u00e4m\u00e4l\u00e4inen\",\"image\":{\"@type\":\"ImageObject\",\"inLanguage\":\"fi\",\"@id\":\"https:\/\/suomenkuvalehti.fi\/kirjailijanpaivakirja\/#\/schema\/person\/image\/\",\"url\":\"https:\/\/suomenkuvalehti.fi\/kirjailijanpaivakirja\/wp-content\/uploads\/sites\/21\/2022\/04\/hamalainen_karo06-1-150x150.jpg\",\"contentUrl\":\"https:\/\/suomenkuvalehti.fi\/kirjailijanpaivakirja\/wp-content\/uploads\/sites\/21\/2022\/04\/hamalainen_karo06-1-150x150.jpg\",\"caption\":\"Karo H\u00e4m\u00e4l\u00e4inen\"},\"description\":\"Karo H\u00e4m\u00e4l\u00e4inen on kirjailija ja talouteen erikoistunut vapaa toimittaja.\"}]}<\/script>\n<!-- \/ Yoast SEO plugin. -->","yoast_head_json":{"title":"Jutun saundi \u2013 kuinka v\u00e4\u00e4renn\u00f6skauppias puhuu? - Kirjailijan p\u00e4iv\u00e4kirja","robots":{"index":"index","follow":"follow","max-snippet":"max-snippet:-1","max-image-preview":"max-image-preview:large","max-video-preview":"max-video-preview:-1"},"canonical":"https:\/\/suomenkuvalehti.fi\/kirjailijanpaivakirja\/jutun-saundi-vaarennoskauppias-puhuu\/","og_locale":"fi_FI","og_type":"article","og_title":"Jutun saundi \u2013 kuinka v\u00e4\u00e4renn\u00f6skauppias puhuu? - Kirjailijan p\u00e4iv\u00e4kirja","og_description":"Jouni Rannan el\u00e4m\u00e4ntarina Vilpit\u00f6n mieli on nopeasti luettu.","og_url":"https:\/\/suomenkuvalehti.fi\/kirjailijanpaivakirja\/jutun-saundi-vaarennoskauppias-puhuu\/","og_site_name":"Kirjailijan p\u00e4iv\u00e4kirja","article_published_time":"2017-01-16T08:39:47+00:00","article_modified_time":"2017-01-16T10:42:51+00:00","og_image":[{"width":2560,"height":1706,"url":"https:\/\/suomenkuvalehti.fi\/kirjailijanpaivakirja\/wp-content\/uploads\/sites\/21\/2022\/04\/hamalainen_karo06-1-scaled.jpg","type":"image\/jpeg"}],"author":"Karo H\u00e4m\u00e4l\u00e4inen","twitter_card":"summary_large_image","twitter_misc":{"Written by":"Karo H\u00e4m\u00e4l\u00e4inen","Est. reading time":"2 minuuttia"},"schema":{"@context":"https:\/\/schema.org","@graph":[{"@type":"WebPage","@id":"https:\/\/suomenkuvalehti.fi\/kirjailijanpaivakirja\/jutun-saundi-vaarennoskauppias-puhuu\/","url":"https:\/\/suomenkuvalehti.fi\/kirjailijanpaivakirja\/jutun-saundi-vaarennoskauppias-puhuu\/","name":"Jutun saundi \u2013 kuinka v\u00e4\u00e4renn\u00f6skauppias puhuu? - Kirjailijan p\u00e4iv\u00e4kirja","isPartOf":{"@id":"https:\/\/suomenkuvalehti.fi\/kirjailijanpaivakirja\/#website"},"datePublished":"2017-01-16T08:39:47+00:00","dateModified":"2017-01-16T10:42:51+00:00","author":{"@id":"https:\/\/suomenkuvalehti.fi\/kirjailijanpaivakirja\/#\/schema\/person\/ca2dfd9d508d8c675e07b3c099fc789b"},"breadcrumb":{"@id":"https:\/\/suomenkuvalehti.fi\/kirjailijanpaivakirja\/jutun-saundi-vaarennoskauppias-puhuu\/#breadcrumb"},"inLanguage":"fi","potentialAction":[{"@type":"ReadAction","target":["https:\/\/suomenkuvalehti.fi\/kirjailijanpaivakirja\/jutun-saundi-vaarennoskauppias-puhuu\/"]}]},{"@type":"BreadcrumbList","@id":"https:\/\/suomenkuvalehti.fi\/kirjailijanpaivakirja\/jutun-saundi-vaarennoskauppias-puhuu\/#breadcrumb","itemListElement":[{"@type":"ListItem","position":1,"name":"Home","item":"https:\/\/suomenkuvalehti.fi\/kirjailijanpaivakirja\/"},{"@type":"ListItem","position":2,"name":"Jutun saundi \u2013 kuinka v\u00e4\u00e4renn\u00f6skauppias puhuu?"}]},{"@type":"WebSite","@id":"https:\/\/suomenkuvalehti.fi\/kirjailijanpaivakirja\/#website","url":"https:\/\/suomenkuvalehti.fi\/kirjailijanpaivakirja\/","name":"Kirjailijan p\u00e4iv\u00e4kirja","description":"Proosakirjailijan arkea ja kirjallisuuden ajankohtaisia aiheita.","potentialAction":[{"@type":"SearchAction","target":{"@type":"EntryPoint","urlTemplate":"https:\/\/suomenkuvalehti.fi\/haku\/?q={search_term_string}"},"query-input":{"@type":"PropertyValueSpecification","valueRequired":true,"valueName":"search_term_string"}}],"inLanguage":"fi"},{"@type":"Person","@id":"https:\/\/suomenkuvalehti.fi\/kirjailijanpaivakirja\/#\/schema\/person\/ca2dfd9d508d8c675e07b3c099fc789b","name":"Karo H\u00e4m\u00e4l\u00e4inen","image":{"@type":"ImageObject","inLanguage":"fi","@id":"https:\/\/suomenkuvalehti.fi\/kirjailijanpaivakirja\/#\/schema\/person\/image\/","url":"https:\/\/suomenkuvalehti.fi\/kirjailijanpaivakirja\/wp-content\/uploads\/sites\/21\/2022\/04\/hamalainen_karo06-1-150x150.jpg","contentUrl":"https:\/\/suomenkuvalehti.fi\/kirjailijanpaivakirja\/wp-content\/uploads\/sites\/21\/2022\/04\/hamalainen_karo06-1-150x150.jpg","caption":"Karo H\u00e4m\u00e4l\u00e4inen"},"description":"Karo H\u00e4m\u00e4l\u00e4inen on kirjailija ja talouteen erikoistunut vapaa toimittaja."}]}},"_links":{"self":[{"href":"https:\/\/suomenkuvalehti.fi\/kirjailijanpaivakirja\/wp-json\/wp\/v2\/posts\/789","targetHints":{"allow":["GET"]}}],"collection":[{"href":"https:\/\/suomenkuvalehti.fi\/kirjailijanpaivakirja\/wp-json\/wp\/v2\/posts"}],"about":[{"href":"https:\/\/suomenkuvalehti.fi\/kirjailijanpaivakirja\/wp-json\/wp\/v2\/types\/post"}],"author":[{"embeddable":true,"href":"https:\/\/suomenkuvalehti.fi\/kirjailijanpaivakirja\/wp-json\/wp\/v2\/users\/129"}],"replies":[{"embeddable":true,"href":"https:\/\/suomenkuvalehti.fi\/kirjailijanpaivakirja\/wp-json\/wp\/v2\/comments?post=789"}],"version-history":[{"count":2,"href":"https:\/\/suomenkuvalehti.fi\/kirjailijanpaivakirja\/wp-json\/wp\/v2\/posts\/789\/revisions"}],"predecessor-version":[{"id":791,"href":"https:\/\/suomenkuvalehti.fi\/kirjailijanpaivakirja\/wp-json\/wp\/v2\/posts\/789\/revisions\/791"}],"wp:attachment":[{"href":"https:\/\/suomenkuvalehti.fi\/kirjailijanpaivakirja\/wp-json\/wp\/v2\/media?parent=789"}],"wp:term":[{"taxonomy":"category","embeddable":true,"href":"https:\/\/suomenkuvalehti.fi\/kirjailijanpaivakirja\/wp-json\/wp\/v2\/categories?post=789"},{"taxonomy":"post_tag","embeddable":true,"href":"https:\/\/suomenkuvalehti.fi\/kirjailijanpaivakirja\/wp-json\/wp\/v2\/tags?post=789"}],"curies":[{"name":"wp","href":"https:\/\/api.w.org\/{rel}","templated":true}]}}