{"id":772,"date":"2017-01-01T16:16:02","date_gmt":"2017-01-01T14:16:02","guid":{"rendered":"https:\/\/suomenkuvalehti.fi\/kirjailijanpaivakirja\/?p=772"},"modified":"2017-01-01T18:56:42","modified_gmt":"2017-01-01T16:56:42","slug":"juhlakayttoon-kirjasto-kuulosta-oodilta","status":"publish","type":"post","link":"https:\/\/suomenkuvalehti.fi\/kirjailijanpaivakirja\/juhlakayttoon-kirjasto-kuulosta-oodilta\/","title":{"rendered":"Vain juhlak\u00e4ytt\u00f6\u00f6n? Kirjasto ei kuulosta oodilta"},"content":{"rendered":"\n<p>Helsingin keskustaan rakenteilla oleva kirjasto sai nimekseen Oodi, tarkemmin Kirjasto Oodi. Nimest\u00e4 p\u00e4\u00e4tti tuomaristo yleis\u00f6lt\u00e4 tulleen 1600 eri nimiehdotuksen joukosta. Tuomariston tai ainakin p\u00e4\u00e4t\u00f6ksest\u00e4 kertovan <a href=\"http:\/\/keskustakirjasto.fi\/2016\/12\/31\/keskustakirjaston-nimeksi-valittiin-oodi\/\">tiedotteen<\/a> mukaan nimi on &#8221;ajaton nimi demokratiaa ja sivistyst\u00e4 edist\u00e4v\u00e4lle rakennukselle&#8221;.<\/p>\n\n\n\n<p>Oodi on kirjastolle huono nimi kahdesta syyst\u00e4.<\/p>\n\n\n\n<p>Ensinn\u00e4kin oodi kytkeytynee monen mieless\u00e4 ensisijaisesti musiikkiin. &#8221;Oodi ilolle&#8221; tarkoittaa useimmille <strong>Friedrich Schillerin<\/strong> runon sijaan <strong>Ludwig van Beethovenin<\/strong> 9. sinfonian nelj\u00e4tt\u00e4 osaa. Musiikkitaloa vastap\u00e4\u00e4t\u00e4 sijaitessaan kirjaston Oodi-nimen musiikkikytkent\u00e4 vain vahvistuu.<\/p>\n\n\n\n<p>Sek\u00e4 musiikkiin ett\u00e4 kirjallisuuteen viittaava nimi voi tietenkin olla tarkoituksellinen, saahan kirjastosta paitsi kirjoja my\u00f6s musiikkia niin \u00e4\u00e4nittein\u00e4 kuin nuotteinakin. Elokuviin oodi ei oikein yhdisty, mutta ehk\u00e4 multimedia-kytk\u00f6s saadaan Kirjasto Oodin luontevasta lyhentymisest\u00e4 Koodiksi.<\/p>\n\n\n\n<p>Toiseksi sana &#8221;oodi&#8221; tarkoittaa ylistyslaulua, <em>Kielitoimiston sanakirjan<\/em> mukaan &#8221;haltioituneen s\u00e4vyist\u00e4 lyyrist\u00e4 runoa&#8221;. &#8221;Kreikkalaisessa kirjallisuudessa sit\u00e4 k\u00e4ytettiin juhlien yhteydess\u00e4&#8221;, <a href=\"https:\/\/fi.wikipedia.org\/wiki\/Oodi\">kertoo <em>Wikipedia<\/em><\/a>.<\/p>\n\n\n\n<p>Suomalaisen kirjastolaitoksen olemukseen kuitenkin kuuluu olennaisesti arkisuus. Kirjastoon saa menn\u00e4 tuulipuvussa lukemaan <em>Tekniikan Maailmaa<\/em>. Siell\u00e4 poiketaan iltalenkill\u00e4. Siell\u00e4 vietet\u00e4\u00e4n aikaa ihan noin vain.<\/p>\n\n\n\n<p>Kirjastoon on matala kynnys. Kirjasto ei ole ylev\u00e4\u00e4 vaan helposti l\u00e4hestytt\u00e4v\u00e4\u00e4. Kirjasto on kaikkien, ei vain ylh\u00e4isten.<\/p>\n\n\n\n<p>Kirjasto ei kuulosta oodilta.<\/p>\n\n\n\n<p>Kirjallisuus luo ja vahvistaa kansallista identiteetti\u00e4. Suomi l\u00f6yt\u00e4\u00e4 itse\u00e4\u00e4n <strong>Kiven<\/strong> veljeksist\u00e4 ja <strong>Linnan<\/strong> sotilaista ja torppareista. Kansalliset kertomukset vahvistavat olemassaolevaa j\u00e4rjestelm\u00e4\u00e4.<\/p>\n\n\n\n<p>Ajatteleeko nimiraati, ett\u00e4 kirjallisuuden teht\u00e4v\u00e4 on tuottaa oodeja valtaapit\u00e4vien ylistykseksi ja p\u00f6nkitt\u00e4miseksi? Kirjoittaa &#8221;oodia demokratialle&#8221;? Eli pormestarille, kaupunginhallitukselle, valtuustolle ja lautakuntien viisaille ja kaukon\u00e4k\u00f6isille j\u00e4senille?<\/p>\n\n\n\n<p>Ei kai sent\u00e4\u00e4n. Eik\u00f6h\u00e4n ole vain tullut klassinen virhearvio. Juhlavassa mielentilassa tuomariston j\u00e4senten aivot olivat virittyneet juhlavasti ja p\u00e4\u00e4tyneet juhlavaan nimeen, eik\u00e4 silloin mietitty, sopiiko se kohteelleen.<\/p>\n\n\n\n<p>Kive\u00e4 ja Linnaa olevan kansan kirjastosta ei tule kivilinnaa vaan <a href=\"http:\/\/keskustakirjasto.fi\/voittaja\/\">puuta ja lasia yhdist\u00e4v\u00e4 rakennus<\/a>. Ent\u00e4 jos puupalatsia kutsuisi Kivilinnaksi? Muistuttaisiko ristiriita siit\u00e4, ett\u00e4 kaikki ei ole silt\u00e4 milt\u00e4 n\u00e4ytt\u00e4\u00e4? Seh\u00e4n olisi kauhistuttava ajatus! Vallanpit\u00e4j\u00e4th\u00e4n saattaisivat saada suitsutuksen sijaan osakseen arvostelua, jos kansalaiset olisivat kriittisi\u00e4 eik\u00e4 kirjallisuutta latistettaisi oodeiksi!<\/p>\n\n\n\n<p>Kun kerran Oodi ei minulle kelpaa ja Kivilinna olisi mahdoton ajatus, mit\u00e4 tarjoan tilalle?<\/p>\n\n\n\n<p>Helsingin uutta kirjastoa voisi hyvin kutsua vaikka Keskustakirjastoksi. Vieress\u00e4 sijaitsevalla konserttitalollakin on konstailematon nimi. Sit\u00e4 kutsutaan Musiikkitaloksi.<\/p>\n\n\n","protected":false},"excerpt":{"rendered":"<p>Oodi on kirjastolle huono nimi kahdesta syyst\u00e4.<\/p>\n","protected":false},"author":129,"featured_media":0,"comment_status":"open","ping_status":"open","sticky":false,"template":"","format":"standard","meta":{"_acf_changed":false,"asauth_required_access_level":3,"asauth_cansharepaid":"true","om_header_attributes":[],"footnotes":"","om_featured_image_focal_point":[],"om_primary_tag":0,"om_contributors":[],"om_co_authors":[],"beyondwords_generate_audio":"","beyondwords_project_id":"","beyondwords_content_id":"","beyondwords_preview_token":"","beyondwords_player_content":"","beyondwords_player_style":"","beyondwords_language_code":"","beyondwords_language_id":"","beyondwords_title_voice_id":"","beyondwords_body_voice_id":"","beyondwords_summary_voice_id":"","beyondwords_error_message":"","beyondwords_disabled":"","beyondwords_delete_content":"","beyondwords_podcast_id":"","beyondwords_hash":"","publish_post_to_speechkit":"","speechkit_hash":"","speechkit_generate_audio":"","speechkit_project_id":"","speechkit_podcast_id":"","speechkit_error_message":"","speechkit_disabled":"","speechkit_access_key":"","speechkit_error":"","speechkit_info":"","speechkit_response":"","speechkit_retries":"","speechkit_status":"","speechkit_updated_at":"","_speechkit_link":"","_speechkit_text":""},"categories":[1],"tags":[76,77,74,798,799,797],"class_list":["post-772","post","type-post","status-publish","format-standard","hentry","category-kirjailijan-paivakirja","tag-helsinki","tag-keskustakirjasto","tag-kirjasto","tag-kirjasto-oodi","tag-musiikkitalo","tag-oodi"],"om_views":null,"acf":{"tuuma_off":false,"tuuma_kysymys":"","tuuma_vastaus":""},"asauth":{"required_access_level":1,"share_token":"","is_paid":false},"yoast_head":"<!-- This site is optimized with the Yoast SEO plugin v26.4 - https:\/\/yoast.com\/wordpress\/plugins\/seo\/ -->\n<title>Vain juhlak\u00e4ytt\u00f6\u00f6n? Kirjasto ei kuulosta oodilta - Kirjailijan p\u00e4iv\u00e4kirja<\/title>\n<meta name=\"robots\" content=\"index, follow, max-snippet:-1, max-image-preview:large, max-video-preview:-1\" \/>\n<link rel=\"canonical\" href=\"https:\/\/suomenkuvalehti.fi\/kirjailijanpaivakirja\/juhlakayttoon-kirjasto-kuulosta-oodilta\/\" \/>\n<meta property=\"og:locale\" content=\"fi_FI\" \/>\n<meta property=\"og:type\" content=\"article\" \/>\n<meta property=\"og:title\" content=\"Vain juhlak\u00e4ytt\u00f6\u00f6n? Kirjasto ei kuulosta oodilta - Kirjailijan p\u00e4iv\u00e4kirja\" \/>\n<meta property=\"og:description\" content=\"Oodi on kirjastolle huono nimi kahdesta syyst\u00e4.\" \/>\n<meta property=\"og:url\" content=\"https:\/\/suomenkuvalehti.fi\/kirjailijanpaivakirja\/juhlakayttoon-kirjasto-kuulosta-oodilta\/\" \/>\n<meta property=\"og:site_name\" content=\"Kirjailijan p\u00e4iv\u00e4kirja\" \/>\n<meta property=\"article:published_time\" content=\"2017-01-01T14:16:02+00:00\" \/>\n<meta property=\"article:modified_time\" content=\"2017-01-01T16:56:42+00:00\" \/>\n<meta property=\"og:image\" content=\"https:\/\/suomenkuvalehti.fi\/kirjailijanpaivakirja\/wp-content\/uploads\/sites\/21\/2022\/04\/hamalainen_karo06-1-scaled.jpg\" \/>\n\t<meta property=\"og:image:width\" content=\"2560\" \/>\n\t<meta property=\"og:image:height\" content=\"1706\" \/>\n\t<meta property=\"og:image:type\" content=\"image\/jpeg\" \/>\n<meta name=\"author\" content=\"Karo H\u00e4m\u00e4l\u00e4inen\" \/>\n<meta name=\"twitter:card\" content=\"summary_large_image\" \/>\n<meta name=\"twitter:label1\" content=\"Written by\" \/>\n\t<meta name=\"twitter:data1\" content=\"Karo H\u00e4m\u00e4l\u00e4inen\" \/>\n\t<meta name=\"twitter:label2\" content=\"Est. reading time\" \/>\n\t<meta name=\"twitter:data2\" content=\"2 minuuttia\" \/>\n<script type=\"application\/ld+json\" class=\"yoast-schema-graph\">{\"@context\":\"https:\/\/schema.org\",\"@graph\":[{\"@type\":\"WebPage\",\"@id\":\"https:\/\/suomenkuvalehti.fi\/kirjailijanpaivakirja\/juhlakayttoon-kirjasto-kuulosta-oodilta\/\",\"url\":\"https:\/\/suomenkuvalehti.fi\/kirjailijanpaivakirja\/juhlakayttoon-kirjasto-kuulosta-oodilta\/\",\"name\":\"Vain juhlak\u00e4ytt\u00f6\u00f6n? Kirjasto ei kuulosta oodilta - Kirjailijan p\u00e4iv\u00e4kirja\",\"isPartOf\":{\"@id\":\"https:\/\/suomenkuvalehti.fi\/kirjailijanpaivakirja\/#website\"},\"datePublished\":\"2017-01-01T14:16:02+00:00\",\"dateModified\":\"2017-01-01T16:56:42+00:00\",\"author\":{\"@id\":\"https:\/\/suomenkuvalehti.fi\/kirjailijanpaivakirja\/#\/schema\/person\/ca2dfd9d508d8c675e07b3c099fc789b\"},\"breadcrumb\":{\"@id\":\"https:\/\/suomenkuvalehti.fi\/kirjailijanpaivakirja\/juhlakayttoon-kirjasto-kuulosta-oodilta\/#breadcrumb\"},\"inLanguage\":\"fi\",\"potentialAction\":[{\"@type\":\"ReadAction\",\"target\":[\"https:\/\/suomenkuvalehti.fi\/kirjailijanpaivakirja\/juhlakayttoon-kirjasto-kuulosta-oodilta\/\"]}]},{\"@type\":\"BreadcrumbList\",\"@id\":\"https:\/\/suomenkuvalehti.fi\/kirjailijanpaivakirja\/juhlakayttoon-kirjasto-kuulosta-oodilta\/#breadcrumb\",\"itemListElement\":[{\"@type\":\"ListItem\",\"position\":1,\"name\":\"Home\",\"item\":\"https:\/\/suomenkuvalehti.fi\/kirjailijanpaivakirja\/\"},{\"@type\":\"ListItem\",\"position\":2,\"name\":\"Vain juhlak\u00e4ytt\u00f6\u00f6n? Kirjasto ei kuulosta oodilta\"}]},{\"@type\":\"WebSite\",\"@id\":\"https:\/\/suomenkuvalehti.fi\/kirjailijanpaivakirja\/#website\",\"url\":\"https:\/\/suomenkuvalehti.fi\/kirjailijanpaivakirja\/\",\"name\":\"Kirjailijan p\u00e4iv\u00e4kirja\",\"description\":\"Proosakirjailijan arkea ja kirjallisuuden ajankohtaisia aiheita.\",\"potentialAction\":[{\"@type\":\"SearchAction\",\"target\":{\"@type\":\"EntryPoint\",\"urlTemplate\":\"https:\/\/suomenkuvalehti.fi\/haku\/?q={search_term_string}\"},\"query-input\":{\"@type\":\"PropertyValueSpecification\",\"valueRequired\":true,\"valueName\":\"search_term_string\"}}],\"inLanguage\":\"fi\"},{\"@type\":\"Person\",\"@id\":\"https:\/\/suomenkuvalehti.fi\/kirjailijanpaivakirja\/#\/schema\/person\/ca2dfd9d508d8c675e07b3c099fc789b\",\"name\":\"Karo H\u00e4m\u00e4l\u00e4inen\",\"image\":{\"@type\":\"ImageObject\",\"inLanguage\":\"fi\",\"@id\":\"https:\/\/suomenkuvalehti.fi\/kirjailijanpaivakirja\/#\/schema\/person\/image\/\",\"url\":\"https:\/\/suomenkuvalehti.fi\/kirjailijanpaivakirja\/wp-content\/uploads\/sites\/21\/2022\/04\/hamalainen_karo06-1-150x150.jpg\",\"contentUrl\":\"https:\/\/suomenkuvalehti.fi\/kirjailijanpaivakirja\/wp-content\/uploads\/sites\/21\/2022\/04\/hamalainen_karo06-1-150x150.jpg\",\"caption\":\"Karo H\u00e4m\u00e4l\u00e4inen\"},\"description\":\"Karo H\u00e4m\u00e4l\u00e4inen on kirjailija ja talouteen erikoistunut vapaa toimittaja.\"}]}<\/script>\n<!-- \/ Yoast SEO plugin. -->","yoast_head_json":{"title":"Vain juhlak\u00e4ytt\u00f6\u00f6n? Kirjasto ei kuulosta oodilta - Kirjailijan p\u00e4iv\u00e4kirja","robots":{"index":"index","follow":"follow","max-snippet":"max-snippet:-1","max-image-preview":"max-image-preview:large","max-video-preview":"max-video-preview:-1"},"canonical":"https:\/\/suomenkuvalehti.fi\/kirjailijanpaivakirja\/juhlakayttoon-kirjasto-kuulosta-oodilta\/","og_locale":"fi_FI","og_type":"article","og_title":"Vain juhlak\u00e4ytt\u00f6\u00f6n? Kirjasto ei kuulosta oodilta - Kirjailijan p\u00e4iv\u00e4kirja","og_description":"Oodi on kirjastolle huono nimi kahdesta syyst\u00e4.","og_url":"https:\/\/suomenkuvalehti.fi\/kirjailijanpaivakirja\/juhlakayttoon-kirjasto-kuulosta-oodilta\/","og_site_name":"Kirjailijan p\u00e4iv\u00e4kirja","article_published_time":"2017-01-01T14:16:02+00:00","article_modified_time":"2017-01-01T16:56:42+00:00","og_image":[{"width":2560,"height":1706,"url":"https:\/\/suomenkuvalehti.fi\/kirjailijanpaivakirja\/wp-content\/uploads\/sites\/21\/2022\/04\/hamalainen_karo06-1-scaled.jpg","type":"image\/jpeg"}],"author":"Karo H\u00e4m\u00e4l\u00e4inen","twitter_card":"summary_large_image","twitter_misc":{"Written by":"Karo H\u00e4m\u00e4l\u00e4inen","Est. reading time":"2 minuuttia"},"schema":{"@context":"https:\/\/schema.org","@graph":[{"@type":"WebPage","@id":"https:\/\/suomenkuvalehti.fi\/kirjailijanpaivakirja\/juhlakayttoon-kirjasto-kuulosta-oodilta\/","url":"https:\/\/suomenkuvalehti.fi\/kirjailijanpaivakirja\/juhlakayttoon-kirjasto-kuulosta-oodilta\/","name":"Vain juhlak\u00e4ytt\u00f6\u00f6n? Kirjasto ei kuulosta oodilta - Kirjailijan p\u00e4iv\u00e4kirja","isPartOf":{"@id":"https:\/\/suomenkuvalehti.fi\/kirjailijanpaivakirja\/#website"},"datePublished":"2017-01-01T14:16:02+00:00","dateModified":"2017-01-01T16:56:42+00:00","author":{"@id":"https:\/\/suomenkuvalehti.fi\/kirjailijanpaivakirja\/#\/schema\/person\/ca2dfd9d508d8c675e07b3c099fc789b"},"breadcrumb":{"@id":"https:\/\/suomenkuvalehti.fi\/kirjailijanpaivakirja\/juhlakayttoon-kirjasto-kuulosta-oodilta\/#breadcrumb"},"inLanguage":"fi","potentialAction":[{"@type":"ReadAction","target":["https:\/\/suomenkuvalehti.fi\/kirjailijanpaivakirja\/juhlakayttoon-kirjasto-kuulosta-oodilta\/"]}]},{"@type":"BreadcrumbList","@id":"https:\/\/suomenkuvalehti.fi\/kirjailijanpaivakirja\/juhlakayttoon-kirjasto-kuulosta-oodilta\/#breadcrumb","itemListElement":[{"@type":"ListItem","position":1,"name":"Home","item":"https:\/\/suomenkuvalehti.fi\/kirjailijanpaivakirja\/"},{"@type":"ListItem","position":2,"name":"Vain juhlak\u00e4ytt\u00f6\u00f6n? Kirjasto ei kuulosta oodilta"}]},{"@type":"WebSite","@id":"https:\/\/suomenkuvalehti.fi\/kirjailijanpaivakirja\/#website","url":"https:\/\/suomenkuvalehti.fi\/kirjailijanpaivakirja\/","name":"Kirjailijan p\u00e4iv\u00e4kirja","description":"Proosakirjailijan arkea ja kirjallisuuden ajankohtaisia aiheita.","potentialAction":[{"@type":"SearchAction","target":{"@type":"EntryPoint","urlTemplate":"https:\/\/suomenkuvalehti.fi\/haku\/?q={search_term_string}"},"query-input":{"@type":"PropertyValueSpecification","valueRequired":true,"valueName":"search_term_string"}}],"inLanguage":"fi"},{"@type":"Person","@id":"https:\/\/suomenkuvalehti.fi\/kirjailijanpaivakirja\/#\/schema\/person\/ca2dfd9d508d8c675e07b3c099fc789b","name":"Karo H\u00e4m\u00e4l\u00e4inen","image":{"@type":"ImageObject","inLanguage":"fi","@id":"https:\/\/suomenkuvalehti.fi\/kirjailijanpaivakirja\/#\/schema\/person\/image\/","url":"https:\/\/suomenkuvalehti.fi\/kirjailijanpaivakirja\/wp-content\/uploads\/sites\/21\/2022\/04\/hamalainen_karo06-1-150x150.jpg","contentUrl":"https:\/\/suomenkuvalehti.fi\/kirjailijanpaivakirja\/wp-content\/uploads\/sites\/21\/2022\/04\/hamalainen_karo06-1-150x150.jpg","caption":"Karo H\u00e4m\u00e4l\u00e4inen"},"description":"Karo H\u00e4m\u00e4l\u00e4inen on kirjailija ja talouteen erikoistunut vapaa toimittaja."}]}},"_links":{"self":[{"href":"https:\/\/suomenkuvalehti.fi\/kirjailijanpaivakirja\/wp-json\/wp\/v2\/posts\/772","targetHints":{"allow":["GET"]}}],"collection":[{"href":"https:\/\/suomenkuvalehti.fi\/kirjailijanpaivakirja\/wp-json\/wp\/v2\/posts"}],"about":[{"href":"https:\/\/suomenkuvalehti.fi\/kirjailijanpaivakirja\/wp-json\/wp\/v2\/types\/post"}],"author":[{"embeddable":true,"href":"https:\/\/suomenkuvalehti.fi\/kirjailijanpaivakirja\/wp-json\/wp\/v2\/users\/129"}],"replies":[{"embeddable":true,"href":"https:\/\/suomenkuvalehti.fi\/kirjailijanpaivakirja\/wp-json\/wp\/v2\/comments?post=772"}],"version-history":[{"count":6,"href":"https:\/\/suomenkuvalehti.fi\/kirjailijanpaivakirja\/wp-json\/wp\/v2\/posts\/772\/revisions"}],"predecessor-version":[{"id":778,"href":"https:\/\/suomenkuvalehti.fi\/kirjailijanpaivakirja\/wp-json\/wp\/v2\/posts\/772\/revisions\/778"}],"wp:attachment":[{"href":"https:\/\/suomenkuvalehti.fi\/kirjailijanpaivakirja\/wp-json\/wp\/v2\/media?parent=772"}],"wp:term":[{"taxonomy":"category","embeddable":true,"href":"https:\/\/suomenkuvalehti.fi\/kirjailijanpaivakirja\/wp-json\/wp\/v2\/categories?post=772"},{"taxonomy":"post_tag","embeddable":true,"href":"https:\/\/suomenkuvalehti.fi\/kirjailijanpaivakirja\/wp-json\/wp\/v2\/tags?post=772"}],"curies":[{"name":"wp","href":"https:\/\/api.w.org\/{rel}","templated":true}]}}