{"id":757,"date":"2016-12-12T20:55:53","date_gmt":"2016-12-12T18:55:53","guid":{"rendered":"https:\/\/suomenkuvalehti.fi\/kirjailijanpaivakirja\/?p=757"},"modified":"2016-12-13T08:41:18","modified_gmt":"2016-12-13T06:41:18","slug":"kannattaako-kirjailijan-asennoitua-tyohonsa-marja-liisa-kirvesniemi","status":"publish","type":"post","link":"https:\/\/suomenkuvalehti.fi\/kirjailijanpaivakirja\/kannattaako-kirjailijan-asennoitua-tyohonsa-marja-liisa-kirvesniemi\/","title":{"rendered":"Kannattaako kirjailijan asennoitua ty\u00f6h\u00f6ns\u00e4 kuin Marja-Liisa Kirvesniemi?"},"content":{"rendered":"\n<p>&#8221;Katsokaa, h\u00e4n antoi kaikkensa!&#8221;<\/p>\n\n\n\n<p>Sarajevon talviolympialaiset vuonna 1984 ovat ensimm\u00e4iset olympiakisat, jotka muistan. Sarajevon kuningatar oli <strong>Marja-Liisa Kirvesniemi<\/strong>, silloinen H\u00e4m\u00e4l\u00e4inen, joka voitti kultaa jokaisella henkil\u00f6kohtaisella matkalla ja pronssia Suomen viestijoukkueessa. <a href=\"https:\/\/www.youtube.com\/watch?v=K0Jsu8LD3u0\">Selostaja <strong>Pentti Salmi<\/strong> huusi Marja-Liisan kymmenen kilometrin hiihdon maaliintulon j\u00e4lkeen<\/a> nuo sanat, jotka soivat t\u00e4rykalvoillani yh\u00e4.<\/p>\n\n\n\n<p>Olisi kohtuutonta v\u00e4itt\u00e4\u00e4, ett\u00e4 Salmen selostus olisi sanellut el\u00e4m\u00e4nasenteeni, mutta jotain olennaista se kiteytt\u00e4\u00e4 suhtautumisestani ty\u00f6h\u00f6n. Haluan antaa kaikkeni.<\/p>\n\n\n\n<p>Halu on tietenkin eri asia kuin se, mit\u00e4 k\u00e4yt\u00e4nn\u00f6ss\u00e4 v\u00e4ltt\u00e4m\u00e4tt\u00e4 tapahtuu.<\/p>\n\n\n\n<p>En tavoittele tulosta vaan teen kaiken mink\u00e4 ikin\u00e4 pystyn, jotta tulos olisi mahdollisimman hyv\u00e4. Urheilukielell\u00e4 se tarkoittaisi kliseist\u00e4 ja halveksuttua ilmaisua: Teen parhaani ja katson, mihin se riitt\u00e4\u00e4.<\/p>\n\n\n\n<p>Mahdollisimman hyv\u00e4n suorituksen tavoittelu on eri asia kuin tuloksen tavoittelu. Minusta siin\u00e4 ei ole mit\u00e4\u00e4n halveksuttavaa.<\/p>\n\n\n\n<p>Ei. Pid\u00e4n sit\u00e4 suuremmassa arvossa.<\/p>\n\n\n\n<p>T\u00e4m\u00e4 voisi kuulostaa itsekehulta, jollei k\u00e4\u00e4nt\u00f6puoli olisi karmea: on vaikea siet\u00e4\u00e4 sit\u00e4, jos ymp\u00e4rill\u00e4 olevien ihmisten asenne on &#8221;h\u00e4ll\u00e4 v\u00e4li\u00e4&#8221;. Hyvin pian se imeytyy minunkin asenteekseni. Joko t\u00e4ysill\u00e4 tai ei lainkaan.<\/p>\n\n\n\n<p>Se on ongelmallista. Usein ty\u00f6 on vain ty\u00f6t\u00e4. Niin minullekin. Kaikesta ei voi innostua t\u00e4ysill\u00e4.<\/p>\n\n\n\n<p>Kirjailija tekee suuren osan ty\u00f6st\u00e4\u00e4n yksin. Kuitenkaan muuta maailmaa ei voi sulkea t\u00e4ysin ulkopuolelle. Kirjan tekemiseen liittyy paitsi kirjoittamista my\u00f6s esimerkiksi kustantamista ja markkinointia. Koko ketju on kirjailijan yhteisty\u00f6kumppaneita.<\/p>\n\n\n\n<p>Parhaimmillaan yhteisty\u00f6 on aina enemm\u00e4n kuin yksitt\u00e4iset suoritukset. Startup-kulttuuriin kliseisesti kuuluva innostuksen levi\u00e4minen on sen komea ilmenemismuoto. Samaa p\u00e4\u00e4m\u00e4\u00e4r\u00e4\u00e4 kohti pyrkiv\u00e4t, eri taitojen huippuammattilaiset panevat itsens\u00e4 likoon itse\u00e4\u00e4n s\u00e4\u00e4st\u00e4m\u00e4tt\u00e4. Niin syntyy menestystarinoita, joissa kukin yksil\u00f6 ylt\u00e4\u00e4 parempaan kuin ylt\u00e4isi yksin.<\/p>\n\n\n\n<p>Vastaavan kokeminen on mahdollista my\u00f6s kirjailijanty\u00f6ss\u00e4, ainakin johonkin asti. Olen ilokseni saanut puraista sit\u00e4 muutamassa kirjaprojektissani kuten<em> Taivas+Helvetti<\/em>-kirjoissa ja syksyll\u00e4 ilmestyneess\u00e4, yhdess\u00e4 osakestrategi <strong>Jukka Oksaharjun<\/strong> kanssa tekem\u00e4ss\u00e4ni <em>Sijoita kuin gurussa<\/em>.<\/p>\n\n\n\n<p>K\u00e4\u00e4nt\u00f6puolensa t\u00e4ss\u00e4kin. Kun on p\u00e4\u00e4ssyt kokemaan itsens\u00e4 ylitt\u00e4mist\u00e4 ja osaamisen kumuloitumista, on vaikea innostua v\u00e4hemm\u00e4st\u00e4. Mik\u00e4 olisi se hanke, joka vet\u00e4\u00e4 puoleensa niin paljon, ett\u00e4 sille haluaa antaa kaikkensa?<\/p>\n\n\n\n<p>El\u00e4m\u00e4ss\u00e4 helpompaa ja luultavasti produktiivisempaa olisi asenne, jota Yleisradion selostaja hehkuttaisi suorituksen j\u00e4lkeen huutamalla mikrofoniin: &#8221;Katsokaa! H\u00e4n antoi melkein kaikkensa!&#8221;<\/p>\n\n\n\n<p>&nbsp;<\/p>\n\n\n\n<p>&nbsp;<\/p>\n\n\n\n<p>&nbsp;<\/p>\n\n\n\n<p>&nbsp;<\/p>\n\n\n\n<p>&nbsp;<\/p>\n\n\n","protected":false},"excerpt":{"rendered":"<p>&#8221;Katsokaa, h\u00e4n antoi kaikkensa!&#8221;<\/p>\n","protected":false},"author":129,"featured_media":0,"comment_status":"open","ping_status":"open","sticky":false,"template":"","format":"standard","meta":{"_acf_changed":false,"asauth_required_access_level":3,"asauth_cansharepaid":"true","om_header_attributes":[],"footnotes":"","om_featured_image_focal_point":[],"om_primary_tag":0,"om_contributors":[],"om_co_authors":[],"beyondwords_generate_audio":"","beyondwords_project_id":"","beyondwords_content_id":"","beyondwords_preview_token":"","beyondwords_player_content":"","beyondwords_player_style":"","beyondwords_language_code":"","beyondwords_language_id":"","beyondwords_title_voice_id":"","beyondwords_body_voice_id":"","beyondwords_summary_voice_id":"","beyondwords_error_message":"","beyondwords_disabled":"","beyondwords_delete_content":"","beyondwords_podcast_id":"","beyondwords_hash":"","publish_post_to_speechkit":"","speechkit_hash":"","speechkit_generate_audio":"","speechkit_project_id":"","speechkit_podcast_id":"","speechkit_error_message":"","speechkit_disabled":"","speechkit_access_key":"","speechkit_error":"","speechkit_info":"","speechkit_response":"","speechkit_retries":"","speechkit_status":"","speechkit_updated_at":"","_speechkit_link":"","_speechkit_text":""},"categories":[1],"tags":[383,784,785,787,786],"class_list":["post-757","post","type-post","status-publish","format-standard","hentry","category-kirjailijan-paivakirja","tag-kirjailijan-tyo","tag-marja-liisa-kirvesniemi","tag-pentti-salmi","tag-startup","tag-tyokulttuuri"],"om_views":null,"acf":{"tuuma_off":false,"tuuma_kysymys":"","tuuma_vastaus":""},"asauth":{"required_access_level":1,"share_token":"","is_paid":false},"yoast_head":"<!-- This site is optimized with the Yoast SEO plugin v26.4 - https:\/\/yoast.com\/wordpress\/plugins\/seo\/ -->\n<title>Kannattaako kirjailijan asennoitua ty\u00f6h\u00f6ns\u00e4 kuin Marja-Liisa Kirvesniemi? - Kirjailijan p\u00e4iv\u00e4kirja<\/title>\n<meta name=\"robots\" content=\"index, follow, max-snippet:-1, max-image-preview:large, max-video-preview:-1\" \/>\n<link rel=\"canonical\" href=\"https:\/\/suomenkuvalehti.fi\/kirjailijanpaivakirja\/kannattaako-kirjailijan-asennoitua-tyohonsa-marja-liisa-kirvesniemi\/\" \/>\n<meta property=\"og:locale\" content=\"fi_FI\" \/>\n<meta property=\"og:type\" content=\"article\" \/>\n<meta property=\"og:title\" content=\"Kannattaako kirjailijan asennoitua ty\u00f6h\u00f6ns\u00e4 kuin Marja-Liisa Kirvesniemi? - Kirjailijan p\u00e4iv\u00e4kirja\" \/>\n<meta property=\"og:description\" content=\"&quot;Katsokaa, h\u00e4n antoi kaikkensa!&quot;\" \/>\n<meta property=\"og:url\" content=\"https:\/\/suomenkuvalehti.fi\/kirjailijanpaivakirja\/kannattaako-kirjailijan-asennoitua-tyohonsa-marja-liisa-kirvesniemi\/\" \/>\n<meta property=\"og:site_name\" content=\"Kirjailijan p\u00e4iv\u00e4kirja\" \/>\n<meta property=\"article:published_time\" content=\"2016-12-12T18:55:53+00:00\" \/>\n<meta property=\"article:modified_time\" content=\"2016-12-13T06:41:18+00:00\" \/>\n<meta property=\"og:image\" content=\"https:\/\/suomenkuvalehti.fi\/kirjailijanpaivakirja\/wp-content\/uploads\/sites\/21\/2022\/04\/hamalainen_karo06-1-scaled.jpg\" \/>\n\t<meta property=\"og:image:width\" content=\"2560\" \/>\n\t<meta property=\"og:image:height\" content=\"1706\" \/>\n\t<meta property=\"og:image:type\" content=\"image\/jpeg\" \/>\n<meta name=\"author\" content=\"Karo H\u00e4m\u00e4l\u00e4inen\" \/>\n<meta name=\"twitter:card\" content=\"summary_large_image\" \/>\n<meta name=\"twitter:label1\" content=\"Written by\" \/>\n\t<meta name=\"twitter:data1\" content=\"Karo H\u00e4m\u00e4l\u00e4inen\" \/>\n\t<meta name=\"twitter:label2\" content=\"Est. reading time\" \/>\n\t<meta name=\"twitter:data2\" content=\"2 minuuttia\" \/>\n<script type=\"application\/ld+json\" class=\"yoast-schema-graph\">{\"@context\":\"https:\/\/schema.org\",\"@graph\":[{\"@type\":\"WebPage\",\"@id\":\"https:\/\/suomenkuvalehti.fi\/kirjailijanpaivakirja\/kannattaako-kirjailijan-asennoitua-tyohonsa-marja-liisa-kirvesniemi\/\",\"url\":\"https:\/\/suomenkuvalehti.fi\/kirjailijanpaivakirja\/kannattaako-kirjailijan-asennoitua-tyohonsa-marja-liisa-kirvesniemi\/\",\"name\":\"Kannattaako kirjailijan asennoitua ty\u00f6h\u00f6ns\u00e4 kuin Marja-Liisa Kirvesniemi? - Kirjailijan p\u00e4iv\u00e4kirja\",\"isPartOf\":{\"@id\":\"https:\/\/suomenkuvalehti.fi\/kirjailijanpaivakirja\/#website\"},\"datePublished\":\"2016-12-12T18:55:53+00:00\",\"dateModified\":\"2016-12-13T06:41:18+00:00\",\"author\":{\"@id\":\"https:\/\/suomenkuvalehti.fi\/kirjailijanpaivakirja\/#\/schema\/person\/ca2dfd9d508d8c675e07b3c099fc789b\"},\"breadcrumb\":{\"@id\":\"https:\/\/suomenkuvalehti.fi\/kirjailijanpaivakirja\/kannattaako-kirjailijan-asennoitua-tyohonsa-marja-liisa-kirvesniemi\/#breadcrumb\"},\"inLanguage\":\"fi\",\"potentialAction\":[{\"@type\":\"ReadAction\",\"target\":[\"https:\/\/suomenkuvalehti.fi\/kirjailijanpaivakirja\/kannattaako-kirjailijan-asennoitua-tyohonsa-marja-liisa-kirvesniemi\/\"]}]},{\"@type\":\"BreadcrumbList\",\"@id\":\"https:\/\/suomenkuvalehti.fi\/kirjailijanpaivakirja\/kannattaako-kirjailijan-asennoitua-tyohonsa-marja-liisa-kirvesniemi\/#breadcrumb\",\"itemListElement\":[{\"@type\":\"ListItem\",\"position\":1,\"name\":\"Home\",\"item\":\"https:\/\/suomenkuvalehti.fi\/kirjailijanpaivakirja\/\"},{\"@type\":\"ListItem\",\"position\":2,\"name\":\"Kannattaako kirjailijan asennoitua ty\u00f6h\u00f6ns\u00e4 kuin Marja-Liisa Kirvesniemi?\"}]},{\"@type\":\"WebSite\",\"@id\":\"https:\/\/suomenkuvalehti.fi\/kirjailijanpaivakirja\/#website\",\"url\":\"https:\/\/suomenkuvalehti.fi\/kirjailijanpaivakirja\/\",\"name\":\"Kirjailijan p\u00e4iv\u00e4kirja\",\"description\":\"Proosakirjailijan arkea ja kirjallisuuden ajankohtaisia aiheita.\",\"potentialAction\":[{\"@type\":\"SearchAction\",\"target\":{\"@type\":\"EntryPoint\",\"urlTemplate\":\"https:\/\/suomenkuvalehti.fi\/haku\/?q={search_term_string}\"},\"query-input\":{\"@type\":\"PropertyValueSpecification\",\"valueRequired\":true,\"valueName\":\"search_term_string\"}}],\"inLanguage\":\"fi\"},{\"@type\":\"Person\",\"@id\":\"https:\/\/suomenkuvalehti.fi\/kirjailijanpaivakirja\/#\/schema\/person\/ca2dfd9d508d8c675e07b3c099fc789b\",\"name\":\"Karo H\u00e4m\u00e4l\u00e4inen\",\"image\":{\"@type\":\"ImageObject\",\"inLanguage\":\"fi\",\"@id\":\"https:\/\/suomenkuvalehti.fi\/kirjailijanpaivakirja\/#\/schema\/person\/image\/\",\"url\":\"https:\/\/suomenkuvalehti.fi\/kirjailijanpaivakirja\/wp-content\/uploads\/sites\/21\/2022\/04\/hamalainen_karo06-1-150x150.jpg\",\"contentUrl\":\"https:\/\/suomenkuvalehti.fi\/kirjailijanpaivakirja\/wp-content\/uploads\/sites\/21\/2022\/04\/hamalainen_karo06-1-150x150.jpg\",\"caption\":\"Karo H\u00e4m\u00e4l\u00e4inen\"},\"description\":\"Karo H\u00e4m\u00e4l\u00e4inen on kirjailija ja talouteen erikoistunut vapaa toimittaja.\"}]}<\/script>\n<!-- \/ Yoast SEO plugin. -->","yoast_head_json":{"title":"Kannattaako kirjailijan asennoitua ty\u00f6h\u00f6ns\u00e4 kuin Marja-Liisa Kirvesniemi? - Kirjailijan p\u00e4iv\u00e4kirja","robots":{"index":"index","follow":"follow","max-snippet":"max-snippet:-1","max-image-preview":"max-image-preview:large","max-video-preview":"max-video-preview:-1"},"canonical":"https:\/\/suomenkuvalehti.fi\/kirjailijanpaivakirja\/kannattaako-kirjailijan-asennoitua-tyohonsa-marja-liisa-kirvesniemi\/","og_locale":"fi_FI","og_type":"article","og_title":"Kannattaako kirjailijan asennoitua ty\u00f6h\u00f6ns\u00e4 kuin Marja-Liisa Kirvesniemi? - Kirjailijan p\u00e4iv\u00e4kirja","og_description":"\"Katsokaa, h\u00e4n antoi kaikkensa!\"","og_url":"https:\/\/suomenkuvalehti.fi\/kirjailijanpaivakirja\/kannattaako-kirjailijan-asennoitua-tyohonsa-marja-liisa-kirvesniemi\/","og_site_name":"Kirjailijan p\u00e4iv\u00e4kirja","article_published_time":"2016-12-12T18:55:53+00:00","article_modified_time":"2016-12-13T06:41:18+00:00","og_image":[{"width":2560,"height":1706,"url":"https:\/\/suomenkuvalehti.fi\/kirjailijanpaivakirja\/wp-content\/uploads\/sites\/21\/2022\/04\/hamalainen_karo06-1-scaled.jpg","type":"image\/jpeg"}],"author":"Karo H\u00e4m\u00e4l\u00e4inen","twitter_card":"summary_large_image","twitter_misc":{"Written by":"Karo H\u00e4m\u00e4l\u00e4inen","Est. reading time":"2 minuuttia"},"schema":{"@context":"https:\/\/schema.org","@graph":[{"@type":"WebPage","@id":"https:\/\/suomenkuvalehti.fi\/kirjailijanpaivakirja\/kannattaako-kirjailijan-asennoitua-tyohonsa-marja-liisa-kirvesniemi\/","url":"https:\/\/suomenkuvalehti.fi\/kirjailijanpaivakirja\/kannattaako-kirjailijan-asennoitua-tyohonsa-marja-liisa-kirvesniemi\/","name":"Kannattaako kirjailijan asennoitua ty\u00f6h\u00f6ns\u00e4 kuin Marja-Liisa Kirvesniemi? - Kirjailijan p\u00e4iv\u00e4kirja","isPartOf":{"@id":"https:\/\/suomenkuvalehti.fi\/kirjailijanpaivakirja\/#website"},"datePublished":"2016-12-12T18:55:53+00:00","dateModified":"2016-12-13T06:41:18+00:00","author":{"@id":"https:\/\/suomenkuvalehti.fi\/kirjailijanpaivakirja\/#\/schema\/person\/ca2dfd9d508d8c675e07b3c099fc789b"},"breadcrumb":{"@id":"https:\/\/suomenkuvalehti.fi\/kirjailijanpaivakirja\/kannattaako-kirjailijan-asennoitua-tyohonsa-marja-liisa-kirvesniemi\/#breadcrumb"},"inLanguage":"fi","potentialAction":[{"@type":"ReadAction","target":["https:\/\/suomenkuvalehti.fi\/kirjailijanpaivakirja\/kannattaako-kirjailijan-asennoitua-tyohonsa-marja-liisa-kirvesniemi\/"]}]},{"@type":"BreadcrumbList","@id":"https:\/\/suomenkuvalehti.fi\/kirjailijanpaivakirja\/kannattaako-kirjailijan-asennoitua-tyohonsa-marja-liisa-kirvesniemi\/#breadcrumb","itemListElement":[{"@type":"ListItem","position":1,"name":"Home","item":"https:\/\/suomenkuvalehti.fi\/kirjailijanpaivakirja\/"},{"@type":"ListItem","position":2,"name":"Kannattaako kirjailijan asennoitua ty\u00f6h\u00f6ns\u00e4 kuin Marja-Liisa Kirvesniemi?"}]},{"@type":"WebSite","@id":"https:\/\/suomenkuvalehti.fi\/kirjailijanpaivakirja\/#website","url":"https:\/\/suomenkuvalehti.fi\/kirjailijanpaivakirja\/","name":"Kirjailijan p\u00e4iv\u00e4kirja","description":"Proosakirjailijan arkea ja kirjallisuuden ajankohtaisia aiheita.","potentialAction":[{"@type":"SearchAction","target":{"@type":"EntryPoint","urlTemplate":"https:\/\/suomenkuvalehti.fi\/haku\/?q={search_term_string}"},"query-input":{"@type":"PropertyValueSpecification","valueRequired":true,"valueName":"search_term_string"}}],"inLanguage":"fi"},{"@type":"Person","@id":"https:\/\/suomenkuvalehti.fi\/kirjailijanpaivakirja\/#\/schema\/person\/ca2dfd9d508d8c675e07b3c099fc789b","name":"Karo H\u00e4m\u00e4l\u00e4inen","image":{"@type":"ImageObject","inLanguage":"fi","@id":"https:\/\/suomenkuvalehti.fi\/kirjailijanpaivakirja\/#\/schema\/person\/image\/","url":"https:\/\/suomenkuvalehti.fi\/kirjailijanpaivakirja\/wp-content\/uploads\/sites\/21\/2022\/04\/hamalainen_karo06-1-150x150.jpg","contentUrl":"https:\/\/suomenkuvalehti.fi\/kirjailijanpaivakirja\/wp-content\/uploads\/sites\/21\/2022\/04\/hamalainen_karo06-1-150x150.jpg","caption":"Karo H\u00e4m\u00e4l\u00e4inen"},"description":"Karo H\u00e4m\u00e4l\u00e4inen on kirjailija ja talouteen erikoistunut vapaa toimittaja."}]}},"_links":{"self":[{"href":"https:\/\/suomenkuvalehti.fi\/kirjailijanpaivakirja\/wp-json\/wp\/v2\/posts\/757","targetHints":{"allow":["GET"]}}],"collection":[{"href":"https:\/\/suomenkuvalehti.fi\/kirjailijanpaivakirja\/wp-json\/wp\/v2\/posts"}],"about":[{"href":"https:\/\/suomenkuvalehti.fi\/kirjailijanpaivakirja\/wp-json\/wp\/v2\/types\/post"}],"author":[{"embeddable":true,"href":"https:\/\/suomenkuvalehti.fi\/kirjailijanpaivakirja\/wp-json\/wp\/v2\/users\/129"}],"replies":[{"embeddable":true,"href":"https:\/\/suomenkuvalehti.fi\/kirjailijanpaivakirja\/wp-json\/wp\/v2\/comments?post=757"}],"version-history":[{"count":2,"href":"https:\/\/suomenkuvalehti.fi\/kirjailijanpaivakirja\/wp-json\/wp\/v2\/posts\/757\/revisions"}],"predecessor-version":[{"id":759,"href":"https:\/\/suomenkuvalehti.fi\/kirjailijanpaivakirja\/wp-json\/wp\/v2\/posts\/757\/revisions\/759"}],"wp:attachment":[{"href":"https:\/\/suomenkuvalehti.fi\/kirjailijanpaivakirja\/wp-json\/wp\/v2\/media?parent=757"}],"wp:term":[{"taxonomy":"category","embeddable":true,"href":"https:\/\/suomenkuvalehti.fi\/kirjailijanpaivakirja\/wp-json\/wp\/v2\/categories?post=757"},{"taxonomy":"post_tag","embeddable":true,"href":"https:\/\/suomenkuvalehti.fi\/kirjailijanpaivakirja\/wp-json\/wp\/v2\/tags?post=757"}],"curies":[{"name":"wp","href":"https:\/\/api.w.org\/{rel}","templated":true}]}}