{"id":731,"date":"2016-11-05T18:16:10","date_gmt":"2016-11-05T16:16:10","guid":{"rendered":"https:\/\/suomenkuvalehti.fi\/kirjailijanpaivakirja\/?p=731"},"modified":"2016-11-05T18:20:43","modified_gmt":"2016-11-05T16:20:43","slug":"kordelinin-saatio-empii-persukirjailijan-apurahaa","status":"publish","type":"post","link":"https:\/\/suomenkuvalehti.fi\/kirjailijanpaivakirja\/kordelinin-saatio-empii-persukirjailijan-apurahaa\/","title":{"rendered":"Kordelinin s\u00e4\u00e4ti\u00f6 empii &#8221;persukirjailijan&#8221; apurahaa"},"content":{"rendered":"\n<p>Alfred Kordelinin s\u00e4\u00e4ti\u00f6n hallitus kokoontuu k\u00e4sittelem\u00e4\u00e4n kirjailija<strong> Timo H\u00e4nnik\u00e4isen<\/strong> apurahahakemusta huomenna sunnuntaina iltap\u00e4iv\u00e4ll\u00e4. S\u00e4\u00e4ti\u00f6 kertoi asiasta Facebook-profiilissaan.<\/p>\n\n\n\n<p>Vain vajaat kaksi viikkoa sitten sama hallitus p\u00e4\u00e4tti my\u00f6nt\u00e4\u00e4 H\u00e4nnik\u00e4iselle 6000 euron apurahan kaunokirjalliseen ty\u00f6skentelyyn. S\u00e4\u00e4ti\u00f6n kotisivuilla julkaistujen apurahamy\u00f6nt\u00f6jen mukaan tarkempi k\u00e4ytt\u00f6tarkoitus on &#8221;kahden esseistisen proosateoksen kirjoittaminen&#8221;.<\/p>\n\n\n\n<p>Mik\u00e4 on saanut s\u00e4\u00e4ti\u00f6n hallituksen p\u00e4\u00e4tt\u00e4m\u00e4\u00e4n apurahasta uudelleen, s\u00e4\u00e4ti\u00f6n toimistop\u00e4\u00e4llikk\u00f6 <strong>Marita Seitsalo<\/strong>?<\/p>\n\n\n\n<p>&#8221;S\u00e4\u00e4ti\u00f6 ei t\u00e4ss\u00e4 vaiheessa ota asiaan kantaa.&#8221;<\/p>\n\n\n\n<p>Runoilijana aloittanut mutta esseistin\u00e4 paremmin tunnettu Timo H\u00e4nnik\u00e4inen on her\u00e4tt\u00e4nyt huomiota \u00e4\u00e4rioikeistolaiseksi ja arvokonservatiiviseksi mielletyll\u00e4 k\u00e4yt\u00f6ksell\u00e4\u00e4n. H\u00e4n toimii nationalistisen <em>Sarastus<\/em>-verkkolehden p\u00e4\u00e4toimittajana.<\/p>\n\n\n\n<p>Toissa juhannuksena H\u00e4nnik\u00e4inen kirjoitteli t\u00f6rkeyksi\u00e4 Naisasialiitto Unionin ja Naisten linjan Facebook-sivuille sill\u00e4 seurauksella, ett\u00e4 h\u00e4nen silloinen p\u00e4\u00e4asiallinen kustantaja Savukeidas ilmoitti lopettavansa yhteisty\u00f6n H\u00e4nnik\u00e4isen kanssa.<\/p>\n\n\n\n<p>Alfred Kordelinin s\u00e4\u00e4ti\u00f6n ilmoitus tarkoittaa, ett\u00e4 hallitus voi p\u00e4\u00e4ty\u00e4 perumaan H\u00e4nnik\u00e4isen apurahan. S\u00e4\u00e4ti\u00f6n hallitukseen kuuluvat puheenjohtajana pitk\u00e4\u00e4n Fortumin talousjohtajana toiminut <strong>Juha Laaksonen<\/strong>, filosofian historiaan erikoistunut emeritusprofessori<strong> Simo Knuuttila<\/strong>, kirjailija <strong>Torsti Lehtinen<\/strong>, kemian professori <strong>Markku Leskel\u00e4,<\/strong> oikeustieteen professori <strong>Jaana Norio-Timonen<\/strong>, kuvataiteilija <strong>Anna Retulainen<\/strong>, kielitieteilij\u00e4, professori <strong>Sirkka Saarinen<\/strong> ja opetusneuvos <strong>Kaisa V\u00e4yrynen<\/strong>.<\/p>\n\n\n\n<p>Apurahavaikeuksia H\u00e4nnik\u00e4isell\u00e4 on ollut jo aiemmin syksyll\u00e4. Syyskuun lopussa h\u00e4n kirjoitti blogissaan eroavansa Suomen Kirjailijaliiton j\u00e4senyydest\u00e4.<\/p>\n\n\n\n<p>&#8221;Viime vuosina olen toisinaan saanut yst\u00e4v\u00e4llismielisten kollegoiden kautta tietoa pyrkimyksist\u00e4 erist\u00e4\u00e4 minut ammatillisesti sek\u00e4 vied\u00e4 minulta rahoitus ja julkaisumahdollisuudet. Joskus t\u00e4llaisia pyrkimyksi\u00e4 on ilmaistu avoimesti, useimmiten kuitenkin kulissien takana. Vastustajieni toimintaa ovat motivoineet henkil\u00f6\u00f6ni tai poliittisiin n\u00e4kemyksiini liittyv\u00e4t seikat, ja siihen on sis\u00e4ltynyt j\u00e4rjett\u00f6mi\u00e4 syyt\u00f6ksi\u00e4 esimerkiksi natsismin tukemisesta tai v\u00e4kivallan lietsomisesta. Tulokset on voinut huomata siit\u00e4, ett\u00e4 kirjailijanty\u00f6st\u00e4ni saamani toimeentulo on kaventunut l\u00e4hes olemattomiin, vaikka kirjallinen toimintani on jatkunut ja tuotantoni kasvanut&#8221;, <a href=\"http:\/\/timohannikainen.blogspot.fi\/2016\/09\/eroilmoitus.html\">H\u00e4nnik\u00e4inen kirjoitti<\/a>.<\/p>\n\n\n","protected":false},"excerpt":{"rendered":"<p>Alfred Kordelinin s\u00e4\u00e4ti\u00f6n hallitus kokoontuu k\u00e4sittelem\u00e4\u00e4n kirjailija Timo H\u00e4nnik\u00e4isen apurahahakemusta huomenna sunnuntaina iltap\u00e4iv\u00e4ll\u00e4. S\u00e4\u00e4ti\u00f6 kertoi asiasta Facebook-profiilissaan. Vain vajaat kaksi viikkoa sitten sama hallitus p\u00e4\u00e4tti my\u00f6nt\u00e4\u00e4<br \/>\nH\u00e4nnik\u00e4iselle 6000&hellip;<\/p>\n","protected":false},"author":129,"featured_media":0,"comment_status":"open","ping_status":"open","sticky":false,"template":"","format":"standard","meta":{"_acf_changed":false,"asauth_required_access_level":3,"asauth_cansharepaid":"true","om_header_attributes":[],"footnotes":"","om_featured_image_focal_point":[],"om_primary_tag":0,"om_contributors":[],"om_co_authors":[],"beyondwords_generate_audio":"","beyondwords_project_id":"","beyondwords_content_id":"","beyondwords_preview_token":"","beyondwords_player_content":"","beyondwords_player_style":"","beyondwords_language_code":"","beyondwords_language_id":"","beyondwords_title_voice_id":"","beyondwords_body_voice_id":"","beyondwords_summary_voice_id":"","beyondwords_error_message":"","beyondwords_disabled":"","beyondwords_delete_content":"","beyondwords_podcast_id":"","beyondwords_hash":"","publish_post_to_speechkit":"","speechkit_hash":"","speechkit_generate_audio":"","speechkit_project_id":"","speechkit_podcast_id":"","speechkit_error_message":"","speechkit_disabled":"","speechkit_access_key":"","speechkit_error":"","speechkit_info":"","speechkit_response":"","speechkit_retries":"","speechkit_status":"","speechkit_updated_at":"","_speechkit_link":"","_speechkit_text":""},"categories":[1],"tags":[761,69,201,762],"class_list":["post-731","post","type-post","status-publish","format-standard","hentry","category-kirjailijan-paivakirja","tag-alfred-kordelinin-saatio","tag-apurahat","tag-kirjallisuus","tag-timo-hannikainen"],"om_views":null,"acf":{"tuuma_off":false,"tuuma_kysymys":"","tuuma_vastaus":""},"asauth":{"required_access_level":1,"share_token":"","is_paid":false},"yoast_head":"<!-- This site is optimized with the Yoast SEO plugin v26.4 - https:\/\/yoast.com\/wordpress\/plugins\/seo\/ -->\n<title>Kordelinin s\u00e4\u00e4ti\u00f6 empii &quot;persukirjailijan&quot; apurahaa - Kirjailijan p\u00e4iv\u00e4kirja<\/title>\n<meta name=\"robots\" content=\"index, follow, max-snippet:-1, max-image-preview:large, max-video-preview:-1\" \/>\n<link rel=\"canonical\" href=\"https:\/\/suomenkuvalehti.fi\/kirjailijanpaivakirja\/kordelinin-saatio-empii-persukirjailijan-apurahaa\/\" \/>\n<meta property=\"og:locale\" content=\"fi_FI\" \/>\n<meta property=\"og:type\" content=\"article\" \/>\n<meta property=\"og:title\" content=\"Kordelinin s\u00e4\u00e4ti\u00f6 empii &quot;persukirjailijan&quot; apurahaa - Kirjailijan p\u00e4iv\u00e4kirja\" \/>\n<meta property=\"og:description\" content=\"Alfred Kordelinin s\u00e4\u00e4ti\u00f6n hallitus kokoontuu k\u00e4sittelem\u00e4\u00e4n kirjailija Timo H\u00e4nnik\u00e4isen apurahahakemusta huomenna sunnuntaina iltap\u00e4iv\u00e4ll\u00e4. S\u00e4\u00e4ti\u00f6 kertoi asiasta Facebook-profiilissaan. Vain vajaat kaksi viikkoa sitten sama hallitus p\u00e4\u00e4tti my\u00f6nt\u00e4\u00e4 H\u00e4nnik\u00e4iselle 6000&hellip;\" \/>\n<meta property=\"og:url\" content=\"https:\/\/suomenkuvalehti.fi\/kirjailijanpaivakirja\/kordelinin-saatio-empii-persukirjailijan-apurahaa\/\" \/>\n<meta property=\"og:site_name\" content=\"Kirjailijan p\u00e4iv\u00e4kirja\" \/>\n<meta property=\"article:published_time\" content=\"2016-11-05T16:16:10+00:00\" \/>\n<meta property=\"article:modified_time\" content=\"2016-11-05T16:20:43+00:00\" \/>\n<meta property=\"og:image\" content=\"https:\/\/suomenkuvalehti.fi\/kirjailijanpaivakirja\/wp-content\/uploads\/sites\/21\/2022\/04\/hamalainen_karo06-1-scaled.jpg\" \/>\n\t<meta property=\"og:image:width\" content=\"2560\" \/>\n\t<meta property=\"og:image:height\" content=\"1706\" \/>\n\t<meta property=\"og:image:type\" content=\"image\/jpeg\" \/>\n<meta name=\"author\" content=\"Karo H\u00e4m\u00e4l\u00e4inen\" \/>\n<meta name=\"twitter:card\" content=\"summary_large_image\" \/>\n<meta name=\"twitter:label1\" content=\"Written by\" \/>\n\t<meta name=\"twitter:data1\" content=\"Karo H\u00e4m\u00e4l\u00e4inen\" \/>\n\t<meta name=\"twitter:label2\" content=\"Est. reading time\" \/>\n\t<meta name=\"twitter:data2\" content=\"2 minuuttia\" \/>\n<script type=\"application\/ld+json\" class=\"yoast-schema-graph\">{\"@context\":\"https:\/\/schema.org\",\"@graph\":[{\"@type\":\"WebPage\",\"@id\":\"https:\/\/suomenkuvalehti.fi\/kirjailijanpaivakirja\/kordelinin-saatio-empii-persukirjailijan-apurahaa\/\",\"url\":\"https:\/\/suomenkuvalehti.fi\/kirjailijanpaivakirja\/kordelinin-saatio-empii-persukirjailijan-apurahaa\/\",\"name\":\"Kordelinin s\u00e4\u00e4ti\u00f6 empii \\\"persukirjailijan\\\" apurahaa - Kirjailijan p\u00e4iv\u00e4kirja\",\"isPartOf\":{\"@id\":\"https:\/\/suomenkuvalehti.fi\/kirjailijanpaivakirja\/#website\"},\"datePublished\":\"2016-11-05T16:16:10+00:00\",\"dateModified\":\"2016-11-05T16:20:43+00:00\",\"author\":{\"@id\":\"https:\/\/suomenkuvalehti.fi\/kirjailijanpaivakirja\/#\/schema\/person\/ca2dfd9d508d8c675e07b3c099fc789b\"},\"breadcrumb\":{\"@id\":\"https:\/\/suomenkuvalehti.fi\/kirjailijanpaivakirja\/kordelinin-saatio-empii-persukirjailijan-apurahaa\/#breadcrumb\"},\"inLanguage\":\"fi\",\"potentialAction\":[{\"@type\":\"ReadAction\",\"target\":[\"https:\/\/suomenkuvalehti.fi\/kirjailijanpaivakirja\/kordelinin-saatio-empii-persukirjailijan-apurahaa\/\"]}]},{\"@type\":\"BreadcrumbList\",\"@id\":\"https:\/\/suomenkuvalehti.fi\/kirjailijanpaivakirja\/kordelinin-saatio-empii-persukirjailijan-apurahaa\/#breadcrumb\",\"itemListElement\":[{\"@type\":\"ListItem\",\"position\":1,\"name\":\"Home\",\"item\":\"https:\/\/suomenkuvalehti.fi\/kirjailijanpaivakirja\/\"},{\"@type\":\"ListItem\",\"position\":2,\"name\":\"Kordelinin s\u00e4\u00e4ti\u00f6 empii &#8221;persukirjailijan&#8221; apurahaa\"}]},{\"@type\":\"WebSite\",\"@id\":\"https:\/\/suomenkuvalehti.fi\/kirjailijanpaivakirja\/#website\",\"url\":\"https:\/\/suomenkuvalehti.fi\/kirjailijanpaivakirja\/\",\"name\":\"Kirjailijan p\u00e4iv\u00e4kirja\",\"description\":\"Proosakirjailijan arkea ja kirjallisuuden ajankohtaisia aiheita.\",\"potentialAction\":[{\"@type\":\"SearchAction\",\"target\":{\"@type\":\"EntryPoint\",\"urlTemplate\":\"https:\/\/suomenkuvalehti.fi\/haku\/?q={search_term_string}\"},\"query-input\":{\"@type\":\"PropertyValueSpecification\",\"valueRequired\":true,\"valueName\":\"search_term_string\"}}],\"inLanguage\":\"fi\"},{\"@type\":\"Person\",\"@id\":\"https:\/\/suomenkuvalehti.fi\/kirjailijanpaivakirja\/#\/schema\/person\/ca2dfd9d508d8c675e07b3c099fc789b\",\"name\":\"Karo H\u00e4m\u00e4l\u00e4inen\",\"image\":{\"@type\":\"ImageObject\",\"inLanguage\":\"fi\",\"@id\":\"https:\/\/suomenkuvalehti.fi\/kirjailijanpaivakirja\/#\/schema\/person\/image\/\",\"url\":\"https:\/\/suomenkuvalehti.fi\/kirjailijanpaivakirja\/wp-content\/uploads\/sites\/21\/2022\/04\/hamalainen_karo06-1-150x150.jpg\",\"contentUrl\":\"https:\/\/suomenkuvalehti.fi\/kirjailijanpaivakirja\/wp-content\/uploads\/sites\/21\/2022\/04\/hamalainen_karo06-1-150x150.jpg\",\"caption\":\"Karo H\u00e4m\u00e4l\u00e4inen\"},\"description\":\"Karo H\u00e4m\u00e4l\u00e4inen on kirjailija ja talouteen erikoistunut vapaa toimittaja.\"}]}<\/script>\n<!-- \/ Yoast SEO plugin. -->","yoast_head_json":{"title":"Kordelinin s\u00e4\u00e4ti\u00f6 empii \"persukirjailijan\" apurahaa - Kirjailijan p\u00e4iv\u00e4kirja","robots":{"index":"index","follow":"follow","max-snippet":"max-snippet:-1","max-image-preview":"max-image-preview:large","max-video-preview":"max-video-preview:-1"},"canonical":"https:\/\/suomenkuvalehti.fi\/kirjailijanpaivakirja\/kordelinin-saatio-empii-persukirjailijan-apurahaa\/","og_locale":"fi_FI","og_type":"article","og_title":"Kordelinin s\u00e4\u00e4ti\u00f6 empii \"persukirjailijan\" apurahaa - Kirjailijan p\u00e4iv\u00e4kirja","og_description":"Alfred Kordelinin s\u00e4\u00e4ti\u00f6n hallitus kokoontuu k\u00e4sittelem\u00e4\u00e4n kirjailija Timo H\u00e4nnik\u00e4isen apurahahakemusta huomenna sunnuntaina iltap\u00e4iv\u00e4ll\u00e4. S\u00e4\u00e4ti\u00f6 kertoi asiasta Facebook-profiilissaan. Vain vajaat kaksi viikkoa sitten sama hallitus p\u00e4\u00e4tti my\u00f6nt\u00e4\u00e4 H\u00e4nnik\u00e4iselle 6000&hellip;","og_url":"https:\/\/suomenkuvalehti.fi\/kirjailijanpaivakirja\/kordelinin-saatio-empii-persukirjailijan-apurahaa\/","og_site_name":"Kirjailijan p\u00e4iv\u00e4kirja","article_published_time":"2016-11-05T16:16:10+00:00","article_modified_time":"2016-11-05T16:20:43+00:00","og_image":[{"width":2560,"height":1706,"url":"https:\/\/suomenkuvalehti.fi\/kirjailijanpaivakirja\/wp-content\/uploads\/sites\/21\/2022\/04\/hamalainen_karo06-1-scaled.jpg","type":"image\/jpeg"}],"author":"Karo H\u00e4m\u00e4l\u00e4inen","twitter_card":"summary_large_image","twitter_misc":{"Written by":"Karo H\u00e4m\u00e4l\u00e4inen","Est. reading time":"2 minuuttia"},"schema":{"@context":"https:\/\/schema.org","@graph":[{"@type":"WebPage","@id":"https:\/\/suomenkuvalehti.fi\/kirjailijanpaivakirja\/kordelinin-saatio-empii-persukirjailijan-apurahaa\/","url":"https:\/\/suomenkuvalehti.fi\/kirjailijanpaivakirja\/kordelinin-saatio-empii-persukirjailijan-apurahaa\/","name":"Kordelinin s\u00e4\u00e4ti\u00f6 empii \"persukirjailijan\" apurahaa - Kirjailijan p\u00e4iv\u00e4kirja","isPartOf":{"@id":"https:\/\/suomenkuvalehti.fi\/kirjailijanpaivakirja\/#website"},"datePublished":"2016-11-05T16:16:10+00:00","dateModified":"2016-11-05T16:20:43+00:00","author":{"@id":"https:\/\/suomenkuvalehti.fi\/kirjailijanpaivakirja\/#\/schema\/person\/ca2dfd9d508d8c675e07b3c099fc789b"},"breadcrumb":{"@id":"https:\/\/suomenkuvalehti.fi\/kirjailijanpaivakirja\/kordelinin-saatio-empii-persukirjailijan-apurahaa\/#breadcrumb"},"inLanguage":"fi","potentialAction":[{"@type":"ReadAction","target":["https:\/\/suomenkuvalehti.fi\/kirjailijanpaivakirja\/kordelinin-saatio-empii-persukirjailijan-apurahaa\/"]}]},{"@type":"BreadcrumbList","@id":"https:\/\/suomenkuvalehti.fi\/kirjailijanpaivakirja\/kordelinin-saatio-empii-persukirjailijan-apurahaa\/#breadcrumb","itemListElement":[{"@type":"ListItem","position":1,"name":"Home","item":"https:\/\/suomenkuvalehti.fi\/kirjailijanpaivakirja\/"},{"@type":"ListItem","position":2,"name":"Kordelinin s\u00e4\u00e4ti\u00f6 empii &#8221;persukirjailijan&#8221; apurahaa"}]},{"@type":"WebSite","@id":"https:\/\/suomenkuvalehti.fi\/kirjailijanpaivakirja\/#website","url":"https:\/\/suomenkuvalehti.fi\/kirjailijanpaivakirja\/","name":"Kirjailijan p\u00e4iv\u00e4kirja","description":"Proosakirjailijan arkea ja kirjallisuuden ajankohtaisia aiheita.","potentialAction":[{"@type":"SearchAction","target":{"@type":"EntryPoint","urlTemplate":"https:\/\/suomenkuvalehti.fi\/haku\/?q={search_term_string}"},"query-input":{"@type":"PropertyValueSpecification","valueRequired":true,"valueName":"search_term_string"}}],"inLanguage":"fi"},{"@type":"Person","@id":"https:\/\/suomenkuvalehti.fi\/kirjailijanpaivakirja\/#\/schema\/person\/ca2dfd9d508d8c675e07b3c099fc789b","name":"Karo H\u00e4m\u00e4l\u00e4inen","image":{"@type":"ImageObject","inLanguage":"fi","@id":"https:\/\/suomenkuvalehti.fi\/kirjailijanpaivakirja\/#\/schema\/person\/image\/","url":"https:\/\/suomenkuvalehti.fi\/kirjailijanpaivakirja\/wp-content\/uploads\/sites\/21\/2022\/04\/hamalainen_karo06-1-150x150.jpg","contentUrl":"https:\/\/suomenkuvalehti.fi\/kirjailijanpaivakirja\/wp-content\/uploads\/sites\/21\/2022\/04\/hamalainen_karo06-1-150x150.jpg","caption":"Karo H\u00e4m\u00e4l\u00e4inen"},"description":"Karo H\u00e4m\u00e4l\u00e4inen on kirjailija ja talouteen erikoistunut vapaa toimittaja."}]}},"_links":{"self":[{"href":"https:\/\/suomenkuvalehti.fi\/kirjailijanpaivakirja\/wp-json\/wp\/v2\/posts\/731","targetHints":{"allow":["GET"]}}],"collection":[{"href":"https:\/\/suomenkuvalehti.fi\/kirjailijanpaivakirja\/wp-json\/wp\/v2\/posts"}],"about":[{"href":"https:\/\/suomenkuvalehti.fi\/kirjailijanpaivakirja\/wp-json\/wp\/v2\/types\/post"}],"author":[{"embeddable":true,"href":"https:\/\/suomenkuvalehti.fi\/kirjailijanpaivakirja\/wp-json\/wp\/v2\/users\/129"}],"replies":[{"embeddable":true,"href":"https:\/\/suomenkuvalehti.fi\/kirjailijanpaivakirja\/wp-json\/wp\/v2\/comments?post=731"}],"version-history":[{"count":2,"href":"https:\/\/suomenkuvalehti.fi\/kirjailijanpaivakirja\/wp-json\/wp\/v2\/posts\/731\/revisions"}],"predecessor-version":[{"id":733,"href":"https:\/\/suomenkuvalehti.fi\/kirjailijanpaivakirja\/wp-json\/wp\/v2\/posts\/731\/revisions\/733"}],"wp:attachment":[{"href":"https:\/\/suomenkuvalehti.fi\/kirjailijanpaivakirja\/wp-json\/wp\/v2\/media?parent=731"}],"wp:term":[{"taxonomy":"category","embeddable":true,"href":"https:\/\/suomenkuvalehti.fi\/kirjailijanpaivakirja\/wp-json\/wp\/v2\/categories?post=731"},{"taxonomy":"post_tag","embeddable":true,"href":"https:\/\/suomenkuvalehti.fi\/kirjailijanpaivakirja\/wp-json\/wp\/v2\/tags?post=731"}],"curies":[{"name":"wp","href":"https:\/\/api.w.org\/{rel}","templated":true}]}}