{"id":645,"date":"2016-07-24T11:13:55","date_gmt":"2016-07-24T08:13:55","guid":{"rendered":"https:\/\/suomenkuvalehti.fi\/kirjailijanpaivakirja\/?p=645"},"modified":"2016-07-24T16:17:45","modified_gmt":"2016-07-24T13:17:45","slug":"kirjailijat-kuuluvat-lukevaan-luokkaan","status":"publish","type":"post","link":"https:\/\/suomenkuvalehti.fi\/kirjailijanpaivakirja\/kirjailijat-kuuluvat-lukevaan-luokkaan\/","title":{"rendered":"Kirjailijat kuuluvat lukevaan luokkaan"},"content":{"rendered":"\n<p>Useat suomalaiset kirjailijat ovat k\u00f6yhi\u00e4, mutta silti valtaosa kirjallisuudesta tuntuu k\u00e4sittelev\u00e4n keskiluokkaiseksi miellettyj\u00e4 kysymyksi\u00e4.<\/p>\n\n\n\n<p>Suunnilleen noin kuuluu <strong>Asta Lep\u00e4n<\/strong> <em>Helsingin Sanomiin<\/em> (24.7.2016) kirjoittaman esseen &#8221;Kamppailu syyllisyytt\u00e4 vastaan&#8221; p\u00e4\u00e4v\u00e4ite. Lepp\u00e4 kaipaa kirjallisuuteen &#8221;toisia \u00e4\u00e4ni\u00e4&#8221; ja kummastelee, ett\u00e4 &#8221;t\u00e4m\u00e4n vuosituhannen ty\u00f6l\u00e4iskirjailijoiden teokset ovat kaukana kirjallisuuden myyntitulojen k\u00e4rjest\u00e4&#8221;.<\/p>\n\n\n\n<p>Lep\u00e4n kirjoituksen voi halutessaan kuitata olankohautuksella: &#8221;Lukisit enemm\u00e4n, lukisit monipuolisemmin, lukisit muutakin kuin bestsellerlistojen k\u00e4rke\u00e4!&#8221; Voisi pit\u00e4\u00e4 palopuheen siit\u00e4, kuinka apurahaj\u00e4rjestelm\u00e4 mahdollistaa kirjailijanty\u00f6n erilaisista taustoista tuleville ihmisille ja riippumatta siit\u00e4, kuluttaako rahaa kirjoihin k\u00e4ytt\u00e4v\u00e4 keskiluokka luottokorttiaan juuri h\u00e4nen teostensa kohdalla \u2013 kirjailijan ei siis ole pakko miellytt\u00e4\u00e4 &#8221;keskiluokkaista makua&#8221;. Voisi my\u00f6s pohtia, mihin muihin ammatteihin tullaan niin erilaisista l\u00e4ht\u00f6kohdista kuin kirjailijaksi.<\/p>\n\n\n\n<p>Olankohautus ja siilipuolustus olisi kuitenkin v\u00e4\u00e4r\u00e4 tapa reagoida. Kirjallisuus nimitt\u00e4in on painottunutta. Vaikka kirjailijoita tulee maantieteellisesti ja sosioekonomisesti eri ryhmist\u00e4, kirjailijakuntaa yhdist\u00e4\u00e4 se, ett\u00e4 kirjailijat ovat lukevia ihmisi\u00e4.<\/p>\n\n\n\n<p>N\u00e4ppituntumalta kuvittelen, ett\u00e4 debytoivien kirjailijoiden taustat eiv\u00e4t ole yht\u00e4 moninaisia kuin joinakin mennein\u00e4 vuosikymmenin\u00e4. Useat nuoret esikoiskirjailijat ovat opiskelleet kirjallisuutta tai kirjoittamista, k\u00e4yneet lukion ja saaneet humanistisen koulutuksen. Ty\u00f6kokemus on voinut&nbsp;kerty\u00e4 kulttuuri- ja media-alan silpput\u00f6ist\u00e4 ja muista sekalaisista p\u00e4tkist\u00e4.<\/p>\n\n\n\n<p>Saatoin tulla kuvanneeksi, millainen itse olin vuonna 2000 esikoisteokseni ilmestyess\u00e4.<\/p>\n\n\n\n<p>Poikkeuksia on \u2013 paljon ja onneksi \u2013, mutta lukeminen ja intohimoinen suhde kirjallisuuteen yhdist\u00e4\u00e4 kirjailijakuntaa. Jos paloa kirjoihin ei ole, ei ole valmis tekem\u00e4\u00e4n sit\u00e4 ty\u00f6t\u00e4, mink\u00e4 kaunokirjallisen teoksen aikaansaaminen vaatii. Se olisi t\u00e4ysin mielet\u00f6nt\u00e4!<\/p>\n\n\n\n<p>Esseess\u00e4\u00e4n Lepp\u00e4 siteeraa brittisosiologia <strong>Beverley Skeggsi\u00e4<\/strong>: keskiluokka m\u00e4\u00e4rittelee itsens\u00e4 luomalla sosiaalisen et\u00e4isyyden ty\u00f6v\u00e4enluokkaan korostamalla esimerkiksi kulttuurip\u00e4\u00e4omaansa.<\/p>\n\n\n\n<p>Kohtuullisesti&nbsp;mutkia oikoen: kulttuurin harrastaminen kuten lukeminen on (uutta?) &#8221;keskiluokkaisuutta&#8221; m\u00e4\u00e4ritt\u00e4v\u00e4 piirre. Jos n\u00e4in on, jo m\u00e4\u00e4ritelm\u00e4llisesti &#8221;alaluokka&#8221; ei juuri lue kaunokirjallisuutta. T\u00e4ss\u00e4 ad hoc -m\u00e4\u00e4ritelm\u00e4ss\u00e4ni luokka ei m\u00e4\u00e4r\u00e4ydy ansiotason vaan el\u00e4m\u00e4ntapojen \u2013 kuten harrastusten ja arvojen \u2013 kautta.<\/p>\n\n\n\n<p>Ei ole pelk\u00e4st\u00e4\u00e4n m\u00e4\u00e4ritelm\u00e4llinen kikka v\u00e4itt\u00e4\u00e4, ett\u00e4 suuri osa kirjailijoista kuuluu kulttuuri-ihmisiin. Jos kirjailijakunnan arvot l\u00f6isi arvoja arvioivaan tietokoneohjelmaan ja vertaisi niit\u00e4 vaikkapa Suomen kansan keskim\u00e4\u00e4r\u00e4isiin arvoihin, kirjailijakunnan pisteet luultavasti painottuisivat johonkin kohtaan kuvaajaa. Kirjailijakuntaa keskim\u00e4\u00e4rin ja tilastollisesti &#8221;kiinnostavat kysymykset&#8221; eiv\u00e4t kata kaikkia kansalaisia. Kirjailijan kokemusmaailma on toinen kuin keskim\u00e4\u00e4r\u00e4isen kansalaisen \u2013 keskim\u00e4\u00e4r\u00e4inen kansalainen ei esimerkiksi ole kirjailija ja ilmaise itse\u00e4\u00e4n kirjoittelemalla keksittyj\u00e4 tarinoita.<\/p>\n\n\n\n<p>Eri asia sitten on, kuinka saataisiin kirjailija, joka tulee taustasta, jossa ei lueta, ja joka kirjoittaisi ihmisille, jotka eiv\u00e4t lue. Tarvittaisiinko h\u00e4nt\u00e4 ja kuka h\u00e4nen kirjojaan lukisi?<\/p>\n\n\n\n<p>Eri asia on my\u00f6s se, onko reilua redusoida kirjallisuus aiheiden k\u00e4sittelyksi. Minusta kirjallisuus on paljon muutakin kuin runon, novellin tai romaanin aihe.<\/p>\n\n\n\n<p>Reunamerkinn\u00f6ist\u00e4 huolimatta Lep\u00e4n esiin nostama kysymys on aiheellinen. Sit\u00e4 siet\u00e4\u00e4 pohtia laajemmin, siit\u00e4 siet\u00e4\u00e4 v\u00e4itell\u00e4.<\/p>\n\n\n","protected":false},"excerpt":{"rendered":"<p>Useat suomalaiset kirjailijat ovat k\u00f6yhi\u00e4, mutta silti valtaosa kirjallisuudesta tuntuu k\u00e4sittelev\u00e4n keskiluokkaiseksi miellettyj\u00e4 kysymyksi\u00e4. Suunnilleen noin kuuluu Asta Lep\u00e4n Helsingin Sanomiin (24.7.2016) kirjoittaman esseen &#8221;Kamppailu syyllisyytt\u00e4 vastaan&#8221;<br \/>\np\u00e4\u00e4v\u00e4it&hellip;<\/p>\n","protected":false},"author":129,"featured_media":0,"comment_status":"open","ping_status":"open","sticky":false,"template":"","format":"standard","meta":{"_acf_changed":false,"asauth_required_access_level":3,"asauth_cansharepaid":"true","om_header_attributes":[],"footnotes":"","om_featured_image_focal_point":[],"om_primary_tag":0,"om_contributors":[],"om_co_authors":[],"beyondwords_generate_audio":"","beyondwords_project_id":"","beyondwords_content_id":"","beyondwords_preview_token":"","beyondwords_player_content":"","beyondwords_player_style":"","beyondwords_language_code":"","beyondwords_language_id":"","beyondwords_title_voice_id":"","beyondwords_body_voice_id":"","beyondwords_summary_voice_id":"","beyondwords_error_message":"","beyondwords_disabled":"","beyondwords_delete_content":"","beyondwords_podcast_id":"","beyondwords_hash":"","publish_post_to_speechkit":"","speechkit_hash":"","speechkit_generate_audio":"","speechkit_project_id":"","speechkit_podcast_id":"","speechkit_error_message":"","speechkit_disabled":"","speechkit_access_key":"","speechkit_error":"","speechkit_info":"","speechkit_response":"","speechkit_retries":"","speechkit_status":"","speechkit_updated_at":"","_speechkit_link":"","_speechkit_text":""},"categories":[1],"tags":[667,664,665,17,666],"class_list":["post-645","post","type-post","status-publish","format-standard","hentry","category-kirjailijan-paivakirja","tag-asta-leppa","tag-kirjailija","tag-kirjailijakunta","tag-lukeminen","tag-yhteiskuntaluokat"],"om_views":null,"acf":{"tuuma_off":false,"tuuma_kysymys":"","tuuma_vastaus":""},"asauth":{"required_access_level":1,"share_token":"","is_paid":false},"yoast_head":"<!-- This site is optimized with the Yoast SEO plugin v26.4 - https:\/\/yoast.com\/wordpress\/plugins\/seo\/ -->\n<title>Kirjailijat kuuluvat lukevaan luokkaan - Kirjailijan p\u00e4iv\u00e4kirja<\/title>\n<meta name=\"robots\" content=\"index, follow, max-snippet:-1, max-image-preview:large, max-video-preview:-1\" \/>\n<link rel=\"canonical\" href=\"https:\/\/suomenkuvalehti.fi\/kirjailijanpaivakirja\/kirjailijat-kuuluvat-lukevaan-luokkaan\/\" \/>\n<meta property=\"og:locale\" content=\"fi_FI\" \/>\n<meta property=\"og:type\" content=\"article\" \/>\n<meta property=\"og:title\" content=\"Kirjailijat kuuluvat lukevaan luokkaan - Kirjailijan p\u00e4iv\u00e4kirja\" \/>\n<meta property=\"og:description\" content=\"Useat suomalaiset kirjailijat ovat k\u00f6yhi\u00e4, mutta silti valtaosa kirjallisuudesta tuntuu k\u00e4sittelev\u00e4n keskiluokkaiseksi miellettyj\u00e4 kysymyksi\u00e4. Suunnilleen noin kuuluu Asta Lep\u00e4n Helsingin Sanomiin (24.7.2016) kirjoittaman esseen &#8221;Kamppailu syyllisyytt\u00e4 vastaan&#8221; p\u00e4\u00e4v\u00e4it&hellip;\" \/>\n<meta property=\"og:url\" content=\"https:\/\/suomenkuvalehti.fi\/kirjailijanpaivakirja\/kirjailijat-kuuluvat-lukevaan-luokkaan\/\" \/>\n<meta property=\"og:site_name\" content=\"Kirjailijan p\u00e4iv\u00e4kirja\" \/>\n<meta property=\"article:published_time\" content=\"2016-07-24T08:13:55+00:00\" \/>\n<meta property=\"article:modified_time\" content=\"2016-07-24T13:17:45+00:00\" \/>\n<meta property=\"og:image\" content=\"https:\/\/suomenkuvalehti.fi\/kirjailijanpaivakirja\/wp-content\/uploads\/sites\/21\/2022\/04\/hamalainen_karo06-1-scaled.jpg\" \/>\n\t<meta property=\"og:image:width\" content=\"2560\" \/>\n\t<meta property=\"og:image:height\" content=\"1706\" \/>\n\t<meta property=\"og:image:type\" content=\"image\/jpeg\" \/>\n<meta name=\"author\" content=\"Karo H\u00e4m\u00e4l\u00e4inen\" \/>\n<meta name=\"twitter:card\" content=\"summary_large_image\" \/>\n<meta name=\"twitter:label1\" content=\"Written by\" \/>\n\t<meta name=\"twitter:data1\" content=\"Karo H\u00e4m\u00e4l\u00e4inen\" \/>\n\t<meta name=\"twitter:label2\" content=\"Est. reading time\" \/>\n\t<meta name=\"twitter:data2\" content=\"2 minuuttia\" \/>\n<script type=\"application\/ld+json\" class=\"yoast-schema-graph\">{\"@context\":\"https:\/\/schema.org\",\"@graph\":[{\"@type\":\"WebPage\",\"@id\":\"https:\/\/suomenkuvalehti.fi\/kirjailijanpaivakirja\/kirjailijat-kuuluvat-lukevaan-luokkaan\/\",\"url\":\"https:\/\/suomenkuvalehti.fi\/kirjailijanpaivakirja\/kirjailijat-kuuluvat-lukevaan-luokkaan\/\",\"name\":\"Kirjailijat kuuluvat lukevaan luokkaan - Kirjailijan p\u00e4iv\u00e4kirja\",\"isPartOf\":{\"@id\":\"https:\/\/suomenkuvalehti.fi\/kirjailijanpaivakirja\/#website\"},\"datePublished\":\"2016-07-24T08:13:55+00:00\",\"dateModified\":\"2016-07-24T13:17:45+00:00\",\"author\":{\"@id\":\"https:\/\/suomenkuvalehti.fi\/kirjailijanpaivakirja\/#\/schema\/person\/ca2dfd9d508d8c675e07b3c099fc789b\"},\"breadcrumb\":{\"@id\":\"https:\/\/suomenkuvalehti.fi\/kirjailijanpaivakirja\/kirjailijat-kuuluvat-lukevaan-luokkaan\/#breadcrumb\"},\"inLanguage\":\"fi\",\"potentialAction\":[{\"@type\":\"ReadAction\",\"target\":[\"https:\/\/suomenkuvalehti.fi\/kirjailijanpaivakirja\/kirjailijat-kuuluvat-lukevaan-luokkaan\/\"]}]},{\"@type\":\"BreadcrumbList\",\"@id\":\"https:\/\/suomenkuvalehti.fi\/kirjailijanpaivakirja\/kirjailijat-kuuluvat-lukevaan-luokkaan\/#breadcrumb\",\"itemListElement\":[{\"@type\":\"ListItem\",\"position\":1,\"name\":\"Home\",\"item\":\"https:\/\/suomenkuvalehti.fi\/kirjailijanpaivakirja\/\"},{\"@type\":\"ListItem\",\"position\":2,\"name\":\"Kirjailijat kuuluvat lukevaan luokkaan\"}]},{\"@type\":\"WebSite\",\"@id\":\"https:\/\/suomenkuvalehti.fi\/kirjailijanpaivakirja\/#website\",\"url\":\"https:\/\/suomenkuvalehti.fi\/kirjailijanpaivakirja\/\",\"name\":\"Kirjailijan p\u00e4iv\u00e4kirja\",\"description\":\"Proosakirjailijan arkea ja kirjallisuuden ajankohtaisia aiheita.\",\"potentialAction\":[{\"@type\":\"SearchAction\",\"target\":{\"@type\":\"EntryPoint\",\"urlTemplate\":\"https:\/\/suomenkuvalehti.fi\/haku\/?q={search_term_string}\"},\"query-input\":{\"@type\":\"PropertyValueSpecification\",\"valueRequired\":true,\"valueName\":\"search_term_string\"}}],\"inLanguage\":\"fi\"},{\"@type\":\"Person\",\"@id\":\"https:\/\/suomenkuvalehti.fi\/kirjailijanpaivakirja\/#\/schema\/person\/ca2dfd9d508d8c675e07b3c099fc789b\",\"name\":\"Karo H\u00e4m\u00e4l\u00e4inen\",\"image\":{\"@type\":\"ImageObject\",\"inLanguage\":\"fi\",\"@id\":\"https:\/\/suomenkuvalehti.fi\/kirjailijanpaivakirja\/#\/schema\/person\/image\/\",\"url\":\"https:\/\/suomenkuvalehti.fi\/kirjailijanpaivakirja\/wp-content\/uploads\/sites\/21\/2022\/04\/hamalainen_karo06-1-150x150.jpg\",\"contentUrl\":\"https:\/\/suomenkuvalehti.fi\/kirjailijanpaivakirja\/wp-content\/uploads\/sites\/21\/2022\/04\/hamalainen_karo06-1-150x150.jpg\",\"caption\":\"Karo H\u00e4m\u00e4l\u00e4inen\"},\"description\":\"Karo H\u00e4m\u00e4l\u00e4inen on kirjailija ja talouteen erikoistunut vapaa toimittaja.\"}]}<\/script>\n<!-- \/ Yoast SEO plugin. -->","yoast_head_json":{"title":"Kirjailijat kuuluvat lukevaan luokkaan - Kirjailijan p\u00e4iv\u00e4kirja","robots":{"index":"index","follow":"follow","max-snippet":"max-snippet:-1","max-image-preview":"max-image-preview:large","max-video-preview":"max-video-preview:-1"},"canonical":"https:\/\/suomenkuvalehti.fi\/kirjailijanpaivakirja\/kirjailijat-kuuluvat-lukevaan-luokkaan\/","og_locale":"fi_FI","og_type":"article","og_title":"Kirjailijat kuuluvat lukevaan luokkaan - Kirjailijan p\u00e4iv\u00e4kirja","og_description":"Useat suomalaiset kirjailijat ovat k\u00f6yhi\u00e4, mutta silti valtaosa kirjallisuudesta tuntuu k\u00e4sittelev\u00e4n keskiluokkaiseksi miellettyj\u00e4 kysymyksi\u00e4. Suunnilleen noin kuuluu Asta Lep\u00e4n Helsingin Sanomiin (24.7.2016) kirjoittaman esseen &#8221;Kamppailu syyllisyytt\u00e4 vastaan&#8221; p\u00e4\u00e4v\u00e4it&hellip;","og_url":"https:\/\/suomenkuvalehti.fi\/kirjailijanpaivakirja\/kirjailijat-kuuluvat-lukevaan-luokkaan\/","og_site_name":"Kirjailijan p\u00e4iv\u00e4kirja","article_published_time":"2016-07-24T08:13:55+00:00","article_modified_time":"2016-07-24T13:17:45+00:00","og_image":[{"width":2560,"height":1706,"url":"https:\/\/suomenkuvalehti.fi\/kirjailijanpaivakirja\/wp-content\/uploads\/sites\/21\/2022\/04\/hamalainen_karo06-1-scaled.jpg","type":"image\/jpeg"}],"author":"Karo H\u00e4m\u00e4l\u00e4inen","twitter_card":"summary_large_image","twitter_misc":{"Written by":"Karo H\u00e4m\u00e4l\u00e4inen","Est. reading time":"2 minuuttia"},"schema":{"@context":"https:\/\/schema.org","@graph":[{"@type":"WebPage","@id":"https:\/\/suomenkuvalehti.fi\/kirjailijanpaivakirja\/kirjailijat-kuuluvat-lukevaan-luokkaan\/","url":"https:\/\/suomenkuvalehti.fi\/kirjailijanpaivakirja\/kirjailijat-kuuluvat-lukevaan-luokkaan\/","name":"Kirjailijat kuuluvat lukevaan luokkaan - Kirjailijan p\u00e4iv\u00e4kirja","isPartOf":{"@id":"https:\/\/suomenkuvalehti.fi\/kirjailijanpaivakirja\/#website"},"datePublished":"2016-07-24T08:13:55+00:00","dateModified":"2016-07-24T13:17:45+00:00","author":{"@id":"https:\/\/suomenkuvalehti.fi\/kirjailijanpaivakirja\/#\/schema\/person\/ca2dfd9d508d8c675e07b3c099fc789b"},"breadcrumb":{"@id":"https:\/\/suomenkuvalehti.fi\/kirjailijanpaivakirja\/kirjailijat-kuuluvat-lukevaan-luokkaan\/#breadcrumb"},"inLanguage":"fi","potentialAction":[{"@type":"ReadAction","target":["https:\/\/suomenkuvalehti.fi\/kirjailijanpaivakirja\/kirjailijat-kuuluvat-lukevaan-luokkaan\/"]}]},{"@type":"BreadcrumbList","@id":"https:\/\/suomenkuvalehti.fi\/kirjailijanpaivakirja\/kirjailijat-kuuluvat-lukevaan-luokkaan\/#breadcrumb","itemListElement":[{"@type":"ListItem","position":1,"name":"Home","item":"https:\/\/suomenkuvalehti.fi\/kirjailijanpaivakirja\/"},{"@type":"ListItem","position":2,"name":"Kirjailijat kuuluvat lukevaan luokkaan"}]},{"@type":"WebSite","@id":"https:\/\/suomenkuvalehti.fi\/kirjailijanpaivakirja\/#website","url":"https:\/\/suomenkuvalehti.fi\/kirjailijanpaivakirja\/","name":"Kirjailijan p\u00e4iv\u00e4kirja","description":"Proosakirjailijan arkea ja kirjallisuuden ajankohtaisia aiheita.","potentialAction":[{"@type":"SearchAction","target":{"@type":"EntryPoint","urlTemplate":"https:\/\/suomenkuvalehti.fi\/haku\/?q={search_term_string}"},"query-input":{"@type":"PropertyValueSpecification","valueRequired":true,"valueName":"search_term_string"}}],"inLanguage":"fi"},{"@type":"Person","@id":"https:\/\/suomenkuvalehti.fi\/kirjailijanpaivakirja\/#\/schema\/person\/ca2dfd9d508d8c675e07b3c099fc789b","name":"Karo H\u00e4m\u00e4l\u00e4inen","image":{"@type":"ImageObject","inLanguage":"fi","@id":"https:\/\/suomenkuvalehti.fi\/kirjailijanpaivakirja\/#\/schema\/person\/image\/","url":"https:\/\/suomenkuvalehti.fi\/kirjailijanpaivakirja\/wp-content\/uploads\/sites\/21\/2022\/04\/hamalainen_karo06-1-150x150.jpg","contentUrl":"https:\/\/suomenkuvalehti.fi\/kirjailijanpaivakirja\/wp-content\/uploads\/sites\/21\/2022\/04\/hamalainen_karo06-1-150x150.jpg","caption":"Karo H\u00e4m\u00e4l\u00e4inen"},"description":"Karo H\u00e4m\u00e4l\u00e4inen on kirjailija ja talouteen erikoistunut vapaa toimittaja."}]}},"_links":{"self":[{"href":"https:\/\/suomenkuvalehti.fi\/kirjailijanpaivakirja\/wp-json\/wp\/v2\/posts\/645","targetHints":{"allow":["GET"]}}],"collection":[{"href":"https:\/\/suomenkuvalehti.fi\/kirjailijanpaivakirja\/wp-json\/wp\/v2\/posts"}],"about":[{"href":"https:\/\/suomenkuvalehti.fi\/kirjailijanpaivakirja\/wp-json\/wp\/v2\/types\/post"}],"author":[{"embeddable":true,"href":"https:\/\/suomenkuvalehti.fi\/kirjailijanpaivakirja\/wp-json\/wp\/v2\/users\/129"}],"replies":[{"embeddable":true,"href":"https:\/\/suomenkuvalehti.fi\/kirjailijanpaivakirja\/wp-json\/wp\/v2\/comments?post=645"}],"version-history":[{"count":2,"href":"https:\/\/suomenkuvalehti.fi\/kirjailijanpaivakirja\/wp-json\/wp\/v2\/posts\/645\/revisions"}],"predecessor-version":[{"id":647,"href":"https:\/\/suomenkuvalehti.fi\/kirjailijanpaivakirja\/wp-json\/wp\/v2\/posts\/645\/revisions\/647"}],"wp:attachment":[{"href":"https:\/\/suomenkuvalehti.fi\/kirjailijanpaivakirja\/wp-json\/wp\/v2\/media?parent=645"}],"wp:term":[{"taxonomy":"category","embeddable":true,"href":"https:\/\/suomenkuvalehti.fi\/kirjailijanpaivakirja\/wp-json\/wp\/v2\/categories?post=645"},{"taxonomy":"post_tag","embeddable":true,"href":"https:\/\/suomenkuvalehti.fi\/kirjailijanpaivakirja\/wp-json\/wp\/v2\/tags?post=645"}],"curies":[{"name":"wp","href":"https:\/\/api.w.org\/{rel}","templated":true}]}}