{"id":623,"date":"2016-06-19T11:11:24","date_gmt":"2016-06-19T08:11:24","guid":{"rendered":"https:\/\/suomenkuvalehti.fi\/kirjailijanpaivakirja\/?p=623"},"modified":"2016-06-19T11:12:34","modified_gmt":"2016-06-19T08:12:34","slug":"houellebecqin-paa","status":"publish","type":"post","link":"https:\/\/suomenkuvalehti.fi\/kirjailijanpaivakirja\/houellebecqin-paa\/","title":{"rendered":"Houellebecqin p\u00e4\u00e4"},"content":{"rendered":"\n<p>&#8221;Eurooppalaisen nykytaiteen biennaalin Manifesta pyrkii reflektoimaan kriittisesti Euroopan muuttuvaa kulttuurista dna:ta.&#8221;<\/p>\n\n\n\n<p>Yhdett\u00e4toista kertaa j\u00e4rjestett\u00e4v\u00e4 nykytaidekatselmus j\u00e4rjestet\u00e4\u00e4n joka kerta eri kaupungissa. T\u00e4n\u00e4 vuonna on Z\u00fcrichin vuoro is\u00e4nn\u00f6id\u00e4 n\u00e4yttelykokonaisuutta. Viime viikon lauantaina avatun <a href=\"http:\/\/m11.manifesta.org\/en\">Manifesta 11:n<\/a> otsikkona on &#8221;What People Do For Money?&#8221;<\/p>\n\n\n\n<p>Kuvataiteilijoilla samoin kuin n\u00e4yttelykokonaisuuden kuratoineella saksalaisella <strong>Christian Jankowskilla<\/strong> tuntuu olleen melkoisia vaikeuksia pysy\u00e4 aiheessa. Osassa teoksia vaatii melkoista taiteellista luovuutta keksi\u00e4, kuinka ne sivuavat Mit\u00e4 ihmiset tekev\u00e4t rahasta? -aihetta. Mukana on toki my\u00f6s unkarilaisen <strong>Kriszta Nagyn<\/strong> sanokaamme vaikkapa Hennes&amp;Mauritzin bikinimainosta mukaileva valokuva, jonka vieress\u00e4 lukee &#8221;I am a Contemporary Painter.&#8221;<\/p>\n\n\n\n<p>Rahasta voi vaikkapa antaa p\u00e4\u00e4ns\u00e4 kaiken kansan ihmetelt\u00e4v\u00e4ksi. Niin on tehnyt Manifestan vetonauloihin kuuluva ranskalaiskirjailija <strong>Michel Houellebecq<\/strong>. <a href=\"http:\/\/m11.manifesta.org\/en\/artist\/houellebecq-michel\">Houellebecq on osallistunut Manifestan osaprojektiin<\/a>, jossa ulkomainen nykytaiteilija tekee teoksen yhdess\u00e4 z\u00fcrichil\u00e4isen &#8221;is\u00e4nn\u00e4n&#8221; kanssa. Is\u00e4nn\u00e4kseen Houellebecq on valinnut z\u00fcrichil\u00e4isen Hirslanden-klinikan l\u00e4\u00e4ketieteellisen johtajan <strong>Henry Perschakin<\/strong>.<\/p>\n\n\n\n<p>Houellebecqille tehtiin klinikalla t\u00e4ydellinen terveydentilakartoitus. Manifesta 11:n satelliittin\u00e4yttelyss\u00e4 Hirslanden-klinikalla p\u00e4\u00e4see seuraamaan kirjailijan syd\u00e4menly\u00f6ntej\u00e4 ja verenkiertoa. Valitettavasti tuo n\u00e4yttelyn osa oli suljettu vierailup\u00e4iv\u00e4n\u00e4ni, joten jouduin tyytym\u00e4\u00e4n toisessa p\u00e4\u00e4asiallisessa n\u00e4yttelypaikassa aivan kaupungin keskustassa Helmhausissa esill\u00e4 oleviin kuviin Houellebecqin p\u00e4\u00e4st\u00e4.<\/p>\n\n\n<figure class=\"alignleft size-medium is-resized wp-block-image\">\n  <div class=\"wp-block-image__inner-container\">\n    <a href=\"https:\/\/suomenkuvalehti.fi\/kirjailijanpaivakirja\/wp-content\/uploads\/sites\/21\/2016\/06\/Houellebecq.jpg\"><img loading=\"lazy\" decoding=\"async\" src=\"https:\/\/suomenkuvalehti.fi\/kirjailijanpaivakirja\/wp-content\/uploads\/sites\/21\/2016\/06\/Houellebecq-169x300.jpg\" alt=\"Kirjailijan p\u00e4\u00e4\" class=\"wp-image-624\" width=\"169\" height=\"300\" style=\"--aspect-ratio: 0.56\" srcset=\"https:\/\/suomenkuvalehti.fi\/kirjailijanpaivakirja\/wp-content\/uploads\/sites\/21\/2016\/06\/Houellebecq-169x300.jpg 169w, https:\/\/suomenkuvalehti.fi\/kirjailijanpaivakirja\/wp-content\/uploads\/sites\/21\/2016\/06\/Houellebecq-300x533.jpg 300w, https:\/\/suomenkuvalehti.fi\/kirjailijanpaivakirja\/wp-content\/uploads\/sites\/21\/2016\/06\/Houellebecq.jpg 324w\" sizes=\"auto, (max-width: 169px) 100vw, 169px\" \/><\/a>    <figcaption class=\"wp-block-image__figcaption\">\n      Valokuva n\u00e4yttelyss\u00e4 esill\u00e4 olevasta Michel Houellebecqin teoksesta.      <span class='wp-block-image__copyright'>&copy; Valokuva: Karo H\u00e4m\u00e4l\u00e4inen<\/span>    <\/figcaption>\n      <\/div>\n<\/figure>\n\n\n<p>Melkoinen selfie, taiteilijan omakuva 58. ik\u00e4vuodelta.<\/p>\n\n\n\n<p>Totta kai Houellebecqin teos osallistuu keskusteluun taiteilijan persoonan merkityksest\u00e4 samoin \u2013 joskin mielest\u00e4ni oivaltavammin \u2013 kuin Nagyn bikinimallikuva. Silti en voi olla hykertelem\u00e4tt\u00e4 ajatukselle siit\u00e4, ett\u00e4 saadessaan kutsun osallistua n\u00e4yttelyyn, joka &#8221;pyrkii reflektoimaan kriittisesti Euroopan muuttuvaa kulttuurista dna:ta&#8221;, Houellebecq on ajatellut, ett\u00e4 otetaanpa sitten paitsi dna-n\u00e4ytteet my\u00f6s kaikki muu mahdollinen mahdollisimman kalliilla klinikalla, pannan n\u00e4ytteille ja k\u00e4\u00e4r\u00e4ist\u00e4\u00e4n viel\u00e4 rahat.<\/p>\n\n\n\n<p>Sellaista ihmiset tekev\u00e4t rahasta.<\/p>\n\n\n","protected":false},"excerpt":{"rendered":"<p>&#8221;Eurooppalaisen nykytaiteen biennaalin Manifesta pyrkii reflektoimaan kriittisesti Euroopan muuttuvaa kulttuurista dna:ta.&#8221; Yhdett\u00e4toista kertaa j\u00e4rjestett\u00e4v\u00e4 nykytaidekatselmus j\u00e4rjestet\u00e4\u00e4n joka kerta eri kaupungissa. T\u00e4n\u00e4 vuonna on Z\u00fcrichin vuoro is\u00e4nn\u00f6id\u00e4 n\u00e4yttelykokonaisuutta. Viime<br \/>\nviikon lauant&hellip;<\/p>\n","protected":false},"author":129,"featured_media":0,"comment_status":"open","ping_status":"open","sticky":false,"template":"","format":"standard","meta":{"_acf_changed":false,"asauth_required_access_level":3,"asauth_cansharepaid":"true","om_header_attributes":[],"footnotes":"","om_featured_image_focal_point":[],"om_primary_tag":0,"om_contributors":[],"om_co_authors":[],"beyondwords_generate_audio":"","beyondwords_project_id":"","beyondwords_content_id":"","beyondwords_preview_token":"","beyondwords_player_content":"","beyondwords_player_style":"","beyondwords_language_code":"","beyondwords_language_id":"","beyondwords_title_voice_id":"","beyondwords_body_voice_id":"","beyondwords_summary_voice_id":"","beyondwords_error_message":"","beyondwords_disabled":"","beyondwords_delete_content":"","beyondwords_podcast_id":"","beyondwords_hash":"","publish_post_to_speechkit":"","speechkit_hash":"","speechkit_generate_audio":"","speechkit_project_id":"","speechkit_podcast_id":"","speechkit_error_message":"","speechkit_disabled":"","speechkit_access_key":"","speechkit_error":"","speechkit_info":"","speechkit_response":"","speechkit_retries":"","speechkit_status":"","speechkit_updated_at":"","_speechkit_link":"","_speechkit_text":""},"categories":[1],"tags":[645,644,647,646,642],"class_list":["post-623","post","type-post","status-publish","format-standard","hentry","category-kirjailijan-paivakirja","tag-manifesta","tag-michel-houellebecq","tag-nykytaide","tag-what-people-do-for-money","tag-zurich"],"om_views":null,"acf":{"tuuma_off":false,"tuuma_kysymys":"","tuuma_vastaus":""},"asauth":{"required_access_level":1,"share_token":"","is_paid":false},"yoast_head":"<!-- This site is optimized with the Yoast SEO plugin v26.4 - https:\/\/yoast.com\/wordpress\/plugins\/seo\/ -->\n<title>Houellebecqin p\u00e4\u00e4 - Kirjailijan p\u00e4iv\u00e4kirja<\/title>\n<meta name=\"robots\" content=\"index, follow, max-snippet:-1, max-image-preview:large, max-video-preview:-1\" \/>\n<link rel=\"canonical\" href=\"https:\/\/suomenkuvalehti.fi\/kirjailijanpaivakirja\/houellebecqin-paa\/\" \/>\n<meta property=\"og:locale\" content=\"fi_FI\" \/>\n<meta property=\"og:type\" content=\"article\" \/>\n<meta property=\"og:title\" content=\"Houellebecqin p\u00e4\u00e4 - Kirjailijan p\u00e4iv\u00e4kirja\" \/>\n<meta property=\"og:description\" content=\"&#8221;Eurooppalaisen nykytaiteen biennaalin Manifesta pyrkii reflektoimaan kriittisesti Euroopan muuttuvaa kulttuurista dna:ta.&#8221; Yhdett\u00e4toista kertaa j\u00e4rjestett\u00e4v\u00e4 nykytaidekatselmus j\u00e4rjestet\u00e4\u00e4n joka kerta eri kaupungissa. T\u00e4n\u00e4 vuonna on Z\u00fcrichin vuoro is\u00e4nn\u00f6id\u00e4 n\u00e4yttelykokonaisuutta. Viime viikon lauant&hellip;\" \/>\n<meta property=\"og:url\" content=\"https:\/\/suomenkuvalehti.fi\/kirjailijanpaivakirja\/houellebecqin-paa\/\" \/>\n<meta property=\"og:site_name\" content=\"Kirjailijan p\u00e4iv\u00e4kirja\" \/>\n<meta property=\"article:published_time\" content=\"2016-06-19T08:11:24+00:00\" \/>\n<meta property=\"article:modified_time\" content=\"2016-06-19T08:12:34+00:00\" \/>\n<meta property=\"og:image\" content=\"https:\/\/suomenkuvalehti.fi\/kirjailijanpaivakirja\/wp-content\/uploads\/sites\/21\/2016\/06\/Houellebecq-169x300.jpg\" \/>\n<meta name=\"author\" content=\"Karo H\u00e4m\u00e4l\u00e4inen\" \/>\n<meta name=\"twitter:card\" content=\"summary_large_image\" \/>\n<meta name=\"twitter:label1\" content=\"Written by\" \/>\n\t<meta name=\"twitter:data1\" content=\"Karo H\u00e4m\u00e4l\u00e4inen\" \/>\n\t<meta name=\"twitter:label2\" content=\"Est. reading time\" \/>\n\t<meta name=\"twitter:data2\" content=\"1 minuutti\" \/>\n<script type=\"application\/ld+json\" class=\"yoast-schema-graph\">{\"@context\":\"https:\/\/schema.org\",\"@graph\":[{\"@type\":\"WebPage\",\"@id\":\"https:\/\/suomenkuvalehti.fi\/kirjailijanpaivakirja\/houellebecqin-paa\/\",\"url\":\"https:\/\/suomenkuvalehti.fi\/kirjailijanpaivakirja\/houellebecqin-paa\/\",\"name\":\"Houellebecqin p\u00e4\u00e4 - Kirjailijan p\u00e4iv\u00e4kirja\",\"isPartOf\":{\"@id\":\"https:\/\/suomenkuvalehti.fi\/kirjailijanpaivakirja\/#website\"},\"primaryImageOfPage\":{\"@id\":\"https:\/\/suomenkuvalehti.fi\/kirjailijanpaivakirja\/houellebecqin-paa\/#primaryimage\"},\"image\":{\"@id\":\"https:\/\/suomenkuvalehti.fi\/kirjailijanpaivakirja\/houellebecqin-paa\/#primaryimage\"},\"thumbnailUrl\":\"https:\/\/suomenkuvalehti.fi\/kirjailijanpaivakirja\/wp-content\/uploads\/sites\/21\/2016\/06\/Houellebecq-169x300.jpg\",\"datePublished\":\"2016-06-19T08:11:24+00:00\",\"dateModified\":\"2016-06-19T08:12:34+00:00\",\"author\":{\"@id\":\"https:\/\/suomenkuvalehti.fi\/kirjailijanpaivakirja\/#\/schema\/person\/ca2dfd9d508d8c675e07b3c099fc789b\"},\"breadcrumb\":{\"@id\":\"https:\/\/suomenkuvalehti.fi\/kirjailijanpaivakirja\/houellebecqin-paa\/#breadcrumb\"},\"inLanguage\":\"fi\",\"potentialAction\":[{\"@type\":\"ReadAction\",\"target\":[\"https:\/\/suomenkuvalehti.fi\/kirjailijanpaivakirja\/houellebecqin-paa\/\"]}]},{\"@type\":\"ImageObject\",\"inLanguage\":\"fi\",\"@id\":\"https:\/\/suomenkuvalehti.fi\/kirjailijanpaivakirja\/houellebecqin-paa\/#primaryimage\",\"url\":\"https:\/\/suomenkuvalehti.fi\/kirjailijanpaivakirja\/wp-content\/uploads\/sites\/21\/2016\/06\/Houellebecq.jpg\",\"contentUrl\":\"https:\/\/suomenkuvalehti.fi\/kirjailijanpaivakirja\/wp-content\/uploads\/sites\/21\/2016\/06\/Houellebecq.jpg\",\"width\":324,\"height\":576},{\"@type\":\"BreadcrumbList\",\"@id\":\"https:\/\/suomenkuvalehti.fi\/kirjailijanpaivakirja\/houellebecqin-paa\/#breadcrumb\",\"itemListElement\":[{\"@type\":\"ListItem\",\"position\":1,\"name\":\"Home\",\"item\":\"https:\/\/suomenkuvalehti.fi\/kirjailijanpaivakirja\/\"},{\"@type\":\"ListItem\",\"position\":2,\"name\":\"Houellebecqin p\u00e4\u00e4\"}]},{\"@type\":\"WebSite\",\"@id\":\"https:\/\/suomenkuvalehti.fi\/kirjailijanpaivakirja\/#website\",\"url\":\"https:\/\/suomenkuvalehti.fi\/kirjailijanpaivakirja\/\",\"name\":\"Kirjailijan p\u00e4iv\u00e4kirja\",\"description\":\"Proosakirjailijan arkea ja kirjallisuuden ajankohtaisia aiheita.\",\"potentialAction\":[{\"@type\":\"SearchAction\",\"target\":{\"@type\":\"EntryPoint\",\"urlTemplate\":\"https:\/\/suomenkuvalehti.fi\/haku\/?q={search_term_string}\"},\"query-input\":{\"@type\":\"PropertyValueSpecification\",\"valueRequired\":true,\"valueName\":\"search_term_string\"}}],\"inLanguage\":\"fi\"},{\"@type\":\"Person\",\"@id\":\"https:\/\/suomenkuvalehti.fi\/kirjailijanpaivakirja\/#\/schema\/person\/ca2dfd9d508d8c675e07b3c099fc789b\",\"name\":\"Karo H\u00e4m\u00e4l\u00e4inen\",\"image\":{\"@type\":\"ImageObject\",\"inLanguage\":\"fi\",\"@id\":\"https:\/\/suomenkuvalehti.fi\/kirjailijanpaivakirja\/#\/schema\/person\/image\/\",\"url\":\"https:\/\/suomenkuvalehti.fi\/kirjailijanpaivakirja\/wp-content\/uploads\/sites\/21\/2022\/04\/hamalainen_karo06-1-150x150.jpg\",\"contentUrl\":\"https:\/\/suomenkuvalehti.fi\/kirjailijanpaivakirja\/wp-content\/uploads\/sites\/21\/2022\/04\/hamalainen_karo06-1-150x150.jpg\",\"caption\":\"Karo H\u00e4m\u00e4l\u00e4inen\"},\"description\":\"Karo H\u00e4m\u00e4l\u00e4inen on kirjailija ja talouteen erikoistunut vapaa toimittaja.\"}]}<\/script>\n<!-- \/ Yoast SEO plugin. -->","yoast_head_json":{"title":"Houellebecqin p\u00e4\u00e4 - Kirjailijan p\u00e4iv\u00e4kirja","robots":{"index":"index","follow":"follow","max-snippet":"max-snippet:-1","max-image-preview":"max-image-preview:large","max-video-preview":"max-video-preview:-1"},"canonical":"https:\/\/suomenkuvalehti.fi\/kirjailijanpaivakirja\/houellebecqin-paa\/","og_locale":"fi_FI","og_type":"article","og_title":"Houellebecqin p\u00e4\u00e4 - Kirjailijan p\u00e4iv\u00e4kirja","og_description":"&#8221;Eurooppalaisen nykytaiteen biennaalin Manifesta pyrkii reflektoimaan kriittisesti Euroopan muuttuvaa kulttuurista dna:ta.&#8221; Yhdett\u00e4toista kertaa j\u00e4rjestett\u00e4v\u00e4 nykytaidekatselmus j\u00e4rjestet\u00e4\u00e4n joka kerta eri kaupungissa. T\u00e4n\u00e4 vuonna on Z\u00fcrichin vuoro is\u00e4nn\u00f6id\u00e4 n\u00e4yttelykokonaisuutta. Viime viikon lauant&hellip;","og_url":"https:\/\/suomenkuvalehti.fi\/kirjailijanpaivakirja\/houellebecqin-paa\/","og_site_name":"Kirjailijan p\u00e4iv\u00e4kirja","article_published_time":"2016-06-19T08:11:24+00:00","article_modified_time":"2016-06-19T08:12:34+00:00","og_image":[{"url":"https:\/\/suomenkuvalehti.fi\/kirjailijanpaivakirja\/wp-content\/uploads\/sites\/21\/2016\/06\/Houellebecq-169x300.jpg","type":"","width":"","height":""}],"author":"Karo H\u00e4m\u00e4l\u00e4inen","twitter_card":"summary_large_image","twitter_misc":{"Written by":"Karo H\u00e4m\u00e4l\u00e4inen","Est. reading time":"1 minuutti"},"schema":{"@context":"https:\/\/schema.org","@graph":[{"@type":"WebPage","@id":"https:\/\/suomenkuvalehti.fi\/kirjailijanpaivakirja\/houellebecqin-paa\/","url":"https:\/\/suomenkuvalehti.fi\/kirjailijanpaivakirja\/houellebecqin-paa\/","name":"Houellebecqin p\u00e4\u00e4 - Kirjailijan p\u00e4iv\u00e4kirja","isPartOf":{"@id":"https:\/\/suomenkuvalehti.fi\/kirjailijanpaivakirja\/#website"},"primaryImageOfPage":{"@id":"https:\/\/suomenkuvalehti.fi\/kirjailijanpaivakirja\/houellebecqin-paa\/#primaryimage"},"image":{"@id":"https:\/\/suomenkuvalehti.fi\/kirjailijanpaivakirja\/houellebecqin-paa\/#primaryimage"},"thumbnailUrl":"https:\/\/suomenkuvalehti.fi\/kirjailijanpaivakirja\/wp-content\/uploads\/sites\/21\/2016\/06\/Houellebecq-169x300.jpg","datePublished":"2016-06-19T08:11:24+00:00","dateModified":"2016-06-19T08:12:34+00:00","author":{"@id":"https:\/\/suomenkuvalehti.fi\/kirjailijanpaivakirja\/#\/schema\/person\/ca2dfd9d508d8c675e07b3c099fc789b"},"breadcrumb":{"@id":"https:\/\/suomenkuvalehti.fi\/kirjailijanpaivakirja\/houellebecqin-paa\/#breadcrumb"},"inLanguage":"fi","potentialAction":[{"@type":"ReadAction","target":["https:\/\/suomenkuvalehti.fi\/kirjailijanpaivakirja\/houellebecqin-paa\/"]}]},{"@type":"ImageObject","inLanguage":"fi","@id":"https:\/\/suomenkuvalehti.fi\/kirjailijanpaivakirja\/houellebecqin-paa\/#primaryimage","url":"https:\/\/suomenkuvalehti.fi\/kirjailijanpaivakirja\/wp-content\/uploads\/sites\/21\/2016\/06\/Houellebecq.jpg","contentUrl":"https:\/\/suomenkuvalehti.fi\/kirjailijanpaivakirja\/wp-content\/uploads\/sites\/21\/2016\/06\/Houellebecq.jpg","width":324,"height":576},{"@type":"BreadcrumbList","@id":"https:\/\/suomenkuvalehti.fi\/kirjailijanpaivakirja\/houellebecqin-paa\/#breadcrumb","itemListElement":[{"@type":"ListItem","position":1,"name":"Home","item":"https:\/\/suomenkuvalehti.fi\/kirjailijanpaivakirja\/"},{"@type":"ListItem","position":2,"name":"Houellebecqin p\u00e4\u00e4"}]},{"@type":"WebSite","@id":"https:\/\/suomenkuvalehti.fi\/kirjailijanpaivakirja\/#website","url":"https:\/\/suomenkuvalehti.fi\/kirjailijanpaivakirja\/","name":"Kirjailijan p\u00e4iv\u00e4kirja","description":"Proosakirjailijan arkea ja kirjallisuuden ajankohtaisia aiheita.","potentialAction":[{"@type":"SearchAction","target":{"@type":"EntryPoint","urlTemplate":"https:\/\/suomenkuvalehti.fi\/haku\/?q={search_term_string}"},"query-input":{"@type":"PropertyValueSpecification","valueRequired":true,"valueName":"search_term_string"}}],"inLanguage":"fi"},{"@type":"Person","@id":"https:\/\/suomenkuvalehti.fi\/kirjailijanpaivakirja\/#\/schema\/person\/ca2dfd9d508d8c675e07b3c099fc789b","name":"Karo H\u00e4m\u00e4l\u00e4inen","image":{"@type":"ImageObject","inLanguage":"fi","@id":"https:\/\/suomenkuvalehti.fi\/kirjailijanpaivakirja\/#\/schema\/person\/image\/","url":"https:\/\/suomenkuvalehti.fi\/kirjailijanpaivakirja\/wp-content\/uploads\/sites\/21\/2022\/04\/hamalainen_karo06-1-150x150.jpg","contentUrl":"https:\/\/suomenkuvalehti.fi\/kirjailijanpaivakirja\/wp-content\/uploads\/sites\/21\/2022\/04\/hamalainen_karo06-1-150x150.jpg","caption":"Karo H\u00e4m\u00e4l\u00e4inen"},"description":"Karo H\u00e4m\u00e4l\u00e4inen on kirjailija ja talouteen erikoistunut vapaa toimittaja."}]}},"_links":{"self":[{"href":"https:\/\/suomenkuvalehti.fi\/kirjailijanpaivakirja\/wp-json\/wp\/v2\/posts\/623","targetHints":{"allow":["GET"]}}],"collection":[{"href":"https:\/\/suomenkuvalehti.fi\/kirjailijanpaivakirja\/wp-json\/wp\/v2\/posts"}],"about":[{"href":"https:\/\/suomenkuvalehti.fi\/kirjailijanpaivakirja\/wp-json\/wp\/v2\/types\/post"}],"author":[{"embeddable":true,"href":"https:\/\/suomenkuvalehti.fi\/kirjailijanpaivakirja\/wp-json\/wp\/v2\/users\/129"}],"replies":[{"embeddable":true,"href":"https:\/\/suomenkuvalehti.fi\/kirjailijanpaivakirja\/wp-json\/wp\/v2\/comments?post=623"}],"version-history":[{"count":3,"href":"https:\/\/suomenkuvalehti.fi\/kirjailijanpaivakirja\/wp-json\/wp\/v2\/posts\/623\/revisions"}],"predecessor-version":[{"id":627,"href":"https:\/\/suomenkuvalehti.fi\/kirjailijanpaivakirja\/wp-json\/wp\/v2\/posts\/623\/revisions\/627"}],"wp:attachment":[{"href":"https:\/\/suomenkuvalehti.fi\/kirjailijanpaivakirja\/wp-json\/wp\/v2\/media?parent=623"}],"wp:term":[{"taxonomy":"category","embeddable":true,"href":"https:\/\/suomenkuvalehti.fi\/kirjailijanpaivakirja\/wp-json\/wp\/v2\/categories?post=623"},{"taxonomy":"post_tag","embeddable":true,"href":"https:\/\/suomenkuvalehti.fi\/kirjailijanpaivakirja\/wp-json\/wp\/v2\/tags?post=623"}],"curies":[{"name":"wp","href":"https:\/\/api.w.org\/{rel}","templated":true}]}}