{"id":621,"date":"2016-06-18T14:00:02","date_gmt":"2016-06-18T11:00:02","guid":{"rendered":"https:\/\/suomenkuvalehti.fi\/kirjailijanpaivakirja\/?p=621"},"modified":"2016-06-18T14:00:02","modified_gmt":"2016-06-18T11:00:02","slug":"daada-daada","status":"publish","type":"post","link":"https:\/\/suomenkuvalehti.fi\/kirjailijanpaivakirja\/daada-daada\/","title":{"rendered":"Daada daada"},"content":{"rendered":"\n<p>Caf\u00e9 de la Terrasse on varakkaamman z\u00fcrichil\u00e4isen keskiluokan sunnuntaiaamun brunssipaikka. Muutama yksin\u00e4inen mies n\u00e4kyy tulleen lukemaan aamun lehdet espresson ja croissantin kera. Ovimies ohjaa asiakkaat p\u00f6ytiin, tarjoilijattaret kuljettavat asiakkaiden tilauksia. Laajoista ikkunoista avautuu tihkusateen l\u00e4pi n\u00e4kym\u00e4 kaupunkia halkovalle Limmat-joelle.<\/p>\n\n\n\n<p>Tunnelma on hyvin porvarillinen. Katukerroksen milj\u00f6\u00f6ss\u00e4 mik\u00e4\u00e4n ei viittaa siihen, ett\u00e4 juuri t\u00e4\u00e4ll\u00e4 <strong>Tristan Tzara<\/strong> antoi dada-taidesuuntaukselle nimen 8. helmikuuta 1916. Bulletin Dada No. 6 vuodelta 1920 kertoo kellonajankin: dada nimettiin iltakuudelta.<\/p>\n\n\n\n<p>Italialaishenkinen, perinteist\u00e4 kiinni pit\u00e4v\u00e4 Terrasse-kahvila tuntuisi edustavan juuri sveitsil\u00e4isyyteen stereotypioissa mielletty\u00e4 j\u00e4rkevyytt\u00e4, t\u00e4sm\u00e4llisyytt\u00e4 ja s\u00e4\u00e4nn\u00f6nmukaisuutta, joita vastaan dada kohotti manifestinsa. Hieman boheemimmalta vaikuttaa Limmatquain toisella puolella sijaitseva Caf\u00e9 Odeon, joka sekin kuului dadaistien kokoontumispaikkoihin.<\/p>\n\n\n\n<p>Sen sijaan dadan ydinpaikkana yleisesti pidetty, hieman kauempana jokirannasta sijaitseva Cabaret Voltaire on silkkaa turistinostalgiaa. Paikka on rakennettu uudelleen vuonna 2004 kadun toiselle puolelle alkuper\u00e4iseen sijaintiin n\u00e4hden. Cabaret Voltairen kivijalan kirjakaupassa on esill\u00e4 laaja valikoima s\u00e4ntillisiin pinoihin j\u00e4rjestetty\u00e4 dadakirjallisuutta. <strong>Hugo Ball<\/strong> ja Tzara voisivat j\u00e4rkytty\u00e4 \u2013&nbsp;tai vieh\u00e4tty\u00e4.<\/p>\n\n\n\n<p>Z\u00fcrich juhlii dadaismin satavuotissyntt\u00e4reit\u00e4 laajasti. Kaupungin taidemuseossa on parhaillaan esill\u00e4 <strong>Francis Picabian<\/strong> tuotantoa esittelev\u00e4 n\u00e4yttely. Picabia enn\u00e4tti urallaan kokeilla monia tyylej\u00e4. Dadakaudellaan Picabia julkaisi espanjankielist\u00e4 391-kirjallisuuslehte\u00e4 ja hengaili dadahahmojen kanssa niin Z\u00fcrichiss\u00e4 (mm. Tsara), New Yorkissa (mm. <strong>Marcel Duchamp<\/strong>) kuin Pariisissa (mm. <strong>Andr\u00e9 Breton<\/strong>).<\/p>\n\n\n\n<p>Dada leimusi taiteessa vain v\u00e4h\u00e4n aikaa. Monet dadaistit, Picabia heid\u00e4n mukanaan, liukuivat surrealismiin. Ne muodostavatkin luontevan jatkumon. Jolleiv\u00e4t avantgardistit olisi olleet niin innokkaita manifestien laatijoita, olisi vaikea vet\u00e4\u00e4 rajaa avantgardeliikkeiden v\u00e4lille.<\/p>\n\n\n\n<p>Z\u00fcrichin kaupunki on painanut dadan satavuotisjuhlien kunniaksi kartan, johon on s\u00e4ntillisesti merkitty 163 dadaliikkeen kannalta merkitt\u00e4v\u00e4\u00e4 tai v\u00e4hemm\u00e4n merkitt\u00e4v\u00e4\u00e4 paikkaa vuosilta 1916\u20131919. Esimerkiksi esseisti <strong>Walter Serner<\/strong> n\u00e4kyy asuneen nelj\u00e4n vuoden aikana viidess\u00e4toista osoitteessa.<\/p>\n\n\n\n<p>Paikkoja voi halutessaan pyhiinvaellussuunnistaa vaikkapa ilmaiseksi lainaan saatavalla kaupunkipy\u00f6r\u00e4ll\u00e4.&nbsp;Dada hankkeeksi.<\/p>\n\n\n\n<p>Viel\u00e4 enn\u00e4tt\u00e4\u00e4 hyvin, sill\u00e4 vaikkapa Wikipedia mainitsee dadan syntyhetkeksi 6. lokakuuta 1916, kellonaikaa kuitenkaan mainitsematta. Vaikka ajoitus on t\u00e4sm\u00e4llinen, se on ep\u00e4varma.<\/p>\n\n\n","protected":false},"excerpt":{"rendered":"<p>Caf\u00e9 de la Terrasse on varakkaamman z\u00fcrichil\u00e4isen keskiluokan sunnuntaiaamun brunssipaikka. Muutama yksin\u00e4inen mies n\u00e4kyy tulleen lukemaan aamun lehdet espresson ja croissantin kera. Ovimies ohjaa asiakkaat p\u00f6ytiin, tarjoilijattaret kuljettavat asiakkaiden tilauksia. Laajoista ikkunoista avautuu tihkusateen<br \/>\nl\u00e4pi &hellip;<\/p>\n","protected":false},"author":129,"featured_media":0,"comment_status":"open","ping_status":"open","sticky":false,"template":"","format":"standard","meta":{"_acf_changed":false,"asauth_required_access_level":3,"asauth_cansharepaid":"true","om_header_attributes":[],"footnotes":"","om_featured_image_focal_point":[],"om_primary_tag":0,"om_contributors":[],"om_co_authors":[],"beyondwords_generate_audio":"","beyondwords_project_id":"","beyondwords_content_id":"","beyondwords_preview_token":"","beyondwords_player_content":"","beyondwords_player_style":"","beyondwords_language_code":"","beyondwords_language_id":"","beyondwords_title_voice_id":"","beyondwords_body_voice_id":"","beyondwords_summary_voice_id":"","beyondwords_error_message":"","beyondwords_disabled":"","beyondwords_delete_content":"","beyondwords_podcast_id":"","beyondwords_hash":"","publish_post_to_speechkit":"","speechkit_hash":"","speechkit_generate_audio":"","speechkit_project_id":"","speechkit_podcast_id":"","speechkit_error_message":"","speechkit_disabled":"","speechkit_access_key":"","speechkit_error":"","speechkit_info":"","speechkit_response":"","speechkit_retries":"","speechkit_status":"","speechkit_updated_at":"","_speechkit_link":"","_speechkit_text":""},"categories":[1],"tags":[640,641,643,642],"class_list":["post-621","post","type-post","status-publish","format-standard","hentry","category-kirjailijan-paivakirja","tag-dada","tag-dadaismi","tag-francis-picabia","tag-zurich"],"om_views":null,"acf":{"tuuma_off":false,"tuuma_kysymys":"","tuuma_vastaus":""},"asauth":{"required_access_level":1,"share_token":"","is_paid":false},"yoast_head":"<!-- This site is optimized with the Yoast SEO plugin v26.4 - https:\/\/yoast.com\/wordpress\/plugins\/seo\/ -->\n<title>Daada daada - Kirjailijan p\u00e4iv\u00e4kirja<\/title>\n<meta name=\"robots\" content=\"index, follow, max-snippet:-1, max-image-preview:large, max-video-preview:-1\" \/>\n<link rel=\"canonical\" href=\"https:\/\/suomenkuvalehti.fi\/kirjailijanpaivakirja\/daada-daada\/\" \/>\n<meta property=\"og:locale\" content=\"fi_FI\" \/>\n<meta property=\"og:type\" content=\"article\" \/>\n<meta property=\"og:title\" content=\"Daada daada - Kirjailijan p\u00e4iv\u00e4kirja\" \/>\n<meta property=\"og:description\" content=\"Caf\u00e9 de la Terrasse on varakkaamman z\u00fcrichil\u00e4isen keskiluokan sunnuntaiaamun brunssipaikka. Muutama yksin\u00e4inen mies n\u00e4kyy tulleen lukemaan aamun lehdet espresson ja croissantin kera. Ovimies ohjaa asiakkaat p\u00f6ytiin, tarjoilijattaret kuljettavat asiakkaiden tilauksia. Laajoista ikkunoista avautuu tihkusateen l\u00e4pi &hellip;\" \/>\n<meta property=\"og:url\" content=\"https:\/\/suomenkuvalehti.fi\/kirjailijanpaivakirja\/daada-daada\/\" \/>\n<meta property=\"og:site_name\" content=\"Kirjailijan p\u00e4iv\u00e4kirja\" \/>\n<meta property=\"article:published_time\" content=\"2016-06-18T11:00:02+00:00\" \/>\n<meta property=\"og:image\" content=\"https:\/\/suomenkuvalehti.fi\/kirjailijanpaivakirja\/wp-content\/uploads\/sites\/21\/2022\/04\/hamalainen_karo06-1-scaled.jpg\" \/>\n\t<meta property=\"og:image:width\" content=\"2560\" \/>\n\t<meta property=\"og:image:height\" content=\"1706\" \/>\n\t<meta property=\"og:image:type\" content=\"image\/jpeg\" \/>\n<meta name=\"author\" content=\"Karo H\u00e4m\u00e4l\u00e4inen\" \/>\n<meta name=\"twitter:card\" content=\"summary_large_image\" \/>\n<meta name=\"twitter:label1\" content=\"Written by\" \/>\n\t<meta name=\"twitter:data1\" content=\"Karo H\u00e4m\u00e4l\u00e4inen\" \/>\n\t<meta name=\"twitter:label2\" content=\"Est. reading time\" \/>\n\t<meta name=\"twitter:data2\" content=\"2 minuuttia\" \/>\n<script type=\"application\/ld+json\" class=\"yoast-schema-graph\">{\"@context\":\"https:\/\/schema.org\",\"@graph\":[{\"@type\":\"WebPage\",\"@id\":\"https:\/\/suomenkuvalehti.fi\/kirjailijanpaivakirja\/daada-daada\/\",\"url\":\"https:\/\/suomenkuvalehti.fi\/kirjailijanpaivakirja\/daada-daada\/\",\"name\":\"Daada daada - Kirjailijan p\u00e4iv\u00e4kirja\",\"isPartOf\":{\"@id\":\"https:\/\/suomenkuvalehti.fi\/kirjailijanpaivakirja\/#website\"},\"datePublished\":\"2016-06-18T11:00:02+00:00\",\"author\":{\"@id\":\"https:\/\/suomenkuvalehti.fi\/kirjailijanpaivakirja\/#\/schema\/person\/ca2dfd9d508d8c675e07b3c099fc789b\"},\"breadcrumb\":{\"@id\":\"https:\/\/suomenkuvalehti.fi\/kirjailijanpaivakirja\/daada-daada\/#breadcrumb\"},\"inLanguage\":\"fi\",\"potentialAction\":[{\"@type\":\"ReadAction\",\"target\":[\"https:\/\/suomenkuvalehti.fi\/kirjailijanpaivakirja\/daada-daada\/\"]}]},{\"@type\":\"BreadcrumbList\",\"@id\":\"https:\/\/suomenkuvalehti.fi\/kirjailijanpaivakirja\/daada-daada\/#breadcrumb\",\"itemListElement\":[{\"@type\":\"ListItem\",\"position\":1,\"name\":\"Home\",\"item\":\"https:\/\/suomenkuvalehti.fi\/kirjailijanpaivakirja\/\"},{\"@type\":\"ListItem\",\"position\":2,\"name\":\"Daada daada\"}]},{\"@type\":\"WebSite\",\"@id\":\"https:\/\/suomenkuvalehti.fi\/kirjailijanpaivakirja\/#website\",\"url\":\"https:\/\/suomenkuvalehti.fi\/kirjailijanpaivakirja\/\",\"name\":\"Kirjailijan p\u00e4iv\u00e4kirja\",\"description\":\"Proosakirjailijan arkea ja kirjallisuuden ajankohtaisia aiheita.\",\"potentialAction\":[{\"@type\":\"SearchAction\",\"target\":{\"@type\":\"EntryPoint\",\"urlTemplate\":\"https:\/\/suomenkuvalehti.fi\/haku\/?q={search_term_string}\"},\"query-input\":{\"@type\":\"PropertyValueSpecification\",\"valueRequired\":true,\"valueName\":\"search_term_string\"}}],\"inLanguage\":\"fi\"},{\"@type\":\"Person\",\"@id\":\"https:\/\/suomenkuvalehti.fi\/kirjailijanpaivakirja\/#\/schema\/person\/ca2dfd9d508d8c675e07b3c099fc789b\",\"name\":\"Karo H\u00e4m\u00e4l\u00e4inen\",\"image\":{\"@type\":\"ImageObject\",\"inLanguage\":\"fi\",\"@id\":\"https:\/\/suomenkuvalehti.fi\/kirjailijanpaivakirja\/#\/schema\/person\/image\/\",\"url\":\"https:\/\/suomenkuvalehti.fi\/kirjailijanpaivakirja\/wp-content\/uploads\/sites\/21\/2022\/04\/hamalainen_karo06-1-150x150.jpg\",\"contentUrl\":\"https:\/\/suomenkuvalehti.fi\/kirjailijanpaivakirja\/wp-content\/uploads\/sites\/21\/2022\/04\/hamalainen_karo06-1-150x150.jpg\",\"caption\":\"Karo H\u00e4m\u00e4l\u00e4inen\"},\"description\":\"Karo H\u00e4m\u00e4l\u00e4inen on kirjailija ja talouteen erikoistunut vapaa toimittaja.\"}]}<\/script>\n<!-- \/ Yoast SEO plugin. -->","yoast_head_json":{"title":"Daada daada - Kirjailijan p\u00e4iv\u00e4kirja","robots":{"index":"index","follow":"follow","max-snippet":"max-snippet:-1","max-image-preview":"max-image-preview:large","max-video-preview":"max-video-preview:-1"},"canonical":"https:\/\/suomenkuvalehti.fi\/kirjailijanpaivakirja\/daada-daada\/","og_locale":"fi_FI","og_type":"article","og_title":"Daada daada - Kirjailijan p\u00e4iv\u00e4kirja","og_description":"Caf\u00e9 de la Terrasse on varakkaamman z\u00fcrichil\u00e4isen keskiluokan sunnuntaiaamun brunssipaikka. Muutama yksin\u00e4inen mies n\u00e4kyy tulleen lukemaan aamun lehdet espresson ja croissantin kera. Ovimies ohjaa asiakkaat p\u00f6ytiin, tarjoilijattaret kuljettavat asiakkaiden tilauksia. Laajoista ikkunoista avautuu tihkusateen l\u00e4pi &hellip;","og_url":"https:\/\/suomenkuvalehti.fi\/kirjailijanpaivakirja\/daada-daada\/","og_site_name":"Kirjailijan p\u00e4iv\u00e4kirja","article_published_time":"2016-06-18T11:00:02+00:00","og_image":[{"width":2560,"height":1706,"url":"https:\/\/suomenkuvalehti.fi\/kirjailijanpaivakirja\/wp-content\/uploads\/sites\/21\/2022\/04\/hamalainen_karo06-1-scaled.jpg","type":"image\/jpeg"}],"author":"Karo H\u00e4m\u00e4l\u00e4inen","twitter_card":"summary_large_image","twitter_misc":{"Written by":"Karo H\u00e4m\u00e4l\u00e4inen","Est. reading time":"2 minuuttia"},"schema":{"@context":"https:\/\/schema.org","@graph":[{"@type":"WebPage","@id":"https:\/\/suomenkuvalehti.fi\/kirjailijanpaivakirja\/daada-daada\/","url":"https:\/\/suomenkuvalehti.fi\/kirjailijanpaivakirja\/daada-daada\/","name":"Daada daada - Kirjailijan p\u00e4iv\u00e4kirja","isPartOf":{"@id":"https:\/\/suomenkuvalehti.fi\/kirjailijanpaivakirja\/#website"},"datePublished":"2016-06-18T11:00:02+00:00","author":{"@id":"https:\/\/suomenkuvalehti.fi\/kirjailijanpaivakirja\/#\/schema\/person\/ca2dfd9d508d8c675e07b3c099fc789b"},"breadcrumb":{"@id":"https:\/\/suomenkuvalehti.fi\/kirjailijanpaivakirja\/daada-daada\/#breadcrumb"},"inLanguage":"fi","potentialAction":[{"@type":"ReadAction","target":["https:\/\/suomenkuvalehti.fi\/kirjailijanpaivakirja\/daada-daada\/"]}]},{"@type":"BreadcrumbList","@id":"https:\/\/suomenkuvalehti.fi\/kirjailijanpaivakirja\/daada-daada\/#breadcrumb","itemListElement":[{"@type":"ListItem","position":1,"name":"Home","item":"https:\/\/suomenkuvalehti.fi\/kirjailijanpaivakirja\/"},{"@type":"ListItem","position":2,"name":"Daada daada"}]},{"@type":"WebSite","@id":"https:\/\/suomenkuvalehti.fi\/kirjailijanpaivakirja\/#website","url":"https:\/\/suomenkuvalehti.fi\/kirjailijanpaivakirja\/","name":"Kirjailijan p\u00e4iv\u00e4kirja","description":"Proosakirjailijan arkea ja kirjallisuuden ajankohtaisia aiheita.","potentialAction":[{"@type":"SearchAction","target":{"@type":"EntryPoint","urlTemplate":"https:\/\/suomenkuvalehti.fi\/haku\/?q={search_term_string}"},"query-input":{"@type":"PropertyValueSpecification","valueRequired":true,"valueName":"search_term_string"}}],"inLanguage":"fi"},{"@type":"Person","@id":"https:\/\/suomenkuvalehti.fi\/kirjailijanpaivakirja\/#\/schema\/person\/ca2dfd9d508d8c675e07b3c099fc789b","name":"Karo H\u00e4m\u00e4l\u00e4inen","image":{"@type":"ImageObject","inLanguage":"fi","@id":"https:\/\/suomenkuvalehti.fi\/kirjailijanpaivakirja\/#\/schema\/person\/image\/","url":"https:\/\/suomenkuvalehti.fi\/kirjailijanpaivakirja\/wp-content\/uploads\/sites\/21\/2022\/04\/hamalainen_karo06-1-150x150.jpg","contentUrl":"https:\/\/suomenkuvalehti.fi\/kirjailijanpaivakirja\/wp-content\/uploads\/sites\/21\/2022\/04\/hamalainen_karo06-1-150x150.jpg","caption":"Karo H\u00e4m\u00e4l\u00e4inen"},"description":"Karo H\u00e4m\u00e4l\u00e4inen on kirjailija ja talouteen erikoistunut vapaa toimittaja."}]}},"_links":{"self":[{"href":"https:\/\/suomenkuvalehti.fi\/kirjailijanpaivakirja\/wp-json\/wp\/v2\/posts\/621","targetHints":{"allow":["GET"]}}],"collection":[{"href":"https:\/\/suomenkuvalehti.fi\/kirjailijanpaivakirja\/wp-json\/wp\/v2\/posts"}],"about":[{"href":"https:\/\/suomenkuvalehti.fi\/kirjailijanpaivakirja\/wp-json\/wp\/v2\/types\/post"}],"author":[{"embeddable":true,"href":"https:\/\/suomenkuvalehti.fi\/kirjailijanpaivakirja\/wp-json\/wp\/v2\/users\/129"}],"replies":[{"embeddable":true,"href":"https:\/\/suomenkuvalehti.fi\/kirjailijanpaivakirja\/wp-json\/wp\/v2\/comments?post=621"}],"version-history":[{"count":1,"href":"https:\/\/suomenkuvalehti.fi\/kirjailijanpaivakirja\/wp-json\/wp\/v2\/posts\/621\/revisions"}],"predecessor-version":[{"id":622,"href":"https:\/\/suomenkuvalehti.fi\/kirjailijanpaivakirja\/wp-json\/wp\/v2\/posts\/621\/revisions\/622"}],"wp:attachment":[{"href":"https:\/\/suomenkuvalehti.fi\/kirjailijanpaivakirja\/wp-json\/wp\/v2\/media?parent=621"}],"wp:term":[{"taxonomy":"category","embeddable":true,"href":"https:\/\/suomenkuvalehti.fi\/kirjailijanpaivakirja\/wp-json\/wp\/v2\/categories?post=621"},{"taxonomy":"post_tag","embeddable":true,"href":"https:\/\/suomenkuvalehti.fi\/kirjailijanpaivakirja\/wp-json\/wp\/v2\/tags?post=621"}],"curies":[{"name":"wp","href":"https:\/\/api.w.org\/{rel}","templated":true}]}}