{"id":572,"date":"2016-03-24T05:00:15","date_gmt":"2016-03-24T03:00:15","guid":{"rendered":"https:\/\/suomenkuvalehti.fi\/kirjailijanpaivakirja\/?p=572"},"modified":"2016-03-23T20:50:54","modified_gmt":"2016-03-23T18:50:54","slug":"teos-osti-tulenkantajat","status":"publish","type":"post","link":"https:\/\/suomenkuvalehti.fi\/kirjailijanpaivakirja\/teos-osti-tulenkantajat\/","title":{"rendered":"Teos osti Tulenkantajat"},"content":{"rendered":"\n<p>Teos-kustantamo on ostanut Tulenkantajat.<\/p>\n\n\n\n<p>Ei toki erityisesti 1920-luvulla voimissaan ollutta kirjallisuusliikett\u00e4 vaan Tulenkantajien kirjakaupan, joka sijaitsee Tampereella H\u00e4meenpuiston laidalla aivan p\u00e4\u00e4kirjasto Metsoa vastap\u00e4\u00e4t\u00e4.<\/p>\n\n\n\n<p>Tulenkantajien kirjakaupan perustivat kustantamo Sanasadon py\u00f6ritt\u00e4j\u00e4 <strong>Erkki Kiviniemi<\/strong>, kaupan vanhempi is\u00e4nt\u00e4, ja Savukeidas-kustantamon perustanut <strong>Ville Hyt\u00f6nen<\/strong>, kaupan nuorempi is\u00e4nt\u00e4. K\u00e4yt\u00e4nn\u00f6ss\u00e4 Sanasato ja Savukeidas py\u00f6rittiv\u00e4t ja rahoittivat kauppaa.<\/p>\n\n\n\n<p>Kun Hyt\u00f6nen muutti pari vuotta sitten Tallinnaan, kauppa j\u00e4i suurelta osin Kiviniemen vastuulle. Kiviniemi t\u00e4ytti viime vuonna 70 vuotta.<\/p>\n\n\n\n<p>Tulenkantajien kirjakauppa aloitti runokauppana, mutta siit\u00e4 tuli nopeasti t\u00e4rke\u00e4 tamperelainen kirjallisuusalan kohtaamispaikka, jossa on j\u00e4rjestetty runsaasti tilaisuuksia. Profiililtaan se on h\u00e4ik\u00e4ilem\u00e4tt\u00f6m\u00e4n kirjallinen. Kirjakauppa on my\u00f6s jakanut yhdess\u00e4 <em>Aamulehden<\/em> kanssa Tulenkantajat-kirjallisuuspalkintoa, joka jaettiin nelj\u00e4nnen kerran viime viikolla <strong>Iida Raumalle<\/strong> teoksesta <em>Seksist\u00e4 ja matematiikasta<\/em>.<\/p>\n\n\n\n<p>&#8221;Takkiinhan t\u00e4st\u00e4 on tullut paljon niin Sanasadolle kuin Savukeitaallekin, mutta kukapa haluaisi vaihtaa niin hienoja vuosia poiskaan. Olihan meill\u00e4 jopa itsen\u00e4isyysjulistus ja perustuslaki omalle mikrovaltiolle&#8221;, Ville Hyt\u00f6nen muistelee.<\/p>\n\n\n\n<p>Tulenkantajien kirjakaupan itsen\u00e4isyysjulistus ja perustuslaki l\u00f6ytyv\u00e4t <a href=\"https:\/\/tulenkantajat.wordpress.com\/tulenkantajien-tasavalta\/\" target=\"_blank\">t\u00e4st\u00e4 linkist\u00e4<\/a>.<\/p>\n\n\n\n<p>Teoksen toimitusjohtaja <strong>Nina Paavolainen<\/strong> kertoo Teoksen tiedotteessa, ett\u00e4 kirjakaupan perinteit\u00e4 tullaan vaalimaan jatkossakin, mutta valikoimaa my\u00f6s laajennetaan &#8221;tuoreella, mielenkiintoisella kauno- ja tietokirjallisuudella&#8221;. Teos aloittaa myym\u00e4l\u00e4ss\u00e4 remontin, ja se avautuu uudistettuna toukokuussa.<\/p>\n\n\n\n<p>Erkki Kiviniemi kiittelee tiedotteessa, ett\u00e4 Teos on kirjakaupalle &#8221;paras mahdollinen ostaja&#8221;. Kiviniemi jatkaa kaupan kirjallisuusiltojen &#8221;ohjelmamestarina&#8221;.<\/p>\n\n\n\n<p>Teoksen Tulenkantajat-kauppa ei ole verrattavissa siihen, ett\u00e4 viime vuosina kaksi suurta kustantamoa ovat ostaneet itselleen kirjakauppaketjut: Otava omistaa Suomalaisen kirjakaupan ja Bonnier Akateemisen kirjakaupan samoin kuin entuudestaan Bonnieriin kuuluneen Adlibris-verkkokirjakaupan. Tulenkantajien kirjakaupan myyntim\u00e4\u00e4r\u00e4t ovat suuriin ketjuihin verrattuna sangen pieni\u00e4.<\/p>\n\n\n\n<p>Tampereella toimii kolme Suomalaisen kirjakaupan myym\u00e4l\u00e4\u00e4, Akateeminen kirjakauppa Stockmannin tavaratalon yl\u00e4kerroksessa ja muun muassa Info-ketjuun kuuluva Kirja-K\u00e4rkk\u00e4inen, jolla on Tampereella myym\u00e4l\u00e4t Koskikeskuksessa ja Hervannassa.<\/p>\n\n\n\n<p>&nbsp;<\/p>\n\n\n","protected":false},"excerpt":{"rendered":"<p>Teos-kustantamo on ostanut Tulenkantajat. Ei toki erityisesti 1920-luvulla voimissaan ollutta kirjallisuusliikett\u00e4 vaan Tulenkantajien kirjakaupan, joka sijaitsee Tampereella H\u00e4meenpuiston laidalla aivan p\u00e4\u00e4kirjasto Metsoa vastap\u00e4\u00e4t\u00e4. Tulenkantajien kirjakaupan perustivat kustantamo Sanasadon<br \/>\npy\u00f6rit&hellip;<\/p>\n","protected":false},"author":129,"featured_media":0,"comment_status":"open","ping_status":"open","sticky":false,"template":"","format":"standard","meta":{"_acf_changed":false,"asauth_required_access_level":3,"asauth_cansharepaid":"true","om_header_attributes":[],"footnotes":"","om_featured_image_focal_point":[],"om_primary_tag":0,"om_contributors":[],"om_co_authors":[],"beyondwords_generate_audio":"","beyondwords_project_id":"","beyondwords_content_id":"","beyondwords_preview_token":"","beyondwords_player_content":"","beyondwords_player_style":"","beyondwords_language_code":"","beyondwords_language_id":"","beyondwords_title_voice_id":"","beyondwords_body_voice_id":"","beyondwords_summary_voice_id":"","beyondwords_error_message":"","beyondwords_disabled":"","beyondwords_delete_content":"","beyondwords_podcast_id":"","beyondwords_hash":"","publish_post_to_speechkit":"","speechkit_hash":"","speechkit_generate_audio":"","speechkit_project_id":"","speechkit_podcast_id":"","speechkit_error_message":"","speechkit_disabled":"","speechkit_access_key":"","speechkit_error":"","speechkit_info":"","speechkit_response":"","speechkit_retries":"","speechkit_status":"","speechkit_updated_at":"","_speechkit_link":"","_speechkit_text":""},"categories":[1],"tags":[593,592,596,595,44,590,591,594],"class_list":["post-572","post","type-post","status-publish","format-standard","hentry","category-kirjailijan-paivakirja","tag-erkki-kiviniemi","tag-nina-paavolainen","tag-sanasato","tag-savukeidas","tag-teos","tag-tulenkantajat","tag-tulenkantajien-kirjakauppa","tag-ville-hytonen"],"om_views":null,"acf":{"tuuma_off":false,"tuuma_kysymys":"","tuuma_vastaus":""},"asauth":{"required_access_level":1,"share_token":"","is_paid":false},"yoast_head":"<!-- This site is optimized with the Yoast SEO plugin v26.4 - https:\/\/yoast.com\/wordpress\/plugins\/seo\/ -->\n<title>Teos osti Tulenkantajat - Kirjailijan p\u00e4iv\u00e4kirja<\/title>\n<meta name=\"robots\" content=\"index, follow, max-snippet:-1, max-image-preview:large, max-video-preview:-1\" \/>\n<link rel=\"canonical\" href=\"https:\/\/suomenkuvalehti.fi\/kirjailijanpaivakirja\/teos-osti-tulenkantajat\/\" \/>\n<meta property=\"og:locale\" content=\"fi_FI\" \/>\n<meta property=\"og:type\" content=\"article\" \/>\n<meta property=\"og:title\" content=\"Teos osti Tulenkantajat - Kirjailijan p\u00e4iv\u00e4kirja\" \/>\n<meta property=\"og:description\" content=\"Teos-kustantamo on ostanut Tulenkantajat. Ei toki erityisesti 1920-luvulla voimissaan ollutta kirjallisuusliikett\u00e4 vaan Tulenkantajien kirjakaupan, joka sijaitsee Tampereella H\u00e4meenpuiston laidalla aivan p\u00e4\u00e4kirjasto Metsoa vastap\u00e4\u00e4t\u00e4. Tulenkantajien kirjakaupan perustivat kustantamo Sanasadon py\u00f6rit&hellip;\" \/>\n<meta property=\"og:url\" content=\"https:\/\/suomenkuvalehti.fi\/kirjailijanpaivakirja\/teos-osti-tulenkantajat\/\" \/>\n<meta property=\"og:site_name\" content=\"Kirjailijan p\u00e4iv\u00e4kirja\" \/>\n<meta property=\"article:published_time\" content=\"2016-03-24T03:00:15+00:00\" \/>\n<meta property=\"og:image\" content=\"https:\/\/suomenkuvalehti.fi\/kirjailijanpaivakirja\/wp-content\/uploads\/sites\/21\/2022\/04\/hamalainen_karo06-1-scaled.jpg\" \/>\n\t<meta property=\"og:image:width\" content=\"2560\" \/>\n\t<meta property=\"og:image:height\" content=\"1706\" \/>\n\t<meta property=\"og:image:type\" content=\"image\/jpeg\" \/>\n<meta name=\"author\" content=\"Karo H\u00e4m\u00e4l\u00e4inen\" \/>\n<meta name=\"twitter:card\" content=\"summary_large_image\" \/>\n<meta name=\"twitter:label1\" content=\"Written by\" \/>\n\t<meta name=\"twitter:data1\" content=\"Karo H\u00e4m\u00e4l\u00e4inen\" \/>\n\t<meta name=\"twitter:label2\" content=\"Est. reading time\" \/>\n\t<meta name=\"twitter:data2\" content=\"2 minuuttia\" \/>\n<script type=\"application\/ld+json\" class=\"yoast-schema-graph\">{\"@context\":\"https:\/\/schema.org\",\"@graph\":[{\"@type\":\"WebPage\",\"@id\":\"https:\/\/suomenkuvalehti.fi\/kirjailijanpaivakirja\/teos-osti-tulenkantajat\/\",\"url\":\"https:\/\/suomenkuvalehti.fi\/kirjailijanpaivakirja\/teos-osti-tulenkantajat\/\",\"name\":\"Teos osti Tulenkantajat - Kirjailijan p\u00e4iv\u00e4kirja\",\"isPartOf\":{\"@id\":\"https:\/\/suomenkuvalehti.fi\/kirjailijanpaivakirja\/#website\"},\"datePublished\":\"2016-03-24T03:00:15+00:00\",\"author\":{\"@id\":\"https:\/\/suomenkuvalehti.fi\/kirjailijanpaivakirja\/#\/schema\/person\/ca2dfd9d508d8c675e07b3c099fc789b\"},\"breadcrumb\":{\"@id\":\"https:\/\/suomenkuvalehti.fi\/kirjailijanpaivakirja\/teos-osti-tulenkantajat\/#breadcrumb\"},\"inLanguage\":\"fi\",\"potentialAction\":[{\"@type\":\"ReadAction\",\"target\":[\"https:\/\/suomenkuvalehti.fi\/kirjailijanpaivakirja\/teos-osti-tulenkantajat\/\"]}]},{\"@type\":\"BreadcrumbList\",\"@id\":\"https:\/\/suomenkuvalehti.fi\/kirjailijanpaivakirja\/teos-osti-tulenkantajat\/#breadcrumb\",\"itemListElement\":[{\"@type\":\"ListItem\",\"position\":1,\"name\":\"Home\",\"item\":\"https:\/\/suomenkuvalehti.fi\/kirjailijanpaivakirja\/\"},{\"@type\":\"ListItem\",\"position\":2,\"name\":\"Teos osti Tulenkantajat\"}]},{\"@type\":\"WebSite\",\"@id\":\"https:\/\/suomenkuvalehti.fi\/kirjailijanpaivakirja\/#website\",\"url\":\"https:\/\/suomenkuvalehti.fi\/kirjailijanpaivakirja\/\",\"name\":\"Kirjailijan p\u00e4iv\u00e4kirja\",\"description\":\"Proosakirjailijan arkea ja kirjallisuuden ajankohtaisia aiheita.\",\"potentialAction\":[{\"@type\":\"SearchAction\",\"target\":{\"@type\":\"EntryPoint\",\"urlTemplate\":\"https:\/\/suomenkuvalehti.fi\/haku\/?q={search_term_string}\"},\"query-input\":{\"@type\":\"PropertyValueSpecification\",\"valueRequired\":true,\"valueName\":\"search_term_string\"}}],\"inLanguage\":\"fi\"},{\"@type\":\"Person\",\"@id\":\"https:\/\/suomenkuvalehti.fi\/kirjailijanpaivakirja\/#\/schema\/person\/ca2dfd9d508d8c675e07b3c099fc789b\",\"name\":\"Karo H\u00e4m\u00e4l\u00e4inen\",\"image\":{\"@type\":\"ImageObject\",\"inLanguage\":\"fi\",\"@id\":\"https:\/\/suomenkuvalehti.fi\/kirjailijanpaivakirja\/#\/schema\/person\/image\/\",\"url\":\"https:\/\/suomenkuvalehti.fi\/kirjailijanpaivakirja\/wp-content\/uploads\/sites\/21\/2022\/04\/hamalainen_karo06-1-150x150.jpg\",\"contentUrl\":\"https:\/\/suomenkuvalehti.fi\/kirjailijanpaivakirja\/wp-content\/uploads\/sites\/21\/2022\/04\/hamalainen_karo06-1-150x150.jpg\",\"caption\":\"Karo H\u00e4m\u00e4l\u00e4inen\"},\"description\":\"Karo H\u00e4m\u00e4l\u00e4inen on kirjailija ja talouteen erikoistunut vapaa toimittaja.\"}]}<\/script>\n<!-- \/ Yoast SEO plugin. -->","yoast_head_json":{"title":"Teos osti Tulenkantajat - Kirjailijan p\u00e4iv\u00e4kirja","robots":{"index":"index","follow":"follow","max-snippet":"max-snippet:-1","max-image-preview":"max-image-preview:large","max-video-preview":"max-video-preview:-1"},"canonical":"https:\/\/suomenkuvalehti.fi\/kirjailijanpaivakirja\/teos-osti-tulenkantajat\/","og_locale":"fi_FI","og_type":"article","og_title":"Teos osti Tulenkantajat - Kirjailijan p\u00e4iv\u00e4kirja","og_description":"Teos-kustantamo on ostanut Tulenkantajat. Ei toki erityisesti 1920-luvulla voimissaan ollutta kirjallisuusliikett\u00e4 vaan Tulenkantajien kirjakaupan, joka sijaitsee Tampereella H\u00e4meenpuiston laidalla aivan p\u00e4\u00e4kirjasto Metsoa vastap\u00e4\u00e4t\u00e4. Tulenkantajien kirjakaupan perustivat kustantamo Sanasadon py\u00f6rit&hellip;","og_url":"https:\/\/suomenkuvalehti.fi\/kirjailijanpaivakirja\/teos-osti-tulenkantajat\/","og_site_name":"Kirjailijan p\u00e4iv\u00e4kirja","article_published_time":"2016-03-24T03:00:15+00:00","og_image":[{"width":2560,"height":1706,"url":"https:\/\/suomenkuvalehti.fi\/kirjailijanpaivakirja\/wp-content\/uploads\/sites\/21\/2022\/04\/hamalainen_karo06-1-scaled.jpg","type":"image\/jpeg"}],"author":"Karo H\u00e4m\u00e4l\u00e4inen","twitter_card":"summary_large_image","twitter_misc":{"Written by":"Karo H\u00e4m\u00e4l\u00e4inen","Est. reading time":"2 minuuttia"},"schema":{"@context":"https:\/\/schema.org","@graph":[{"@type":"WebPage","@id":"https:\/\/suomenkuvalehti.fi\/kirjailijanpaivakirja\/teos-osti-tulenkantajat\/","url":"https:\/\/suomenkuvalehti.fi\/kirjailijanpaivakirja\/teos-osti-tulenkantajat\/","name":"Teos osti Tulenkantajat - Kirjailijan p\u00e4iv\u00e4kirja","isPartOf":{"@id":"https:\/\/suomenkuvalehti.fi\/kirjailijanpaivakirja\/#website"},"datePublished":"2016-03-24T03:00:15+00:00","author":{"@id":"https:\/\/suomenkuvalehti.fi\/kirjailijanpaivakirja\/#\/schema\/person\/ca2dfd9d508d8c675e07b3c099fc789b"},"breadcrumb":{"@id":"https:\/\/suomenkuvalehti.fi\/kirjailijanpaivakirja\/teos-osti-tulenkantajat\/#breadcrumb"},"inLanguage":"fi","potentialAction":[{"@type":"ReadAction","target":["https:\/\/suomenkuvalehti.fi\/kirjailijanpaivakirja\/teos-osti-tulenkantajat\/"]}]},{"@type":"BreadcrumbList","@id":"https:\/\/suomenkuvalehti.fi\/kirjailijanpaivakirja\/teos-osti-tulenkantajat\/#breadcrumb","itemListElement":[{"@type":"ListItem","position":1,"name":"Home","item":"https:\/\/suomenkuvalehti.fi\/kirjailijanpaivakirja\/"},{"@type":"ListItem","position":2,"name":"Teos osti Tulenkantajat"}]},{"@type":"WebSite","@id":"https:\/\/suomenkuvalehti.fi\/kirjailijanpaivakirja\/#website","url":"https:\/\/suomenkuvalehti.fi\/kirjailijanpaivakirja\/","name":"Kirjailijan p\u00e4iv\u00e4kirja","description":"Proosakirjailijan arkea ja kirjallisuuden ajankohtaisia aiheita.","potentialAction":[{"@type":"SearchAction","target":{"@type":"EntryPoint","urlTemplate":"https:\/\/suomenkuvalehti.fi\/haku\/?q={search_term_string}"},"query-input":{"@type":"PropertyValueSpecification","valueRequired":true,"valueName":"search_term_string"}}],"inLanguage":"fi"},{"@type":"Person","@id":"https:\/\/suomenkuvalehti.fi\/kirjailijanpaivakirja\/#\/schema\/person\/ca2dfd9d508d8c675e07b3c099fc789b","name":"Karo H\u00e4m\u00e4l\u00e4inen","image":{"@type":"ImageObject","inLanguage":"fi","@id":"https:\/\/suomenkuvalehti.fi\/kirjailijanpaivakirja\/#\/schema\/person\/image\/","url":"https:\/\/suomenkuvalehti.fi\/kirjailijanpaivakirja\/wp-content\/uploads\/sites\/21\/2022\/04\/hamalainen_karo06-1-150x150.jpg","contentUrl":"https:\/\/suomenkuvalehti.fi\/kirjailijanpaivakirja\/wp-content\/uploads\/sites\/21\/2022\/04\/hamalainen_karo06-1-150x150.jpg","caption":"Karo H\u00e4m\u00e4l\u00e4inen"},"description":"Karo H\u00e4m\u00e4l\u00e4inen on kirjailija ja talouteen erikoistunut vapaa toimittaja."}]}},"_links":{"self":[{"href":"https:\/\/suomenkuvalehti.fi\/kirjailijanpaivakirja\/wp-json\/wp\/v2\/posts\/572","targetHints":{"allow":["GET"]}}],"collection":[{"href":"https:\/\/suomenkuvalehti.fi\/kirjailijanpaivakirja\/wp-json\/wp\/v2\/posts"}],"about":[{"href":"https:\/\/suomenkuvalehti.fi\/kirjailijanpaivakirja\/wp-json\/wp\/v2\/types\/post"}],"author":[{"embeddable":true,"href":"https:\/\/suomenkuvalehti.fi\/kirjailijanpaivakirja\/wp-json\/wp\/v2\/users\/129"}],"replies":[{"embeddable":true,"href":"https:\/\/suomenkuvalehti.fi\/kirjailijanpaivakirja\/wp-json\/wp\/v2\/comments?post=572"}],"version-history":[{"count":1,"href":"https:\/\/suomenkuvalehti.fi\/kirjailijanpaivakirja\/wp-json\/wp\/v2\/posts\/572\/revisions"}],"predecessor-version":[{"id":573,"href":"https:\/\/suomenkuvalehti.fi\/kirjailijanpaivakirja\/wp-json\/wp\/v2\/posts\/572\/revisions\/573"}],"wp:attachment":[{"href":"https:\/\/suomenkuvalehti.fi\/kirjailijanpaivakirja\/wp-json\/wp\/v2\/media?parent=572"}],"wp:term":[{"taxonomy":"category","embeddable":true,"href":"https:\/\/suomenkuvalehti.fi\/kirjailijanpaivakirja\/wp-json\/wp\/v2\/categories?post=572"},{"taxonomy":"post_tag","embeddable":true,"href":"https:\/\/suomenkuvalehti.fi\/kirjailijanpaivakirja\/wp-json\/wp\/v2\/tags?post=572"}],"curies":[{"name":"wp","href":"https:\/\/api.w.org\/{rel}","templated":true}]}}