{"id":567,"date":"2016-03-18T19:16:13","date_gmt":"2016-03-18T17:16:13","guid":{"rendered":"https:\/\/suomenkuvalehti.fi\/kirjailijanpaivakirja\/?p=567"},"modified":"2016-03-18T18:50:06","modified_gmt":"2016-03-18T16:50:06","slug":"varokaa-heikkoja","status":"publish","type":"post","link":"https:\/\/suomenkuvalehti.fi\/kirjailijanpaivakirja\/varokaa-heikkoja\/","title":{"rendered":"Varokaa heikkoja"},"content":{"rendered":"\n<p>Ei k\u00e4y kiist\u00e4minen. &#8221;Varokaa heikkoja&#8221; on erinomainen&nbsp;lause. Ehk\u00e4 viime vuoden paras, niin kuin <strong>Marko Kulmalan<\/strong> mielest\u00e4.<\/p>\n\n\n\n<p>Marko Kulmala on Lause-Finlandia-palkinnon esiraati ja diktaattori. H\u00e4n on valinnut edellisvuoden parhaan suomalaiseen kirjaan kirjoitetun lauseen vuodesta 2011 alkaen. <strong>Kari Hotakaisen<\/strong> &#8221;Varokaa heikkoja&#8221; on maailmankaikkeuden kuudes Lause-Finlandia-voittaja.<\/p>\n\n\n\n<p>Lause on kirjallisuuden perusyksikk\u00f6 \u2013 lause ennemmin kuin sana tai kirjain. Lause on ajatuksen kuva, ja kirja on sarja toisiinsa kytkettyj\u00e4 ajatuksia.<\/p>\n\n\n\n<p>Vaikka yksi lause on yht\u00e4 v\u00e4h\u00e4n kirja kuin yksi kirjain on lause, lauseesta saa osviittaa koko teoksen&nbsp;laadusta. Lause on n\u00e4yte niin kuin verikoe. Usein jo muutaman rivin kirjaa luettuaan tiet\u00e4\u00e4, kannattaako sit\u00e4 lukea enemm\u00e4n.<\/p>\n\n\n\n<p>Arvostan sit\u00e4, ett\u00e4 kirjailija n\u00e4kee vaivaa sen eteen, kuinka h\u00e4n kertoo tarinansa ja esitt\u00e4\u00e4 asiansa. Lause paljastaa paljon estetiikasta ja viimeistelyn asteesta. Slarvatusta lauseesta tulee vaikutelma, ettei kirjailija ole oikein muutenkaan jaksanut panostaa teokseensa.<\/p>\n\n\n\n<p>Kari Hotakainen kirjoittaa hyvi\u00e4 lauseita. H\u00e4nen romaaneissaan t\u00f6rm\u00e4\u00e4 t\u00e4m\u00e4n t\u00e4st\u00e4 aforismeihin, jotka ovat sujahtaneet kerronnan sekaan. Niit\u00e4 on nautinto lukea.<\/p>\n\n\n\n<p>Hyv\u00e4 ilmaisu ei kuitenkaan voi olla vain aforismien ketjua, eik\u00e4 huoliteltu kieli vaadi aforistisia kiteytyksi\u00e4.<\/p>\n\n\n\n<p>&#8221;Varokaa heikkoja&#8221; on yhteiskunnallinen kannanotto, huuto ja muistutus, jollainen olisi hyv\u00e4 painaa sanomalehtiin muulloinkin kuin talven vaihtuessa&nbsp;kes\u00e4ksi.<\/p>\n\n\n\n<p>&nbsp;<\/p>\n\n\n\n<p>Aiemmat Lause-Finlandia-voittajat ovat:\n2010 Petri Tamminen: &#8221;Danny tuli V\u00e4\u00e4ksyyn.&#8221; (Muita hyvi\u00e4 ominaisuuksia, Otava 2010)\n2011 Jari Tervo: &#8221;Minut kihlattiin kehdossa.&#8221; (Layla, WSOY 2011)\n2012 Pertti Jarla: &#8221;Tahdon hehtaarin suota ja kymmenen kuutiota tilaa.&#8221; (Fingerpori 6, Arktinen Banaani)\n2013 Hanna Jensen: &#8221;Is\u00e4 eli hyv\u00e4n kuoleman.&#8221; (940 p\u00e4iv\u00e4\u00e4 is\u00e4ni muistina, Teos 2013)\n2014 Juha Hurme: &#8221;Aimo oli laittanut aamiaiseksi kasvisruokaa ja pekonia.&#8221; (Nyljetyt ajatukset, Teos 2014)<\/p>\n\n\n","protected":false},"excerpt":{"rendered":"<p>Ei k\u00e4y kiist\u00e4minen. &#8221;Varokaa heikkoja&#8221; on erinomainen&nbsp;lause. Ehk\u00e4 viime vuoden paras, niin kuin Marko Kulmalan mielest\u00e4. Marko Kulmala on Lause-Finlandia-palkinnon esiraati ja diktaattori. H\u00e4n on valinnut edellisvuoden parhaan suomalaiseen kirjaan kirjoitetun lauseen vuodesta 2011 alkaen.<br \/>\nKari&hellip;<\/p>\n","protected":false},"author":129,"featured_media":0,"comment_status":"open","ping_status":"open","sticky":false,"template":"","format":"standard","meta":{"_acf_changed":false,"asauth_required_access_level":3,"asauth_cansharepaid":"true","om_header_attributes":[],"footnotes":"","om_featured_image_focal_point":[],"om_primary_tag":0,"om_contributors":[],"om_co_authors":[],"beyondwords_generate_audio":"","beyondwords_project_id":"","beyondwords_content_id":"","beyondwords_preview_token":"","beyondwords_player_content":"","beyondwords_player_style":"","beyondwords_language_code":"","beyondwords_language_id":"","beyondwords_title_voice_id":"","beyondwords_body_voice_id":"","beyondwords_summary_voice_id":"","beyondwords_error_message":"","beyondwords_disabled":"","beyondwords_delete_content":"","beyondwords_podcast_id":"","beyondwords_hash":"","publish_post_to_speechkit":"","speechkit_hash":"","speechkit_generate_audio":"","speechkit_project_id":"","speechkit_podcast_id":"","speechkit_error_message":"","speechkit_disabled":"","speechkit_access_key":"","speechkit_error":"","speechkit_info":"","speechkit_response":"","speechkit_retries":"","speechkit_status":"","speechkit_updated_at":"","_speechkit_link":"","_speechkit_text":""},"categories":[1],"tags":[504,588,589],"class_list":["post-567","post","type-post","status-publish","format-standard","hentry","category-kirjailijan-paivakirja","tag-kari-hotakainen","tag-lause-finlandia","tag-marko-kulmala"],"om_views":null,"acf":{"tuuma_off":false,"tuuma_kysymys":"","tuuma_vastaus":""},"asauth":{"required_access_level":1,"share_token":"","is_paid":false},"yoast_head":"<!-- This site is optimized with the Yoast SEO plugin v26.4 - https:\/\/yoast.com\/wordpress\/plugins\/seo\/ -->\n<title>Varokaa heikkoja - Kirjailijan p\u00e4iv\u00e4kirja<\/title>\n<meta name=\"robots\" content=\"index, follow, max-snippet:-1, max-image-preview:large, max-video-preview:-1\" \/>\n<link rel=\"canonical\" href=\"https:\/\/suomenkuvalehti.fi\/kirjailijanpaivakirja\/varokaa-heikkoja\/\" \/>\n<meta property=\"og:locale\" content=\"fi_FI\" \/>\n<meta property=\"og:type\" content=\"article\" \/>\n<meta property=\"og:title\" content=\"Varokaa heikkoja - Kirjailijan p\u00e4iv\u00e4kirja\" \/>\n<meta property=\"og:description\" content=\"Ei k\u00e4y kiist\u00e4minen. &#8221;Varokaa heikkoja&#8221; on erinomainen&nbsp;lause. Ehk\u00e4 viime vuoden paras, niin kuin Marko Kulmalan mielest\u00e4. Marko Kulmala on Lause-Finlandia-palkinnon esiraati ja diktaattori. H\u00e4n on valinnut edellisvuoden parhaan suomalaiseen kirjaan kirjoitetun lauseen vuodesta 2011 alkaen. Kari&hellip;\" \/>\n<meta property=\"og:url\" content=\"https:\/\/suomenkuvalehti.fi\/kirjailijanpaivakirja\/varokaa-heikkoja\/\" \/>\n<meta property=\"og:site_name\" content=\"Kirjailijan p\u00e4iv\u00e4kirja\" \/>\n<meta property=\"article:published_time\" content=\"2016-03-18T17:16:13+00:00\" \/>\n<meta property=\"og:image\" content=\"https:\/\/suomenkuvalehti.fi\/kirjailijanpaivakirja\/wp-content\/uploads\/sites\/21\/2022\/04\/hamalainen_karo06-1-scaled.jpg\" \/>\n\t<meta property=\"og:image:width\" content=\"2560\" \/>\n\t<meta property=\"og:image:height\" content=\"1706\" \/>\n\t<meta property=\"og:image:type\" content=\"image\/jpeg\" \/>\n<meta name=\"author\" content=\"Karo H\u00e4m\u00e4l\u00e4inen\" \/>\n<meta name=\"twitter:card\" content=\"summary_large_image\" \/>\n<meta name=\"twitter:label1\" content=\"Written by\" \/>\n\t<meta name=\"twitter:data1\" content=\"Karo H\u00e4m\u00e4l\u00e4inen\" \/>\n\t<meta name=\"twitter:label2\" content=\"Est. reading time\" \/>\n\t<meta name=\"twitter:data2\" content=\"1 minuutti\" \/>\n<script type=\"application\/ld+json\" class=\"yoast-schema-graph\">{\"@context\":\"https:\/\/schema.org\",\"@graph\":[{\"@type\":\"WebPage\",\"@id\":\"https:\/\/suomenkuvalehti.fi\/kirjailijanpaivakirja\/varokaa-heikkoja\/\",\"url\":\"https:\/\/suomenkuvalehti.fi\/kirjailijanpaivakirja\/varokaa-heikkoja\/\",\"name\":\"Varokaa heikkoja - Kirjailijan p\u00e4iv\u00e4kirja\",\"isPartOf\":{\"@id\":\"https:\/\/suomenkuvalehti.fi\/kirjailijanpaivakirja\/#website\"},\"datePublished\":\"2016-03-18T17:16:13+00:00\",\"author\":{\"@id\":\"https:\/\/suomenkuvalehti.fi\/kirjailijanpaivakirja\/#\/schema\/person\/ca2dfd9d508d8c675e07b3c099fc789b\"},\"breadcrumb\":{\"@id\":\"https:\/\/suomenkuvalehti.fi\/kirjailijanpaivakirja\/varokaa-heikkoja\/#breadcrumb\"},\"inLanguage\":\"fi\",\"potentialAction\":[{\"@type\":\"ReadAction\",\"target\":[\"https:\/\/suomenkuvalehti.fi\/kirjailijanpaivakirja\/varokaa-heikkoja\/\"]}]},{\"@type\":\"BreadcrumbList\",\"@id\":\"https:\/\/suomenkuvalehti.fi\/kirjailijanpaivakirja\/varokaa-heikkoja\/#breadcrumb\",\"itemListElement\":[{\"@type\":\"ListItem\",\"position\":1,\"name\":\"Home\",\"item\":\"https:\/\/suomenkuvalehti.fi\/kirjailijanpaivakirja\/\"},{\"@type\":\"ListItem\",\"position\":2,\"name\":\"Varokaa heikkoja\"}]},{\"@type\":\"WebSite\",\"@id\":\"https:\/\/suomenkuvalehti.fi\/kirjailijanpaivakirja\/#website\",\"url\":\"https:\/\/suomenkuvalehti.fi\/kirjailijanpaivakirja\/\",\"name\":\"Kirjailijan p\u00e4iv\u00e4kirja\",\"description\":\"Proosakirjailijan arkea ja kirjallisuuden ajankohtaisia aiheita.\",\"potentialAction\":[{\"@type\":\"SearchAction\",\"target\":{\"@type\":\"EntryPoint\",\"urlTemplate\":\"https:\/\/suomenkuvalehti.fi\/haku\/?q={search_term_string}\"},\"query-input\":{\"@type\":\"PropertyValueSpecification\",\"valueRequired\":true,\"valueName\":\"search_term_string\"}}],\"inLanguage\":\"fi\"},{\"@type\":\"Person\",\"@id\":\"https:\/\/suomenkuvalehti.fi\/kirjailijanpaivakirja\/#\/schema\/person\/ca2dfd9d508d8c675e07b3c099fc789b\",\"name\":\"Karo H\u00e4m\u00e4l\u00e4inen\",\"image\":{\"@type\":\"ImageObject\",\"inLanguage\":\"fi\",\"@id\":\"https:\/\/suomenkuvalehti.fi\/kirjailijanpaivakirja\/#\/schema\/person\/image\/\",\"url\":\"https:\/\/suomenkuvalehti.fi\/kirjailijanpaivakirja\/wp-content\/uploads\/sites\/21\/2022\/04\/hamalainen_karo06-1-150x150.jpg\",\"contentUrl\":\"https:\/\/suomenkuvalehti.fi\/kirjailijanpaivakirja\/wp-content\/uploads\/sites\/21\/2022\/04\/hamalainen_karo06-1-150x150.jpg\",\"caption\":\"Karo H\u00e4m\u00e4l\u00e4inen\"},\"description\":\"Karo H\u00e4m\u00e4l\u00e4inen on kirjailija ja talouteen erikoistunut vapaa toimittaja.\"}]}<\/script>\n<!-- \/ Yoast SEO plugin. -->","yoast_head_json":{"title":"Varokaa heikkoja - Kirjailijan p\u00e4iv\u00e4kirja","robots":{"index":"index","follow":"follow","max-snippet":"max-snippet:-1","max-image-preview":"max-image-preview:large","max-video-preview":"max-video-preview:-1"},"canonical":"https:\/\/suomenkuvalehti.fi\/kirjailijanpaivakirja\/varokaa-heikkoja\/","og_locale":"fi_FI","og_type":"article","og_title":"Varokaa heikkoja - Kirjailijan p\u00e4iv\u00e4kirja","og_description":"Ei k\u00e4y kiist\u00e4minen. &#8221;Varokaa heikkoja&#8221; on erinomainen&nbsp;lause. Ehk\u00e4 viime vuoden paras, niin kuin Marko Kulmalan mielest\u00e4. Marko Kulmala on Lause-Finlandia-palkinnon esiraati ja diktaattori. H\u00e4n on valinnut edellisvuoden parhaan suomalaiseen kirjaan kirjoitetun lauseen vuodesta 2011 alkaen. Kari&hellip;","og_url":"https:\/\/suomenkuvalehti.fi\/kirjailijanpaivakirja\/varokaa-heikkoja\/","og_site_name":"Kirjailijan p\u00e4iv\u00e4kirja","article_published_time":"2016-03-18T17:16:13+00:00","og_image":[{"width":2560,"height":1706,"url":"https:\/\/suomenkuvalehti.fi\/kirjailijanpaivakirja\/wp-content\/uploads\/sites\/21\/2022\/04\/hamalainen_karo06-1-scaled.jpg","type":"image\/jpeg"}],"author":"Karo H\u00e4m\u00e4l\u00e4inen","twitter_card":"summary_large_image","twitter_misc":{"Written by":"Karo H\u00e4m\u00e4l\u00e4inen","Est. reading time":"1 minuutti"},"schema":{"@context":"https:\/\/schema.org","@graph":[{"@type":"WebPage","@id":"https:\/\/suomenkuvalehti.fi\/kirjailijanpaivakirja\/varokaa-heikkoja\/","url":"https:\/\/suomenkuvalehti.fi\/kirjailijanpaivakirja\/varokaa-heikkoja\/","name":"Varokaa heikkoja - Kirjailijan p\u00e4iv\u00e4kirja","isPartOf":{"@id":"https:\/\/suomenkuvalehti.fi\/kirjailijanpaivakirja\/#website"},"datePublished":"2016-03-18T17:16:13+00:00","author":{"@id":"https:\/\/suomenkuvalehti.fi\/kirjailijanpaivakirja\/#\/schema\/person\/ca2dfd9d508d8c675e07b3c099fc789b"},"breadcrumb":{"@id":"https:\/\/suomenkuvalehti.fi\/kirjailijanpaivakirja\/varokaa-heikkoja\/#breadcrumb"},"inLanguage":"fi","potentialAction":[{"@type":"ReadAction","target":["https:\/\/suomenkuvalehti.fi\/kirjailijanpaivakirja\/varokaa-heikkoja\/"]}]},{"@type":"BreadcrumbList","@id":"https:\/\/suomenkuvalehti.fi\/kirjailijanpaivakirja\/varokaa-heikkoja\/#breadcrumb","itemListElement":[{"@type":"ListItem","position":1,"name":"Home","item":"https:\/\/suomenkuvalehti.fi\/kirjailijanpaivakirja\/"},{"@type":"ListItem","position":2,"name":"Varokaa heikkoja"}]},{"@type":"WebSite","@id":"https:\/\/suomenkuvalehti.fi\/kirjailijanpaivakirja\/#website","url":"https:\/\/suomenkuvalehti.fi\/kirjailijanpaivakirja\/","name":"Kirjailijan p\u00e4iv\u00e4kirja","description":"Proosakirjailijan arkea ja kirjallisuuden ajankohtaisia aiheita.","potentialAction":[{"@type":"SearchAction","target":{"@type":"EntryPoint","urlTemplate":"https:\/\/suomenkuvalehti.fi\/haku\/?q={search_term_string}"},"query-input":{"@type":"PropertyValueSpecification","valueRequired":true,"valueName":"search_term_string"}}],"inLanguage":"fi"},{"@type":"Person","@id":"https:\/\/suomenkuvalehti.fi\/kirjailijanpaivakirja\/#\/schema\/person\/ca2dfd9d508d8c675e07b3c099fc789b","name":"Karo H\u00e4m\u00e4l\u00e4inen","image":{"@type":"ImageObject","inLanguage":"fi","@id":"https:\/\/suomenkuvalehti.fi\/kirjailijanpaivakirja\/#\/schema\/person\/image\/","url":"https:\/\/suomenkuvalehti.fi\/kirjailijanpaivakirja\/wp-content\/uploads\/sites\/21\/2022\/04\/hamalainen_karo06-1-150x150.jpg","contentUrl":"https:\/\/suomenkuvalehti.fi\/kirjailijanpaivakirja\/wp-content\/uploads\/sites\/21\/2022\/04\/hamalainen_karo06-1-150x150.jpg","caption":"Karo H\u00e4m\u00e4l\u00e4inen"},"description":"Karo H\u00e4m\u00e4l\u00e4inen on kirjailija ja talouteen erikoistunut vapaa toimittaja."}]}},"_links":{"self":[{"href":"https:\/\/suomenkuvalehti.fi\/kirjailijanpaivakirja\/wp-json\/wp\/v2\/posts\/567","targetHints":{"allow":["GET"]}}],"collection":[{"href":"https:\/\/suomenkuvalehti.fi\/kirjailijanpaivakirja\/wp-json\/wp\/v2\/posts"}],"about":[{"href":"https:\/\/suomenkuvalehti.fi\/kirjailijanpaivakirja\/wp-json\/wp\/v2\/types\/post"}],"author":[{"embeddable":true,"href":"https:\/\/suomenkuvalehti.fi\/kirjailijanpaivakirja\/wp-json\/wp\/v2\/users\/129"}],"replies":[{"embeddable":true,"href":"https:\/\/suomenkuvalehti.fi\/kirjailijanpaivakirja\/wp-json\/wp\/v2\/comments?post=567"}],"version-history":[{"count":2,"href":"https:\/\/suomenkuvalehti.fi\/kirjailijanpaivakirja\/wp-json\/wp\/v2\/posts\/567\/revisions"}],"predecessor-version":[{"id":570,"href":"https:\/\/suomenkuvalehti.fi\/kirjailijanpaivakirja\/wp-json\/wp\/v2\/posts\/567\/revisions\/570"}],"wp:attachment":[{"href":"https:\/\/suomenkuvalehti.fi\/kirjailijanpaivakirja\/wp-json\/wp\/v2\/media?parent=567"}],"wp:term":[{"taxonomy":"category","embeddable":true,"href":"https:\/\/suomenkuvalehti.fi\/kirjailijanpaivakirja\/wp-json\/wp\/v2\/categories?post=567"},{"taxonomy":"post_tag","embeddable":true,"href":"https:\/\/suomenkuvalehti.fi\/kirjailijanpaivakirja\/wp-json\/wp\/v2\/tags?post=567"}],"curies":[{"name":"wp","href":"https:\/\/api.w.org\/{rel}","templated":true}]}}