{"id":539,"date":"2016-02-12T12:55:44","date_gmt":"2016-02-12T10:55:44","guid":{"rendered":"https:\/\/suomenkuvalehti.fi\/kirjailijanpaivakirja\/?p=539"},"modified":"2016-02-12T12:59:21","modified_gmt":"2016-02-12T10:59:21","slug":"elokuvateatterilukija","status":"publish","type":"post","link":"https:\/\/suomenkuvalehti.fi\/kirjailijanpaivakirja\/elokuvateatterilukija\/","title":{"rendered":"Elokuvateatterilukija"},"content":{"rendered":"\n<p>Sunnuntaina vietet\u00e4\u00e4n maailmanhistorian toista lukurauhan p\u00e4iv\u00e4\u00e4. Suomen kirjas\u00e4\u00e4ti\u00f6n julistaman lukurauhan ajatus on kiinnitt\u00e4\u00e4 huomiota lukemiseen rauhoittumiseen.<\/p>\n\n\n\n<p>Kun ensi sunnuntaina sattuu olemaan my\u00f6s yst\u00e4v\u00e4np\u00e4iv\u00e4, t\u00e4m\u00e4nvuotisessa lukurauhan julistuksessa korostuu lukeminen ja yst\u00e4vyys. Ehk\u00e4 voisi lukea yhdess\u00e4 yst\u00e4v\u00e4n kanssa tai yst\u00e4v\u00e4lle?<\/p>\n\n\n\n<p>Omalta kohdaltani olen huomannut, ett\u00e4 keskittyneen ja yht\u00e4jaksoisen lukemisen aikoja on nykyisin paljon v\u00e4hemm\u00e4n kuin vaikkapa parikymment\u00e4 vuotta sitten. T\u00e4h\u00e4n tarttuu Lukurauhan lain kuudes pyk\u00e4l\u00e4.<\/p>\n\n\n\n<p>&#8221;6\u00a7 Oman lukurauhan h\u00e4iritseminen toissijaisilla toiminnoilla on ankarasti kielletty.&#8221;<\/p>\n\n\n\n<p>Lukurauhattomuutta luo paitsi yleinen levottomuuteni my\u00f6s alati piipitt\u00e4v\u00e4 ja vilkkuva k\u00e4nnykk\u00e4. En kuitenkaan syyt\u00e4 tekniikkaa vaan itse\u00e4ni. Osaan kyll\u00e4 laittaa puhelimen \u00e4\u00e4nett\u00f6m\u00e4lle lukiessani \u2013 ja nykyisin useimmiten my\u00f6s t\u00f6it\u00e4 tehdess\u00e4ni \u2013, mutta siit\u00e4 huolimatta huomaan tavan takaa tarkistavani saapunee meilit, Facebookin ja Twitterin.<\/p>\n\n\n\n<p>Keskeytyksill\u00e4 teen tietenkin hallaa vain itselleni ja omalle lukukokemukselleni. Kirjalle tekisi oikeutta, ett\u00e4 sit\u00e4 lukisi niin kuin elokuvaa katsotaan elokuvateatterissa: siihen keskittyen ja antautuen, muualle vilkuilematta.<\/p>\n\n\n\n<p>Kirjan viimeisen sivun luettuaan huomaisi, ett\u00e4 syliss\u00e4 on koskematon irtokarkkipussi.<\/p>\n\n\n\n<p><strong>Lukurauhan laki<\/strong><\/p>\n\n\n\n<p><em>1\u00a7 Lukurauha koskee kaikenlaisia kirjoja ja kaikkia lukupaikkoja.<\/em>\n<em>2\u00a7 Yhdess\u00e4 lukeminen on sallittu.<\/em>\n<em>3\u00a7 Yksin lukeminen on sallittu.<\/em>\n<em>4\u00a7 Toisille lukeminen on sallittu.<\/em>\n<em>5\u00a7 Toisen lukurauhan h\u00e4iritseminen on kielletty.<\/em>\n<em>6\u00a7 Oman lukurauhan h\u00e4iritseminen toissijaisilla toiminnoilla on ankarasti kielletty.<\/em><\/p>\n\n\n\n<p>L\u00e4hde: Suomen kirjas\u00e4\u00e4ti\u00f6<\/p>\n\n\n","protected":false},"excerpt":{"rendered":"<p>Sunnuntaina vietet\u00e4\u00e4n maailmanhistorian toista lukurauhan p\u00e4iv\u00e4\u00e4. Suomen kirjas\u00e4\u00e4ti\u00f6n julistaman lukurauhan ajatus on kiinnitt\u00e4\u00e4 huomiota lukemiseen rauhoittumiseen. Kun ensi sunnuntaina sattuu olemaan my\u00f6s yst\u00e4v\u00e4np\u00e4iv\u00e4, t\u00e4m\u00e4nvuotisessa lukurauhan julistuksessa korostuu lukeminen ja<br \/>\nyst\u00e4vyys. Ehk\u00e4 v&hellip;<\/p>\n","protected":false},"author":129,"featured_media":0,"comment_status":"open","ping_status":"open","sticky":false,"template":"","format":"standard","meta":{"_acf_changed":false,"asauth_required_access_level":3,"asauth_cansharepaid":"true","om_header_attributes":[],"footnotes":"","om_featured_image_focal_point":[],"om_primary_tag":0,"om_contributors":[],"om_co_authors":[],"beyondwords_generate_audio":"","beyondwords_project_id":"","beyondwords_content_id":"","beyondwords_preview_token":"","beyondwords_player_content":"","beyondwords_player_style":"","beyondwords_language_code":"","beyondwords_language_id":"","beyondwords_title_voice_id":"","beyondwords_body_voice_id":"","beyondwords_summary_voice_id":"","beyondwords_error_message":"","beyondwords_disabled":"","beyondwords_delete_content":"","beyondwords_podcast_id":"","beyondwords_hash":"","publish_post_to_speechkit":"","speechkit_hash":"","speechkit_generate_audio":"","speechkit_project_id":"","speechkit_podcast_id":"","speechkit_error_message":"","speechkit_disabled":"","speechkit_access_key":"","speechkit_error":"","speechkit_info":"","speechkit_response":"","speechkit_retries":"","speechkit_status":"","speechkit_updated_at":"","_speechkit_link":"","_speechkit_text":""},"categories":[1],"tags":[321,322],"class_list":["post-539","post","type-post","status-publish","format-standard","hentry","category-kirjailijan-paivakirja","tag-lukurauha","tag-suomen-kirjasaatio"],"om_views":null,"acf":{"tuuma_off":false,"tuuma_kysymys":"","tuuma_vastaus":""},"asauth":{"required_access_level":1,"share_token":"","is_paid":false},"yoast_head":"<!-- This site is optimized with the Yoast SEO plugin v26.4 - https:\/\/yoast.com\/wordpress\/plugins\/seo\/ -->\n<title>Elokuvateatterilukija - Kirjailijan p\u00e4iv\u00e4kirja<\/title>\n<meta name=\"robots\" content=\"index, follow, max-snippet:-1, max-image-preview:large, max-video-preview:-1\" \/>\n<link rel=\"canonical\" href=\"https:\/\/suomenkuvalehti.fi\/kirjailijanpaivakirja\/elokuvateatterilukija\/\" \/>\n<meta property=\"og:locale\" content=\"fi_FI\" \/>\n<meta property=\"og:type\" content=\"article\" \/>\n<meta property=\"og:title\" content=\"Elokuvateatterilukija - Kirjailijan p\u00e4iv\u00e4kirja\" \/>\n<meta property=\"og:description\" content=\"Sunnuntaina vietet\u00e4\u00e4n maailmanhistorian toista lukurauhan p\u00e4iv\u00e4\u00e4. Suomen kirjas\u00e4\u00e4ti\u00f6n julistaman lukurauhan ajatus on kiinnitt\u00e4\u00e4 huomiota lukemiseen rauhoittumiseen. Kun ensi sunnuntaina sattuu olemaan my\u00f6s yst\u00e4v\u00e4np\u00e4iv\u00e4, t\u00e4m\u00e4nvuotisessa lukurauhan julistuksessa korostuu lukeminen ja yst\u00e4vyys. Ehk\u00e4 v&hellip;\" \/>\n<meta property=\"og:url\" content=\"https:\/\/suomenkuvalehti.fi\/kirjailijanpaivakirja\/elokuvateatterilukija\/\" \/>\n<meta property=\"og:site_name\" content=\"Kirjailijan p\u00e4iv\u00e4kirja\" \/>\n<meta property=\"article:published_time\" content=\"2016-02-12T10:55:44+00:00\" \/>\n<meta property=\"article:modified_time\" content=\"2016-02-12T10:59:21+00:00\" \/>\n<meta property=\"og:image\" content=\"https:\/\/suomenkuvalehti.fi\/kirjailijanpaivakirja\/wp-content\/uploads\/sites\/21\/2022\/04\/hamalainen_karo06-1-scaled.jpg\" \/>\n\t<meta property=\"og:image:width\" content=\"2560\" \/>\n\t<meta property=\"og:image:height\" content=\"1706\" \/>\n\t<meta property=\"og:image:type\" content=\"image\/jpeg\" \/>\n<meta name=\"author\" content=\"Karo H\u00e4m\u00e4l\u00e4inen\" \/>\n<meta name=\"twitter:card\" content=\"summary_large_image\" \/>\n<meta name=\"twitter:label1\" content=\"Written by\" \/>\n\t<meta name=\"twitter:data1\" content=\"Karo H\u00e4m\u00e4l\u00e4inen\" \/>\n\t<meta name=\"twitter:label2\" content=\"Est. reading time\" \/>\n\t<meta name=\"twitter:data2\" content=\"1 minuutti\" \/>\n<script type=\"application\/ld+json\" class=\"yoast-schema-graph\">{\"@context\":\"https:\/\/schema.org\",\"@graph\":[{\"@type\":\"WebPage\",\"@id\":\"https:\/\/suomenkuvalehti.fi\/kirjailijanpaivakirja\/elokuvateatterilukija\/\",\"url\":\"https:\/\/suomenkuvalehti.fi\/kirjailijanpaivakirja\/elokuvateatterilukija\/\",\"name\":\"Elokuvateatterilukija - Kirjailijan p\u00e4iv\u00e4kirja\",\"isPartOf\":{\"@id\":\"https:\/\/suomenkuvalehti.fi\/kirjailijanpaivakirja\/#website\"},\"datePublished\":\"2016-02-12T10:55:44+00:00\",\"dateModified\":\"2016-02-12T10:59:21+00:00\",\"author\":{\"@id\":\"https:\/\/suomenkuvalehti.fi\/kirjailijanpaivakirja\/#\/schema\/person\/ca2dfd9d508d8c675e07b3c099fc789b\"},\"breadcrumb\":{\"@id\":\"https:\/\/suomenkuvalehti.fi\/kirjailijanpaivakirja\/elokuvateatterilukija\/#breadcrumb\"},\"inLanguage\":\"fi\",\"potentialAction\":[{\"@type\":\"ReadAction\",\"target\":[\"https:\/\/suomenkuvalehti.fi\/kirjailijanpaivakirja\/elokuvateatterilukija\/\"]}]},{\"@type\":\"BreadcrumbList\",\"@id\":\"https:\/\/suomenkuvalehti.fi\/kirjailijanpaivakirja\/elokuvateatterilukija\/#breadcrumb\",\"itemListElement\":[{\"@type\":\"ListItem\",\"position\":1,\"name\":\"Home\",\"item\":\"https:\/\/suomenkuvalehti.fi\/kirjailijanpaivakirja\/\"},{\"@type\":\"ListItem\",\"position\":2,\"name\":\"Elokuvateatterilukija\"}]},{\"@type\":\"WebSite\",\"@id\":\"https:\/\/suomenkuvalehti.fi\/kirjailijanpaivakirja\/#website\",\"url\":\"https:\/\/suomenkuvalehti.fi\/kirjailijanpaivakirja\/\",\"name\":\"Kirjailijan p\u00e4iv\u00e4kirja\",\"description\":\"Proosakirjailijan arkea ja kirjallisuuden ajankohtaisia aiheita.\",\"potentialAction\":[{\"@type\":\"SearchAction\",\"target\":{\"@type\":\"EntryPoint\",\"urlTemplate\":\"https:\/\/suomenkuvalehti.fi\/haku\/?q={search_term_string}\"},\"query-input\":{\"@type\":\"PropertyValueSpecification\",\"valueRequired\":true,\"valueName\":\"search_term_string\"}}],\"inLanguage\":\"fi\"},{\"@type\":\"Person\",\"@id\":\"https:\/\/suomenkuvalehti.fi\/kirjailijanpaivakirja\/#\/schema\/person\/ca2dfd9d508d8c675e07b3c099fc789b\",\"name\":\"Karo H\u00e4m\u00e4l\u00e4inen\",\"image\":{\"@type\":\"ImageObject\",\"inLanguage\":\"fi\",\"@id\":\"https:\/\/suomenkuvalehti.fi\/kirjailijanpaivakirja\/#\/schema\/person\/image\/\",\"url\":\"https:\/\/suomenkuvalehti.fi\/kirjailijanpaivakirja\/wp-content\/uploads\/sites\/21\/2022\/04\/hamalainen_karo06-1-150x150.jpg\",\"contentUrl\":\"https:\/\/suomenkuvalehti.fi\/kirjailijanpaivakirja\/wp-content\/uploads\/sites\/21\/2022\/04\/hamalainen_karo06-1-150x150.jpg\",\"caption\":\"Karo H\u00e4m\u00e4l\u00e4inen\"},\"description\":\"Karo H\u00e4m\u00e4l\u00e4inen on kirjailija ja talouteen erikoistunut vapaa toimittaja.\"}]}<\/script>\n<!-- \/ Yoast SEO plugin. -->","yoast_head_json":{"title":"Elokuvateatterilukija - Kirjailijan p\u00e4iv\u00e4kirja","robots":{"index":"index","follow":"follow","max-snippet":"max-snippet:-1","max-image-preview":"max-image-preview:large","max-video-preview":"max-video-preview:-1"},"canonical":"https:\/\/suomenkuvalehti.fi\/kirjailijanpaivakirja\/elokuvateatterilukija\/","og_locale":"fi_FI","og_type":"article","og_title":"Elokuvateatterilukija - Kirjailijan p\u00e4iv\u00e4kirja","og_description":"Sunnuntaina vietet\u00e4\u00e4n maailmanhistorian toista lukurauhan p\u00e4iv\u00e4\u00e4. Suomen kirjas\u00e4\u00e4ti\u00f6n julistaman lukurauhan ajatus on kiinnitt\u00e4\u00e4 huomiota lukemiseen rauhoittumiseen. Kun ensi sunnuntaina sattuu olemaan my\u00f6s yst\u00e4v\u00e4np\u00e4iv\u00e4, t\u00e4m\u00e4nvuotisessa lukurauhan julistuksessa korostuu lukeminen ja yst\u00e4vyys. Ehk\u00e4 v&hellip;","og_url":"https:\/\/suomenkuvalehti.fi\/kirjailijanpaivakirja\/elokuvateatterilukija\/","og_site_name":"Kirjailijan p\u00e4iv\u00e4kirja","article_published_time":"2016-02-12T10:55:44+00:00","article_modified_time":"2016-02-12T10:59:21+00:00","og_image":[{"width":2560,"height":1706,"url":"https:\/\/suomenkuvalehti.fi\/kirjailijanpaivakirja\/wp-content\/uploads\/sites\/21\/2022\/04\/hamalainen_karo06-1-scaled.jpg","type":"image\/jpeg"}],"author":"Karo H\u00e4m\u00e4l\u00e4inen","twitter_card":"summary_large_image","twitter_misc":{"Written by":"Karo H\u00e4m\u00e4l\u00e4inen","Est. reading time":"1 minuutti"},"schema":{"@context":"https:\/\/schema.org","@graph":[{"@type":"WebPage","@id":"https:\/\/suomenkuvalehti.fi\/kirjailijanpaivakirja\/elokuvateatterilukija\/","url":"https:\/\/suomenkuvalehti.fi\/kirjailijanpaivakirja\/elokuvateatterilukija\/","name":"Elokuvateatterilukija - Kirjailijan p\u00e4iv\u00e4kirja","isPartOf":{"@id":"https:\/\/suomenkuvalehti.fi\/kirjailijanpaivakirja\/#website"},"datePublished":"2016-02-12T10:55:44+00:00","dateModified":"2016-02-12T10:59:21+00:00","author":{"@id":"https:\/\/suomenkuvalehti.fi\/kirjailijanpaivakirja\/#\/schema\/person\/ca2dfd9d508d8c675e07b3c099fc789b"},"breadcrumb":{"@id":"https:\/\/suomenkuvalehti.fi\/kirjailijanpaivakirja\/elokuvateatterilukija\/#breadcrumb"},"inLanguage":"fi","potentialAction":[{"@type":"ReadAction","target":["https:\/\/suomenkuvalehti.fi\/kirjailijanpaivakirja\/elokuvateatterilukija\/"]}]},{"@type":"BreadcrumbList","@id":"https:\/\/suomenkuvalehti.fi\/kirjailijanpaivakirja\/elokuvateatterilukija\/#breadcrumb","itemListElement":[{"@type":"ListItem","position":1,"name":"Home","item":"https:\/\/suomenkuvalehti.fi\/kirjailijanpaivakirja\/"},{"@type":"ListItem","position":2,"name":"Elokuvateatterilukija"}]},{"@type":"WebSite","@id":"https:\/\/suomenkuvalehti.fi\/kirjailijanpaivakirja\/#website","url":"https:\/\/suomenkuvalehti.fi\/kirjailijanpaivakirja\/","name":"Kirjailijan p\u00e4iv\u00e4kirja","description":"Proosakirjailijan arkea ja kirjallisuuden ajankohtaisia aiheita.","potentialAction":[{"@type":"SearchAction","target":{"@type":"EntryPoint","urlTemplate":"https:\/\/suomenkuvalehti.fi\/haku\/?q={search_term_string}"},"query-input":{"@type":"PropertyValueSpecification","valueRequired":true,"valueName":"search_term_string"}}],"inLanguage":"fi"},{"@type":"Person","@id":"https:\/\/suomenkuvalehti.fi\/kirjailijanpaivakirja\/#\/schema\/person\/ca2dfd9d508d8c675e07b3c099fc789b","name":"Karo H\u00e4m\u00e4l\u00e4inen","image":{"@type":"ImageObject","inLanguage":"fi","@id":"https:\/\/suomenkuvalehti.fi\/kirjailijanpaivakirja\/#\/schema\/person\/image\/","url":"https:\/\/suomenkuvalehti.fi\/kirjailijanpaivakirja\/wp-content\/uploads\/sites\/21\/2022\/04\/hamalainen_karo06-1-150x150.jpg","contentUrl":"https:\/\/suomenkuvalehti.fi\/kirjailijanpaivakirja\/wp-content\/uploads\/sites\/21\/2022\/04\/hamalainen_karo06-1-150x150.jpg","caption":"Karo H\u00e4m\u00e4l\u00e4inen"},"description":"Karo H\u00e4m\u00e4l\u00e4inen on kirjailija ja talouteen erikoistunut vapaa toimittaja."}]}},"_links":{"self":[{"href":"https:\/\/suomenkuvalehti.fi\/kirjailijanpaivakirja\/wp-json\/wp\/v2\/posts\/539","targetHints":{"allow":["GET"]}}],"collection":[{"href":"https:\/\/suomenkuvalehti.fi\/kirjailijanpaivakirja\/wp-json\/wp\/v2\/posts"}],"about":[{"href":"https:\/\/suomenkuvalehti.fi\/kirjailijanpaivakirja\/wp-json\/wp\/v2\/types\/post"}],"author":[{"embeddable":true,"href":"https:\/\/suomenkuvalehti.fi\/kirjailijanpaivakirja\/wp-json\/wp\/v2\/users\/129"}],"replies":[{"embeddable":true,"href":"https:\/\/suomenkuvalehti.fi\/kirjailijanpaivakirja\/wp-json\/wp\/v2\/comments?post=539"}],"version-history":[{"count":2,"href":"https:\/\/suomenkuvalehti.fi\/kirjailijanpaivakirja\/wp-json\/wp\/v2\/posts\/539\/revisions"}],"predecessor-version":[{"id":541,"href":"https:\/\/suomenkuvalehti.fi\/kirjailijanpaivakirja\/wp-json\/wp\/v2\/posts\/539\/revisions\/541"}],"wp:attachment":[{"href":"https:\/\/suomenkuvalehti.fi\/kirjailijanpaivakirja\/wp-json\/wp\/v2\/media?parent=539"}],"wp:term":[{"taxonomy":"category","embeddable":true,"href":"https:\/\/suomenkuvalehti.fi\/kirjailijanpaivakirja\/wp-json\/wp\/v2\/categories?post=539"},{"taxonomy":"post_tag","embeddable":true,"href":"https:\/\/suomenkuvalehti.fi\/kirjailijanpaivakirja\/wp-json\/wp\/v2\/tags?post=539"}],"curies":[{"name":"wp","href":"https:\/\/api.w.org\/{rel}","templated":true}]}}