{"id":531,"date":"2016-01-26T13:38:40","date_gmt":"2016-01-26T11:38:40","guid":{"rendered":"https:\/\/suomenkuvalehti.fi\/kirjailijanpaivakirja\/?p=531"},"modified":"2016-01-26T13:38:40","modified_gmt":"2016-01-26T11:38:40","slug":"kriitikon-huono-paiva","status":"publish","type":"post","link":"https:\/\/suomenkuvalehti.fi\/kirjailijanpaivakirja\/kriitikon-huono-paiva\/","title":{"rendered":"Kriitikon huono p\u00e4iv\u00e4"},"content":{"rendered":"\n<p>Kirjallisuuskriitikon homman hyv\u00e4t puolet ovat harvassa, mutta yksi niist\u00e4 on se, ett\u00e4 keikkafreelancer voi painaa hommia flunssaisenakin, sik\u00e4li kun kuumeennousun nostattama palelu sallii kirjaa pit\u00e4v\u00e4n k\u00e4den olemisen peiton ulkopuolella \u2013 ja t\u00e4h\u00e4nkin avun suovat peiton alla lukemisen mahdollistavat lukulaitteet.<\/p>\n\n\n\n<p>Kun parhaillaan poden korkean kuumeen nostanutta tautia, mieleeni palasi parin vuoden takainen flunssa, jolloin yht\u00e4 lailla py\u00f6riskelin vuoroin palellen, vuoroin hikoillen p\u00e4\u00e4 t\u00e4ytt\u00e4 r\u00e4k\u00e4\u00e4 \u2013 ja yritin lukea. <strong>Alexander S\u00f6derbergin<\/strong> menestystrilogian ensimm\u00e4inen osa<em> Andalusialainen yst\u00e4v\u00e4<\/em>&nbsp;(suom. <strong>Outi Menna<\/strong>) tuntui tuolloin juuri sopivalta nuhaluettavaksi.<\/p>\n\n\n\n<p>Kirja eteni kehnosti. En kiinnostunut henkil\u00f6ist\u00e4. Mattojen vet\u00e4miset lukijan jalkojen alta tuntuivat keinotekoisilta.<\/p>\n\n\n\n<p>En tainnut kirjoittaa kirjasta j\u00e4rin positiivista arvostelua.<\/p>\n\n\n\n<p>Vaikuttiko k\u00e4sitykseeni kirjasta se, ett\u00e4 luin sit\u00e4 puolitehoisena? Aivan varmasti. Jokainen lukija tiet\u00e4\u00e4, kuinka paljon oma yleinen fiilis vaikuttaa lukukokemukseen.<\/p>\n\n\n\n<p>Samoin jokainen kokenut kriitikko pyrkii suodattamaan oman lukutilanteensa vaikutuksen pois. Ei saa olla kirjailijalle vahingoksi, jos kriitikko on lukenut kirjaa surun tai itseinhon keskell\u00e4. N\u00e4lk\u00e4isen\u00e4. My\u00f6h\u00e4ss\u00e4 olevassa lentokoneessa. Korvatulehduslapsen r\u00e4\u00e4kyess\u00e4 viereisell\u00e4 istuimella.<\/p>\n\n\n\n<p>T\u00e4ydellisesti suodattaminen ei koskaan onnistu, eik\u00e4 lukutilanteita voi vakioida. Kriitikko kuitenkin yritt\u00e4\u00e4, haluaa tehd\u00e4 parhaansa.<\/p>\n\n\n\n<p>Oman kokemukseni perusteella omien lukukokemuksiin vaikuttavien tekij\u00f6iden tarkastelu leikkaa arviosta yleens\u00e4 vain pahimmat ylisanat suuntaan tai toiseen. Siksi kirjailijan n\u00e4k\u00f6kulmasta soisin&nbsp;eritt\u00e4in mielell\u00e4ni, ett\u00e4 kirjani p\u00e4\u00e4tyisiv\u00e4t aina rakastumisen vaaleanpunaisessa pilvess\u00e4 leijailevien kriitikoiden luettavaksi.<\/p>\n\n\n\n<p>Viime kes\u00e4n flunssassa luin <strong>Paula Hawkinsin<\/strong>&nbsp;<em>Nainen junassa<\/em> -dekkarin (suom. <strong>Oona Timonen<\/strong>)&nbsp;\u2013 flunssaisena kirjapinosta hamuaa yleens\u00e4 juuri helppolukuisia kirjoja. En pit\u00e4nyt menestyskirjasta mutten usko, ett\u00e4 syy oli pelk\u00e4st\u00e4\u00e4n taudissani. Kirja vain oli suburban-trilleriksi hidas ja k\u00f6mpel\u00f6. En kirjoittanut kirjasta julkisesti.<\/p>\n\n\n\n<p>T\u00e4ss\u00e4 flunssassani olen s\u00e4\u00e4linyt nykykirjailijoita. Etsin hyllyst\u00e4 lukemattoman klassikon.<\/p>\n\n\n","protected":false},"excerpt":{"rendered":"<p>Kirjallisuuskriitikon homman hyv\u00e4t puolet ovat harvassa, mutta yksi niist\u00e4 on se, ett\u00e4 keikkafreelancer voi painaa hommia flunssaisenakin, sik\u00e4li kun kuumeennousun nostattama palelu sallii kirjaa pit\u00e4v\u00e4n k\u00e4den olemisen peiton ulkopuolella \u2013 ja t\u00e4h\u00e4nkin avun suovat peiton alla lukemisen<br \/>\nmahdollist&hellip;<\/p>\n","protected":false},"author":129,"featured_media":0,"comment_status":"open","ping_status":"open","sticky":false,"template":"","format":"standard","meta":{"_acf_changed":false,"asauth_required_access_level":3,"asauth_cansharepaid":"true","om_header_attributes":[],"footnotes":"","om_featured_image_focal_point":[],"om_primary_tag":0,"om_contributors":[],"om_co_authors":[],"beyondwords_generate_audio":"","beyondwords_project_id":"","beyondwords_content_id":"","beyondwords_preview_token":"","beyondwords_player_content":"","beyondwords_player_style":"","beyondwords_language_code":"","beyondwords_language_id":"","beyondwords_title_voice_id":"","beyondwords_body_voice_id":"","beyondwords_summary_voice_id":"","beyondwords_error_message":"","beyondwords_disabled":"","beyondwords_delete_content":"","beyondwords_podcast_id":"","beyondwords_hash":"","publish_post_to_speechkit":"","speechkit_hash":"","speechkit_generate_audio":"","speechkit_project_id":"","speechkit_podcast_id":"","speechkit_error_message":"","speechkit_disabled":"","speechkit_access_key":"","speechkit_error":"","speechkit_info":"","speechkit_response":"","speechkit_retries":"","speechkit_status":"","speechkit_updated_at":"","_speechkit_link":"","_speechkit_text":""},"categories":[1],"tags":[232,231,230],"class_list":["post-531","post","type-post","status-publish","format-standard","hentry","category-kirjailijan-paivakirja","tag-kirja-arvostelu","tag-kriitikko","tag-kritiikki"],"om_views":null,"acf":{"tuuma_off":false,"tuuma_kysymys":"","tuuma_vastaus":""},"asauth":{"required_access_level":1,"share_token":"","is_paid":false},"yoast_head":"<!-- This site is optimized with the Yoast SEO plugin v26.4 - https:\/\/yoast.com\/wordpress\/plugins\/seo\/ -->\n<title>Kriitikon huono p\u00e4iv\u00e4 - Kirjailijan p\u00e4iv\u00e4kirja<\/title>\n<meta name=\"robots\" content=\"index, follow, max-snippet:-1, max-image-preview:large, max-video-preview:-1\" \/>\n<link rel=\"canonical\" href=\"https:\/\/suomenkuvalehti.fi\/kirjailijanpaivakirja\/kriitikon-huono-paiva\/\" \/>\n<meta property=\"og:locale\" content=\"fi_FI\" \/>\n<meta property=\"og:type\" content=\"article\" \/>\n<meta property=\"og:title\" content=\"Kriitikon huono p\u00e4iv\u00e4 - Kirjailijan p\u00e4iv\u00e4kirja\" \/>\n<meta property=\"og:description\" content=\"Kirjallisuuskriitikon homman hyv\u00e4t puolet ovat harvassa, mutta yksi niist\u00e4 on se, ett\u00e4 keikkafreelancer voi painaa hommia flunssaisenakin, sik\u00e4li kun kuumeennousun nostattama palelu sallii kirjaa pit\u00e4v\u00e4n k\u00e4den olemisen peiton ulkopuolella \u2013 ja t\u00e4h\u00e4nkin avun suovat peiton alla lukemisen mahdollist&hellip;\" \/>\n<meta property=\"og:url\" content=\"https:\/\/suomenkuvalehti.fi\/kirjailijanpaivakirja\/kriitikon-huono-paiva\/\" \/>\n<meta property=\"og:site_name\" content=\"Kirjailijan p\u00e4iv\u00e4kirja\" \/>\n<meta property=\"article:published_time\" content=\"2016-01-26T11:38:40+00:00\" \/>\n<meta property=\"og:image\" content=\"https:\/\/suomenkuvalehti.fi\/kirjailijanpaivakirja\/wp-content\/uploads\/sites\/21\/2022\/04\/hamalainen_karo06-1-scaled.jpg\" \/>\n\t<meta property=\"og:image:width\" content=\"2560\" \/>\n\t<meta property=\"og:image:height\" content=\"1706\" \/>\n\t<meta property=\"og:image:type\" content=\"image\/jpeg\" \/>\n<meta name=\"author\" content=\"Karo H\u00e4m\u00e4l\u00e4inen\" \/>\n<meta name=\"twitter:card\" content=\"summary_large_image\" \/>\n<meta name=\"twitter:label1\" content=\"Written by\" \/>\n\t<meta name=\"twitter:data1\" content=\"Karo H\u00e4m\u00e4l\u00e4inen\" \/>\n\t<meta name=\"twitter:label2\" content=\"Est. reading time\" \/>\n\t<meta name=\"twitter:data2\" content=\"1 minuutti\" \/>\n<script type=\"application\/ld+json\" class=\"yoast-schema-graph\">{\"@context\":\"https:\/\/schema.org\",\"@graph\":[{\"@type\":\"WebPage\",\"@id\":\"https:\/\/suomenkuvalehti.fi\/kirjailijanpaivakirja\/kriitikon-huono-paiva\/\",\"url\":\"https:\/\/suomenkuvalehti.fi\/kirjailijanpaivakirja\/kriitikon-huono-paiva\/\",\"name\":\"Kriitikon huono p\u00e4iv\u00e4 - Kirjailijan p\u00e4iv\u00e4kirja\",\"isPartOf\":{\"@id\":\"https:\/\/suomenkuvalehti.fi\/kirjailijanpaivakirja\/#website\"},\"datePublished\":\"2016-01-26T11:38:40+00:00\",\"author\":{\"@id\":\"https:\/\/suomenkuvalehti.fi\/kirjailijanpaivakirja\/#\/schema\/person\/ca2dfd9d508d8c675e07b3c099fc789b\"},\"breadcrumb\":{\"@id\":\"https:\/\/suomenkuvalehti.fi\/kirjailijanpaivakirja\/kriitikon-huono-paiva\/#breadcrumb\"},\"inLanguage\":\"fi\",\"potentialAction\":[{\"@type\":\"ReadAction\",\"target\":[\"https:\/\/suomenkuvalehti.fi\/kirjailijanpaivakirja\/kriitikon-huono-paiva\/\"]}]},{\"@type\":\"BreadcrumbList\",\"@id\":\"https:\/\/suomenkuvalehti.fi\/kirjailijanpaivakirja\/kriitikon-huono-paiva\/#breadcrumb\",\"itemListElement\":[{\"@type\":\"ListItem\",\"position\":1,\"name\":\"Home\",\"item\":\"https:\/\/suomenkuvalehti.fi\/kirjailijanpaivakirja\/\"},{\"@type\":\"ListItem\",\"position\":2,\"name\":\"Kriitikon huono p\u00e4iv\u00e4\"}]},{\"@type\":\"WebSite\",\"@id\":\"https:\/\/suomenkuvalehti.fi\/kirjailijanpaivakirja\/#website\",\"url\":\"https:\/\/suomenkuvalehti.fi\/kirjailijanpaivakirja\/\",\"name\":\"Kirjailijan p\u00e4iv\u00e4kirja\",\"description\":\"Proosakirjailijan arkea ja kirjallisuuden ajankohtaisia aiheita.\",\"potentialAction\":[{\"@type\":\"SearchAction\",\"target\":{\"@type\":\"EntryPoint\",\"urlTemplate\":\"https:\/\/suomenkuvalehti.fi\/haku\/?q={search_term_string}\"},\"query-input\":{\"@type\":\"PropertyValueSpecification\",\"valueRequired\":true,\"valueName\":\"search_term_string\"}}],\"inLanguage\":\"fi\"},{\"@type\":\"Person\",\"@id\":\"https:\/\/suomenkuvalehti.fi\/kirjailijanpaivakirja\/#\/schema\/person\/ca2dfd9d508d8c675e07b3c099fc789b\",\"name\":\"Karo H\u00e4m\u00e4l\u00e4inen\",\"image\":{\"@type\":\"ImageObject\",\"inLanguage\":\"fi\",\"@id\":\"https:\/\/suomenkuvalehti.fi\/kirjailijanpaivakirja\/#\/schema\/person\/image\/\",\"url\":\"https:\/\/suomenkuvalehti.fi\/kirjailijanpaivakirja\/wp-content\/uploads\/sites\/21\/2022\/04\/hamalainen_karo06-1-150x150.jpg\",\"contentUrl\":\"https:\/\/suomenkuvalehti.fi\/kirjailijanpaivakirja\/wp-content\/uploads\/sites\/21\/2022\/04\/hamalainen_karo06-1-150x150.jpg\",\"caption\":\"Karo H\u00e4m\u00e4l\u00e4inen\"},\"description\":\"Karo H\u00e4m\u00e4l\u00e4inen on kirjailija ja talouteen erikoistunut vapaa toimittaja.\"}]}<\/script>\n<!-- \/ Yoast SEO plugin. -->","yoast_head_json":{"title":"Kriitikon huono p\u00e4iv\u00e4 - Kirjailijan p\u00e4iv\u00e4kirja","robots":{"index":"index","follow":"follow","max-snippet":"max-snippet:-1","max-image-preview":"max-image-preview:large","max-video-preview":"max-video-preview:-1"},"canonical":"https:\/\/suomenkuvalehti.fi\/kirjailijanpaivakirja\/kriitikon-huono-paiva\/","og_locale":"fi_FI","og_type":"article","og_title":"Kriitikon huono p\u00e4iv\u00e4 - Kirjailijan p\u00e4iv\u00e4kirja","og_description":"Kirjallisuuskriitikon homman hyv\u00e4t puolet ovat harvassa, mutta yksi niist\u00e4 on se, ett\u00e4 keikkafreelancer voi painaa hommia flunssaisenakin, sik\u00e4li kun kuumeennousun nostattama palelu sallii kirjaa pit\u00e4v\u00e4n k\u00e4den olemisen peiton ulkopuolella \u2013 ja t\u00e4h\u00e4nkin avun suovat peiton alla lukemisen mahdollist&hellip;","og_url":"https:\/\/suomenkuvalehti.fi\/kirjailijanpaivakirja\/kriitikon-huono-paiva\/","og_site_name":"Kirjailijan p\u00e4iv\u00e4kirja","article_published_time":"2016-01-26T11:38:40+00:00","og_image":[{"width":2560,"height":1706,"url":"https:\/\/suomenkuvalehti.fi\/kirjailijanpaivakirja\/wp-content\/uploads\/sites\/21\/2022\/04\/hamalainen_karo06-1-scaled.jpg","type":"image\/jpeg"}],"author":"Karo H\u00e4m\u00e4l\u00e4inen","twitter_card":"summary_large_image","twitter_misc":{"Written by":"Karo H\u00e4m\u00e4l\u00e4inen","Est. reading time":"1 minuutti"},"schema":{"@context":"https:\/\/schema.org","@graph":[{"@type":"WebPage","@id":"https:\/\/suomenkuvalehti.fi\/kirjailijanpaivakirja\/kriitikon-huono-paiva\/","url":"https:\/\/suomenkuvalehti.fi\/kirjailijanpaivakirja\/kriitikon-huono-paiva\/","name":"Kriitikon huono p\u00e4iv\u00e4 - Kirjailijan p\u00e4iv\u00e4kirja","isPartOf":{"@id":"https:\/\/suomenkuvalehti.fi\/kirjailijanpaivakirja\/#website"},"datePublished":"2016-01-26T11:38:40+00:00","author":{"@id":"https:\/\/suomenkuvalehti.fi\/kirjailijanpaivakirja\/#\/schema\/person\/ca2dfd9d508d8c675e07b3c099fc789b"},"breadcrumb":{"@id":"https:\/\/suomenkuvalehti.fi\/kirjailijanpaivakirja\/kriitikon-huono-paiva\/#breadcrumb"},"inLanguage":"fi","potentialAction":[{"@type":"ReadAction","target":["https:\/\/suomenkuvalehti.fi\/kirjailijanpaivakirja\/kriitikon-huono-paiva\/"]}]},{"@type":"BreadcrumbList","@id":"https:\/\/suomenkuvalehti.fi\/kirjailijanpaivakirja\/kriitikon-huono-paiva\/#breadcrumb","itemListElement":[{"@type":"ListItem","position":1,"name":"Home","item":"https:\/\/suomenkuvalehti.fi\/kirjailijanpaivakirja\/"},{"@type":"ListItem","position":2,"name":"Kriitikon huono p\u00e4iv\u00e4"}]},{"@type":"WebSite","@id":"https:\/\/suomenkuvalehti.fi\/kirjailijanpaivakirja\/#website","url":"https:\/\/suomenkuvalehti.fi\/kirjailijanpaivakirja\/","name":"Kirjailijan p\u00e4iv\u00e4kirja","description":"Proosakirjailijan arkea ja kirjallisuuden ajankohtaisia aiheita.","potentialAction":[{"@type":"SearchAction","target":{"@type":"EntryPoint","urlTemplate":"https:\/\/suomenkuvalehti.fi\/haku\/?q={search_term_string}"},"query-input":{"@type":"PropertyValueSpecification","valueRequired":true,"valueName":"search_term_string"}}],"inLanguage":"fi"},{"@type":"Person","@id":"https:\/\/suomenkuvalehti.fi\/kirjailijanpaivakirja\/#\/schema\/person\/ca2dfd9d508d8c675e07b3c099fc789b","name":"Karo H\u00e4m\u00e4l\u00e4inen","image":{"@type":"ImageObject","inLanguage":"fi","@id":"https:\/\/suomenkuvalehti.fi\/kirjailijanpaivakirja\/#\/schema\/person\/image\/","url":"https:\/\/suomenkuvalehti.fi\/kirjailijanpaivakirja\/wp-content\/uploads\/sites\/21\/2022\/04\/hamalainen_karo06-1-150x150.jpg","contentUrl":"https:\/\/suomenkuvalehti.fi\/kirjailijanpaivakirja\/wp-content\/uploads\/sites\/21\/2022\/04\/hamalainen_karo06-1-150x150.jpg","caption":"Karo H\u00e4m\u00e4l\u00e4inen"},"description":"Karo H\u00e4m\u00e4l\u00e4inen on kirjailija ja talouteen erikoistunut vapaa toimittaja."}]}},"_links":{"self":[{"href":"https:\/\/suomenkuvalehti.fi\/kirjailijanpaivakirja\/wp-json\/wp\/v2\/posts\/531","targetHints":{"allow":["GET"]}}],"collection":[{"href":"https:\/\/suomenkuvalehti.fi\/kirjailijanpaivakirja\/wp-json\/wp\/v2\/posts"}],"about":[{"href":"https:\/\/suomenkuvalehti.fi\/kirjailijanpaivakirja\/wp-json\/wp\/v2\/types\/post"}],"author":[{"embeddable":true,"href":"https:\/\/suomenkuvalehti.fi\/kirjailijanpaivakirja\/wp-json\/wp\/v2\/users\/129"}],"replies":[{"embeddable":true,"href":"https:\/\/suomenkuvalehti.fi\/kirjailijanpaivakirja\/wp-json\/wp\/v2\/comments?post=531"}],"version-history":[{"count":1,"href":"https:\/\/suomenkuvalehti.fi\/kirjailijanpaivakirja\/wp-json\/wp\/v2\/posts\/531\/revisions"}],"predecessor-version":[{"id":532,"href":"https:\/\/suomenkuvalehti.fi\/kirjailijanpaivakirja\/wp-json\/wp\/v2\/posts\/531\/revisions\/532"}],"wp:attachment":[{"href":"https:\/\/suomenkuvalehti.fi\/kirjailijanpaivakirja\/wp-json\/wp\/v2\/media?parent=531"}],"wp:term":[{"taxonomy":"category","embeddable":true,"href":"https:\/\/suomenkuvalehti.fi\/kirjailijanpaivakirja\/wp-json\/wp\/v2\/categories?post=531"},{"taxonomy":"post_tag","embeddable":true,"href":"https:\/\/suomenkuvalehti.fi\/kirjailijanpaivakirja\/wp-json\/wp\/v2\/tags?post=531"}],"curies":[{"name":"wp","href":"https:\/\/api.w.org\/{rel}","templated":true}]}}