{"id":502,"date":"2015-12-17T15:05:03","date_gmt":"2015-12-17T13:05:03","guid":{"rendered":"https:\/\/suomenkuvalehti.fi\/kirjailijanpaivakirja\/?p=502"},"modified":"2015-12-17T15:05:03","modified_gmt":"2015-12-17T13:05:03","slug":"kirjoja-ja-lahjakirjoja","status":"publish","type":"post","link":"https:\/\/suomenkuvalehti.fi\/kirjailijanpaivakirja\/kirjoja-ja-lahjakirjoja\/","title":{"rendered":"Kirjoja ja lahjakirjoja"},"content":{"rendered":"\n<p>&#8221;Kaunokirjoista jopa 40 prosenttia myyd\u00e4\u00e4n is\u00e4np\u00e4iv\u00e4n ja joulun v\u00e4lisen\u00e4 aikana. Vaikuttaako se kirjoihin?&#8221;<\/p>\n\n\n\n<p>Ensimm\u00e4inen lause on <strong>Antti Majanderin<\/strong> toissap\u00e4iv\u00e4iseen <em>Hesariin<\/em> kirjoittamasta artikkelista. J\u00e4lkimm\u00e4isen lauseen, kysymyksen, esitti Twitteriss\u00e4 joku, jota en saa en\u00e4\u00e4 p\u00e4\u00e4h\u00e4ni. Kreditoisin, jos muistaisin, sill\u00e4 kysymys on hyv\u00e4 ja vastausyrityksen arvoinen. (Saatan muistaa kysymyksen v\u00e4\u00e4rin; kysymys saattoi kuulua vaikkapa: &#8221;Kuinka se vaikuttaa kirjoihin?&#8221;)<\/p>\n\n\n\n<p>Vastaukseni ei ole &#8221;kyll\u00e4&#8221; eik\u00e4 &#8221;ei&#8221;, ja twiittimittaan tiivistettyn\u00e4 se voisi kuulua: &#8221;Tuskin laajasti sis\u00e4lt\u00f6ihin, mutta kirjojen myyntiin kyll\u00e4.&#8221;<\/p>\n\n\n\n<p>Uskoakseni useimmat kirjailijat eiv\u00e4t kirjoita kaunokirjallisuutta sill\u00e4 ajatuksella, ett\u00e4 teos k\u00e4visi mahdollisimman hyvin kaupaksi. Poikkeuksia on, mutta kirjanimikkeiden paljoudessa ne ovat ennemmin harvinaisia tapauksia. Vain muutama on onnistunut nousemaan megamyyj\u00e4ksi kirjoittamalla tietoisesti helposti myyt\u00e4v\u00e4ksi tarkoitettuja teoksia. Kirjailijanimimerkki <strong>Ilkka Remes<\/strong> on Suomessa paras esimerkki.<\/p>\n\n\n\n<p>Useimmat kirjailijat tiet\u00e4v\u00e4t vallan hyvin, ett\u00e4 mahdollisuus tienata kohtuullinen elanto kirjojen myyntituloilla on varsin pieni. Valtaosalle kirjailijoista apurahat ovat selv\u00e4sti t\u00e4rke\u00e4mpi osa tulonmuodostusta kuin kirjojen myyntitulot.<\/p>\n\n\n\n<p>Eik\u00e4 ole lainkaan p\u00f6ll\u00f6\u00e4 kysy\u00e4, kuinka se sitten vaikuttaa suomalaiseen kaunokirjallisuuteen. Kirjoittavatko kirjailijat apurahalautakunnille, eiv\u00e4t kirjatoimialaa (kirjakaupat, kustantamot jne.) yll\u00e4pit\u00e4v\u00e4lle kirjoja ostavalle yleis\u00f6lle?<\/p>\n\n\n\n<p>Vaikka kirjojen lahjaluonne ei luultavasti vaikutakaan merkitt\u00e4v\u00e4sti kirjojen sis\u00e4lt\u00f6\u00f6n \u2013 kirjailijat eiv\u00e4t esimerkiksi pyri kirjoittamaan ylikorostetun helposti tai v\u00e4lttelem\u00e4\u00e4n aiheita, jotka voisivat est\u00e4\u00e4 lahjaksiantop\u00e4\u00e4t\u00f6ksen \u2013, lahjamyynnin osuus kirjojen kokonaismyynnist\u00e4 vaikuttaa siihen, mit\u00e4 myyd\u00e4\u00e4n.<\/p>\n\n\n\n<p>V\u00e4ite ei ole typer\u00e4 itsest\u00e4\u00e4nselvyys. Tarkoitan sit\u00e4, ett\u00e4 koska kirjakaupat ja kustantajat tiet\u00e4v\u00e4t, ett\u00e4 kirjoja ostetaan lahjaksi, kirjakaupoissa on runsaasti esill\u00e4 ja mediassa mainostetaan juuri potentiaalisia lahjakirjoja. Koska tarjonta ja mainonta lis\u00e4\u00e4v\u00e4t kysynt\u00e4\u00e4, juuri oletetusti kiinnostavia lahjakirjoja myyd\u00e4\u00e4n.<\/p>\n\n\n\n<p>Osaltaan t\u00e4m\u00e4 johtaa kustannus- ja kirjakauppaketjun konservatiivisuuteen: myyntip\u00f6ytiin ja mainoksiin p\u00e4\u00e4tyv\u00e4t ne teokset, joiden kaltaisia on edellisin\u00e4 vuosina ostettu lahjaksi. Tuon piirin ulkopuolelta kirjan on vaikea p\u00e4\u00e4ty\u00e4 kuluttajan k\u00e4teen, koska sit\u00e4 ei mainosteta ja sit\u00e4 voi olla vaikea l\u00f6yt\u00e4\u00e4 kaupan hyllyst\u00e4, kun paalikirjat viev\u00e4t huomion. Kirjamyynniss\u00e4 merkityst\u00e4\u00e4n nostavien markettien valikoimat ovat usein ohuemmat kuin perinteisten kirjakauppojen.<\/p>\n\n\n\n<p>J\u00e4hme\u00e4t markkinointi- ja valikoimasuunnitelmat reagoivat kehnonpuoleisesti vaikkapa positiivisiin kritiikkeihin ja kirjan muuhun mediahuomioon. Kirjan hyv\u00e4 myyntikin tuntuu vaikuttavan t\u00e4llaisiin p\u00e4\u00e4t\u00f6ksiin rajallisesti.<\/p>\n\n\n\n<p>Lahjaksi ostettujen kirjojen paino n\u00e4kyy my\u00f6s bestsellerlistoilla, joita hallitsevat muutamat perusnimet, kirjailijat, joiden teos on varma valinta, jos lahjansaajan tiedet\u00e4\u00e4n pit\u00e4neen aiemmasta (tai kahdestakymmenest\u00e4 aiemmasta) saman kirjailijan teoksesta. Yhdell\u00e4 vuosikymmenell\u00e4 is\u00e4np\u00e4iv\u00e4- ja joululahjaksi uusin<strong> P\u00e4\u00e4talo<\/strong>, nyt ehk\u00e4 Remes tai <strong>Kyr\u00f6<\/strong>.<\/p>\n\n\n\n<p>Odotuksenmukaisten myyjien ulkopuolelta bestsellerlistoille tunkeutuu vuoden Finlandia-voittaja. Odotuksenmukaisesti.<\/p>\n\n\n\n<p>Siksi ei, eli kyll\u00e4.<\/p>\n\n\n\n<p>&nbsp;<\/p>\n\n\n","protected":false},"excerpt":{"rendered":"<p>&#8221;Kaunokirjoista jopa 40 prosenttia myyd\u00e4\u00e4n is\u00e4np\u00e4iv\u00e4n ja joulun v\u00e4lisen\u00e4 aikana. Vaikuttaako se kirjoihin?&#8221; Ensimm\u00e4inen lause on Antti Majanderin toissap\u00e4iv\u00e4iseen Hesariin kirjoittamasta artikkelista. J\u00e4lkimm\u00e4isen lauseen, kysymyksen, esitti Twitteriss\u00e4 joku, jota en saa en\u00e4\u00e4<br \/>\np\u00e4\u00e4h\u00e4ni. Kredi&hellip;<\/p>\n","protected":false},"author":129,"featured_media":0,"comment_status":"open","ping_status":"open","sticky":false,"template":"","format":"standard","meta":{"_acf_changed":false,"asauth_required_access_level":3,"asauth_cansharepaid":"true","om_header_attributes":[],"footnotes":"","om_featured_image_focal_point":[],"om_primary_tag":0,"om_contributors":[],"om_co_authors":[],"beyondwords_generate_audio":"","beyondwords_project_id":"","beyondwords_content_id":"","beyondwords_preview_token":"","beyondwords_player_content":"","beyondwords_player_style":"","beyondwords_language_code":"","beyondwords_language_id":"","beyondwords_title_voice_id":"","beyondwords_body_voice_id":"","beyondwords_summary_voice_id":"","beyondwords_error_message":"","beyondwords_disabled":"","beyondwords_delete_content":"","beyondwords_podcast_id":"","beyondwords_hash":"","publish_post_to_speechkit":"","speechkit_hash":"","speechkit_generate_audio":"","speechkit_project_id":"","speechkit_podcast_id":"","speechkit_error_message":"","speechkit_disabled":"","speechkit_access_key":"","speechkit_error":"","speechkit_info":"","speechkit_response":"","speechkit_retries":"","speechkit_status":"","speechkit_updated_at":"","_speechkit_link":"","_speechkit_text":""},"categories":[1],"tags":[542,118,59,56,57],"class_list":["post-502","post","type-post","status-publish","format-standard","hentry","category-kirjailijan-paivakirja","tag-joululahjat","tag-kirja","tag-kirjakauppa","tag-kirjamyynti","tag-kustantamot"],"om_views":null,"acf":{"tuuma_off":false,"tuuma_kysymys":"","tuuma_vastaus":""},"asauth":{"required_access_level":1,"share_token":"","is_paid":false},"yoast_head":"<!-- This site is optimized with the Yoast SEO plugin v26.4 - https:\/\/yoast.com\/wordpress\/plugins\/seo\/ -->\n<title>Kirjoja ja lahjakirjoja - Kirjailijan p\u00e4iv\u00e4kirja<\/title>\n<meta name=\"robots\" content=\"index, follow, max-snippet:-1, max-image-preview:large, max-video-preview:-1\" \/>\n<link rel=\"canonical\" href=\"https:\/\/suomenkuvalehti.fi\/kirjailijanpaivakirja\/kirjoja-ja-lahjakirjoja\/\" \/>\n<meta property=\"og:locale\" content=\"fi_FI\" \/>\n<meta property=\"og:type\" content=\"article\" \/>\n<meta property=\"og:title\" content=\"Kirjoja ja lahjakirjoja - Kirjailijan p\u00e4iv\u00e4kirja\" \/>\n<meta property=\"og:description\" content=\"&#8221;Kaunokirjoista jopa 40 prosenttia myyd\u00e4\u00e4n is\u00e4np\u00e4iv\u00e4n ja joulun v\u00e4lisen\u00e4 aikana. Vaikuttaako se kirjoihin?&#8221; Ensimm\u00e4inen lause on Antti Majanderin toissap\u00e4iv\u00e4iseen Hesariin kirjoittamasta artikkelista. J\u00e4lkimm\u00e4isen lauseen, kysymyksen, esitti Twitteriss\u00e4 joku, jota en saa en\u00e4\u00e4 p\u00e4\u00e4h\u00e4ni. Kredi&hellip;\" \/>\n<meta property=\"og:url\" content=\"https:\/\/suomenkuvalehti.fi\/kirjailijanpaivakirja\/kirjoja-ja-lahjakirjoja\/\" \/>\n<meta property=\"og:site_name\" content=\"Kirjailijan p\u00e4iv\u00e4kirja\" \/>\n<meta property=\"article:published_time\" content=\"2015-12-17T13:05:03+00:00\" \/>\n<meta property=\"og:image\" content=\"https:\/\/suomenkuvalehti.fi\/kirjailijanpaivakirja\/wp-content\/uploads\/sites\/21\/2022\/04\/hamalainen_karo06-1-scaled.jpg\" \/>\n\t<meta property=\"og:image:width\" content=\"2560\" \/>\n\t<meta property=\"og:image:height\" content=\"1706\" \/>\n\t<meta property=\"og:image:type\" content=\"image\/jpeg\" \/>\n<meta name=\"author\" content=\"Karo H\u00e4m\u00e4l\u00e4inen\" \/>\n<meta name=\"twitter:card\" content=\"summary_large_image\" \/>\n<meta name=\"twitter:label1\" content=\"Written by\" \/>\n\t<meta name=\"twitter:data1\" content=\"Karo H\u00e4m\u00e4l\u00e4inen\" \/>\n\t<meta name=\"twitter:label2\" content=\"Est. reading time\" \/>\n\t<meta name=\"twitter:data2\" content=\"2 minuuttia\" \/>\n<script type=\"application\/ld+json\" class=\"yoast-schema-graph\">{\"@context\":\"https:\/\/schema.org\",\"@graph\":[{\"@type\":\"WebPage\",\"@id\":\"https:\/\/suomenkuvalehti.fi\/kirjailijanpaivakirja\/kirjoja-ja-lahjakirjoja\/\",\"url\":\"https:\/\/suomenkuvalehti.fi\/kirjailijanpaivakirja\/kirjoja-ja-lahjakirjoja\/\",\"name\":\"Kirjoja ja lahjakirjoja - Kirjailijan p\u00e4iv\u00e4kirja\",\"isPartOf\":{\"@id\":\"https:\/\/suomenkuvalehti.fi\/kirjailijanpaivakirja\/#website\"},\"datePublished\":\"2015-12-17T13:05:03+00:00\",\"author\":{\"@id\":\"https:\/\/suomenkuvalehti.fi\/kirjailijanpaivakirja\/#\/schema\/person\/ca2dfd9d508d8c675e07b3c099fc789b\"},\"breadcrumb\":{\"@id\":\"https:\/\/suomenkuvalehti.fi\/kirjailijanpaivakirja\/kirjoja-ja-lahjakirjoja\/#breadcrumb\"},\"inLanguage\":\"fi\",\"potentialAction\":[{\"@type\":\"ReadAction\",\"target\":[\"https:\/\/suomenkuvalehti.fi\/kirjailijanpaivakirja\/kirjoja-ja-lahjakirjoja\/\"]}]},{\"@type\":\"BreadcrumbList\",\"@id\":\"https:\/\/suomenkuvalehti.fi\/kirjailijanpaivakirja\/kirjoja-ja-lahjakirjoja\/#breadcrumb\",\"itemListElement\":[{\"@type\":\"ListItem\",\"position\":1,\"name\":\"Home\",\"item\":\"https:\/\/suomenkuvalehti.fi\/kirjailijanpaivakirja\/\"},{\"@type\":\"ListItem\",\"position\":2,\"name\":\"Kirjoja ja lahjakirjoja\"}]},{\"@type\":\"WebSite\",\"@id\":\"https:\/\/suomenkuvalehti.fi\/kirjailijanpaivakirja\/#website\",\"url\":\"https:\/\/suomenkuvalehti.fi\/kirjailijanpaivakirja\/\",\"name\":\"Kirjailijan p\u00e4iv\u00e4kirja\",\"description\":\"Proosakirjailijan arkea ja kirjallisuuden ajankohtaisia aiheita.\",\"potentialAction\":[{\"@type\":\"SearchAction\",\"target\":{\"@type\":\"EntryPoint\",\"urlTemplate\":\"https:\/\/suomenkuvalehti.fi\/haku\/?q={search_term_string}\"},\"query-input\":{\"@type\":\"PropertyValueSpecification\",\"valueRequired\":true,\"valueName\":\"search_term_string\"}}],\"inLanguage\":\"fi\"},{\"@type\":\"Person\",\"@id\":\"https:\/\/suomenkuvalehti.fi\/kirjailijanpaivakirja\/#\/schema\/person\/ca2dfd9d508d8c675e07b3c099fc789b\",\"name\":\"Karo H\u00e4m\u00e4l\u00e4inen\",\"image\":{\"@type\":\"ImageObject\",\"inLanguage\":\"fi\",\"@id\":\"https:\/\/suomenkuvalehti.fi\/kirjailijanpaivakirja\/#\/schema\/person\/image\/\",\"url\":\"https:\/\/suomenkuvalehti.fi\/kirjailijanpaivakirja\/wp-content\/uploads\/sites\/21\/2022\/04\/hamalainen_karo06-1-150x150.jpg\",\"contentUrl\":\"https:\/\/suomenkuvalehti.fi\/kirjailijanpaivakirja\/wp-content\/uploads\/sites\/21\/2022\/04\/hamalainen_karo06-1-150x150.jpg\",\"caption\":\"Karo H\u00e4m\u00e4l\u00e4inen\"},\"description\":\"Karo H\u00e4m\u00e4l\u00e4inen on kirjailija ja talouteen erikoistunut vapaa toimittaja.\"}]}<\/script>\n<!-- \/ Yoast SEO plugin. -->","yoast_head_json":{"title":"Kirjoja ja lahjakirjoja - Kirjailijan p\u00e4iv\u00e4kirja","robots":{"index":"index","follow":"follow","max-snippet":"max-snippet:-1","max-image-preview":"max-image-preview:large","max-video-preview":"max-video-preview:-1"},"canonical":"https:\/\/suomenkuvalehti.fi\/kirjailijanpaivakirja\/kirjoja-ja-lahjakirjoja\/","og_locale":"fi_FI","og_type":"article","og_title":"Kirjoja ja lahjakirjoja - Kirjailijan p\u00e4iv\u00e4kirja","og_description":"&#8221;Kaunokirjoista jopa 40 prosenttia myyd\u00e4\u00e4n is\u00e4np\u00e4iv\u00e4n ja joulun v\u00e4lisen\u00e4 aikana. Vaikuttaako se kirjoihin?&#8221; Ensimm\u00e4inen lause on Antti Majanderin toissap\u00e4iv\u00e4iseen Hesariin kirjoittamasta artikkelista. J\u00e4lkimm\u00e4isen lauseen, kysymyksen, esitti Twitteriss\u00e4 joku, jota en saa en\u00e4\u00e4 p\u00e4\u00e4h\u00e4ni. Kredi&hellip;","og_url":"https:\/\/suomenkuvalehti.fi\/kirjailijanpaivakirja\/kirjoja-ja-lahjakirjoja\/","og_site_name":"Kirjailijan p\u00e4iv\u00e4kirja","article_published_time":"2015-12-17T13:05:03+00:00","og_image":[{"width":2560,"height":1706,"url":"https:\/\/suomenkuvalehti.fi\/kirjailijanpaivakirja\/wp-content\/uploads\/sites\/21\/2022\/04\/hamalainen_karo06-1-scaled.jpg","type":"image\/jpeg"}],"author":"Karo H\u00e4m\u00e4l\u00e4inen","twitter_card":"summary_large_image","twitter_misc":{"Written by":"Karo H\u00e4m\u00e4l\u00e4inen","Est. reading time":"2 minuuttia"},"schema":{"@context":"https:\/\/schema.org","@graph":[{"@type":"WebPage","@id":"https:\/\/suomenkuvalehti.fi\/kirjailijanpaivakirja\/kirjoja-ja-lahjakirjoja\/","url":"https:\/\/suomenkuvalehti.fi\/kirjailijanpaivakirja\/kirjoja-ja-lahjakirjoja\/","name":"Kirjoja ja lahjakirjoja - Kirjailijan p\u00e4iv\u00e4kirja","isPartOf":{"@id":"https:\/\/suomenkuvalehti.fi\/kirjailijanpaivakirja\/#website"},"datePublished":"2015-12-17T13:05:03+00:00","author":{"@id":"https:\/\/suomenkuvalehti.fi\/kirjailijanpaivakirja\/#\/schema\/person\/ca2dfd9d508d8c675e07b3c099fc789b"},"breadcrumb":{"@id":"https:\/\/suomenkuvalehti.fi\/kirjailijanpaivakirja\/kirjoja-ja-lahjakirjoja\/#breadcrumb"},"inLanguage":"fi","potentialAction":[{"@type":"ReadAction","target":["https:\/\/suomenkuvalehti.fi\/kirjailijanpaivakirja\/kirjoja-ja-lahjakirjoja\/"]}]},{"@type":"BreadcrumbList","@id":"https:\/\/suomenkuvalehti.fi\/kirjailijanpaivakirja\/kirjoja-ja-lahjakirjoja\/#breadcrumb","itemListElement":[{"@type":"ListItem","position":1,"name":"Home","item":"https:\/\/suomenkuvalehti.fi\/kirjailijanpaivakirja\/"},{"@type":"ListItem","position":2,"name":"Kirjoja ja lahjakirjoja"}]},{"@type":"WebSite","@id":"https:\/\/suomenkuvalehti.fi\/kirjailijanpaivakirja\/#website","url":"https:\/\/suomenkuvalehti.fi\/kirjailijanpaivakirja\/","name":"Kirjailijan p\u00e4iv\u00e4kirja","description":"Proosakirjailijan arkea ja kirjallisuuden ajankohtaisia aiheita.","potentialAction":[{"@type":"SearchAction","target":{"@type":"EntryPoint","urlTemplate":"https:\/\/suomenkuvalehti.fi\/haku\/?q={search_term_string}"},"query-input":{"@type":"PropertyValueSpecification","valueRequired":true,"valueName":"search_term_string"}}],"inLanguage":"fi"},{"@type":"Person","@id":"https:\/\/suomenkuvalehti.fi\/kirjailijanpaivakirja\/#\/schema\/person\/ca2dfd9d508d8c675e07b3c099fc789b","name":"Karo H\u00e4m\u00e4l\u00e4inen","image":{"@type":"ImageObject","inLanguage":"fi","@id":"https:\/\/suomenkuvalehti.fi\/kirjailijanpaivakirja\/#\/schema\/person\/image\/","url":"https:\/\/suomenkuvalehti.fi\/kirjailijanpaivakirja\/wp-content\/uploads\/sites\/21\/2022\/04\/hamalainen_karo06-1-150x150.jpg","contentUrl":"https:\/\/suomenkuvalehti.fi\/kirjailijanpaivakirja\/wp-content\/uploads\/sites\/21\/2022\/04\/hamalainen_karo06-1-150x150.jpg","caption":"Karo H\u00e4m\u00e4l\u00e4inen"},"description":"Karo H\u00e4m\u00e4l\u00e4inen on kirjailija ja talouteen erikoistunut vapaa toimittaja."}]}},"_links":{"self":[{"href":"https:\/\/suomenkuvalehti.fi\/kirjailijanpaivakirja\/wp-json\/wp\/v2\/posts\/502","targetHints":{"allow":["GET"]}}],"collection":[{"href":"https:\/\/suomenkuvalehti.fi\/kirjailijanpaivakirja\/wp-json\/wp\/v2\/posts"}],"about":[{"href":"https:\/\/suomenkuvalehti.fi\/kirjailijanpaivakirja\/wp-json\/wp\/v2\/types\/post"}],"author":[{"embeddable":true,"href":"https:\/\/suomenkuvalehti.fi\/kirjailijanpaivakirja\/wp-json\/wp\/v2\/users\/129"}],"replies":[{"embeddable":true,"href":"https:\/\/suomenkuvalehti.fi\/kirjailijanpaivakirja\/wp-json\/wp\/v2\/comments?post=502"}],"version-history":[{"count":1,"href":"https:\/\/suomenkuvalehti.fi\/kirjailijanpaivakirja\/wp-json\/wp\/v2\/posts\/502\/revisions"}],"predecessor-version":[{"id":503,"href":"https:\/\/suomenkuvalehti.fi\/kirjailijanpaivakirja\/wp-json\/wp\/v2\/posts\/502\/revisions\/503"}],"wp:attachment":[{"href":"https:\/\/suomenkuvalehti.fi\/kirjailijanpaivakirja\/wp-json\/wp\/v2\/media?parent=502"}],"wp:term":[{"taxonomy":"category","embeddable":true,"href":"https:\/\/suomenkuvalehti.fi\/kirjailijanpaivakirja\/wp-json\/wp\/v2\/categories?post=502"},{"taxonomy":"post_tag","embeddable":true,"href":"https:\/\/suomenkuvalehti.fi\/kirjailijanpaivakirja\/wp-json\/wp\/v2\/tags?post=502"}],"curies":[{"name":"wp","href":"https:\/\/api.w.org\/{rel}","templated":true}]}}