{"id":500,"date":"2015-12-16T09:44:43","date_gmt":"2015-12-16T07:44:43","guid":{"rendered":"https:\/\/suomenkuvalehti.fi\/kirjailijanpaivakirja\/?p=500"},"modified":"2015-12-16T09:44:43","modified_gmt":"2015-12-16T07:44:43","slug":"turkulainen-helsinkilainen-vai-savolainen","status":"publish","type":"post","link":"https:\/\/suomenkuvalehti.fi\/kirjailijanpaivakirja\/turkulainen-helsinkilainen-vai-savolainen\/","title":{"rendered":"Turkulainen, helsinkil\u00e4inen vai savolainen?"},"content":{"rendered":"\n<p>&#8221;H\u00e4n olis turkulaine.&#8221;<\/p>\n\n\n\n<p>Olen t\u00e4n\u00e4 syksyn\u00e4 keskustellut lukuisten henkil\u00f6iden kanssa <strong>Paavo Nurmesta<\/strong>. Olen tavannut henkil\u00f6n, joka oli pyrkinyt Nurmen vuokralaiseksi. Olen tavannut h\u00e4nen k\u00e4ytt\u00e4m\u00e4ns\u00e4 kiinteist\u00f6nv\u00e4litt\u00e4j\u00e4n. Olen tavannut miehen, jolle h\u00e4nen poikansa on tarjonnut t\u00f6it\u00e4. Saunanlauteilla olen kuullut, ett\u00e4 Nurmella oli vanhemmiten tapana juosta it\u00e4helsinkil\u00e4ism\u00f6kkins\u00e4 luona keskell\u00e4 tiet\u00e4 ja pakottaa autot v\u00e4ist\u00e4m\u00e4\u00e4n itse\u00e4\u00e4n.<\/p>\n\n\n\n<p>Er\u00e4s tapaamistani henkil\u00f6ist\u00e4 kiteytti Nurmen tuohon lauseeseen. H\u00e4nen mielest\u00e4\u00e4n Nurmen luonteessa korostuva varsinaissuomalaiset piirteet. Kaikista sanoista Nurmea kuvaa h\u00e4nen tulkintansa mukaan eniten &#8221;turkulainen&#8221;.<\/p>\n\n\n\n<p>En k\u00e4y kiist\u00e4m\u00e4\u00e4n.<\/p>\n\n\n\n<p>Paavo Nurmi syntyi Turussa 13. kes\u00e4kuuta 1897. H\u00e4n kuoli Helsingiss\u00e4 2. lokakuuta 1973. H\u00e4n juoksee patsaana Turussa, Helsingiss\u00e4, Jyv\u00e4skyl\u00e4ss\u00e4 ja Lausannessa, joista kahden viimeisen kanssa h\u00e4nell\u00e4 ei ollut mit\u00e4\u00e4n tekemist\u00e4. Mutta Helsingill\u00e4 oli.<\/p>\n\n\n\n<p>Juoksu-uransa lopetettuaan Nurmi perusti Ateneumin l\u00e4hettyville herrainvaateliikkeen ja alkoi rakentaa kaupunkia. Helsingiss\u00e4 on nelisenkymment\u00e4 Nurmen gryndaamaa taloa. H\u00e4n asui yht\u00e4jaksoisesti yli 30 vuotta rakennuttamassaan kerrostalossa \u2013 pidemp\u00e4\u00e4n kuin miss\u00e4\u00e4n muussa osoitteessa.<\/p>\n\n\n\n<p>Nurmi asui Helsingiss\u00e4 kauemmin kuin Turussa, sill\u00e4 ennen lopullista muuttoaan Helsinkiin 1930-luvun puoliv\u00e4liss\u00e4&nbsp;h\u00e4n asui p\u00e4\u00e4kaupungissa opiskellessaan teollisuuskoulussa Antwerpenin ja Pariisin olympialaisten v\u00e4lill\u00e4. H\u00e4nen liiketoimintansa keskittyi Helsinkiin. H\u00e4nen kaikkein kuuluisin juoksunsa on olympiatulen tuominen stadionille Helsingin olympialaisten avajaisissa.<\/p>\n\n\n\n<p>Eik\u00f6 Nurmi ole enemm\u00e4n helsinkil\u00e4inen kuin turkulainen?<\/p>\n\n\n\n<p>Minusta vastaus on ilmiselv\u00e4sti: ei.<\/p>\n\n\n\n<p>Nurmi eli Turussa Jarrumiehenkadun, silloisen Jarrurinkadun, lapsuudenkodissaan ne vuodet, joina ihmisest\u00e4 tulee se, mik\u00e4 h\u00e4nest\u00e4 tulee. H\u00e4nest\u00e4 tuli juoksija Ruissalon reiteill\u00e4. Turku teki h\u00e4nest\u00e4 olympiavoittajan, vaikka maailmanenn\u00e4tyskuntoon h\u00e4n treenasikin itsens\u00e4 vasta Helsingiss\u00e4.<\/p>\n\n\n\n<p>Stereotyyppisill\u00e4 maakuntapiirteill\u00e4 on merkityst\u00e4.<\/p>\n\n\n\n<p>&#8221;Kuinka savolainen kykenee kirjoittamaan varsinaissuomalaisesta?&#8221; kysyi savolainen kirjailijakollega \u00e4skett\u00e4in.<\/p>\n\n\n\n<p>Stereotyyppisill\u00e4 maakuntapiirteill\u00e4 ei ole merkityst\u00e4.<\/p>\n\n\n","protected":false},"excerpt":{"rendered":"<p>&#8221;H\u00e4n olis turkulaine.&#8221; Olen t\u00e4n\u00e4 syksyn\u00e4 keskustellut lukuisten henkil\u00f6iden kanssa Paavo Nurmesta. Olen tavannut henkil\u00f6n, joka oli pyrkinyt Nurmen vuokralaiseksi. Olen tavannut h\u00e4nen k\u00e4ytt\u00e4m\u00e4ns\u00e4 kiinteist\u00f6nv\u00e4litt\u00e4j\u00e4n. Olen tavannut miehen, jolle h\u00e4nen<br \/>\npoikansa on tar&hellip;<\/p>\n","protected":false},"author":129,"featured_media":0,"comment_status":"open","ping_status":"open","sticky":false,"template":"","format":"standard","meta":{"_acf_changed":false,"asauth_required_access_level":3,"asauth_cansharepaid":"true","om_header_attributes":[],"footnotes":"","om_featured_image_focal_point":[],"om_primary_tag":0,"om_contributors":[],"om_co_authors":[],"beyondwords_generate_audio":"","beyondwords_project_id":"","beyondwords_content_id":"","beyondwords_preview_token":"","beyondwords_player_content":"","beyondwords_player_style":"","beyondwords_language_code":"","beyondwords_language_id":"","beyondwords_title_voice_id":"","beyondwords_body_voice_id":"","beyondwords_summary_voice_id":"","beyondwords_error_message":"","beyondwords_disabled":"","beyondwords_delete_content":"","beyondwords_podcast_id":"","beyondwords_hash":"","publish_post_to_speechkit":"","speechkit_hash":"","speechkit_generate_audio":"","speechkit_project_id":"","speechkit_podcast_id":"","speechkit_error_message":"","speechkit_disabled":"","speechkit_access_key":"","speechkit_error":"","speechkit_info":"","speechkit_response":"","speechkit_retries":"","speechkit_status":"","speechkit_updated_at":"","_speechkit_link":"","_speechkit_text":""},"categories":[1],"tags":[76,16,541,380],"class_list":["post-500","post","type-post","status-publish","format-standard","hentry","category-kirjailijan-paivakirja","tag-helsinki","tag-paavo-nurmi","tag-turku","tag-yksin"],"om_views":null,"acf":{"tuuma_off":false,"tuuma_kysymys":"","tuuma_vastaus":""},"asauth":{"required_access_level":1,"share_token":"","is_paid":false},"yoast_head":"<!-- This site is optimized with the Yoast SEO plugin v26.4 - https:\/\/yoast.com\/wordpress\/plugins\/seo\/ -->\n<title>Turkulainen, helsinkil\u00e4inen vai savolainen? - Kirjailijan p\u00e4iv\u00e4kirja<\/title>\n<meta name=\"robots\" content=\"index, follow, max-snippet:-1, max-image-preview:large, max-video-preview:-1\" \/>\n<link rel=\"canonical\" href=\"https:\/\/suomenkuvalehti.fi\/kirjailijanpaivakirja\/turkulainen-helsinkilainen-vai-savolainen\/\" \/>\n<meta property=\"og:locale\" content=\"fi_FI\" \/>\n<meta property=\"og:type\" content=\"article\" \/>\n<meta property=\"og:title\" content=\"Turkulainen, helsinkil\u00e4inen vai savolainen? - Kirjailijan p\u00e4iv\u00e4kirja\" \/>\n<meta property=\"og:description\" content=\"&#8221;H\u00e4n olis turkulaine.&#8221; Olen t\u00e4n\u00e4 syksyn\u00e4 keskustellut lukuisten henkil\u00f6iden kanssa Paavo Nurmesta. Olen tavannut henkil\u00f6n, joka oli pyrkinyt Nurmen vuokralaiseksi. Olen tavannut h\u00e4nen k\u00e4ytt\u00e4m\u00e4ns\u00e4 kiinteist\u00f6nv\u00e4litt\u00e4j\u00e4n. Olen tavannut miehen, jolle h\u00e4nen poikansa on tar&hellip;\" \/>\n<meta property=\"og:url\" content=\"https:\/\/suomenkuvalehti.fi\/kirjailijanpaivakirja\/turkulainen-helsinkilainen-vai-savolainen\/\" \/>\n<meta property=\"og:site_name\" content=\"Kirjailijan p\u00e4iv\u00e4kirja\" \/>\n<meta property=\"article:published_time\" content=\"2015-12-16T07:44:43+00:00\" \/>\n<meta property=\"og:image\" content=\"https:\/\/suomenkuvalehti.fi\/kirjailijanpaivakirja\/wp-content\/uploads\/sites\/21\/2022\/04\/hamalainen_karo06-1-scaled.jpg\" \/>\n\t<meta property=\"og:image:width\" content=\"2560\" \/>\n\t<meta property=\"og:image:height\" content=\"1706\" \/>\n\t<meta property=\"og:image:type\" content=\"image\/jpeg\" \/>\n<meta name=\"author\" content=\"Karo H\u00e4m\u00e4l\u00e4inen\" \/>\n<meta name=\"twitter:card\" content=\"summary_large_image\" \/>\n<meta name=\"twitter:label1\" content=\"Written by\" \/>\n\t<meta name=\"twitter:data1\" content=\"Karo H\u00e4m\u00e4l\u00e4inen\" \/>\n\t<meta name=\"twitter:label2\" content=\"Est. reading time\" \/>\n\t<meta name=\"twitter:data2\" content=\"1 minuutti\" \/>\n<script type=\"application\/ld+json\" class=\"yoast-schema-graph\">{\"@context\":\"https:\/\/schema.org\",\"@graph\":[{\"@type\":\"WebPage\",\"@id\":\"https:\/\/suomenkuvalehti.fi\/kirjailijanpaivakirja\/turkulainen-helsinkilainen-vai-savolainen\/\",\"url\":\"https:\/\/suomenkuvalehti.fi\/kirjailijanpaivakirja\/turkulainen-helsinkilainen-vai-savolainen\/\",\"name\":\"Turkulainen, helsinkil\u00e4inen vai savolainen? - Kirjailijan p\u00e4iv\u00e4kirja\",\"isPartOf\":{\"@id\":\"https:\/\/suomenkuvalehti.fi\/kirjailijanpaivakirja\/#website\"},\"datePublished\":\"2015-12-16T07:44:43+00:00\",\"author\":{\"@id\":\"https:\/\/suomenkuvalehti.fi\/kirjailijanpaivakirja\/#\/schema\/person\/ca2dfd9d508d8c675e07b3c099fc789b\"},\"breadcrumb\":{\"@id\":\"https:\/\/suomenkuvalehti.fi\/kirjailijanpaivakirja\/turkulainen-helsinkilainen-vai-savolainen\/#breadcrumb\"},\"inLanguage\":\"fi\",\"potentialAction\":[{\"@type\":\"ReadAction\",\"target\":[\"https:\/\/suomenkuvalehti.fi\/kirjailijanpaivakirja\/turkulainen-helsinkilainen-vai-savolainen\/\"]}]},{\"@type\":\"BreadcrumbList\",\"@id\":\"https:\/\/suomenkuvalehti.fi\/kirjailijanpaivakirja\/turkulainen-helsinkilainen-vai-savolainen\/#breadcrumb\",\"itemListElement\":[{\"@type\":\"ListItem\",\"position\":1,\"name\":\"Home\",\"item\":\"https:\/\/suomenkuvalehti.fi\/kirjailijanpaivakirja\/\"},{\"@type\":\"ListItem\",\"position\":2,\"name\":\"Turkulainen, helsinkil\u00e4inen vai savolainen?\"}]},{\"@type\":\"WebSite\",\"@id\":\"https:\/\/suomenkuvalehti.fi\/kirjailijanpaivakirja\/#website\",\"url\":\"https:\/\/suomenkuvalehti.fi\/kirjailijanpaivakirja\/\",\"name\":\"Kirjailijan p\u00e4iv\u00e4kirja\",\"description\":\"Proosakirjailijan arkea ja kirjallisuuden ajankohtaisia aiheita.\",\"potentialAction\":[{\"@type\":\"SearchAction\",\"target\":{\"@type\":\"EntryPoint\",\"urlTemplate\":\"https:\/\/suomenkuvalehti.fi\/haku\/?q={search_term_string}\"},\"query-input\":{\"@type\":\"PropertyValueSpecification\",\"valueRequired\":true,\"valueName\":\"search_term_string\"}}],\"inLanguage\":\"fi\"},{\"@type\":\"Person\",\"@id\":\"https:\/\/suomenkuvalehti.fi\/kirjailijanpaivakirja\/#\/schema\/person\/ca2dfd9d508d8c675e07b3c099fc789b\",\"name\":\"Karo H\u00e4m\u00e4l\u00e4inen\",\"image\":{\"@type\":\"ImageObject\",\"inLanguage\":\"fi\",\"@id\":\"https:\/\/suomenkuvalehti.fi\/kirjailijanpaivakirja\/#\/schema\/person\/image\/\",\"url\":\"https:\/\/suomenkuvalehti.fi\/kirjailijanpaivakirja\/wp-content\/uploads\/sites\/21\/2022\/04\/hamalainen_karo06-1-150x150.jpg\",\"contentUrl\":\"https:\/\/suomenkuvalehti.fi\/kirjailijanpaivakirja\/wp-content\/uploads\/sites\/21\/2022\/04\/hamalainen_karo06-1-150x150.jpg\",\"caption\":\"Karo H\u00e4m\u00e4l\u00e4inen\"},\"description\":\"Karo H\u00e4m\u00e4l\u00e4inen on kirjailija ja talouteen erikoistunut vapaa toimittaja.\"}]}<\/script>\n<!-- \/ Yoast SEO plugin. -->","yoast_head_json":{"title":"Turkulainen, helsinkil\u00e4inen vai savolainen? - Kirjailijan p\u00e4iv\u00e4kirja","robots":{"index":"index","follow":"follow","max-snippet":"max-snippet:-1","max-image-preview":"max-image-preview:large","max-video-preview":"max-video-preview:-1"},"canonical":"https:\/\/suomenkuvalehti.fi\/kirjailijanpaivakirja\/turkulainen-helsinkilainen-vai-savolainen\/","og_locale":"fi_FI","og_type":"article","og_title":"Turkulainen, helsinkil\u00e4inen vai savolainen? - Kirjailijan p\u00e4iv\u00e4kirja","og_description":"&#8221;H\u00e4n olis turkulaine.&#8221; Olen t\u00e4n\u00e4 syksyn\u00e4 keskustellut lukuisten henkil\u00f6iden kanssa Paavo Nurmesta. Olen tavannut henkil\u00f6n, joka oli pyrkinyt Nurmen vuokralaiseksi. Olen tavannut h\u00e4nen k\u00e4ytt\u00e4m\u00e4ns\u00e4 kiinteist\u00f6nv\u00e4litt\u00e4j\u00e4n. Olen tavannut miehen, jolle h\u00e4nen poikansa on tar&hellip;","og_url":"https:\/\/suomenkuvalehti.fi\/kirjailijanpaivakirja\/turkulainen-helsinkilainen-vai-savolainen\/","og_site_name":"Kirjailijan p\u00e4iv\u00e4kirja","article_published_time":"2015-12-16T07:44:43+00:00","og_image":[{"width":2560,"height":1706,"url":"https:\/\/suomenkuvalehti.fi\/kirjailijanpaivakirja\/wp-content\/uploads\/sites\/21\/2022\/04\/hamalainen_karo06-1-scaled.jpg","type":"image\/jpeg"}],"author":"Karo H\u00e4m\u00e4l\u00e4inen","twitter_card":"summary_large_image","twitter_misc":{"Written by":"Karo H\u00e4m\u00e4l\u00e4inen","Est. reading time":"1 minuutti"},"schema":{"@context":"https:\/\/schema.org","@graph":[{"@type":"WebPage","@id":"https:\/\/suomenkuvalehti.fi\/kirjailijanpaivakirja\/turkulainen-helsinkilainen-vai-savolainen\/","url":"https:\/\/suomenkuvalehti.fi\/kirjailijanpaivakirja\/turkulainen-helsinkilainen-vai-savolainen\/","name":"Turkulainen, helsinkil\u00e4inen vai savolainen? - Kirjailijan p\u00e4iv\u00e4kirja","isPartOf":{"@id":"https:\/\/suomenkuvalehti.fi\/kirjailijanpaivakirja\/#website"},"datePublished":"2015-12-16T07:44:43+00:00","author":{"@id":"https:\/\/suomenkuvalehti.fi\/kirjailijanpaivakirja\/#\/schema\/person\/ca2dfd9d508d8c675e07b3c099fc789b"},"breadcrumb":{"@id":"https:\/\/suomenkuvalehti.fi\/kirjailijanpaivakirja\/turkulainen-helsinkilainen-vai-savolainen\/#breadcrumb"},"inLanguage":"fi","potentialAction":[{"@type":"ReadAction","target":["https:\/\/suomenkuvalehti.fi\/kirjailijanpaivakirja\/turkulainen-helsinkilainen-vai-savolainen\/"]}]},{"@type":"BreadcrumbList","@id":"https:\/\/suomenkuvalehti.fi\/kirjailijanpaivakirja\/turkulainen-helsinkilainen-vai-savolainen\/#breadcrumb","itemListElement":[{"@type":"ListItem","position":1,"name":"Home","item":"https:\/\/suomenkuvalehti.fi\/kirjailijanpaivakirja\/"},{"@type":"ListItem","position":2,"name":"Turkulainen, helsinkil\u00e4inen vai savolainen?"}]},{"@type":"WebSite","@id":"https:\/\/suomenkuvalehti.fi\/kirjailijanpaivakirja\/#website","url":"https:\/\/suomenkuvalehti.fi\/kirjailijanpaivakirja\/","name":"Kirjailijan p\u00e4iv\u00e4kirja","description":"Proosakirjailijan arkea ja kirjallisuuden ajankohtaisia aiheita.","potentialAction":[{"@type":"SearchAction","target":{"@type":"EntryPoint","urlTemplate":"https:\/\/suomenkuvalehti.fi\/haku\/?q={search_term_string}"},"query-input":{"@type":"PropertyValueSpecification","valueRequired":true,"valueName":"search_term_string"}}],"inLanguage":"fi"},{"@type":"Person","@id":"https:\/\/suomenkuvalehti.fi\/kirjailijanpaivakirja\/#\/schema\/person\/ca2dfd9d508d8c675e07b3c099fc789b","name":"Karo H\u00e4m\u00e4l\u00e4inen","image":{"@type":"ImageObject","inLanguage":"fi","@id":"https:\/\/suomenkuvalehti.fi\/kirjailijanpaivakirja\/#\/schema\/person\/image\/","url":"https:\/\/suomenkuvalehti.fi\/kirjailijanpaivakirja\/wp-content\/uploads\/sites\/21\/2022\/04\/hamalainen_karo06-1-150x150.jpg","contentUrl":"https:\/\/suomenkuvalehti.fi\/kirjailijanpaivakirja\/wp-content\/uploads\/sites\/21\/2022\/04\/hamalainen_karo06-1-150x150.jpg","caption":"Karo H\u00e4m\u00e4l\u00e4inen"},"description":"Karo H\u00e4m\u00e4l\u00e4inen on kirjailija ja talouteen erikoistunut vapaa toimittaja."}]}},"_links":{"self":[{"href":"https:\/\/suomenkuvalehti.fi\/kirjailijanpaivakirja\/wp-json\/wp\/v2\/posts\/500","targetHints":{"allow":["GET"]}}],"collection":[{"href":"https:\/\/suomenkuvalehti.fi\/kirjailijanpaivakirja\/wp-json\/wp\/v2\/posts"}],"about":[{"href":"https:\/\/suomenkuvalehti.fi\/kirjailijanpaivakirja\/wp-json\/wp\/v2\/types\/post"}],"author":[{"embeddable":true,"href":"https:\/\/suomenkuvalehti.fi\/kirjailijanpaivakirja\/wp-json\/wp\/v2\/users\/129"}],"replies":[{"embeddable":true,"href":"https:\/\/suomenkuvalehti.fi\/kirjailijanpaivakirja\/wp-json\/wp\/v2\/comments?post=500"}],"version-history":[{"count":1,"href":"https:\/\/suomenkuvalehti.fi\/kirjailijanpaivakirja\/wp-json\/wp\/v2\/posts\/500\/revisions"}],"predecessor-version":[{"id":501,"href":"https:\/\/suomenkuvalehti.fi\/kirjailijanpaivakirja\/wp-json\/wp\/v2\/posts\/500\/revisions\/501"}],"wp:attachment":[{"href":"https:\/\/suomenkuvalehti.fi\/kirjailijanpaivakirja\/wp-json\/wp\/v2\/media?parent=500"}],"wp:term":[{"taxonomy":"category","embeddable":true,"href":"https:\/\/suomenkuvalehti.fi\/kirjailijanpaivakirja\/wp-json\/wp\/v2\/categories?post=500"},{"taxonomy":"post_tag","embeddable":true,"href":"https:\/\/suomenkuvalehti.fi\/kirjailijanpaivakirja\/wp-json\/wp\/v2\/tags?post=500"}],"curies":[{"name":"wp","href":"https:\/\/api.w.org\/{rel}","templated":true}]}}