{"id":489,"date":"2015-11-29T14:11:35","date_gmt":"2015-11-29T12:11:35","guid":{"rendered":"https:\/\/suomenkuvalehti.fi\/kirjailijanpaivakirja\/?p=489"},"modified":"2015-11-29T14:22:39","modified_gmt":"2015-11-29T12:22:39","slug":"enta-jos","status":"publish","type":"post","link":"https:\/\/suomenkuvalehti.fi\/kirjailijanpaivakirja\/enta-jos\/","title":{"rendered":"Ent\u00e4 jos?"},"content":{"rendered":"\n<p>Olin siin\u00e4 uskossa, ett\u00e4 <em>Yksin<\/em>-romaanini olisi ensimm\u00e4inen romaani, jossa <strong>Paavo Nurmi<\/strong> on p\u00e4\u00e4henkil\u00f6n\u00e4. Luulin v\u00e4\u00e4rin.<\/p>\n\n\n\n<p>Vierailin alkusyksyst\u00e4 <strong>Erkki Vettenniemen<\/strong> kanssa <strong>Roman Schatzin<\/strong> radio-ohjelmassa Yle Radio 1:ss\u00e4. L\u00e4hetyksen j\u00e4lkeen k\u00e4velless\u00e4ni yht\u00e4 matkaa Vettenniemen kanssa h\u00e4n kertoi huomanneensa, ett\u00e4 viime vuonna on ilmestynyt omakustanteena Paavo Nurmi -romaani.<\/p>\n\n\n\n<p>Kotiin p\u00e4\u00e4sty\u00e4ni kaivoin tiedot ja tilasin taiteilijanimi <strong>Martti M. Niemen<\/strong> <em>Voittaja<\/em>-nimisen romaanin suoraan kirjailijalta itselt\u00e4\u00e4n. Toimitus hieman viiv\u00e4styi, koska kirjailija k\u00e4vi tekem\u00e4ss\u00e4 kattoremontin ennen syyssateita, mutta toisaalta sainpa postissa Nurmi-romaanin lis\u00e4ksi saman kirjailijan teokset Jeesuksesta ja V\u00e4in\u00e4m\u00f6isest\u00e4.<\/p>\n\n\n\n<p>Voittaja alkaa kuvauksella Tukholman olympialaisista. <strong>Hannes Kolehmainen<\/strong> ja Ranskan <strong>Jean Bouin<\/strong> ottavat mittaa toisistaan. V\u00e4lil\u00e4 k\u00e4v\u00e4ist\u00e4\u00e4n Kolehmaisen p\u00e4\u00e4n sis\u00e4ll\u00e4, v\u00e4lill\u00e4 Bouinin. N\u00e4ist\u00e4 p\u00e4ist\u00e4 p\u00e4\u00e4dyt\u00e4\u00e4n Paavo Nurmeen.<\/p>\n\n\n\n<p>Martti M. Niemi juoksee Nurmen juoksijanuran l\u00e4pi kilpailusta kilpailuun ja on tulkinnoissaan samoilla linjoilla kuin <strong>Antero Raevuori<\/strong> <em>Juoksijain kuningas &#8211;<\/em>tietoteoksessaan. Usein juoksun per\u00e4ss\u00e4 on dokumenttiromaanimaisuutta korostaen tulosluettelot samaan tapaan kuin olympialaisten j\u00e4lkeen julkaistuissa paksuissa olympiateoksissa, joita <em>Voittaja<\/em> muistuttaa my\u00f6s siin\u00e4, ett\u00e4 Nurmen juoksujen ohella kirjassa juostaan heeroshenkisesti l\u00e4pi my\u00f6s muita lajeja, joissa suomalaisille tulee menestyst\u00e4. Miten ne Nurmeen liittyv\u00e4t, j\u00e4\u00e4 selitt\u00e4m\u00e4tt\u00e4.<\/p>\n\n\n\n<p><em>Voittaja&nbsp;<\/em>noudattelee tietoteoksia vuoden 1932 Los Angelesin olympialaisiin saakka. Todellisuudessa Nurmen osallistuminen Los Angelesin olympiamaratonille estettiin ammattilaisuuden vuoksi aivan maratonin kynnyksell\u00e4. Historiatietojen mukaan Nurmi ei ilmeisesti seurannut kisaa vaan oleili Suomen joukkueen majapaikassa. <em>Yksin<\/em>-romaanissani panen Nurmen istumaan Los Angelesin olympiastadionin katsomoon.<\/p>\n\n\n\n<p>Martti M. Niemen romaanissa Nurmi p\u00e4\u00e4see osallistumaan sill\u00e4 ehdolla, ett\u00e4 siit\u00e4 tulee h\u00e4nen viimeinen kansainv\u00e4lisen liiton alainen juoksunsa.<\/p>\n\n\n\n<p>Kuinka juoksu sujuu ja kuinka siin\u00e4 k\u00e4y? Se on romaanin keskeinen j\u00e4nnityksen kohde, joten lopputulosta en voi paljastaa.<\/p>\n\n\n\n<p><em>Voittaja<\/em>-romaanin Los Angeles -kuvaukseen keskittyv\u00e4t viimeiset sivut ovat kiinnostavaa kontrafaktuaalista jossittelua, ja itse kysymys lienee Suomen urheiluhistorian eniten spekuloituja aiheita, samaa luokkaa <strong>Juha Miedon<\/strong> Lake Placidin sadasosasekuntitappion jossittelun kanssa.<\/p>\n\n\n\n<p>Romaaneissa kontrafaktuaalisuus vied\u00e4\u00e4n useimmiten suurten yhteiskunnallisten ratkaisujen tasolle: Ent\u00e4 jos natsi-Saksa olisi voittanut toisen maailmansodan? Ent\u00e4 jos Neuvostoliitto olisi miehitt\u00e4nyt Suomen? Suomessa t\u00e4llaisia historian suurilla tapahtumien jossitteluun keskittyvi\u00e4 teoksia ilmestyy kohtuullisen v\u00e4h\u00e4n. Liitt\u00e4k\u00e4\u00e4 tuohon alle kommenttikentt\u00e4\u00e4n vaikkapa 2000-luvulla ilmestyneit\u00e4 suomalaisia historiajossitteluromaaneja!<\/p>\n\n\n","protected":false},"excerpt":{"rendered":"<p>Olin siin\u00e4 uskossa, ett\u00e4 Yksin-romaanini olisi ensimm\u00e4inen romaani, jossa Paavo Nurmi on p\u00e4\u00e4henkil\u00f6n\u00e4. Luulin v\u00e4\u00e4rin. Vierailin alkusyksyst\u00e4 Erkki Vettenniemen kanssa Roman Schatzin radio-ohjelmassa Yle Radio 1:ss\u00e4. L\u00e4hetyksen j\u00e4lkeen k\u00e4velless\u00e4ni yht\u00e4 matkaa Vettenniemen kanssa h\u00e4n kertoi huomanneensa,<br \/>\nett\u00e4 viime vuonn&hellip;<\/p>\n","protected":false},"author":129,"featured_media":0,"comment_status":"open","ping_status":"open","sticky":false,"template":"","format":"standard","meta":{"_acf_changed":false,"asauth_required_access_level":3,"asauth_cansharepaid":"true","om_header_attributes":[],"footnotes":"","om_featured_image_focal_point":[],"om_primary_tag":0,"om_contributors":[],"om_co_authors":[],"beyondwords_generate_audio":"","beyondwords_project_id":"","beyondwords_content_id":"","beyondwords_preview_token":"","beyondwords_player_content":"","beyondwords_player_style":"","beyondwords_language_code":"","beyondwords_language_id":"","beyondwords_title_voice_id":"","beyondwords_body_voice_id":"","beyondwords_summary_voice_id":"","beyondwords_error_message":"","beyondwords_disabled":"","beyondwords_delete_content":"","beyondwords_podcast_id":"","beyondwords_hash":"","publish_post_to_speechkit":"","speechkit_hash":"","speechkit_generate_audio":"","speechkit_project_id":"","speechkit_podcast_id":"","speechkit_error_message":"","speechkit_disabled":"","speechkit_access_key":"","speechkit_error":"","speechkit_info":"","speechkit_response":"","speechkit_retries":"","speechkit_status":"","speechkit_updated_at":"","_speechkit_link":"","_speechkit_text":""},"categories":[1],"tags":[434,526,16,90,527,380],"class_list":["post-489","post","type-post","status-publish","format-standard","hentry","category-kirjailijan-paivakirja","tag-kontrafaktuaalisuus","tag-martti-m-niemi","tag-paavo-nurmi","tag-romaani","tag-voittaja","tag-yksin"],"om_views":null,"acf":{"tuuma_off":false,"tuuma_kysymys":"","tuuma_vastaus":""},"asauth":{"required_access_level":1,"share_token":"","is_paid":false},"yoast_head":"<!-- This site is optimized with the Yoast SEO plugin v26.4 - https:\/\/yoast.com\/wordpress\/plugins\/seo\/ -->\n<title>Ent\u00e4 jos? - Kirjailijan p\u00e4iv\u00e4kirja<\/title>\n<meta name=\"robots\" content=\"index, follow, max-snippet:-1, max-image-preview:large, max-video-preview:-1\" \/>\n<link rel=\"canonical\" href=\"https:\/\/suomenkuvalehti.fi\/kirjailijanpaivakirja\/enta-jos\/\" \/>\n<meta property=\"og:locale\" content=\"fi_FI\" \/>\n<meta property=\"og:type\" content=\"article\" \/>\n<meta property=\"og:title\" content=\"Ent\u00e4 jos? - Kirjailijan p\u00e4iv\u00e4kirja\" \/>\n<meta property=\"og:description\" content=\"Olin siin\u00e4 uskossa, ett\u00e4 Yksin-romaanini olisi ensimm\u00e4inen romaani, jossa Paavo Nurmi on p\u00e4\u00e4henkil\u00f6n\u00e4. Luulin v\u00e4\u00e4rin. Vierailin alkusyksyst\u00e4 Erkki Vettenniemen kanssa Roman Schatzin radio-ohjelmassa Yle Radio 1:ss\u00e4. L\u00e4hetyksen j\u00e4lkeen k\u00e4velless\u00e4ni yht\u00e4 matkaa Vettenniemen kanssa h\u00e4n kertoi huomanneensa, ett\u00e4 viime vuonn&hellip;\" \/>\n<meta property=\"og:url\" content=\"https:\/\/suomenkuvalehti.fi\/kirjailijanpaivakirja\/enta-jos\/\" \/>\n<meta property=\"og:site_name\" content=\"Kirjailijan p\u00e4iv\u00e4kirja\" \/>\n<meta property=\"article:published_time\" content=\"2015-11-29T12:11:35+00:00\" \/>\n<meta property=\"article:modified_time\" content=\"2015-11-29T12:22:39+00:00\" \/>\n<meta property=\"og:image\" content=\"https:\/\/suomenkuvalehti.fi\/kirjailijanpaivakirja\/wp-content\/uploads\/sites\/21\/2022\/04\/hamalainen_karo06-1-scaled.jpg\" \/>\n\t<meta property=\"og:image:width\" content=\"2560\" \/>\n\t<meta property=\"og:image:height\" content=\"1706\" \/>\n\t<meta property=\"og:image:type\" content=\"image\/jpeg\" \/>\n<meta name=\"author\" content=\"Karo H\u00e4m\u00e4l\u00e4inen\" \/>\n<meta name=\"twitter:card\" content=\"summary_large_image\" \/>\n<meta name=\"twitter:label1\" content=\"Written by\" \/>\n\t<meta name=\"twitter:data1\" content=\"Karo H\u00e4m\u00e4l\u00e4inen\" \/>\n\t<meta name=\"twitter:label2\" content=\"Est. reading time\" \/>\n\t<meta name=\"twitter:data2\" content=\"2 minuuttia\" \/>\n<script type=\"application\/ld+json\" class=\"yoast-schema-graph\">{\"@context\":\"https:\/\/schema.org\",\"@graph\":[{\"@type\":\"WebPage\",\"@id\":\"https:\/\/suomenkuvalehti.fi\/kirjailijanpaivakirja\/enta-jos\/\",\"url\":\"https:\/\/suomenkuvalehti.fi\/kirjailijanpaivakirja\/enta-jos\/\",\"name\":\"Ent\u00e4 jos? - Kirjailijan p\u00e4iv\u00e4kirja\",\"isPartOf\":{\"@id\":\"https:\/\/suomenkuvalehti.fi\/kirjailijanpaivakirja\/#website\"},\"datePublished\":\"2015-11-29T12:11:35+00:00\",\"dateModified\":\"2015-11-29T12:22:39+00:00\",\"author\":{\"@id\":\"https:\/\/suomenkuvalehti.fi\/kirjailijanpaivakirja\/#\/schema\/person\/ca2dfd9d508d8c675e07b3c099fc789b\"},\"breadcrumb\":{\"@id\":\"https:\/\/suomenkuvalehti.fi\/kirjailijanpaivakirja\/enta-jos\/#breadcrumb\"},\"inLanguage\":\"fi\",\"potentialAction\":[{\"@type\":\"ReadAction\",\"target\":[\"https:\/\/suomenkuvalehti.fi\/kirjailijanpaivakirja\/enta-jos\/\"]}]},{\"@type\":\"BreadcrumbList\",\"@id\":\"https:\/\/suomenkuvalehti.fi\/kirjailijanpaivakirja\/enta-jos\/#breadcrumb\",\"itemListElement\":[{\"@type\":\"ListItem\",\"position\":1,\"name\":\"Home\",\"item\":\"https:\/\/suomenkuvalehti.fi\/kirjailijanpaivakirja\/\"},{\"@type\":\"ListItem\",\"position\":2,\"name\":\"Ent\u00e4 jos?\"}]},{\"@type\":\"WebSite\",\"@id\":\"https:\/\/suomenkuvalehti.fi\/kirjailijanpaivakirja\/#website\",\"url\":\"https:\/\/suomenkuvalehti.fi\/kirjailijanpaivakirja\/\",\"name\":\"Kirjailijan p\u00e4iv\u00e4kirja\",\"description\":\"Proosakirjailijan arkea ja kirjallisuuden ajankohtaisia aiheita.\",\"potentialAction\":[{\"@type\":\"SearchAction\",\"target\":{\"@type\":\"EntryPoint\",\"urlTemplate\":\"https:\/\/suomenkuvalehti.fi\/haku\/?q={search_term_string}\"},\"query-input\":{\"@type\":\"PropertyValueSpecification\",\"valueRequired\":true,\"valueName\":\"search_term_string\"}}],\"inLanguage\":\"fi\"},{\"@type\":\"Person\",\"@id\":\"https:\/\/suomenkuvalehti.fi\/kirjailijanpaivakirja\/#\/schema\/person\/ca2dfd9d508d8c675e07b3c099fc789b\",\"name\":\"Karo H\u00e4m\u00e4l\u00e4inen\",\"image\":{\"@type\":\"ImageObject\",\"inLanguage\":\"fi\",\"@id\":\"https:\/\/suomenkuvalehti.fi\/kirjailijanpaivakirja\/#\/schema\/person\/image\/\",\"url\":\"https:\/\/suomenkuvalehti.fi\/kirjailijanpaivakirja\/wp-content\/uploads\/sites\/21\/2022\/04\/hamalainen_karo06-1-150x150.jpg\",\"contentUrl\":\"https:\/\/suomenkuvalehti.fi\/kirjailijanpaivakirja\/wp-content\/uploads\/sites\/21\/2022\/04\/hamalainen_karo06-1-150x150.jpg\",\"caption\":\"Karo H\u00e4m\u00e4l\u00e4inen\"},\"description\":\"Karo H\u00e4m\u00e4l\u00e4inen on kirjailija ja talouteen erikoistunut vapaa toimittaja.\"}]}<\/script>\n<!-- \/ Yoast SEO plugin. -->","yoast_head_json":{"title":"Ent\u00e4 jos? - Kirjailijan p\u00e4iv\u00e4kirja","robots":{"index":"index","follow":"follow","max-snippet":"max-snippet:-1","max-image-preview":"max-image-preview:large","max-video-preview":"max-video-preview:-1"},"canonical":"https:\/\/suomenkuvalehti.fi\/kirjailijanpaivakirja\/enta-jos\/","og_locale":"fi_FI","og_type":"article","og_title":"Ent\u00e4 jos? - Kirjailijan p\u00e4iv\u00e4kirja","og_description":"Olin siin\u00e4 uskossa, ett\u00e4 Yksin-romaanini olisi ensimm\u00e4inen romaani, jossa Paavo Nurmi on p\u00e4\u00e4henkil\u00f6n\u00e4. Luulin v\u00e4\u00e4rin. Vierailin alkusyksyst\u00e4 Erkki Vettenniemen kanssa Roman Schatzin radio-ohjelmassa Yle Radio 1:ss\u00e4. L\u00e4hetyksen j\u00e4lkeen k\u00e4velless\u00e4ni yht\u00e4 matkaa Vettenniemen kanssa h\u00e4n kertoi huomanneensa, ett\u00e4 viime vuonn&hellip;","og_url":"https:\/\/suomenkuvalehti.fi\/kirjailijanpaivakirja\/enta-jos\/","og_site_name":"Kirjailijan p\u00e4iv\u00e4kirja","article_published_time":"2015-11-29T12:11:35+00:00","article_modified_time":"2015-11-29T12:22:39+00:00","og_image":[{"width":2560,"height":1706,"url":"https:\/\/suomenkuvalehti.fi\/kirjailijanpaivakirja\/wp-content\/uploads\/sites\/21\/2022\/04\/hamalainen_karo06-1-scaled.jpg","type":"image\/jpeg"}],"author":"Karo H\u00e4m\u00e4l\u00e4inen","twitter_card":"summary_large_image","twitter_misc":{"Written by":"Karo H\u00e4m\u00e4l\u00e4inen","Est. reading time":"2 minuuttia"},"schema":{"@context":"https:\/\/schema.org","@graph":[{"@type":"WebPage","@id":"https:\/\/suomenkuvalehti.fi\/kirjailijanpaivakirja\/enta-jos\/","url":"https:\/\/suomenkuvalehti.fi\/kirjailijanpaivakirja\/enta-jos\/","name":"Ent\u00e4 jos? - Kirjailijan p\u00e4iv\u00e4kirja","isPartOf":{"@id":"https:\/\/suomenkuvalehti.fi\/kirjailijanpaivakirja\/#website"},"datePublished":"2015-11-29T12:11:35+00:00","dateModified":"2015-11-29T12:22:39+00:00","author":{"@id":"https:\/\/suomenkuvalehti.fi\/kirjailijanpaivakirja\/#\/schema\/person\/ca2dfd9d508d8c675e07b3c099fc789b"},"breadcrumb":{"@id":"https:\/\/suomenkuvalehti.fi\/kirjailijanpaivakirja\/enta-jos\/#breadcrumb"},"inLanguage":"fi","potentialAction":[{"@type":"ReadAction","target":["https:\/\/suomenkuvalehti.fi\/kirjailijanpaivakirja\/enta-jos\/"]}]},{"@type":"BreadcrumbList","@id":"https:\/\/suomenkuvalehti.fi\/kirjailijanpaivakirja\/enta-jos\/#breadcrumb","itemListElement":[{"@type":"ListItem","position":1,"name":"Home","item":"https:\/\/suomenkuvalehti.fi\/kirjailijanpaivakirja\/"},{"@type":"ListItem","position":2,"name":"Ent\u00e4 jos?"}]},{"@type":"WebSite","@id":"https:\/\/suomenkuvalehti.fi\/kirjailijanpaivakirja\/#website","url":"https:\/\/suomenkuvalehti.fi\/kirjailijanpaivakirja\/","name":"Kirjailijan p\u00e4iv\u00e4kirja","description":"Proosakirjailijan arkea ja kirjallisuuden ajankohtaisia aiheita.","potentialAction":[{"@type":"SearchAction","target":{"@type":"EntryPoint","urlTemplate":"https:\/\/suomenkuvalehti.fi\/haku\/?q={search_term_string}"},"query-input":{"@type":"PropertyValueSpecification","valueRequired":true,"valueName":"search_term_string"}}],"inLanguage":"fi"},{"@type":"Person","@id":"https:\/\/suomenkuvalehti.fi\/kirjailijanpaivakirja\/#\/schema\/person\/ca2dfd9d508d8c675e07b3c099fc789b","name":"Karo H\u00e4m\u00e4l\u00e4inen","image":{"@type":"ImageObject","inLanguage":"fi","@id":"https:\/\/suomenkuvalehti.fi\/kirjailijanpaivakirja\/#\/schema\/person\/image\/","url":"https:\/\/suomenkuvalehti.fi\/kirjailijanpaivakirja\/wp-content\/uploads\/sites\/21\/2022\/04\/hamalainen_karo06-1-150x150.jpg","contentUrl":"https:\/\/suomenkuvalehti.fi\/kirjailijanpaivakirja\/wp-content\/uploads\/sites\/21\/2022\/04\/hamalainen_karo06-1-150x150.jpg","caption":"Karo H\u00e4m\u00e4l\u00e4inen"},"description":"Karo H\u00e4m\u00e4l\u00e4inen on kirjailija ja talouteen erikoistunut vapaa toimittaja."}]}},"_links":{"self":[{"href":"https:\/\/suomenkuvalehti.fi\/kirjailijanpaivakirja\/wp-json\/wp\/v2\/posts\/489","targetHints":{"allow":["GET"]}}],"collection":[{"href":"https:\/\/suomenkuvalehti.fi\/kirjailijanpaivakirja\/wp-json\/wp\/v2\/posts"}],"about":[{"href":"https:\/\/suomenkuvalehti.fi\/kirjailijanpaivakirja\/wp-json\/wp\/v2\/types\/post"}],"author":[{"embeddable":true,"href":"https:\/\/suomenkuvalehti.fi\/kirjailijanpaivakirja\/wp-json\/wp\/v2\/users\/129"}],"replies":[{"embeddable":true,"href":"https:\/\/suomenkuvalehti.fi\/kirjailijanpaivakirja\/wp-json\/wp\/v2\/comments?post=489"}],"version-history":[{"count":2,"href":"https:\/\/suomenkuvalehti.fi\/kirjailijanpaivakirja\/wp-json\/wp\/v2\/posts\/489\/revisions"}],"predecessor-version":[{"id":491,"href":"https:\/\/suomenkuvalehti.fi\/kirjailijanpaivakirja\/wp-json\/wp\/v2\/posts\/489\/revisions\/491"}],"wp:attachment":[{"href":"https:\/\/suomenkuvalehti.fi\/kirjailijanpaivakirja\/wp-json\/wp\/v2\/media?parent=489"}],"wp:term":[{"taxonomy":"category","embeddable":true,"href":"https:\/\/suomenkuvalehti.fi\/kirjailijanpaivakirja\/wp-json\/wp\/v2\/categories?post=489"},{"taxonomy":"post_tag","embeddable":true,"href":"https:\/\/suomenkuvalehti.fi\/kirjailijanpaivakirja\/wp-json\/wp\/v2\/tags?post=489"}],"curies":[{"name":"wp","href":"https:\/\/api.w.org\/{rel}","templated":true}]}}