{"id":471,"date":"2015-11-11T11:21:58","date_gmt":"2015-11-11T09:21:58","guid":{"rendered":"https:\/\/suomenkuvalehti.fi\/kirjailijanpaivakirja\/?p=471"},"modified":"2015-11-11T11:21:58","modified_gmt":"2015-11-11T09:21:58","slug":"nostalgisoiva-katse","status":"publish","type":"post","link":"https:\/\/suomenkuvalehti.fi\/kirjailijanpaivakirja\/nostalgisoiva-katse\/","title":{"rendered":"Nostalgisoiva katse"},"content":{"rendered":"\n<p>Tampereen aamu oli harmaa. Harvat sateenvarjot vaelsivat Kehr\u00e4saaren punaisella sillalla.<\/p>\n\n\n\n<p>Olisin voinut painua hissill\u00e4 Ilveksen autotallikerrokseen, h\u00f6lk\u00e4t\u00e4 kuntosalin juoksumatolla, pulahtaa uima-altaaseen uudenvaaleasta saunasta. Sen sijaan puin ylle verkkarit ja suuntasin Laukontorin laitaa Pyynikin tihkuun.<\/p>\n\n\n\n<p>En tehnyt askeetikon p\u00e4\u00e4t\u00f6st\u00e4 vaan nostalgikon valinnan.<\/p>\n\n\n\n<p>Pyh\u00e4j\u00e4rven synk\u00e4ll\u00e4 rannalla juoksin l\u00e4pi hien silmiin valuttavan helteen. Pyynikinharjulle noustessani palasin enn\u00e4tysmaratonini loppurutistukseen, muistin kannustajien huudot. Harjumaisemassa kuulin linnut kuin kes\u00e4ll\u00e4 viisi, kuusi tai seitsem\u00e4n vuotta sitten, joka kes\u00e4.<\/p>\n\n\n\n<p>Nautin siit\u00e4, ett\u00e4 muistin juurakot ja kiersin ne niin kuin ennen. Suomen vanhimmat liikennevalot Itsen\u00e4isyydenkadulla toimivat niin kuin aiemmin. Reittivalinnat tulivat miettim\u00e4tt\u00e4. Askeleet veiv\u00e4t, ajatukset saivat olla muualla.<\/p>\n\n\n\n<p>Emme tied\u00e4, nostalgisoiko Paavo Nurmi juostessaan tutuilla reiteill\u00e4\u00e4n. <em>Yksin<\/em>-romaania kirjoittaessani panin h\u00e4net toimimaan niin, koska uskon, ett\u00e4 se on juoksijan mieli. Reitti, jota on juossut sadat kerrat, ei ole vain reitti vaan osa omaa henkil\u00f6historiaa. Sen juokseminen on muistojen, ei kilometrien juoksemista.<\/p>\n\n\n\n<p>Vanhoille j\u00e4ljilleen palaavalla juoksijalla on nostalgisoiva katse.<\/p>\n\n\n\n<p>Nostalgisoiva katse on my\u00f6s omael\u00e4m\u00e4kerran kirjoittajalla. Oman el\u00e4m\u00e4n tarkastelu v\u00e4limatkan p\u00e4\u00e4st\u00e4 on taistelua itsens\u00e4 kanssa. Taistelua ja tarkastelua.<\/p>\n\n\n\n<p>Kun mietin <em>Yksin<\/em>-romaanini rakennetta \u2013 ty\u00f6 oli poikkeuksellisen vaivalloista \u2013 ja p\u00e4\u00e4dyin valitsemaan kertojaksi vanhan Paavo Nurmen, jouduin vastaamaan kysymykseen: miksi romaanini min\u00e4kertoja muistelisi?<\/p>\n\n\n\n<p>Haastatteluista ja aikalaistodistajien lausunnoista tied\u00e4mme, ett\u00e4 tosiel\u00e4m\u00e4n Nurmi piti monia valintojaan v\u00e4\u00e4rin\u00e4 ja mit\u00e4t\u00f6i saavutustensa arvon. H\u00e4n oli ilmeisen katkera vanha mies. T\u00e4llainen on my\u00f6s romaanitulkintani Nurmi. Miksi h\u00e4n piinaisi itse\u00e4\u00e4n k\u00e4ym\u00e4ll\u00e4 l\u00e4pi el\u00e4m\u00e4\u00e4ns\u00e4, jonka h\u00e4n n\u00e4kee tappioiden sarjana? Panen romaanini min\u00e4kertojan esitt\u00e4m\u00e4\u00e4n kysymyksen itselleen.<\/p>\n\n\n\n<p>&#8221;Se on kuitenkin minun el\u00e4m\u00e4ni&#8221;, h\u00e4n vastaa itselleen.<\/p>\n\n\n\n<p>Niin kuin omael\u00e4m\u00e4kerran kirjoittajalla my\u00f6s fiktiivisen omael\u00e4m\u00e4kerran kertojalla on nostalgisoiva katse. Vaikka romaanini Nurmi on katkera h\u00e4n on minun mielest\u00e4ni my\u00f6s ylpe\u00e4 siit\u00e4, mit\u00e4 on saanut aikaan. H\u00e4n salaa kaipaa sit\u00e4, mit\u00e4 joskus oli, kun ymm\u00e4rt\u00e4\u00e4, ettei en\u00e4\u00e4 ole.<\/p>\n\n\n\n<p>Vaikka muistot voivat olla raskaita ja vaikka ne n\u00e4ytt\u00e4v\u00e4t, mink\u00e4 kaiken on tehnyt v\u00e4\u00e4rin, ne muodostavat ihmisen. Vaikka muistot ovat el\u00e4m\u00e4\u00e4, jota ei en\u00e4\u00e4 ole, ne ovat kauniita.<\/p>\n\n\n\n<p>Nostalgisoiva katse syvent\u00e4\u00e4 mielen. Se nostaa hymyn ja vieritt\u00e4\u00e4 kyyneleen.<\/p>\n\n\n","protected":false},"excerpt":{"rendered":"<p>Tampereen aamu oli harmaa. Harvat sateenvarjot vaelsivat Kehr\u00e4saaren punaisella sillalla. Olisin voinut painua hissill\u00e4 Ilveksen autotallikerrokseen, h\u00f6lk\u00e4t\u00e4 kuntosalin juoksumatolla, pulahtaa uima-altaaseen uudenvaaleasta saunasta. Sen sijaan puin ylle verkkarit ja suuntasin Laukontorin laitaa Pyynikin<br \/>\ntihk&hellip;<\/p>\n","protected":false},"author":129,"featured_media":0,"comment_status":"open","ping_status":"open","sticky":false,"template":"","format":"standard","meta":{"_acf_changed":false,"asauth_required_access_level":3,"asauth_cansharepaid":"true","om_header_attributes":[],"footnotes":"","om_featured_image_focal_point":[],"om_primary_tag":0,"om_contributors":[],"om_co_authors":[],"beyondwords_generate_audio":"","beyondwords_project_id":"","beyondwords_content_id":"","beyondwords_preview_token":"","beyondwords_player_content":"","beyondwords_player_style":"","beyondwords_language_code":"","beyondwords_language_id":"","beyondwords_title_voice_id":"","beyondwords_body_voice_id":"","beyondwords_summary_voice_id":"","beyondwords_error_message":"","beyondwords_disabled":"","beyondwords_delete_content":"","beyondwords_podcast_id":"","beyondwords_hash":"","publish_post_to_speechkit":"","speechkit_hash":"","speechkit_generate_audio":"","speechkit_project_id":"","speechkit_podcast_id":"","speechkit_error_message":"","speechkit_disabled":"","speechkit_access_key":"","speechkit_error":"","speechkit_info":"","speechkit_response":"","speechkit_retries":"","speechkit_status":"","speechkit_updated_at":"","_speechkit_link":"","_speechkit_text":""},"categories":[1],"tags":[514,381,516,515,16,90,110,380],"class_list":["post-471","post","type-post","status-publish","format-standard","hentry","category-kirjailijan-paivakirja","tag-elamakerta","tag-kirjoittaminen","tag-nostalgisoiva-katse","tag-omaelamakerta","tag-paavo-nurmi","tag-romaani","tag-tampere","tag-yksin"],"om_views":null,"acf":{"tuuma_off":false,"tuuma_kysymys":"","tuuma_vastaus":""},"asauth":{"required_access_level":1,"share_token":"","is_paid":false},"yoast_head":"<!-- This site is optimized with the Yoast SEO plugin v26.4 - https:\/\/yoast.com\/wordpress\/plugins\/seo\/ -->\n<title>Nostalgisoiva katse - Kirjailijan p\u00e4iv\u00e4kirja<\/title>\n<meta name=\"robots\" content=\"index, follow, max-snippet:-1, max-image-preview:large, max-video-preview:-1\" \/>\n<link rel=\"canonical\" href=\"https:\/\/suomenkuvalehti.fi\/kirjailijanpaivakirja\/nostalgisoiva-katse\/\" \/>\n<meta property=\"og:locale\" content=\"fi_FI\" \/>\n<meta property=\"og:type\" content=\"article\" \/>\n<meta property=\"og:title\" content=\"Nostalgisoiva katse - Kirjailijan p\u00e4iv\u00e4kirja\" \/>\n<meta property=\"og:description\" content=\"Tampereen aamu oli harmaa. Harvat sateenvarjot vaelsivat Kehr\u00e4saaren punaisella sillalla. Olisin voinut painua hissill\u00e4 Ilveksen autotallikerrokseen, h\u00f6lk\u00e4t\u00e4 kuntosalin juoksumatolla, pulahtaa uima-altaaseen uudenvaaleasta saunasta. Sen sijaan puin ylle verkkarit ja suuntasin Laukontorin laitaa Pyynikin tihk&hellip;\" \/>\n<meta property=\"og:url\" content=\"https:\/\/suomenkuvalehti.fi\/kirjailijanpaivakirja\/nostalgisoiva-katse\/\" \/>\n<meta property=\"og:site_name\" content=\"Kirjailijan p\u00e4iv\u00e4kirja\" \/>\n<meta property=\"article:published_time\" content=\"2015-11-11T09:21:58+00:00\" \/>\n<meta property=\"og:image\" content=\"https:\/\/suomenkuvalehti.fi\/kirjailijanpaivakirja\/wp-content\/uploads\/sites\/21\/2022\/04\/hamalainen_karo06-1-scaled.jpg\" \/>\n\t<meta property=\"og:image:width\" content=\"2560\" \/>\n\t<meta property=\"og:image:height\" content=\"1706\" \/>\n\t<meta property=\"og:image:type\" content=\"image\/jpeg\" \/>\n<meta name=\"author\" content=\"Karo H\u00e4m\u00e4l\u00e4inen\" \/>\n<meta name=\"twitter:card\" content=\"summary_large_image\" \/>\n<meta name=\"twitter:label1\" content=\"Written by\" \/>\n\t<meta name=\"twitter:data1\" content=\"Karo H\u00e4m\u00e4l\u00e4inen\" \/>\n\t<meta name=\"twitter:label2\" content=\"Est. reading time\" \/>\n\t<meta name=\"twitter:data2\" content=\"2 minuuttia\" \/>\n<script type=\"application\/ld+json\" class=\"yoast-schema-graph\">{\"@context\":\"https:\/\/schema.org\",\"@graph\":[{\"@type\":\"WebPage\",\"@id\":\"https:\/\/suomenkuvalehti.fi\/kirjailijanpaivakirja\/nostalgisoiva-katse\/\",\"url\":\"https:\/\/suomenkuvalehti.fi\/kirjailijanpaivakirja\/nostalgisoiva-katse\/\",\"name\":\"Nostalgisoiva katse - Kirjailijan p\u00e4iv\u00e4kirja\",\"isPartOf\":{\"@id\":\"https:\/\/suomenkuvalehti.fi\/kirjailijanpaivakirja\/#website\"},\"datePublished\":\"2015-11-11T09:21:58+00:00\",\"author\":{\"@id\":\"https:\/\/suomenkuvalehti.fi\/kirjailijanpaivakirja\/#\/schema\/person\/ca2dfd9d508d8c675e07b3c099fc789b\"},\"breadcrumb\":{\"@id\":\"https:\/\/suomenkuvalehti.fi\/kirjailijanpaivakirja\/nostalgisoiva-katse\/#breadcrumb\"},\"inLanguage\":\"fi\",\"potentialAction\":[{\"@type\":\"ReadAction\",\"target\":[\"https:\/\/suomenkuvalehti.fi\/kirjailijanpaivakirja\/nostalgisoiva-katse\/\"]}]},{\"@type\":\"BreadcrumbList\",\"@id\":\"https:\/\/suomenkuvalehti.fi\/kirjailijanpaivakirja\/nostalgisoiva-katse\/#breadcrumb\",\"itemListElement\":[{\"@type\":\"ListItem\",\"position\":1,\"name\":\"Home\",\"item\":\"https:\/\/suomenkuvalehti.fi\/kirjailijanpaivakirja\/\"},{\"@type\":\"ListItem\",\"position\":2,\"name\":\"Nostalgisoiva katse\"}]},{\"@type\":\"WebSite\",\"@id\":\"https:\/\/suomenkuvalehti.fi\/kirjailijanpaivakirja\/#website\",\"url\":\"https:\/\/suomenkuvalehti.fi\/kirjailijanpaivakirja\/\",\"name\":\"Kirjailijan p\u00e4iv\u00e4kirja\",\"description\":\"Proosakirjailijan arkea ja kirjallisuuden ajankohtaisia aiheita.\",\"potentialAction\":[{\"@type\":\"SearchAction\",\"target\":{\"@type\":\"EntryPoint\",\"urlTemplate\":\"https:\/\/suomenkuvalehti.fi\/haku\/?q={search_term_string}\"},\"query-input\":{\"@type\":\"PropertyValueSpecification\",\"valueRequired\":true,\"valueName\":\"search_term_string\"}}],\"inLanguage\":\"fi\"},{\"@type\":\"Person\",\"@id\":\"https:\/\/suomenkuvalehti.fi\/kirjailijanpaivakirja\/#\/schema\/person\/ca2dfd9d508d8c675e07b3c099fc789b\",\"name\":\"Karo H\u00e4m\u00e4l\u00e4inen\",\"image\":{\"@type\":\"ImageObject\",\"inLanguage\":\"fi\",\"@id\":\"https:\/\/suomenkuvalehti.fi\/kirjailijanpaivakirja\/#\/schema\/person\/image\/\",\"url\":\"https:\/\/suomenkuvalehti.fi\/kirjailijanpaivakirja\/wp-content\/uploads\/sites\/21\/2022\/04\/hamalainen_karo06-1-150x150.jpg\",\"contentUrl\":\"https:\/\/suomenkuvalehti.fi\/kirjailijanpaivakirja\/wp-content\/uploads\/sites\/21\/2022\/04\/hamalainen_karo06-1-150x150.jpg\",\"caption\":\"Karo H\u00e4m\u00e4l\u00e4inen\"},\"description\":\"Karo H\u00e4m\u00e4l\u00e4inen on kirjailija ja talouteen erikoistunut vapaa toimittaja.\"}]}<\/script>\n<!-- \/ Yoast SEO plugin. -->","yoast_head_json":{"title":"Nostalgisoiva katse - Kirjailijan p\u00e4iv\u00e4kirja","robots":{"index":"index","follow":"follow","max-snippet":"max-snippet:-1","max-image-preview":"max-image-preview:large","max-video-preview":"max-video-preview:-1"},"canonical":"https:\/\/suomenkuvalehti.fi\/kirjailijanpaivakirja\/nostalgisoiva-katse\/","og_locale":"fi_FI","og_type":"article","og_title":"Nostalgisoiva katse - Kirjailijan p\u00e4iv\u00e4kirja","og_description":"Tampereen aamu oli harmaa. Harvat sateenvarjot vaelsivat Kehr\u00e4saaren punaisella sillalla. Olisin voinut painua hissill\u00e4 Ilveksen autotallikerrokseen, h\u00f6lk\u00e4t\u00e4 kuntosalin juoksumatolla, pulahtaa uima-altaaseen uudenvaaleasta saunasta. Sen sijaan puin ylle verkkarit ja suuntasin Laukontorin laitaa Pyynikin tihk&hellip;","og_url":"https:\/\/suomenkuvalehti.fi\/kirjailijanpaivakirja\/nostalgisoiva-katse\/","og_site_name":"Kirjailijan p\u00e4iv\u00e4kirja","article_published_time":"2015-11-11T09:21:58+00:00","og_image":[{"width":2560,"height":1706,"url":"https:\/\/suomenkuvalehti.fi\/kirjailijanpaivakirja\/wp-content\/uploads\/sites\/21\/2022\/04\/hamalainen_karo06-1-scaled.jpg","type":"image\/jpeg"}],"author":"Karo H\u00e4m\u00e4l\u00e4inen","twitter_card":"summary_large_image","twitter_misc":{"Written by":"Karo H\u00e4m\u00e4l\u00e4inen","Est. reading time":"2 minuuttia"},"schema":{"@context":"https:\/\/schema.org","@graph":[{"@type":"WebPage","@id":"https:\/\/suomenkuvalehti.fi\/kirjailijanpaivakirja\/nostalgisoiva-katse\/","url":"https:\/\/suomenkuvalehti.fi\/kirjailijanpaivakirja\/nostalgisoiva-katse\/","name":"Nostalgisoiva katse - Kirjailijan p\u00e4iv\u00e4kirja","isPartOf":{"@id":"https:\/\/suomenkuvalehti.fi\/kirjailijanpaivakirja\/#website"},"datePublished":"2015-11-11T09:21:58+00:00","author":{"@id":"https:\/\/suomenkuvalehti.fi\/kirjailijanpaivakirja\/#\/schema\/person\/ca2dfd9d508d8c675e07b3c099fc789b"},"breadcrumb":{"@id":"https:\/\/suomenkuvalehti.fi\/kirjailijanpaivakirja\/nostalgisoiva-katse\/#breadcrumb"},"inLanguage":"fi","potentialAction":[{"@type":"ReadAction","target":["https:\/\/suomenkuvalehti.fi\/kirjailijanpaivakirja\/nostalgisoiva-katse\/"]}]},{"@type":"BreadcrumbList","@id":"https:\/\/suomenkuvalehti.fi\/kirjailijanpaivakirja\/nostalgisoiva-katse\/#breadcrumb","itemListElement":[{"@type":"ListItem","position":1,"name":"Home","item":"https:\/\/suomenkuvalehti.fi\/kirjailijanpaivakirja\/"},{"@type":"ListItem","position":2,"name":"Nostalgisoiva katse"}]},{"@type":"WebSite","@id":"https:\/\/suomenkuvalehti.fi\/kirjailijanpaivakirja\/#website","url":"https:\/\/suomenkuvalehti.fi\/kirjailijanpaivakirja\/","name":"Kirjailijan p\u00e4iv\u00e4kirja","description":"Proosakirjailijan arkea ja kirjallisuuden ajankohtaisia aiheita.","potentialAction":[{"@type":"SearchAction","target":{"@type":"EntryPoint","urlTemplate":"https:\/\/suomenkuvalehti.fi\/haku\/?q={search_term_string}"},"query-input":{"@type":"PropertyValueSpecification","valueRequired":true,"valueName":"search_term_string"}}],"inLanguage":"fi"},{"@type":"Person","@id":"https:\/\/suomenkuvalehti.fi\/kirjailijanpaivakirja\/#\/schema\/person\/ca2dfd9d508d8c675e07b3c099fc789b","name":"Karo H\u00e4m\u00e4l\u00e4inen","image":{"@type":"ImageObject","inLanguage":"fi","@id":"https:\/\/suomenkuvalehti.fi\/kirjailijanpaivakirja\/#\/schema\/person\/image\/","url":"https:\/\/suomenkuvalehti.fi\/kirjailijanpaivakirja\/wp-content\/uploads\/sites\/21\/2022\/04\/hamalainen_karo06-1-150x150.jpg","contentUrl":"https:\/\/suomenkuvalehti.fi\/kirjailijanpaivakirja\/wp-content\/uploads\/sites\/21\/2022\/04\/hamalainen_karo06-1-150x150.jpg","caption":"Karo H\u00e4m\u00e4l\u00e4inen"},"description":"Karo H\u00e4m\u00e4l\u00e4inen on kirjailija ja talouteen erikoistunut vapaa toimittaja."}]}},"_links":{"self":[{"href":"https:\/\/suomenkuvalehti.fi\/kirjailijanpaivakirja\/wp-json\/wp\/v2\/posts\/471","targetHints":{"allow":["GET"]}}],"collection":[{"href":"https:\/\/suomenkuvalehti.fi\/kirjailijanpaivakirja\/wp-json\/wp\/v2\/posts"}],"about":[{"href":"https:\/\/suomenkuvalehti.fi\/kirjailijanpaivakirja\/wp-json\/wp\/v2\/types\/post"}],"author":[{"embeddable":true,"href":"https:\/\/suomenkuvalehti.fi\/kirjailijanpaivakirja\/wp-json\/wp\/v2\/users\/129"}],"replies":[{"embeddable":true,"href":"https:\/\/suomenkuvalehti.fi\/kirjailijanpaivakirja\/wp-json\/wp\/v2\/comments?post=471"}],"version-history":[{"count":1,"href":"https:\/\/suomenkuvalehti.fi\/kirjailijanpaivakirja\/wp-json\/wp\/v2\/posts\/471\/revisions"}],"predecessor-version":[{"id":472,"href":"https:\/\/suomenkuvalehti.fi\/kirjailijanpaivakirja\/wp-json\/wp\/v2\/posts\/471\/revisions\/472"}],"wp:attachment":[{"href":"https:\/\/suomenkuvalehti.fi\/kirjailijanpaivakirja\/wp-json\/wp\/v2\/media?parent=471"}],"wp:term":[{"taxonomy":"category","embeddable":true,"href":"https:\/\/suomenkuvalehti.fi\/kirjailijanpaivakirja\/wp-json\/wp\/v2\/categories?post=471"},{"taxonomy":"post_tag","embeddable":true,"href":"https:\/\/suomenkuvalehti.fi\/kirjailijanpaivakirja\/wp-json\/wp\/v2\/tags?post=471"}],"curies":[{"name":"wp","href":"https:\/\/api.w.org\/{rel}","templated":true}]}}