{"id":440,"date":"2015-10-20T12:13:05","date_gmt":"2015-10-20T09:13:05","guid":{"rendered":"https:\/\/suomenkuvalehti.fi\/kirjailijanpaivakirja\/?p=440"},"modified":"2015-10-20T12:13:05","modified_gmt":"2015-10-20T09:13:05","slug":"marraskuussa-luetaan-taas","status":"publish","type":"post","link":"https:\/\/suomenkuvalehti.fi\/kirjailijanpaivakirja\/marraskuussa-luetaan-taas\/","title":{"rendered":"Marraskuussa luetaan taas!"},"content":{"rendered":"\n<p>Vuosi sitten haastoin suomalaiset lukemaan marraskuun aikana v\u00e4hint\u00e4\u00e4n kolmekymment\u00e4 sivua kaunokirjallisuutta joka p\u00e4iv\u00e4.<\/p>\n\n\n\n<p>Lukuhaasteesta tuli tuhansien osallistujien j\u00e4ttimenestys. Facebookissa Lukuhaaste-tapahtuman sivuilla k\u00e4ytiin aktiivista keskustelua luvun alla olevista kirjoista. Monet havahtuivat miettim\u00e4\u00e4n, kuinka omaa arkea voisi rukata niin, ett\u00e4 lukemiselle j\u00e4isi aikaa. Lukemiseen kun yleisesti suhtaudutaan positiivisena asiana, mutta aina ei (muka?) tahdo l\u00f6yty\u00e4 aikaa. Lukuhaaste on omiaan tirist\u00e4m\u00e4\u00e4n p\u00e4iv\u00e4st\u00e4 puolituntisen, jonka 30 sivun lukeminen vaatii.<\/p>\n\n\n\n<p>T\u00e4ss\u00e4kin marraskuussa luetaan.<\/p>\n\n\n\n<p>Lukuhaasteessa sitoudutaan lukemaan v\u00e4hint\u00e4\u00e4n kolmekymment\u00e4 sivua p\u00e4iv\u00e4ss\u00e4. Joka p\u00e4iv\u00e4 luetaan, seuraavan p\u00e4iv\u00e4n annosta ei voi lukea ennalta eik\u00e4 seuraavana p\u00e4iv\u00e4n\u00e4 paikata edellist\u00e4. Luettavan on oltava kaunokirjallisuutta tai \u2013 t\u00e4m\u00e4 on lis\u00e4ys viimevuotisen palautteen perusteella \u2013 kertovaa tietokirjallisuutta (opaskirjat, t\u00f6ihin liittyv\u00e4t raportit ja oppikirjat on luettava lukuhaasteen sivum\u00e4\u00e4r\u00e4n p\u00e4\u00e4lle).<\/p>\n\n\n\n<p>Kukin lukee mit\u00e4 haluaa, mill\u00e4 kielell\u00e4 haluaa. \u00c4\u00e4neen lukeminen esimerkiksi lapselle tai vanhukselle lasketaan tietenkin mukaan sivuihin.<\/p>\n\n\n\n<p>Suosittelen lukemaan painettua kirjaa tai lukulaitetta, mutta kaikki formaatit toki k\u00e4yv\u00e4t. Suositus siksi, ett\u00e4 painetun kirjan lukeminen on tutkitusti erilaista kuin vaikkapa tietokoneen ruudulta lukeminen. Painettua kirjaa luetaan, ei selailla. Ja kun lukee laitetta, jossa ei ole nettiyhteytt\u00e4, lukemisesta tulee yht\u00e4jaksoista sen sijaan, ett\u00e4 v\u00e4lill\u00e4 pomppisi tarkistamaan meilej\u00e4 ja kurkkaamaan Facebookista uusimmat p\u00e4ivitykset.<\/p>\n\n\n\n<p>P\u00e4ivitt\u00e4iset kolmekymment\u00e4 sivua saa lukea useassa er\u00e4ss\u00e4, ja enemm\u00e4nkin saa lukea ja muutakin saa lukea, kunhan kolmekymment\u00e4 sivua p\u00e4iv\u00e4ss\u00e4 tulee t\u00e4yteen. Himolukijat voivat tehd\u00e4 haasteesta progressiivisen: sivujen m\u00e4\u00e4r\u00e4\u00e4 lis\u00e4t\u00e4\u00e4n kymmenell\u00e4 p\u00e4ivitt\u00e4in, jolloin marraskuun viimeisen\u00e4 p\u00e4iv\u00e4n\u00e4 p\u00e4iv\u00e4annos on reilut kolmesataa sivua. Kaveriporukat varioikoot s\u00e4\u00e4nt\u00f6j\u00e4 itselleen sopiviksi.<\/p>\n\n\n\n<p>Haasteeseen osallistumisesta ole tilivelvollinen muille kuin itselleen, mutta yhteis\u00f6llisyys antaa haasteeseen lis\u00e4\u00e4 luonnetta. Haasteesta voi jutella ty\u00f6- tai kaveriporukan kanssa ja vertailla kokemuksia.<\/p>\n\n\n\n<p>Facebookin k\u00e4ytt\u00e4jien kannattaa osallistua<a href=\"https:\/\/www.facebook.com\/events\/1635416806719552\/\" target=\"_blank\"> Lukuhaaste 2015 -Facebook-tapahtumaan<\/a>, jossa haasteen kuluessa ehdotan Lukuhaasteen sis\u00e4ll\u00e4 vapaaehtoisia erikoishaasteita ja kyselen kirjailijoilta ja muilta tunnetuilta Lukuhaasteeseen osallistuvilta lukijoilta, kuinka heid\u00e4n haasteensa etenee. Haasta kaverisikin!<\/p>\n\n\n\n<p>Tapahtuman kuluessa saatetaan j\u00e4rjest\u00e4\u00e4 my\u00f6s yll\u00e4tysarvontoja, joissa palkintona on lis\u00e4\u00e4 uutta luettavaa.<\/p>\n\n\n\n<p>Lukemisiin!<\/p>\n\n\n\n<p><a href=\"https:\/\/www.facebook.com\/events\/1635416806719552\/\" target=\"_blank\">Linkki Lukuhaaste 2015 -Facebook-tapahtumaan.<\/a><\/p>\n\n\n","protected":false},"excerpt":{"rendered":"<p>Vuosi sitten haastoin suomalaiset lukemaan marraskuun aikana v\u00e4hint\u00e4\u00e4n kolmekymment\u00e4 sivua kaunokirjallisuutta joka p\u00e4iv\u00e4. Lukuhaasteesta tuli tuhansien osallistujien j\u00e4ttimenestys. Facebookissa Lukuhaaste-tapahtuman sivuilla k\u00e4ytiin aktiivista keskustelua luvun alla olevista kirjoista. Monet<br \/>\nhavahtu&hellip;<\/p>\n","protected":false},"author":129,"featured_media":0,"comment_status":"open","ping_status":"open","sticky":false,"template":"","format":"standard","meta":{"_acf_changed":false,"asauth_required_access_level":3,"asauth_cansharepaid":"true","om_header_attributes":[],"footnotes":"","om_featured_image_focal_point":[],"om_primary_tag":0,"om_contributors":[],"om_co_authors":[],"beyondwords_generate_audio":"","beyondwords_project_id":"","beyondwords_content_id":"","beyondwords_preview_token":"","beyondwords_player_content":"","beyondwords_player_style":"","beyondwords_language_code":"","beyondwords_language_id":"","beyondwords_title_voice_id":"","beyondwords_body_voice_id":"","beyondwords_summary_voice_id":"","beyondwords_error_message":"","beyondwords_disabled":"","beyondwords_delete_content":"","beyondwords_podcast_id":"","beyondwords_hash":"","publish_post_to_speechkit":"","speechkit_hash":"","speechkit_generate_audio":"","speechkit_project_id":"","speechkit_podcast_id":"","speechkit_error_message":"","speechkit_disabled":"","speechkit_access_key":"","speechkit_error":"","speechkit_info":"","speechkit_response":"","speechkit_retries":"","speechkit_status":"","speechkit_updated_at":"","_speechkit_link":"","_speechkit_text":""},"categories":[1],"tags":[500,17,287,499,501],"class_list":["post-440","post","type-post","status-publish","format-standard","hentry","category-kirjailijan-paivakirja","tag-haaste","tag-lukeminen","tag-lukuhaaste","tag-lukuhaaste-2015","tag-marraskuu"],"om_views":null,"acf":{"tuuma_off":false,"tuuma_kysymys":"","tuuma_vastaus":""},"asauth":{"required_access_level":1,"share_token":"","is_paid":false},"yoast_head":"<!-- This site is optimized with the Yoast SEO plugin v26.4 - https:\/\/yoast.com\/wordpress\/plugins\/seo\/ -->\n<title>Marraskuussa luetaan taas! - Kirjailijan p\u00e4iv\u00e4kirja<\/title>\n<meta name=\"robots\" content=\"index, follow, max-snippet:-1, max-image-preview:large, max-video-preview:-1\" \/>\n<link rel=\"canonical\" href=\"https:\/\/suomenkuvalehti.fi\/kirjailijanpaivakirja\/marraskuussa-luetaan-taas\/\" \/>\n<meta property=\"og:locale\" content=\"fi_FI\" \/>\n<meta property=\"og:type\" content=\"article\" \/>\n<meta property=\"og:title\" content=\"Marraskuussa luetaan taas! - Kirjailijan p\u00e4iv\u00e4kirja\" \/>\n<meta property=\"og:description\" content=\"Vuosi sitten haastoin suomalaiset lukemaan marraskuun aikana v\u00e4hint\u00e4\u00e4n kolmekymment\u00e4 sivua kaunokirjallisuutta joka p\u00e4iv\u00e4. Lukuhaasteesta tuli tuhansien osallistujien j\u00e4ttimenestys. Facebookissa Lukuhaaste-tapahtuman sivuilla k\u00e4ytiin aktiivista keskustelua luvun alla olevista kirjoista. Monet havahtu&hellip;\" \/>\n<meta property=\"og:url\" content=\"https:\/\/suomenkuvalehti.fi\/kirjailijanpaivakirja\/marraskuussa-luetaan-taas\/\" \/>\n<meta property=\"og:site_name\" content=\"Kirjailijan p\u00e4iv\u00e4kirja\" \/>\n<meta property=\"article:published_time\" content=\"2015-10-20T09:13:05+00:00\" \/>\n<meta property=\"og:image\" content=\"https:\/\/suomenkuvalehti.fi\/kirjailijanpaivakirja\/wp-content\/uploads\/sites\/21\/2022\/04\/hamalainen_karo06-1-scaled.jpg\" \/>\n\t<meta property=\"og:image:width\" content=\"2560\" \/>\n\t<meta property=\"og:image:height\" content=\"1706\" \/>\n\t<meta property=\"og:image:type\" content=\"image\/jpeg\" \/>\n<meta name=\"author\" content=\"Karo H\u00e4m\u00e4l\u00e4inen\" \/>\n<meta name=\"twitter:card\" content=\"summary_large_image\" \/>\n<meta name=\"twitter:label1\" content=\"Written by\" \/>\n\t<meta name=\"twitter:data1\" content=\"Karo H\u00e4m\u00e4l\u00e4inen\" \/>\n\t<meta name=\"twitter:label2\" content=\"Est. reading time\" \/>\n\t<meta name=\"twitter:data2\" content=\"2 minuuttia\" \/>\n<script type=\"application\/ld+json\" class=\"yoast-schema-graph\">{\"@context\":\"https:\/\/schema.org\",\"@graph\":[{\"@type\":\"WebPage\",\"@id\":\"https:\/\/suomenkuvalehti.fi\/kirjailijanpaivakirja\/marraskuussa-luetaan-taas\/\",\"url\":\"https:\/\/suomenkuvalehti.fi\/kirjailijanpaivakirja\/marraskuussa-luetaan-taas\/\",\"name\":\"Marraskuussa luetaan taas! - Kirjailijan p\u00e4iv\u00e4kirja\",\"isPartOf\":{\"@id\":\"https:\/\/suomenkuvalehti.fi\/kirjailijanpaivakirja\/#website\"},\"datePublished\":\"2015-10-20T09:13:05+00:00\",\"author\":{\"@id\":\"https:\/\/suomenkuvalehti.fi\/kirjailijanpaivakirja\/#\/schema\/person\/ca2dfd9d508d8c675e07b3c099fc789b\"},\"breadcrumb\":{\"@id\":\"https:\/\/suomenkuvalehti.fi\/kirjailijanpaivakirja\/marraskuussa-luetaan-taas\/#breadcrumb\"},\"inLanguage\":\"fi\",\"potentialAction\":[{\"@type\":\"ReadAction\",\"target\":[\"https:\/\/suomenkuvalehti.fi\/kirjailijanpaivakirja\/marraskuussa-luetaan-taas\/\"]}]},{\"@type\":\"BreadcrumbList\",\"@id\":\"https:\/\/suomenkuvalehti.fi\/kirjailijanpaivakirja\/marraskuussa-luetaan-taas\/#breadcrumb\",\"itemListElement\":[{\"@type\":\"ListItem\",\"position\":1,\"name\":\"Home\",\"item\":\"https:\/\/suomenkuvalehti.fi\/kirjailijanpaivakirja\/\"},{\"@type\":\"ListItem\",\"position\":2,\"name\":\"Marraskuussa luetaan taas!\"}]},{\"@type\":\"WebSite\",\"@id\":\"https:\/\/suomenkuvalehti.fi\/kirjailijanpaivakirja\/#website\",\"url\":\"https:\/\/suomenkuvalehti.fi\/kirjailijanpaivakirja\/\",\"name\":\"Kirjailijan p\u00e4iv\u00e4kirja\",\"description\":\"Proosakirjailijan arkea ja kirjallisuuden ajankohtaisia aiheita.\",\"potentialAction\":[{\"@type\":\"SearchAction\",\"target\":{\"@type\":\"EntryPoint\",\"urlTemplate\":\"https:\/\/suomenkuvalehti.fi\/haku\/?q={search_term_string}\"},\"query-input\":{\"@type\":\"PropertyValueSpecification\",\"valueRequired\":true,\"valueName\":\"search_term_string\"}}],\"inLanguage\":\"fi\"},{\"@type\":\"Person\",\"@id\":\"https:\/\/suomenkuvalehti.fi\/kirjailijanpaivakirja\/#\/schema\/person\/ca2dfd9d508d8c675e07b3c099fc789b\",\"name\":\"Karo H\u00e4m\u00e4l\u00e4inen\",\"image\":{\"@type\":\"ImageObject\",\"inLanguage\":\"fi\",\"@id\":\"https:\/\/suomenkuvalehti.fi\/kirjailijanpaivakirja\/#\/schema\/person\/image\/\",\"url\":\"https:\/\/suomenkuvalehti.fi\/kirjailijanpaivakirja\/wp-content\/uploads\/sites\/21\/2022\/04\/hamalainen_karo06-1-150x150.jpg\",\"contentUrl\":\"https:\/\/suomenkuvalehti.fi\/kirjailijanpaivakirja\/wp-content\/uploads\/sites\/21\/2022\/04\/hamalainen_karo06-1-150x150.jpg\",\"caption\":\"Karo H\u00e4m\u00e4l\u00e4inen\"},\"description\":\"Karo H\u00e4m\u00e4l\u00e4inen on kirjailija ja talouteen erikoistunut vapaa toimittaja.\"}]}<\/script>\n<!-- \/ Yoast SEO plugin. -->","yoast_head_json":{"title":"Marraskuussa luetaan taas! - Kirjailijan p\u00e4iv\u00e4kirja","robots":{"index":"index","follow":"follow","max-snippet":"max-snippet:-1","max-image-preview":"max-image-preview:large","max-video-preview":"max-video-preview:-1"},"canonical":"https:\/\/suomenkuvalehti.fi\/kirjailijanpaivakirja\/marraskuussa-luetaan-taas\/","og_locale":"fi_FI","og_type":"article","og_title":"Marraskuussa luetaan taas! - Kirjailijan p\u00e4iv\u00e4kirja","og_description":"Vuosi sitten haastoin suomalaiset lukemaan marraskuun aikana v\u00e4hint\u00e4\u00e4n kolmekymment\u00e4 sivua kaunokirjallisuutta joka p\u00e4iv\u00e4. Lukuhaasteesta tuli tuhansien osallistujien j\u00e4ttimenestys. Facebookissa Lukuhaaste-tapahtuman sivuilla k\u00e4ytiin aktiivista keskustelua luvun alla olevista kirjoista. Monet havahtu&hellip;","og_url":"https:\/\/suomenkuvalehti.fi\/kirjailijanpaivakirja\/marraskuussa-luetaan-taas\/","og_site_name":"Kirjailijan p\u00e4iv\u00e4kirja","article_published_time":"2015-10-20T09:13:05+00:00","og_image":[{"width":2560,"height":1706,"url":"https:\/\/suomenkuvalehti.fi\/kirjailijanpaivakirja\/wp-content\/uploads\/sites\/21\/2022\/04\/hamalainen_karo06-1-scaled.jpg","type":"image\/jpeg"}],"author":"Karo H\u00e4m\u00e4l\u00e4inen","twitter_card":"summary_large_image","twitter_misc":{"Written by":"Karo H\u00e4m\u00e4l\u00e4inen","Est. reading time":"2 minuuttia"},"schema":{"@context":"https:\/\/schema.org","@graph":[{"@type":"WebPage","@id":"https:\/\/suomenkuvalehti.fi\/kirjailijanpaivakirja\/marraskuussa-luetaan-taas\/","url":"https:\/\/suomenkuvalehti.fi\/kirjailijanpaivakirja\/marraskuussa-luetaan-taas\/","name":"Marraskuussa luetaan taas! - Kirjailijan p\u00e4iv\u00e4kirja","isPartOf":{"@id":"https:\/\/suomenkuvalehti.fi\/kirjailijanpaivakirja\/#website"},"datePublished":"2015-10-20T09:13:05+00:00","author":{"@id":"https:\/\/suomenkuvalehti.fi\/kirjailijanpaivakirja\/#\/schema\/person\/ca2dfd9d508d8c675e07b3c099fc789b"},"breadcrumb":{"@id":"https:\/\/suomenkuvalehti.fi\/kirjailijanpaivakirja\/marraskuussa-luetaan-taas\/#breadcrumb"},"inLanguage":"fi","potentialAction":[{"@type":"ReadAction","target":["https:\/\/suomenkuvalehti.fi\/kirjailijanpaivakirja\/marraskuussa-luetaan-taas\/"]}]},{"@type":"BreadcrumbList","@id":"https:\/\/suomenkuvalehti.fi\/kirjailijanpaivakirja\/marraskuussa-luetaan-taas\/#breadcrumb","itemListElement":[{"@type":"ListItem","position":1,"name":"Home","item":"https:\/\/suomenkuvalehti.fi\/kirjailijanpaivakirja\/"},{"@type":"ListItem","position":2,"name":"Marraskuussa luetaan taas!"}]},{"@type":"WebSite","@id":"https:\/\/suomenkuvalehti.fi\/kirjailijanpaivakirja\/#website","url":"https:\/\/suomenkuvalehti.fi\/kirjailijanpaivakirja\/","name":"Kirjailijan p\u00e4iv\u00e4kirja","description":"Proosakirjailijan arkea ja kirjallisuuden ajankohtaisia aiheita.","potentialAction":[{"@type":"SearchAction","target":{"@type":"EntryPoint","urlTemplate":"https:\/\/suomenkuvalehti.fi\/haku\/?q={search_term_string}"},"query-input":{"@type":"PropertyValueSpecification","valueRequired":true,"valueName":"search_term_string"}}],"inLanguage":"fi"},{"@type":"Person","@id":"https:\/\/suomenkuvalehti.fi\/kirjailijanpaivakirja\/#\/schema\/person\/ca2dfd9d508d8c675e07b3c099fc789b","name":"Karo H\u00e4m\u00e4l\u00e4inen","image":{"@type":"ImageObject","inLanguage":"fi","@id":"https:\/\/suomenkuvalehti.fi\/kirjailijanpaivakirja\/#\/schema\/person\/image\/","url":"https:\/\/suomenkuvalehti.fi\/kirjailijanpaivakirja\/wp-content\/uploads\/sites\/21\/2022\/04\/hamalainen_karo06-1-150x150.jpg","contentUrl":"https:\/\/suomenkuvalehti.fi\/kirjailijanpaivakirja\/wp-content\/uploads\/sites\/21\/2022\/04\/hamalainen_karo06-1-150x150.jpg","caption":"Karo H\u00e4m\u00e4l\u00e4inen"},"description":"Karo H\u00e4m\u00e4l\u00e4inen on kirjailija ja talouteen erikoistunut vapaa toimittaja."}]}},"_links":{"self":[{"href":"https:\/\/suomenkuvalehti.fi\/kirjailijanpaivakirja\/wp-json\/wp\/v2\/posts\/440","targetHints":{"allow":["GET"]}}],"collection":[{"href":"https:\/\/suomenkuvalehti.fi\/kirjailijanpaivakirja\/wp-json\/wp\/v2\/posts"}],"about":[{"href":"https:\/\/suomenkuvalehti.fi\/kirjailijanpaivakirja\/wp-json\/wp\/v2\/types\/post"}],"author":[{"embeddable":true,"href":"https:\/\/suomenkuvalehti.fi\/kirjailijanpaivakirja\/wp-json\/wp\/v2\/users\/129"}],"replies":[{"embeddable":true,"href":"https:\/\/suomenkuvalehti.fi\/kirjailijanpaivakirja\/wp-json\/wp\/v2\/comments?post=440"}],"version-history":[{"count":1,"href":"https:\/\/suomenkuvalehti.fi\/kirjailijanpaivakirja\/wp-json\/wp\/v2\/posts\/440\/revisions"}],"predecessor-version":[{"id":441,"href":"https:\/\/suomenkuvalehti.fi\/kirjailijanpaivakirja\/wp-json\/wp\/v2\/posts\/440\/revisions\/441"}],"wp:attachment":[{"href":"https:\/\/suomenkuvalehti.fi\/kirjailijanpaivakirja\/wp-json\/wp\/v2\/media?parent=440"}],"wp:term":[{"taxonomy":"category","embeddable":true,"href":"https:\/\/suomenkuvalehti.fi\/kirjailijanpaivakirja\/wp-json\/wp\/v2\/categories?post=440"},{"taxonomy":"post_tag","embeddable":true,"href":"https:\/\/suomenkuvalehti.fi\/kirjailijanpaivakirja\/wp-json\/wp\/v2\/tags?post=440"}],"curies":[{"name":"wp","href":"https:\/\/api.w.org\/{rel}","templated":true}]}}