{"id":404,"date":"2015-08-11T17:22:58","date_gmt":"2015-08-11T14:22:58","guid":{"rendered":"https:\/\/suomenkuvalehti.fi\/kirjailijanpaivakirja\/?p=404"},"modified":"2015-08-11T17:22:58","modified_gmt":"2015-08-11T14:22:58","slug":"emil-zatopek-paavo-nurmen-puodissa","status":"publish","type":"post","link":"https:\/\/suomenkuvalehti.fi\/kirjailijanpaivakirja\/emil-zatopek-paavo-nurmen-puodissa\/","title":{"rendered":"Emil Z\u00e1topek Paavo Nurmen puodissa"},"content":{"rendered":"\n<p>&#8221;He eiv\u00e4t koskaan tavanneet, eiv\u00e4t Helsingiss\u00e4k\u00e4\u00e4n kisojen aikaan.&#8221;<\/p>\n\n\n\n<p>Johanna Kulmalan kirjoittamat sanat ovat yksiselitteiset. Suomen urheiluhistoriallisen seuran vuoden 2014 vuosikirjaan kirjoittamassaan artikkelissa &#8221;Ristiin rastiin Z\u00e1topekien jalanj\u00e4ljill\u00e4&#8221; h\u00e4n kertoo keskusteluistaan keih\u00e4\u00e4nheitt\u00e4j\u00e4 Dana Z\u00e1topkov\u00e1n kanssa.<\/p>\n\n\n\n<p>Z\u00e1topkov\u00e1n mies Emil Z\u00e1topek, Helsingin olympialaisten kolminkertainen kultamitalisti, tunnetusti ihaili Paavo Nurmea. Herrat eiv\u00e4t tavanneet. Emil Z\u00e1topek on kyll\u00e4 my\u00f6hemmin vieraillut Turussa Paavo Nurmen haudalla. Siit\u00e4 on todisteena valokuva, joka on julkaistu Kulmalan artikkelin yhteydess\u00e4.<\/p>\n\n\n\n<p>Vuonna 2000 kuolleen Emil Z\u00e1topekin todistusta asiasta ei ole, mutta uskonemme Kulmalaa ja Dana Z\u00e1topkov\u00e1ta. Jos Z\u00e1topek olisi kohdannut idolinsa, kai h\u00e4n olisi kertonut siit\u00e4 oitis innoissaan vaimolleen eik\u00e4 t\u00e4m\u00e4 olisi sit\u00e4 unohtanut, vaikka oli keskitytt\u00e4v\u00e4 omaan kisaan?<\/p>\n\n\n\n<p>Kirjoitettuani <em>Yksin<\/em>-romaanini toiseksi viimeisen version l\u00e4hetin sen suomalaisen kest\u00e4vyysjuoksun historiaa poikkeuksellisen hyvin tuntevalle ja aiheesta useita kirjoja kirjoittaneelle Erkki Vettenniemelle, joka kaiken muun lis\u00e4ksi on toimittanut valikoiman Paavo Nurmen lehtikirjoituksia (<em>T\u00e4p\u00e4rin voittoni ja muita kirjoituksia<\/em>, Teos, 2010).<\/p>\n\n\n\n<p>Vettenniemi, joka on asiantuntija paitsi urheilun my\u00f6s kaunokirjallisuuden alalla, huomasi k\u00e4sikirjoituksesta muutaman kontrafaktuaalisen kohdan, siis virheen. Vettenniemi on k\u00e4sitellyt kaunokirjallisuuden &#8221;virheit\u00e4&#8221; ansiokkaasti samaisessa urheiluhistoriallisen seuran vuosikirjassa esimerkkin\u00e4\u00e4n Miika Nousiaisen juoksuromaani <em>Maaninkavaara<\/em>, ja h\u00e4n ymm\u00e4rt\u00e4\u00e4 kaunokirjallisuuden luonteen ja suhteen faktoihin. Siksi h\u00e4nen palautteensa k\u00e4sikirjoituksesta oli eritt\u00e4in arvokasta.<\/p>\n\n\n\n<p>Yksi Vettenniemen huomioista koski Nurmen ja Z\u00e1topekin kohtaamista. H\u00e4n oli lukenut Kulmalan artikkelin ja viittasi siihen.<\/p>\n\n\n\n<p>Romaanini luvun XXXII muodostaa kohtaus, jossa kerakkeita vilisev\u00e4\u00e4 kielt\u00e4 puhuva mies vierailee Paavo Nurmen vaatepuodissa, h\u00e4tk\u00e4ht\u00e4\u00e4 kuullessaan paidan hinnan ja voittaa my\u00f6hemmin samana iltana punaiseen hihattomaan paitaan pukeutuneena, rinnassaan numerolappu 903 olympiakultaa 10 000 metrill\u00e4. Vaikkei romaanini min\u00e4kertoja Nurmi halua mainita juoksijan nime\u00e4, annettujen tietojen perusteella on selv\u00e4\u00e4, ett\u00e4 pitk\u00e4naamainen, osin kaljuuntunut mies on Emil Z\u00e1topek.<\/p>\n\n\n\n<p>Vettenniemen viestin saatuani olisin voinut muuttaa kohtausta tai olisin voinut poistaa sen kokonaan.<\/p>\n\n\n\n<p>En tehnyt niin.<\/p>\n\n\n\n<p>Miksi j\u00e4tin romaaniin ilmiselv\u00e4n virheen?<\/p>\n\n\n\n<p>T\u00e4m\u00e4 on kohta, jossa estetiikan lait asettuvat historiallisen faktan edelle. Kohtauksen muuttaminen tai j\u00e4tt\u00e4minen pois ei olisi sanottavasti muuttanut romaanini Nurmi-kuvaa. Kohtaus on kuitenkin intertekstuaalinen ny\u00f6kk\u00e4ys.<\/p>\n\n\n\n<p>Yksi kimmokkeistani Paavo Nurmi -romaanin kirjoittamiseen oli ranskalaisen Jean Echenoz&#8217;n romaani <em>Pitk\u00e4 juoksu<\/em>. Erkki Jukaraisen suomennos on ilmestynyt Tammen Keltaisessa kirjastossa kaksi vuotta ranskankielisen alkuteoksen ilmestymisen j\u00e4lkeen vuonna 2010. Luin teoksen oitis sen ilmestytty\u00e4 ja olin myyty. <em>Yksin<\/em>-romaania kirjoittaessani en ole lukenut <em>Pitk\u00e4\u00e4 juoksua<\/em>, mutta olen lueskellut Echenoz&#8217;n Maurice Ravel -romaania <em>Ravel<\/em>, jonka saksannos sattui kerran k\u00e4teeni berliinil\u00e4isess\u00e4 kirjakaupassa.<\/p>\n\n\n\n<p><em>Pitk\u00e4ss\u00e4 juoksussa<\/em>&nbsp;on kohtaus, jossa:<\/p>\n\n\n\n<p>&#8221;Nurmi ei sano sanaakaan, tyytyy vain katsomaan asiakkaita silmiin ja myy ohimennen suunnattoman kalliita suomalaisia paitoja ja kiskurihintaisia silkkisolmioita, joita asiakkaat eiv\u00e4t tarvitse alkuunkaan. Ostettuaan paidan niin kuin kaikki muutkin putipuhtaaksi kynitty Emil pit\u00e4\u00e4 sit\u00e4 yll\u00e4\u00e4n muutaman tunnin \u2013 paita on n\u00e4tti mutta hieman nafti, aavistuksen verran karhea ja pistelee ihoa pikkuisen \u2013 kunnes vaihtaa vaatteet, vet\u00e4\u00e4 ylleen punaisen paidan ja numerolapun 903, ja sitten vain kymmenelletuhannelle metrille.&#8221; (<em>Pitk\u00e4 juoksu<\/em>, ss. 72\u201373.)<\/p>\n\n\n\n<p>Romaanini luku XXXII on vastinpari tuolle kohtaukselle. Se on er\u00e4\u00e4nlainen kiitos ja kunnianosoitus ranskalaiskirjailijalle.<\/p>\n\n\n\n<p>Vettenniemen huomaamista virheist\u00e4 toisenkin j\u00e4tin muuttamatta. Romaanissani Paavo Nurmi seuraa Los Angelesin maratonjuoksua katsomosta. Todellisuudessa \u2013 ainakaan Antero Raevuoren totuusarvoltaan vaihtelevan kirjan mukaan \u2013 &#8221;Nurmea ei n\u00e4hty Colisseumilla maratonp\u00e4iv\u00e4n\u00e4k\u00e4\u00e4n. Muiden palatessa kisakyl\u00e4\u00e4n h\u00e4n istui yksin huoneessan, katsahti tulijoihin, kuunteli uutiset ja lausahti lyhyesti: \u2013 Olisin voittanut viidell\u00e4 minuutilla&#8230;&#8221; (<em>Juoksijain kuningas<\/em>, ss. 266\u2013267.)<\/p>\n\n\n\n<p>Romaanissani Nurmi istuu katsomossa, vaikka todellisuudessa oli kai toisin. Siihen on draamalliset syyt. Estetiikan lait ohittavat tiukan naturalismin.<\/p>\n\n\n","protected":false},"excerpt":{"rendered":"<p>&#8221;He eiv\u00e4t koskaan tavanneet, eiv\u00e4t Helsingiss\u00e4k\u00e4\u00e4n kisojen aikaan.&#8221; Johanna Kulmalan kirjoittamat sanat ovat yksiselitteiset. Suomen urheiluhistoriallisen seuran vuoden 2014 vuosikirjaan kirjoittamassaan artikkelissa &#8221;Ristiin rastiin Z\u00e1topekien jalanj\u00e4ljill\u00e4&#8221; h\u00e4n<br \/>\nkertoo k&hellip;<\/p>\n","protected":false},"author":129,"featured_media":0,"comment_status":"open","ping_status":"open","sticky":false,"template":"","format":"standard","meta":{"_acf_changed":false,"asauth_required_access_level":3,"asauth_cansharepaid":"true","om_header_attributes":[],"footnotes":"","om_featured_image_focal_point":[],"om_primary_tag":0,"om_contributors":[],"om_co_authors":[],"beyondwords_generate_audio":"","beyondwords_project_id":"","beyondwords_content_id":"","beyondwords_preview_token":"","beyondwords_player_content":"","beyondwords_player_style":"","beyondwords_language_code":"","beyondwords_language_id":"","beyondwords_title_voice_id":"","beyondwords_body_voice_id":"","beyondwords_summary_voice_id":"","beyondwords_error_message":"","beyondwords_disabled":"","beyondwords_delete_content":"","beyondwords_podcast_id":"","beyondwords_hash":"","publish_post_to_speechkit":"","speechkit_hash":"","speechkit_generate_audio":"","speechkit_project_id":"","speechkit_podcast_id":"","speechkit_error_message":"","speechkit_disabled":"","speechkit_access_key":"","speechkit_error":"","speechkit_info":"","speechkit_response":"","speechkit_retries":"","speechkit_status":"","speechkit_updated_at":"","_speechkit_link":"","_speechkit_text":""},"categories":[1],"tags":[457,456,458,459,16,380],"class_list":["post-404","post","type-post","status-publish","format-standard","hentry","category-kirjailijan-paivakirja","tag-dana-zatopkova","tag-emil-zatopek","tag-erkki-vettenniemi","tag-jean-echenoz","tag-paavo-nurmi","tag-yksin"],"om_views":null,"acf":{"tuuma_off":false,"tuuma_kysymys":"","tuuma_vastaus":""},"asauth":{"required_access_level":1,"share_token":"","is_paid":false},"yoast_head":"<!-- This site is optimized with the Yoast SEO plugin v26.4 - https:\/\/yoast.com\/wordpress\/plugins\/seo\/ -->\n<title>Emil Z\u00e1topek Paavo Nurmen puodissa - Kirjailijan p\u00e4iv\u00e4kirja<\/title>\n<meta name=\"robots\" content=\"index, follow, max-snippet:-1, max-image-preview:large, max-video-preview:-1\" \/>\n<link rel=\"canonical\" href=\"https:\/\/suomenkuvalehti.fi\/kirjailijanpaivakirja\/emil-zatopek-paavo-nurmen-puodissa\/\" \/>\n<meta property=\"og:locale\" content=\"fi_FI\" \/>\n<meta property=\"og:type\" content=\"article\" \/>\n<meta property=\"og:title\" content=\"Emil Z\u00e1topek Paavo Nurmen puodissa - Kirjailijan p\u00e4iv\u00e4kirja\" \/>\n<meta property=\"og:description\" content=\"&#8221;He eiv\u00e4t koskaan tavanneet, eiv\u00e4t Helsingiss\u00e4k\u00e4\u00e4n kisojen aikaan.&#8221; Johanna Kulmalan kirjoittamat sanat ovat yksiselitteiset. Suomen urheiluhistoriallisen seuran vuoden 2014 vuosikirjaan kirjoittamassaan artikkelissa &#8221;Ristiin rastiin Z\u00e1topekien jalanj\u00e4ljill\u00e4&#8221; h\u00e4n kertoo k&hellip;\" \/>\n<meta property=\"og:url\" content=\"https:\/\/suomenkuvalehti.fi\/kirjailijanpaivakirja\/emil-zatopek-paavo-nurmen-puodissa\/\" \/>\n<meta property=\"og:site_name\" content=\"Kirjailijan p\u00e4iv\u00e4kirja\" \/>\n<meta property=\"article:published_time\" content=\"2015-08-11T14:22:58+00:00\" \/>\n<meta property=\"og:image\" content=\"https:\/\/suomenkuvalehti.fi\/kirjailijanpaivakirja\/wp-content\/uploads\/sites\/21\/2022\/04\/hamalainen_karo06-1-scaled.jpg\" \/>\n\t<meta property=\"og:image:width\" content=\"2560\" \/>\n\t<meta property=\"og:image:height\" content=\"1706\" \/>\n\t<meta property=\"og:image:type\" content=\"image\/jpeg\" \/>\n<meta name=\"author\" content=\"Karo H\u00e4m\u00e4l\u00e4inen\" \/>\n<meta name=\"twitter:card\" content=\"summary_large_image\" \/>\n<meta name=\"twitter:label1\" content=\"Written by\" \/>\n\t<meta name=\"twitter:data1\" content=\"Karo H\u00e4m\u00e4l\u00e4inen\" \/>\n\t<meta name=\"twitter:label2\" content=\"Est. reading time\" \/>\n\t<meta name=\"twitter:data2\" content=\"3 minuuttia\" \/>\n<script type=\"application\/ld+json\" class=\"yoast-schema-graph\">{\"@context\":\"https:\/\/schema.org\",\"@graph\":[{\"@type\":\"WebPage\",\"@id\":\"https:\/\/suomenkuvalehti.fi\/kirjailijanpaivakirja\/emil-zatopek-paavo-nurmen-puodissa\/\",\"url\":\"https:\/\/suomenkuvalehti.fi\/kirjailijanpaivakirja\/emil-zatopek-paavo-nurmen-puodissa\/\",\"name\":\"Emil Z\u00e1topek Paavo Nurmen puodissa - Kirjailijan p\u00e4iv\u00e4kirja\",\"isPartOf\":{\"@id\":\"https:\/\/suomenkuvalehti.fi\/kirjailijanpaivakirja\/#website\"},\"datePublished\":\"2015-08-11T14:22:58+00:00\",\"author\":{\"@id\":\"https:\/\/suomenkuvalehti.fi\/kirjailijanpaivakirja\/#\/schema\/person\/ca2dfd9d508d8c675e07b3c099fc789b\"},\"breadcrumb\":{\"@id\":\"https:\/\/suomenkuvalehti.fi\/kirjailijanpaivakirja\/emil-zatopek-paavo-nurmen-puodissa\/#breadcrumb\"},\"inLanguage\":\"fi\",\"potentialAction\":[{\"@type\":\"ReadAction\",\"target\":[\"https:\/\/suomenkuvalehti.fi\/kirjailijanpaivakirja\/emil-zatopek-paavo-nurmen-puodissa\/\"]}]},{\"@type\":\"BreadcrumbList\",\"@id\":\"https:\/\/suomenkuvalehti.fi\/kirjailijanpaivakirja\/emil-zatopek-paavo-nurmen-puodissa\/#breadcrumb\",\"itemListElement\":[{\"@type\":\"ListItem\",\"position\":1,\"name\":\"Home\",\"item\":\"https:\/\/suomenkuvalehti.fi\/kirjailijanpaivakirja\/\"},{\"@type\":\"ListItem\",\"position\":2,\"name\":\"Emil Z\u00e1topek Paavo Nurmen puodissa\"}]},{\"@type\":\"WebSite\",\"@id\":\"https:\/\/suomenkuvalehti.fi\/kirjailijanpaivakirja\/#website\",\"url\":\"https:\/\/suomenkuvalehti.fi\/kirjailijanpaivakirja\/\",\"name\":\"Kirjailijan p\u00e4iv\u00e4kirja\",\"description\":\"Proosakirjailijan arkea ja kirjallisuuden ajankohtaisia aiheita.\",\"potentialAction\":[{\"@type\":\"SearchAction\",\"target\":{\"@type\":\"EntryPoint\",\"urlTemplate\":\"https:\/\/suomenkuvalehti.fi\/haku\/?q={search_term_string}\"},\"query-input\":{\"@type\":\"PropertyValueSpecification\",\"valueRequired\":true,\"valueName\":\"search_term_string\"}}],\"inLanguage\":\"fi\"},{\"@type\":\"Person\",\"@id\":\"https:\/\/suomenkuvalehti.fi\/kirjailijanpaivakirja\/#\/schema\/person\/ca2dfd9d508d8c675e07b3c099fc789b\",\"name\":\"Karo H\u00e4m\u00e4l\u00e4inen\",\"image\":{\"@type\":\"ImageObject\",\"inLanguage\":\"fi\",\"@id\":\"https:\/\/suomenkuvalehti.fi\/kirjailijanpaivakirja\/#\/schema\/person\/image\/\",\"url\":\"https:\/\/suomenkuvalehti.fi\/kirjailijanpaivakirja\/wp-content\/uploads\/sites\/21\/2022\/04\/hamalainen_karo06-1-150x150.jpg\",\"contentUrl\":\"https:\/\/suomenkuvalehti.fi\/kirjailijanpaivakirja\/wp-content\/uploads\/sites\/21\/2022\/04\/hamalainen_karo06-1-150x150.jpg\",\"caption\":\"Karo H\u00e4m\u00e4l\u00e4inen\"},\"description\":\"Karo H\u00e4m\u00e4l\u00e4inen on kirjailija ja talouteen erikoistunut vapaa toimittaja.\"}]}<\/script>\n<!-- \/ Yoast SEO plugin. -->","yoast_head_json":{"title":"Emil Z\u00e1topek Paavo Nurmen puodissa - Kirjailijan p\u00e4iv\u00e4kirja","robots":{"index":"index","follow":"follow","max-snippet":"max-snippet:-1","max-image-preview":"max-image-preview:large","max-video-preview":"max-video-preview:-1"},"canonical":"https:\/\/suomenkuvalehti.fi\/kirjailijanpaivakirja\/emil-zatopek-paavo-nurmen-puodissa\/","og_locale":"fi_FI","og_type":"article","og_title":"Emil Z\u00e1topek Paavo Nurmen puodissa - Kirjailijan p\u00e4iv\u00e4kirja","og_description":"&#8221;He eiv\u00e4t koskaan tavanneet, eiv\u00e4t Helsingiss\u00e4k\u00e4\u00e4n kisojen aikaan.&#8221; Johanna Kulmalan kirjoittamat sanat ovat yksiselitteiset. Suomen urheiluhistoriallisen seuran vuoden 2014 vuosikirjaan kirjoittamassaan artikkelissa &#8221;Ristiin rastiin Z\u00e1topekien jalanj\u00e4ljill\u00e4&#8221; h\u00e4n kertoo k&hellip;","og_url":"https:\/\/suomenkuvalehti.fi\/kirjailijanpaivakirja\/emil-zatopek-paavo-nurmen-puodissa\/","og_site_name":"Kirjailijan p\u00e4iv\u00e4kirja","article_published_time":"2015-08-11T14:22:58+00:00","og_image":[{"width":2560,"height":1706,"url":"https:\/\/suomenkuvalehti.fi\/kirjailijanpaivakirja\/wp-content\/uploads\/sites\/21\/2022\/04\/hamalainen_karo06-1-scaled.jpg","type":"image\/jpeg"}],"author":"Karo H\u00e4m\u00e4l\u00e4inen","twitter_card":"summary_large_image","twitter_misc":{"Written by":"Karo H\u00e4m\u00e4l\u00e4inen","Est. reading time":"3 minuuttia"},"schema":{"@context":"https:\/\/schema.org","@graph":[{"@type":"WebPage","@id":"https:\/\/suomenkuvalehti.fi\/kirjailijanpaivakirja\/emil-zatopek-paavo-nurmen-puodissa\/","url":"https:\/\/suomenkuvalehti.fi\/kirjailijanpaivakirja\/emil-zatopek-paavo-nurmen-puodissa\/","name":"Emil Z\u00e1topek Paavo Nurmen puodissa - Kirjailijan p\u00e4iv\u00e4kirja","isPartOf":{"@id":"https:\/\/suomenkuvalehti.fi\/kirjailijanpaivakirja\/#website"},"datePublished":"2015-08-11T14:22:58+00:00","author":{"@id":"https:\/\/suomenkuvalehti.fi\/kirjailijanpaivakirja\/#\/schema\/person\/ca2dfd9d508d8c675e07b3c099fc789b"},"breadcrumb":{"@id":"https:\/\/suomenkuvalehti.fi\/kirjailijanpaivakirja\/emil-zatopek-paavo-nurmen-puodissa\/#breadcrumb"},"inLanguage":"fi","potentialAction":[{"@type":"ReadAction","target":["https:\/\/suomenkuvalehti.fi\/kirjailijanpaivakirja\/emil-zatopek-paavo-nurmen-puodissa\/"]}]},{"@type":"BreadcrumbList","@id":"https:\/\/suomenkuvalehti.fi\/kirjailijanpaivakirja\/emil-zatopek-paavo-nurmen-puodissa\/#breadcrumb","itemListElement":[{"@type":"ListItem","position":1,"name":"Home","item":"https:\/\/suomenkuvalehti.fi\/kirjailijanpaivakirja\/"},{"@type":"ListItem","position":2,"name":"Emil Z\u00e1topek Paavo Nurmen puodissa"}]},{"@type":"WebSite","@id":"https:\/\/suomenkuvalehti.fi\/kirjailijanpaivakirja\/#website","url":"https:\/\/suomenkuvalehti.fi\/kirjailijanpaivakirja\/","name":"Kirjailijan p\u00e4iv\u00e4kirja","description":"Proosakirjailijan arkea ja kirjallisuuden ajankohtaisia aiheita.","potentialAction":[{"@type":"SearchAction","target":{"@type":"EntryPoint","urlTemplate":"https:\/\/suomenkuvalehti.fi\/haku\/?q={search_term_string}"},"query-input":{"@type":"PropertyValueSpecification","valueRequired":true,"valueName":"search_term_string"}}],"inLanguage":"fi"},{"@type":"Person","@id":"https:\/\/suomenkuvalehti.fi\/kirjailijanpaivakirja\/#\/schema\/person\/ca2dfd9d508d8c675e07b3c099fc789b","name":"Karo H\u00e4m\u00e4l\u00e4inen","image":{"@type":"ImageObject","inLanguage":"fi","@id":"https:\/\/suomenkuvalehti.fi\/kirjailijanpaivakirja\/#\/schema\/person\/image\/","url":"https:\/\/suomenkuvalehti.fi\/kirjailijanpaivakirja\/wp-content\/uploads\/sites\/21\/2022\/04\/hamalainen_karo06-1-150x150.jpg","contentUrl":"https:\/\/suomenkuvalehti.fi\/kirjailijanpaivakirja\/wp-content\/uploads\/sites\/21\/2022\/04\/hamalainen_karo06-1-150x150.jpg","caption":"Karo H\u00e4m\u00e4l\u00e4inen"},"description":"Karo H\u00e4m\u00e4l\u00e4inen on kirjailija ja talouteen erikoistunut vapaa toimittaja."}]}},"_links":{"self":[{"href":"https:\/\/suomenkuvalehti.fi\/kirjailijanpaivakirja\/wp-json\/wp\/v2\/posts\/404","targetHints":{"allow":["GET"]}}],"collection":[{"href":"https:\/\/suomenkuvalehti.fi\/kirjailijanpaivakirja\/wp-json\/wp\/v2\/posts"}],"about":[{"href":"https:\/\/suomenkuvalehti.fi\/kirjailijanpaivakirja\/wp-json\/wp\/v2\/types\/post"}],"author":[{"embeddable":true,"href":"https:\/\/suomenkuvalehti.fi\/kirjailijanpaivakirja\/wp-json\/wp\/v2\/users\/129"}],"replies":[{"embeddable":true,"href":"https:\/\/suomenkuvalehti.fi\/kirjailijanpaivakirja\/wp-json\/wp\/v2\/comments?post=404"}],"version-history":[{"count":1,"href":"https:\/\/suomenkuvalehti.fi\/kirjailijanpaivakirja\/wp-json\/wp\/v2\/posts\/404\/revisions"}],"predecessor-version":[{"id":405,"href":"https:\/\/suomenkuvalehti.fi\/kirjailijanpaivakirja\/wp-json\/wp\/v2\/posts\/404\/revisions\/405"}],"wp:attachment":[{"href":"https:\/\/suomenkuvalehti.fi\/kirjailijanpaivakirja\/wp-json\/wp\/v2\/media?parent=404"}],"wp:term":[{"taxonomy":"category","embeddable":true,"href":"https:\/\/suomenkuvalehti.fi\/kirjailijanpaivakirja\/wp-json\/wp\/v2\/categories?post=404"},{"taxonomy":"post_tag","embeddable":true,"href":"https:\/\/suomenkuvalehti.fi\/kirjailijanpaivakirja\/wp-json\/wp\/v2\/tags?post=404"}],"curies":[{"name":"wp","href":"https:\/\/api.w.org\/{rel}","templated":true}]}}