{"id":398,"date":"2015-07-30T16:51:17","date_gmt":"2015-07-30T13:51:17","guid":{"rendered":"https:\/\/suomenkuvalehti.fi\/kirjailijanpaivakirja\/?p=398"},"modified":"2015-07-30T16:51:17","modified_gmt":"2015-07-30T13:51:17","slug":"colombesn-hukattu-historia","status":"publish","type":"post","link":"https:\/\/suomenkuvalehti.fi\/kirjailijanpaivakirja\/colombesn-hukattu-historia\/","title":{"rendered":"Colombes&#8217;n hukattu historia"},"content":{"rendered":"\n<p>&#8221;Aikaisin kev\u00e4\u00e4ll\u00e4 valmistui Pariisiin kisoja varten rakennettu uusi stadion. Se sijaitsi l\u00e4hes 12 km p\u00e4\u00e4ss\u00e4 keskikaupungilta Bois Colombes&#8217;ssa. Ulkopuolelta olivat muurit sivellyt \u00e4ll\u00f6tt\u00e4v\u00e4n keltaisella v\u00e4rill\u00e4. Sis\u00e4lle astuessa kentt\u00e4laitteet tekiv\u00e4t kuitenkin verrattain edullisen vaikutuksen. Itse rata \u2013 tavallisuudesta poiketen 500 m pitk\u00e4 \u2013 oli v\u00e4rilt\u00e4\u00e4n vaaleanpunainen aiheutuen [vivahduksen] sekoitukseen k\u00e4ytetyst\u00e4 tiilimurskasta. Pehme\u00e4 se oli, ja toista tuumaakin pitk\u00e4t piikit painuivat siihen kuin suosammaleeseen. Lujassa vauhdissa irtaantui pintakerros piikkien mukana lennelleen ry\u00f6ppyn\u00e4 juoksijain j\u00e4ljess\u00e4 kuin maantierapa auton py\u00f6riss\u00e4.&#8221;<\/p>\n\n\n\n<p>N\u00e4in kuvaa silloinen maisteri, my\u00f6hempi runoustohtori Martti Jukola Pariisin vuoden 1924 olympialaisten p\u00e4\u00e4n\u00e4ytt\u00e4m\u00f6\u00e4 Olympialaiskisat II -teoksessa (WSOY, 1924). Jukola jatkaa, ett\u00e4 pikamatkoilla radan pehmeys oli eitt\u00e4m\u00e4tt\u00e4 haitaksi, mutta pidemmill\u00e4 matkoilla &#8221;meni se hyvin mukiin&#8221;. Lausumalle antaa lis\u00e4s\u00e4vy\u00e4 se, ett\u00e4 Jukola otti itse tuntumaa rataan 400 metrin aitajuoksussa, jonka v\u00e4lieriss\u00e4 h\u00e4n karsiutui.<\/p>\n\n\n\n<p>Colombes&#8217;n stadion on suomalaisille tarunhohtoinen. Suomi oli vuoden 1924 olympialaisten mitalitilastossa toinen Yhdysvaltain j\u00e4lkeen. Kultamitaleita vajaat seitsem\u00e4n vuotta aiemmin valtioksi itsen\u00e4istynyt, reilun kolmen miljoonan hengen kansa sai 14 kappaletta. Niist\u00e4 kymmenen tuli Colombes&#8217;n stadionilla j\u00e4rjestetyst\u00e4 yleisurheilusta, nelj\u00e4 painista.<\/p>\n\n\n\n<p>Stadion todisti my\u00f6s yhden olympiahistorian uskomattomimmista suorituksista, kun Paavo Nurmi tunnin v\u00e4lein voitti ensin 1500 metrin ja 5000 metrin olympiakultaa. Nurmen tuplavoitto ei toki ollut yll\u00e4tys, olihan h\u00e4n samana kes\u00e4n\u00e4 juhannuksen alla juossut saman juoksutuplan Helsingiss\u00e4 El\u00e4intarhan kent\u00e4ll\u00e4. Tuolloin h\u00e4n oli juossut kummallakin matkalla uudet maailmanenn\u00e4tykset.<\/p>\n\n\n\n<p>Kirjoittaessani Yksin-romaania vietin lukuisia tunteja Antwerpenin (1920), Pariisin (1924), Amsterdamin (1928), Los Angelesin (1932), Berliinin (1936) ja Helsingin (1952) olympiastadioneilla. Tutustuin niihin kuvien ja kirjoitusten perusteella. Annoin p\u00e4\u00e4henkil\u00f6ni Paavo Nurmen kuvailla niit\u00e4 omasta n\u00e4k\u00f6kulmastaan, omalla \u00e4\u00e4nell\u00e4\u00e4n.<\/p>\n\n\n\n<p>Vuosina 1924\u20131925 Paavo Nurmi oli p\u00e4\u00e4si\u00e4isen 1924 loukkaantumisestaan huolimatta sellaisessa kunnossa, ett\u00e4 h\u00e4nt\u00e4 vastaan olisi voinut tuoda kenet tahansa. Kenet tahansa tuotiinkin. Talven\u2013kev\u00e4\u00e4n 1925 Yhdysvaltain-kiertueella Nurmi juoksi viestijoukkueita vastaan. H\u00e4nen kilpakumppaneilleen annettiin tasoitusta.<\/p>\n\n\n\n<p>Pariisin olympialaisten aikaan Colombes&#8217;n stadion veti 45 000 katsojaa. Paavo Nurmen juoksuja seurasivat kuitenkin varsin vaillinaiset lehterit. Suurimmillaan stadionin katsojam\u00e4\u00e4r\u00e4 lienee ollut vuonna 1938, jolloin stadionilla pelattiin jalkapallon MM-kisojen loppuottelu. Italia voitti Unkarin 4\u20132. Stadionin kapasiteetti oli tuolloin 60 000 katsojaa.<\/p>\n\n\n\n<p>Kahden maailman suurtapahtuman n\u00e4ytt\u00e4m\u00f6n\u00e4 toiminut stadion on historialtaan melkoinen urheilupyh\u00e4tt\u00f6. Samaan tuplaan ovat stadioneista ylt\u00e4neet vain Lontoon vanha Wembley (olympialaiset 1948, jalkapallon MM-kisojen finaali 1966), M\u00fcnchenin olympiastadion (olympialaiset 1972, jalkapallon MM-kisojen finaali 1974), Rooman Stadio Olimpico (olympialaiset 1960, jalkapallon MM-kisojen finaali 1990) ja Berliinin olympiastadion (olympialaiset 1936, jalkapallon MM-kisojen finaali 2006).<\/p>\n\n\n\n<p>Colombes&#8217;n stadion oli siksi minulle ehdoton pyhiinvaelluskohde.<\/p>\n\n\n\n<p>Stadion ei ole aivan Eiffel-tornin veroinen turistin\u00e4ht\u00e4vyys. Colombes on Pariisin naapurikaupunki, jonne matkustetaan l\u00e4hiliikenteen junalla. Stadionille on asemalta opasteet, joissa ei tosin viitata olympialaisiin vaan stadionin nimi on Stade Yves-du-Manoir, sill\u00e4 stadion nimettiin jo vuonna 1928, nelj\u00e4 vuotta olympialaisten j\u00e4lkeen, ranskalaisen rugbynpelaajan Yves du Manoir&#8217;n mukaan.<\/p>\n\n\n\n<p>Nettitaustoituksen perusteella tiesin odottaa, ettei aika ole kohdellut stadionia sen historian arvoisesti. Viime aikoina stadion on palvellut l\u00e4hinn\u00e4 rugbyjoukkue Racing 92:n kotikentt\u00e4n\u00e4, ja sen kapasiteettia on aikojen saatossa laskettu 14 000 katsojaan.<\/p>\n\n\n\n<p>Silti olin hieman h\u00e4mmentynyt n\u00e4hdess\u00e4ni stadionin takasuoran palkkikatsomon. Arkip\u00e4ivisin stadion on auki, mutta sis\u00e4\u00e4n ei p\u00e4\u00e4se, siit\u00e4 pit\u00e4\u00e4 huolen ainoan varsinaisen sis\u00e4\u00e4nk\u00e4ynnin vieress\u00e4 kopissaan p\u00e4ivyst\u00e4v\u00e4 mies. Jos haluaa koskettaa punaista juoksurataa, jollainen stadionilla jostain syyst\u00e4 viel\u00e4 on, t\u00e4ytyy kavuta aidan yli.<\/p>\n\n\n\n<p>Vieress\u00e4 kohoavat 1970-luvun esikaupunkibetonielementtikerrostalot. Stadionin komeasta historiasta ei muistuteta tietotauluilla, ei edes olympiarenkailla. Historia pilkahtaa eniten vieress\u00e4 kulkevan kadun nimess\u00e4: Boulevard Pierre de Coubertin.<\/p>\n\n\n\n<p>Vuoden 1924 kisojen yleisurheilusta muistuttaa my\u00f6s juna-asemalle johtava katu. Sen nimi on Boulevard de Finlande.<\/p>\n\n\n","protected":false},"excerpt":{"rendered":"<p>&#8221;Aikaisin kev\u00e4\u00e4ll\u00e4 valmistui Pariisiin kisoja varten rakennettu uusi stadion. Se sijaitsi l\u00e4hes 12 km p\u00e4\u00e4ss\u00e4 keskikaupungilta Bois Colombes&#8217;ssa. Ulkopuolelta olivat muurit sivellyt \u00e4ll\u00f6tt\u00e4v\u00e4n keltaisella v\u00e4rill\u00e4. Sis\u00e4lle astuessa kentt\u00e4laitteet tekiv\u00e4t kuitenkin<br \/>\nverrattain edul&hellip;<\/p>\n","protected":false},"author":129,"featured_media":0,"comment_status":"open","ping_status":"open","sticky":false,"template":"","format":"standard","meta":{"_acf_changed":false,"asauth_required_access_level":3,"asauth_cansharepaid":"true","om_header_attributes":[],"footnotes":"","om_featured_image_focal_point":[],"om_primary_tag":0,"om_contributors":[],"om_co_authors":[],"beyondwords_generate_audio":"","beyondwords_project_id":"","beyondwords_content_id":"","beyondwords_preview_token":"","beyondwords_player_content":"","beyondwords_player_style":"","beyondwords_language_code":"","beyondwords_language_id":"","beyondwords_title_voice_id":"","beyondwords_body_voice_id":"","beyondwords_summary_voice_id":"","beyondwords_error_message":"","beyondwords_disabled":"","beyondwords_delete_content":"","beyondwords_podcast_id":"","beyondwords_hash":"","publish_post_to_speechkit":"","speechkit_hash":"","speechkit_generate_audio":"","speechkit_project_id":"","speechkit_podcast_id":"","speechkit_error_message":"","speechkit_disabled":"","speechkit_access_key":"","speechkit_error":"","speechkit_info":"","speechkit_response":"","speechkit_retries":"","speechkit_status":"","speechkit_updated_at":"","_speechkit_link":"","_speechkit_text":""},"categories":[1],"tags":[450,383,449,380],"class_list":["post-398","post","type-post","status-publish","format-standard","hentry","category-kirjailijan-paivakirja","tag-colombes","tag-kirjailijan-tyo","tag-pariisi","tag-yksin"],"om_views":null,"acf":{"tuuma_off":false,"tuuma_kysymys":"","tuuma_vastaus":""},"asauth":{"required_access_level":1,"share_token":"","is_paid":false},"yoast_head":"<!-- This site is optimized with the Yoast SEO plugin v26.4 - https:\/\/yoast.com\/wordpress\/plugins\/seo\/ -->\n<title>Colombes&#039;n hukattu historia - Kirjailijan p\u00e4iv\u00e4kirja<\/title>\n<meta name=\"robots\" content=\"index, follow, max-snippet:-1, max-image-preview:large, max-video-preview:-1\" \/>\n<link rel=\"canonical\" href=\"https:\/\/suomenkuvalehti.fi\/kirjailijanpaivakirja\/colombesn-hukattu-historia\/\" \/>\n<meta property=\"og:locale\" content=\"fi_FI\" \/>\n<meta property=\"og:type\" content=\"article\" \/>\n<meta property=\"og:title\" content=\"Colombes&#039;n hukattu historia - Kirjailijan p\u00e4iv\u00e4kirja\" \/>\n<meta property=\"og:description\" content=\"&#8221;Aikaisin kev\u00e4\u00e4ll\u00e4 valmistui Pariisiin kisoja varten rakennettu uusi stadion. Se sijaitsi l\u00e4hes 12 km p\u00e4\u00e4ss\u00e4 keskikaupungilta Bois Colombes&#8217;ssa. Ulkopuolelta olivat muurit sivellyt \u00e4ll\u00f6tt\u00e4v\u00e4n keltaisella v\u00e4rill\u00e4. Sis\u00e4lle astuessa kentt\u00e4laitteet tekiv\u00e4t kuitenkin verrattain edul&hellip;\" \/>\n<meta property=\"og:url\" content=\"https:\/\/suomenkuvalehti.fi\/kirjailijanpaivakirja\/colombesn-hukattu-historia\/\" \/>\n<meta property=\"og:site_name\" content=\"Kirjailijan p\u00e4iv\u00e4kirja\" \/>\n<meta property=\"article:published_time\" content=\"2015-07-30T13:51:17+00:00\" \/>\n<meta property=\"og:image\" content=\"https:\/\/suomenkuvalehti.fi\/kirjailijanpaivakirja\/wp-content\/uploads\/sites\/21\/2022\/04\/hamalainen_karo06-1-scaled.jpg\" \/>\n\t<meta property=\"og:image:width\" content=\"2560\" \/>\n\t<meta property=\"og:image:height\" content=\"1706\" \/>\n\t<meta property=\"og:image:type\" content=\"image\/jpeg\" \/>\n<meta name=\"author\" content=\"Karo H\u00e4m\u00e4l\u00e4inen\" \/>\n<meta name=\"twitter:card\" content=\"summary_large_image\" \/>\n<meta name=\"twitter:label1\" content=\"Written by\" \/>\n\t<meta name=\"twitter:data1\" content=\"Karo H\u00e4m\u00e4l\u00e4inen\" \/>\n\t<meta name=\"twitter:label2\" content=\"Est. reading time\" \/>\n\t<meta name=\"twitter:data2\" content=\"3 minuuttia\" \/>\n<script type=\"application\/ld+json\" class=\"yoast-schema-graph\">{\"@context\":\"https:\/\/schema.org\",\"@graph\":[{\"@type\":\"WebPage\",\"@id\":\"https:\/\/suomenkuvalehti.fi\/kirjailijanpaivakirja\/colombesn-hukattu-historia\/\",\"url\":\"https:\/\/suomenkuvalehti.fi\/kirjailijanpaivakirja\/colombesn-hukattu-historia\/\",\"name\":\"Colombes'n hukattu historia - Kirjailijan p\u00e4iv\u00e4kirja\",\"isPartOf\":{\"@id\":\"https:\/\/suomenkuvalehti.fi\/kirjailijanpaivakirja\/#website\"},\"datePublished\":\"2015-07-30T13:51:17+00:00\",\"author\":{\"@id\":\"https:\/\/suomenkuvalehti.fi\/kirjailijanpaivakirja\/#\/schema\/person\/ca2dfd9d508d8c675e07b3c099fc789b\"},\"breadcrumb\":{\"@id\":\"https:\/\/suomenkuvalehti.fi\/kirjailijanpaivakirja\/colombesn-hukattu-historia\/#breadcrumb\"},\"inLanguage\":\"fi\",\"potentialAction\":[{\"@type\":\"ReadAction\",\"target\":[\"https:\/\/suomenkuvalehti.fi\/kirjailijanpaivakirja\/colombesn-hukattu-historia\/\"]}]},{\"@type\":\"BreadcrumbList\",\"@id\":\"https:\/\/suomenkuvalehti.fi\/kirjailijanpaivakirja\/colombesn-hukattu-historia\/#breadcrumb\",\"itemListElement\":[{\"@type\":\"ListItem\",\"position\":1,\"name\":\"Home\",\"item\":\"https:\/\/suomenkuvalehti.fi\/kirjailijanpaivakirja\/\"},{\"@type\":\"ListItem\",\"position\":2,\"name\":\"Colombes&#8217;n hukattu historia\"}]},{\"@type\":\"WebSite\",\"@id\":\"https:\/\/suomenkuvalehti.fi\/kirjailijanpaivakirja\/#website\",\"url\":\"https:\/\/suomenkuvalehti.fi\/kirjailijanpaivakirja\/\",\"name\":\"Kirjailijan p\u00e4iv\u00e4kirja\",\"description\":\"Proosakirjailijan arkea ja kirjallisuuden ajankohtaisia aiheita.\",\"potentialAction\":[{\"@type\":\"SearchAction\",\"target\":{\"@type\":\"EntryPoint\",\"urlTemplate\":\"https:\/\/suomenkuvalehti.fi\/haku\/?q={search_term_string}\"},\"query-input\":{\"@type\":\"PropertyValueSpecification\",\"valueRequired\":true,\"valueName\":\"search_term_string\"}}],\"inLanguage\":\"fi\"},{\"@type\":\"Person\",\"@id\":\"https:\/\/suomenkuvalehti.fi\/kirjailijanpaivakirja\/#\/schema\/person\/ca2dfd9d508d8c675e07b3c099fc789b\",\"name\":\"Karo H\u00e4m\u00e4l\u00e4inen\",\"image\":{\"@type\":\"ImageObject\",\"inLanguage\":\"fi\",\"@id\":\"https:\/\/suomenkuvalehti.fi\/kirjailijanpaivakirja\/#\/schema\/person\/image\/\",\"url\":\"https:\/\/suomenkuvalehti.fi\/kirjailijanpaivakirja\/wp-content\/uploads\/sites\/21\/2022\/04\/hamalainen_karo06-1-150x150.jpg\",\"contentUrl\":\"https:\/\/suomenkuvalehti.fi\/kirjailijanpaivakirja\/wp-content\/uploads\/sites\/21\/2022\/04\/hamalainen_karo06-1-150x150.jpg\",\"caption\":\"Karo H\u00e4m\u00e4l\u00e4inen\"},\"description\":\"Karo H\u00e4m\u00e4l\u00e4inen on kirjailija ja talouteen erikoistunut vapaa toimittaja.\"}]}<\/script>\n<!-- \/ Yoast SEO plugin. -->","yoast_head_json":{"title":"Colombes'n hukattu historia - Kirjailijan p\u00e4iv\u00e4kirja","robots":{"index":"index","follow":"follow","max-snippet":"max-snippet:-1","max-image-preview":"max-image-preview:large","max-video-preview":"max-video-preview:-1"},"canonical":"https:\/\/suomenkuvalehti.fi\/kirjailijanpaivakirja\/colombesn-hukattu-historia\/","og_locale":"fi_FI","og_type":"article","og_title":"Colombes'n hukattu historia - Kirjailijan p\u00e4iv\u00e4kirja","og_description":"&#8221;Aikaisin kev\u00e4\u00e4ll\u00e4 valmistui Pariisiin kisoja varten rakennettu uusi stadion. Se sijaitsi l\u00e4hes 12 km p\u00e4\u00e4ss\u00e4 keskikaupungilta Bois Colombes&#8217;ssa. Ulkopuolelta olivat muurit sivellyt \u00e4ll\u00f6tt\u00e4v\u00e4n keltaisella v\u00e4rill\u00e4. Sis\u00e4lle astuessa kentt\u00e4laitteet tekiv\u00e4t kuitenkin verrattain edul&hellip;","og_url":"https:\/\/suomenkuvalehti.fi\/kirjailijanpaivakirja\/colombesn-hukattu-historia\/","og_site_name":"Kirjailijan p\u00e4iv\u00e4kirja","article_published_time":"2015-07-30T13:51:17+00:00","og_image":[{"width":2560,"height":1706,"url":"https:\/\/suomenkuvalehti.fi\/kirjailijanpaivakirja\/wp-content\/uploads\/sites\/21\/2022\/04\/hamalainen_karo06-1-scaled.jpg","type":"image\/jpeg"}],"author":"Karo H\u00e4m\u00e4l\u00e4inen","twitter_card":"summary_large_image","twitter_misc":{"Written by":"Karo H\u00e4m\u00e4l\u00e4inen","Est. reading time":"3 minuuttia"},"schema":{"@context":"https:\/\/schema.org","@graph":[{"@type":"WebPage","@id":"https:\/\/suomenkuvalehti.fi\/kirjailijanpaivakirja\/colombesn-hukattu-historia\/","url":"https:\/\/suomenkuvalehti.fi\/kirjailijanpaivakirja\/colombesn-hukattu-historia\/","name":"Colombes'n hukattu historia - Kirjailijan p\u00e4iv\u00e4kirja","isPartOf":{"@id":"https:\/\/suomenkuvalehti.fi\/kirjailijanpaivakirja\/#website"},"datePublished":"2015-07-30T13:51:17+00:00","author":{"@id":"https:\/\/suomenkuvalehti.fi\/kirjailijanpaivakirja\/#\/schema\/person\/ca2dfd9d508d8c675e07b3c099fc789b"},"breadcrumb":{"@id":"https:\/\/suomenkuvalehti.fi\/kirjailijanpaivakirja\/colombesn-hukattu-historia\/#breadcrumb"},"inLanguage":"fi","potentialAction":[{"@type":"ReadAction","target":["https:\/\/suomenkuvalehti.fi\/kirjailijanpaivakirja\/colombesn-hukattu-historia\/"]}]},{"@type":"BreadcrumbList","@id":"https:\/\/suomenkuvalehti.fi\/kirjailijanpaivakirja\/colombesn-hukattu-historia\/#breadcrumb","itemListElement":[{"@type":"ListItem","position":1,"name":"Home","item":"https:\/\/suomenkuvalehti.fi\/kirjailijanpaivakirja\/"},{"@type":"ListItem","position":2,"name":"Colombes&#8217;n hukattu historia"}]},{"@type":"WebSite","@id":"https:\/\/suomenkuvalehti.fi\/kirjailijanpaivakirja\/#website","url":"https:\/\/suomenkuvalehti.fi\/kirjailijanpaivakirja\/","name":"Kirjailijan p\u00e4iv\u00e4kirja","description":"Proosakirjailijan arkea ja kirjallisuuden ajankohtaisia aiheita.","potentialAction":[{"@type":"SearchAction","target":{"@type":"EntryPoint","urlTemplate":"https:\/\/suomenkuvalehti.fi\/haku\/?q={search_term_string}"},"query-input":{"@type":"PropertyValueSpecification","valueRequired":true,"valueName":"search_term_string"}}],"inLanguage":"fi"},{"@type":"Person","@id":"https:\/\/suomenkuvalehti.fi\/kirjailijanpaivakirja\/#\/schema\/person\/ca2dfd9d508d8c675e07b3c099fc789b","name":"Karo H\u00e4m\u00e4l\u00e4inen","image":{"@type":"ImageObject","inLanguage":"fi","@id":"https:\/\/suomenkuvalehti.fi\/kirjailijanpaivakirja\/#\/schema\/person\/image\/","url":"https:\/\/suomenkuvalehti.fi\/kirjailijanpaivakirja\/wp-content\/uploads\/sites\/21\/2022\/04\/hamalainen_karo06-1-150x150.jpg","contentUrl":"https:\/\/suomenkuvalehti.fi\/kirjailijanpaivakirja\/wp-content\/uploads\/sites\/21\/2022\/04\/hamalainen_karo06-1-150x150.jpg","caption":"Karo H\u00e4m\u00e4l\u00e4inen"},"description":"Karo H\u00e4m\u00e4l\u00e4inen on kirjailija ja talouteen erikoistunut vapaa toimittaja."}]}},"_links":{"self":[{"href":"https:\/\/suomenkuvalehti.fi\/kirjailijanpaivakirja\/wp-json\/wp\/v2\/posts\/398","targetHints":{"allow":["GET"]}}],"collection":[{"href":"https:\/\/suomenkuvalehti.fi\/kirjailijanpaivakirja\/wp-json\/wp\/v2\/posts"}],"about":[{"href":"https:\/\/suomenkuvalehti.fi\/kirjailijanpaivakirja\/wp-json\/wp\/v2\/types\/post"}],"author":[{"embeddable":true,"href":"https:\/\/suomenkuvalehti.fi\/kirjailijanpaivakirja\/wp-json\/wp\/v2\/users\/129"}],"replies":[{"embeddable":true,"href":"https:\/\/suomenkuvalehti.fi\/kirjailijanpaivakirja\/wp-json\/wp\/v2\/comments?post=398"}],"version-history":[{"count":1,"href":"https:\/\/suomenkuvalehti.fi\/kirjailijanpaivakirja\/wp-json\/wp\/v2\/posts\/398\/revisions"}],"predecessor-version":[{"id":399,"href":"https:\/\/suomenkuvalehti.fi\/kirjailijanpaivakirja\/wp-json\/wp\/v2\/posts\/398\/revisions\/399"}],"wp:attachment":[{"href":"https:\/\/suomenkuvalehti.fi\/kirjailijanpaivakirja\/wp-json\/wp\/v2\/media?parent=398"}],"wp:term":[{"taxonomy":"category","embeddable":true,"href":"https:\/\/suomenkuvalehti.fi\/kirjailijanpaivakirja\/wp-json\/wp\/v2\/categories?post=398"},{"taxonomy":"post_tag","embeddable":true,"href":"https:\/\/suomenkuvalehti.fi\/kirjailijanpaivakirja\/wp-json\/wp\/v2\/tags?post=398"}],"curies":[{"name":"wp","href":"https:\/\/api.w.org\/{rel}","templated":true}]}}