{"id":389,"date":"2015-07-07T13:38:09","date_gmt":"2015-07-07T10:38:09","guid":{"rendered":"https:\/\/suomenkuvalehti.fi\/kirjailijanpaivakirja\/?p=389"},"modified":"2015-07-07T13:39:51","modified_gmt":"2015-07-07T10:39:51","slug":"kesamokin-kirjahylly","status":"publish","type":"post","link":"https:\/\/suomenkuvalehti.fi\/kirjailijanpaivakirja\/kesamokin-kirjahylly\/","title":{"rendered":"Kes\u00e4m\u00f6kin kirjahylly"},"content":{"rendered":"\n<p>Rankkasade otti minut panttivangikseen ja lukitsi aittaan Nathan Zuckermanin kanssa.<\/p>\n\n\n\n<p>Paljon pahemminkin olisi voinut k\u00e4yd\u00e4.<\/p>\n\n\n\n<p>Vanhempieni m\u00f6kill\u00e4 on kohtuullisesti luettavaa. Siihen ja s\u00e4\u00e4ennusteisiin luottaen sek\u00e4 oman lukunopeuteni aliarvoiden olin varannut puoleksitoista m\u00f6kkip\u00e4iv\u00e4ksi vain reilut 300 sivua k\u00e4\u00e4nn\u00f6sromaania, mukanani olleista kirjoista ainoan pehmytkantisen ja siksi py\u00f6r\u00e4ilymatkareppuun parhaiten soveltuvan. Kirja loppui, sade ei.<\/p>\n\n\n\n<p>K\u00e4\u00e4nnyin aitan sein\u00e4ll\u00e4 olevan hyllyn puoleen.<\/p>\n\n\n\n<p>* Kolme pinoa 1980-luvun puoliv\u00e4lin <em>Valittuja Paloja<\/em>, joiden Laajenna sanavarastoasi -testej\u00e4 olen lapsuudessani veivannut l\u00e4pi niin monet kerrat, ett\u00e4 osannen ne yh\u00e4 ulkoa.\n* Viisikoita, SOSeja ja Kolme etsiv\u00e4\u00e4 -kirjoja. Suuri osa ostettu antikvariaateista, osan olen lukenut ainakin kahdesti.\n* Kirjaston poistomyynnist\u00e4 ostettu <em>P\u00f6yt\u00e4tennis<\/em>-kirja, jonka hankin, koska ajatus oli, ett\u00e4 m\u00f6kille hankittaisiin pingisp\u00f6yt\u00e4. Verkon, mailat ja pallon sain joululahjaksi joskus yli kaksikymment\u00e4 vuotta sitten, lienev\u00e4t j\u00e4\u00e4neet matkasta jossakin muutossa. P\u00f6yt\u00e4\u00e4 ei ole viel\u00e4k\u00e4\u00e4n.\n* L\u00e4hialueen sittemmin jo lakkautettujenkin kirjastojen kontaktimuovikantisia poistokirjoja: <em>L\u00e4pimurto l\u00e4nteen, Hyv\u00e4tkin on haudattava, \u00c4\u00e4ni puhelimessa, Tuntematon kersantti, Budapestin uni, Kymmenes mies, T\u00e4ten on t\u00e4hk\u00e4t, Immensee, Surmansy\u00f6ksy Caprilla, Naistentanssit, Ilona t\u00e4\u00e4ll\u00e4, Viiden tien risteys<\/em>&#8230;\n* \u00c4itini vanha koulukirja V. A. Haila\u2013Kauko Heikkil\u00e4\u2013Eino Kauppinen: <em>Suomalaisen kirjallisuuden historia<\/em>.\n* Sek\u00e4 Philip Rothia Pentti Saarikosken suomeksi runoilemana.<\/p>\n\n\n\n<p>Kirjavalikoimalla p\u00e4rj\u00e4isi muutaman sateisen viikon loman, eik\u00e4 se v\u00e4ltt\u00e4m\u00e4tt\u00e4 olisi lainkaan huono ratkaisu. Kirjojen ylt\u00e4kyll\u00e4isyydess\u00e4 el\u00e4v\u00e4lle tiukasti rajattu luku-universumi asettaa hauskasti raamit, sill\u00e4 luettavaksi osuu jotakin sellaista, mit\u00e4 ei muissa olosuhteissa tulisi luettua.<\/p>\n\n\n\n<p>Jos olisin ollut kotona, en olisi alkanut lukea Philip Rothia vaan jotain kev\u00e4\u00e4n lukematta j\u00e4\u00e4nytt\u00e4 uutuutta tai olisin poiminut syyskauden teosten ennakkokappaleista t\u00e4hdellisimm\u00e4ksi arvioimani niteen. Jos olisin ollut kirjastossa Philip Roth -hyllyn edess\u00e4, en taatusti olisi valinnut <em>V\u00e4\u00e4rinymm\u00e4rretty\u00e4 miest\u00e4<\/em> (Zuckerman Unbound, WSOY 1982) vaan jonkin merkitt\u00e4v\u00e4mp\u00e4n\u00e4 pidetyn Rothin, jota en ole viel\u00e4 lukenut.<\/p>\n\n\n\n<p>Eih\u00e4n <em>V\u00e4\u00e4rinymm\u00e4rretty mies<\/em> kummoiseksi osoittautunut.<\/p>\n\n\n\n<p>M\u00f6kkiaitan kirjavalikoima painottuu \u2013 jos Valitut Palat ja Blytonit j\u00e4tt\u00e4\u00e4 sivuun \u2013 B-luokan j\u00e4nnitykseen. Useimmat kirjat ovat todella sellaisia, ett\u00e4 niihin ei tulisi tartuttua muuten. Osan olen lukenut, osaan tarttuakseni lukuh\u00e4d\u00e4n tulee olla polttava.<\/p>\n\n\n\n<p>Kes\u00e4m\u00f6kin kirjahylly on t\u00e4rke\u00e4, jopa t\u00e4rke\u00e4mpi kuin kodin kirjahylly, sill\u00e4 m\u00f6kkihyllyss\u00e4 olevilla niteill\u00e4 on suurempi vaara p\u00e4\u00e4ty\u00e4 luettavaksi sattumanvaraisesti. Kes\u00e4vieraatkin saattavat tarvita luettavaa. Siksi m\u00f6kille kannattaa valita monipuolinen kirjavalikoima. Ei pelk\u00e4st\u00e4\u00e4n B-luokan viihdett\u00e4, ei pelk\u00e4st\u00e4\u00e4n 1800-luvun saksalaista kirjallisuutta (Theodor Stormin <em>Immenseell\u00e4<\/em> on paikkansa m\u00f6kkihyllyss\u00e4, vaikkei se ole todenn\u00e4k\u00f6isint\u00e4 rantaluettavaa).<\/p>\n\n\n\n<p>Millainen on sinun m\u00f6kkihyllysi, ja kuinka siit\u00e4 on tullut sellainen?<\/p>\n\n\n","protected":false},"excerpt":{"rendered":"<p>Rankkasade otti minut panttivangikseen ja lukitsi aittaan Nathan Zuckermanin kanssa. Paljon pahemminkin olisi voinut k\u00e4yd\u00e4. Vanhempieni m\u00f6kill\u00e4 on kohtuullisesti luettavaa. Siihen ja s\u00e4\u00e4ennusteisiin luottaen sek\u00e4 oman lukunopeuteni aliarvoiden olin varannut puoleksitoista m\u00f6kkip\u00e4iv\u00e4ksi vain reilut<br \/>\n300 sivua&hellip;<\/p>\n","protected":false},"author":129,"featured_media":0,"comment_status":"open","ping_status":"open","sticky":false,"template":"","format":"standard","meta":{"_acf_changed":false,"asauth_required_access_level":3,"asauth_cansharepaid":"true","om_header_attributes":[],"footnotes":"","om_featured_image_focal_point":[],"om_primary_tag":0,"om_contributors":[],"om_co_authors":[],"beyondwords_generate_audio":"","beyondwords_project_id":"","beyondwords_content_id":"","beyondwords_preview_token":"","beyondwords_player_content":"","beyondwords_player_style":"","beyondwords_language_code":"","beyondwords_language_id":"","beyondwords_title_voice_id":"","beyondwords_body_voice_id":"","beyondwords_summary_voice_id":"","beyondwords_error_message":"","beyondwords_disabled":"","beyondwords_delete_content":"","beyondwords_podcast_id":"","beyondwords_hash":"","publish_post_to_speechkit":"","speechkit_hash":"","speechkit_generate_audio":"","speechkit_project_id":"","speechkit_podcast_id":"","speechkit_error_message":"","speechkit_disabled":"","speechkit_access_key":"","speechkit_error":"","speechkit_info":"","speechkit_response":"","speechkit_retries":"","speechkit_status":"","speechkit_updated_at":"","_speechkit_link":"","_speechkit_text":""},"categories":[1],"tags":[439,440,87,17,441,442],"class_list":["post-389","post","type-post","status-publish","format-standard","hentry","category-kirjailijan-paivakirja","tag-kesa","tag-kesamokki","tag-kirjahylly","tag-lukeminen","tag-philip-roth","tag-vaarinymmarretty-mies"],"om_views":null,"acf":{"tuuma_off":false,"tuuma_kysymys":"","tuuma_vastaus":""},"asauth":{"required_access_level":1,"share_token":"","is_paid":false},"yoast_head":"<!-- This site is optimized with the Yoast SEO plugin v26.4 - https:\/\/yoast.com\/wordpress\/plugins\/seo\/ -->\n<title>Kes\u00e4m\u00f6kin kirjahylly - Kirjailijan p\u00e4iv\u00e4kirja<\/title>\n<meta name=\"robots\" content=\"index, follow, max-snippet:-1, max-image-preview:large, max-video-preview:-1\" \/>\n<link rel=\"canonical\" href=\"https:\/\/suomenkuvalehti.fi\/kirjailijanpaivakirja\/kesamokin-kirjahylly\/\" \/>\n<meta property=\"og:locale\" content=\"fi_FI\" \/>\n<meta property=\"og:type\" content=\"article\" \/>\n<meta property=\"og:title\" content=\"Kes\u00e4m\u00f6kin kirjahylly - Kirjailijan p\u00e4iv\u00e4kirja\" \/>\n<meta property=\"og:description\" content=\"Rankkasade otti minut panttivangikseen ja lukitsi aittaan Nathan Zuckermanin kanssa. Paljon pahemminkin olisi voinut k\u00e4yd\u00e4. Vanhempieni m\u00f6kill\u00e4 on kohtuullisesti luettavaa. Siihen ja s\u00e4\u00e4ennusteisiin luottaen sek\u00e4 oman lukunopeuteni aliarvoiden olin varannut puoleksitoista m\u00f6kkip\u00e4iv\u00e4ksi vain reilut 300 sivua&hellip;\" \/>\n<meta property=\"og:url\" content=\"https:\/\/suomenkuvalehti.fi\/kirjailijanpaivakirja\/kesamokin-kirjahylly\/\" \/>\n<meta property=\"og:site_name\" content=\"Kirjailijan p\u00e4iv\u00e4kirja\" \/>\n<meta property=\"article:published_time\" content=\"2015-07-07T10:38:09+00:00\" \/>\n<meta property=\"article:modified_time\" content=\"2015-07-07T10:39:51+00:00\" \/>\n<meta property=\"og:image\" content=\"https:\/\/suomenkuvalehti.fi\/kirjailijanpaivakirja\/wp-content\/uploads\/sites\/21\/2022\/04\/hamalainen_karo06-1-scaled.jpg\" \/>\n\t<meta property=\"og:image:width\" content=\"2560\" \/>\n\t<meta property=\"og:image:height\" content=\"1706\" \/>\n\t<meta property=\"og:image:type\" content=\"image\/jpeg\" \/>\n<meta name=\"author\" content=\"Karo H\u00e4m\u00e4l\u00e4inen\" \/>\n<meta name=\"twitter:card\" content=\"summary_large_image\" \/>\n<meta name=\"twitter:label1\" content=\"Written by\" \/>\n\t<meta name=\"twitter:data1\" content=\"Karo H\u00e4m\u00e4l\u00e4inen\" \/>\n\t<meta name=\"twitter:label2\" content=\"Est. reading time\" \/>\n\t<meta name=\"twitter:data2\" content=\"2 minuuttia\" \/>\n<script type=\"application\/ld+json\" class=\"yoast-schema-graph\">{\"@context\":\"https:\/\/schema.org\",\"@graph\":[{\"@type\":\"WebPage\",\"@id\":\"https:\/\/suomenkuvalehti.fi\/kirjailijanpaivakirja\/kesamokin-kirjahylly\/\",\"url\":\"https:\/\/suomenkuvalehti.fi\/kirjailijanpaivakirja\/kesamokin-kirjahylly\/\",\"name\":\"Kes\u00e4m\u00f6kin kirjahylly - Kirjailijan p\u00e4iv\u00e4kirja\",\"isPartOf\":{\"@id\":\"https:\/\/suomenkuvalehti.fi\/kirjailijanpaivakirja\/#website\"},\"datePublished\":\"2015-07-07T10:38:09+00:00\",\"dateModified\":\"2015-07-07T10:39:51+00:00\",\"author\":{\"@id\":\"https:\/\/suomenkuvalehti.fi\/kirjailijanpaivakirja\/#\/schema\/person\/ca2dfd9d508d8c675e07b3c099fc789b\"},\"breadcrumb\":{\"@id\":\"https:\/\/suomenkuvalehti.fi\/kirjailijanpaivakirja\/kesamokin-kirjahylly\/#breadcrumb\"},\"inLanguage\":\"fi\",\"potentialAction\":[{\"@type\":\"ReadAction\",\"target\":[\"https:\/\/suomenkuvalehti.fi\/kirjailijanpaivakirja\/kesamokin-kirjahylly\/\"]}]},{\"@type\":\"BreadcrumbList\",\"@id\":\"https:\/\/suomenkuvalehti.fi\/kirjailijanpaivakirja\/kesamokin-kirjahylly\/#breadcrumb\",\"itemListElement\":[{\"@type\":\"ListItem\",\"position\":1,\"name\":\"Home\",\"item\":\"https:\/\/suomenkuvalehti.fi\/kirjailijanpaivakirja\/\"},{\"@type\":\"ListItem\",\"position\":2,\"name\":\"Kes\u00e4m\u00f6kin kirjahylly\"}]},{\"@type\":\"WebSite\",\"@id\":\"https:\/\/suomenkuvalehti.fi\/kirjailijanpaivakirja\/#website\",\"url\":\"https:\/\/suomenkuvalehti.fi\/kirjailijanpaivakirja\/\",\"name\":\"Kirjailijan p\u00e4iv\u00e4kirja\",\"description\":\"Proosakirjailijan arkea ja kirjallisuuden ajankohtaisia aiheita.\",\"potentialAction\":[{\"@type\":\"SearchAction\",\"target\":{\"@type\":\"EntryPoint\",\"urlTemplate\":\"https:\/\/suomenkuvalehti.fi\/haku\/?q={search_term_string}\"},\"query-input\":{\"@type\":\"PropertyValueSpecification\",\"valueRequired\":true,\"valueName\":\"search_term_string\"}}],\"inLanguage\":\"fi\"},{\"@type\":\"Person\",\"@id\":\"https:\/\/suomenkuvalehti.fi\/kirjailijanpaivakirja\/#\/schema\/person\/ca2dfd9d508d8c675e07b3c099fc789b\",\"name\":\"Karo H\u00e4m\u00e4l\u00e4inen\",\"image\":{\"@type\":\"ImageObject\",\"inLanguage\":\"fi\",\"@id\":\"https:\/\/suomenkuvalehti.fi\/kirjailijanpaivakirja\/#\/schema\/person\/image\/\",\"url\":\"https:\/\/suomenkuvalehti.fi\/kirjailijanpaivakirja\/wp-content\/uploads\/sites\/21\/2022\/04\/hamalainen_karo06-1-150x150.jpg\",\"contentUrl\":\"https:\/\/suomenkuvalehti.fi\/kirjailijanpaivakirja\/wp-content\/uploads\/sites\/21\/2022\/04\/hamalainen_karo06-1-150x150.jpg\",\"caption\":\"Karo H\u00e4m\u00e4l\u00e4inen\"},\"description\":\"Karo H\u00e4m\u00e4l\u00e4inen on kirjailija ja talouteen erikoistunut vapaa toimittaja.\"}]}<\/script>\n<!-- \/ Yoast SEO plugin. -->","yoast_head_json":{"title":"Kes\u00e4m\u00f6kin kirjahylly - Kirjailijan p\u00e4iv\u00e4kirja","robots":{"index":"index","follow":"follow","max-snippet":"max-snippet:-1","max-image-preview":"max-image-preview:large","max-video-preview":"max-video-preview:-1"},"canonical":"https:\/\/suomenkuvalehti.fi\/kirjailijanpaivakirja\/kesamokin-kirjahylly\/","og_locale":"fi_FI","og_type":"article","og_title":"Kes\u00e4m\u00f6kin kirjahylly - Kirjailijan p\u00e4iv\u00e4kirja","og_description":"Rankkasade otti minut panttivangikseen ja lukitsi aittaan Nathan Zuckermanin kanssa. Paljon pahemminkin olisi voinut k\u00e4yd\u00e4. Vanhempieni m\u00f6kill\u00e4 on kohtuullisesti luettavaa. Siihen ja s\u00e4\u00e4ennusteisiin luottaen sek\u00e4 oman lukunopeuteni aliarvoiden olin varannut puoleksitoista m\u00f6kkip\u00e4iv\u00e4ksi vain reilut 300 sivua&hellip;","og_url":"https:\/\/suomenkuvalehti.fi\/kirjailijanpaivakirja\/kesamokin-kirjahylly\/","og_site_name":"Kirjailijan p\u00e4iv\u00e4kirja","article_published_time":"2015-07-07T10:38:09+00:00","article_modified_time":"2015-07-07T10:39:51+00:00","og_image":[{"width":2560,"height":1706,"url":"https:\/\/suomenkuvalehti.fi\/kirjailijanpaivakirja\/wp-content\/uploads\/sites\/21\/2022\/04\/hamalainen_karo06-1-scaled.jpg","type":"image\/jpeg"}],"author":"Karo H\u00e4m\u00e4l\u00e4inen","twitter_card":"summary_large_image","twitter_misc":{"Written by":"Karo H\u00e4m\u00e4l\u00e4inen","Est. reading time":"2 minuuttia"},"schema":{"@context":"https:\/\/schema.org","@graph":[{"@type":"WebPage","@id":"https:\/\/suomenkuvalehti.fi\/kirjailijanpaivakirja\/kesamokin-kirjahylly\/","url":"https:\/\/suomenkuvalehti.fi\/kirjailijanpaivakirja\/kesamokin-kirjahylly\/","name":"Kes\u00e4m\u00f6kin kirjahylly - Kirjailijan p\u00e4iv\u00e4kirja","isPartOf":{"@id":"https:\/\/suomenkuvalehti.fi\/kirjailijanpaivakirja\/#website"},"datePublished":"2015-07-07T10:38:09+00:00","dateModified":"2015-07-07T10:39:51+00:00","author":{"@id":"https:\/\/suomenkuvalehti.fi\/kirjailijanpaivakirja\/#\/schema\/person\/ca2dfd9d508d8c675e07b3c099fc789b"},"breadcrumb":{"@id":"https:\/\/suomenkuvalehti.fi\/kirjailijanpaivakirja\/kesamokin-kirjahylly\/#breadcrumb"},"inLanguage":"fi","potentialAction":[{"@type":"ReadAction","target":["https:\/\/suomenkuvalehti.fi\/kirjailijanpaivakirja\/kesamokin-kirjahylly\/"]}]},{"@type":"BreadcrumbList","@id":"https:\/\/suomenkuvalehti.fi\/kirjailijanpaivakirja\/kesamokin-kirjahylly\/#breadcrumb","itemListElement":[{"@type":"ListItem","position":1,"name":"Home","item":"https:\/\/suomenkuvalehti.fi\/kirjailijanpaivakirja\/"},{"@type":"ListItem","position":2,"name":"Kes\u00e4m\u00f6kin kirjahylly"}]},{"@type":"WebSite","@id":"https:\/\/suomenkuvalehti.fi\/kirjailijanpaivakirja\/#website","url":"https:\/\/suomenkuvalehti.fi\/kirjailijanpaivakirja\/","name":"Kirjailijan p\u00e4iv\u00e4kirja","description":"Proosakirjailijan arkea ja kirjallisuuden ajankohtaisia aiheita.","potentialAction":[{"@type":"SearchAction","target":{"@type":"EntryPoint","urlTemplate":"https:\/\/suomenkuvalehti.fi\/haku\/?q={search_term_string}"},"query-input":{"@type":"PropertyValueSpecification","valueRequired":true,"valueName":"search_term_string"}}],"inLanguage":"fi"},{"@type":"Person","@id":"https:\/\/suomenkuvalehti.fi\/kirjailijanpaivakirja\/#\/schema\/person\/ca2dfd9d508d8c675e07b3c099fc789b","name":"Karo H\u00e4m\u00e4l\u00e4inen","image":{"@type":"ImageObject","inLanguage":"fi","@id":"https:\/\/suomenkuvalehti.fi\/kirjailijanpaivakirja\/#\/schema\/person\/image\/","url":"https:\/\/suomenkuvalehti.fi\/kirjailijanpaivakirja\/wp-content\/uploads\/sites\/21\/2022\/04\/hamalainen_karo06-1-150x150.jpg","contentUrl":"https:\/\/suomenkuvalehti.fi\/kirjailijanpaivakirja\/wp-content\/uploads\/sites\/21\/2022\/04\/hamalainen_karo06-1-150x150.jpg","caption":"Karo H\u00e4m\u00e4l\u00e4inen"},"description":"Karo H\u00e4m\u00e4l\u00e4inen on kirjailija ja talouteen erikoistunut vapaa toimittaja."}]}},"_links":{"self":[{"href":"https:\/\/suomenkuvalehti.fi\/kirjailijanpaivakirja\/wp-json\/wp\/v2\/posts\/389","targetHints":{"allow":["GET"]}}],"collection":[{"href":"https:\/\/suomenkuvalehti.fi\/kirjailijanpaivakirja\/wp-json\/wp\/v2\/posts"}],"about":[{"href":"https:\/\/suomenkuvalehti.fi\/kirjailijanpaivakirja\/wp-json\/wp\/v2\/types\/post"}],"author":[{"embeddable":true,"href":"https:\/\/suomenkuvalehti.fi\/kirjailijanpaivakirja\/wp-json\/wp\/v2\/users\/129"}],"replies":[{"embeddable":true,"href":"https:\/\/suomenkuvalehti.fi\/kirjailijanpaivakirja\/wp-json\/wp\/v2\/comments?post=389"}],"version-history":[{"count":3,"href":"https:\/\/suomenkuvalehti.fi\/kirjailijanpaivakirja\/wp-json\/wp\/v2\/posts\/389\/revisions"}],"predecessor-version":[{"id":392,"href":"https:\/\/suomenkuvalehti.fi\/kirjailijanpaivakirja\/wp-json\/wp\/v2\/posts\/389\/revisions\/392"}],"wp:attachment":[{"href":"https:\/\/suomenkuvalehti.fi\/kirjailijanpaivakirja\/wp-json\/wp\/v2\/media?parent=389"}],"wp:term":[{"taxonomy":"category","embeddable":true,"href":"https:\/\/suomenkuvalehti.fi\/kirjailijanpaivakirja\/wp-json\/wp\/v2\/categories?post=389"},{"taxonomy":"post_tag","embeddable":true,"href":"https:\/\/suomenkuvalehti.fi\/kirjailijanpaivakirja\/wp-json\/wp\/v2\/tags?post=389"}],"curies":[{"name":"wp","href":"https:\/\/api.w.org\/{rel}","templated":true}]}}