{"id":377,"date":"2015-06-19T14:58:13","date_gmt":"2015-06-19T11:58:13","guid":{"rendered":"https:\/\/suomenkuvalehti.fi\/kirjailijanpaivakirja\/?p=377"},"modified":"2015-06-19T14:58:13","modified_gmt":"2015-06-19T11:58:13","slug":"perinteisin-menoin","status":"publish","type":"post","link":"https:\/\/suomenkuvalehti.fi\/kirjailijanpaivakirja\/perinteisin-menoin\/","title":{"rendered":"Perinteisin menoin"},"content":{"rendered":"\n<p>Suomi on sulkeutunut, vedospino avautunut.<\/p>\n\n\n\n<p>Juhannus on traditioiden juhlaa. Joskus viitisentoista vuotta sitten juhannusperinteen\u00e4ni oli lukea Reijo M\u00e4en senkes\u00e4inen romaani. Viime vuosina perinne on p\u00e4ivittynyt oman romaanin oikolukuun.<\/p>\n\n\n\n<p>Viimeisimm\u00e4t romaanini ovat ilmestyneet elokuussa, ja jotta kirja voisi olla kaupoissa ennen syyskauden avaavia kirjatapahtumia (Tampereen tapahtumien y\u00f6 sek\u00e4 Turun ja Helsingin taiteiden y\u00f6t), se t\u00e4ytyy saada painoon viimeist\u00e4\u00e4n hein\u00e4kuun alkupuolella. Koska kustannustoimittajatkin saattavat haluta lomailla kes\u00e4aikana, juhannus on aikatauluttunut oikolukuajaksi. Se tosin tarkoittaa, ett\u00e4 my\u00f6s kustannustoimittajallani on sama juhannusperinne kuin minulla.<\/p>\n\n\n\n<p>Kirjantekemiseen tuntuu kuuluvan loppukiire, mik\u00e4 tuntuu k\u00e4sitt\u00e4m\u00e4tt\u00f6m\u00e4lt\u00e4 suhteessa kirjaprosessin vaatimaan kokonaisaikaan. T\u00e4ten my\u00f6s vedokset valmistuvat viime tingassa. Muutama vuosi sitten kustannustoimittajani toi vedokset juhannusaattona Tampereen rautatieasemalle. T\u00e4n\u00e4 vuona k\u00e4vin noutamassa ne eilen aamulenkill\u00e4 kustantajan kirjakaupasta, koska en olisi muussa v\u00e4liss\u00e4 enn\u00e4tt\u00e4nyt.<\/p>\n\n\n\n<p>Edess\u00e4 on kohtuulliset 238 sivua ja kolme vuorokautta.<\/p>\n\n\n\n<p>Oikolukeminen on kirjailijan kannalta kirjanteon viimeinen vaihe. Viimeisen editointikierroksen j\u00e4lkeen saatu teksti on taitettu graafikon suunnitteleman asun mukaisesti. Kirjan sis\u00e4sivut n\u00e4ytt\u00e4v\u00e4t juuri silt\u00e4 kuin niiden on tarkoitus n\u00e4ytt\u00e4\u00e4 valmiissa painotuotteessa.<\/p>\n\n\n\n<p>Pyrin tekem\u00e4\u00e4n oikolukiessani mahdollisimman v\u00e4h\u00e4n korjauksia. Puutun selviin kirjoitusvirheisiin ja taitto-ongelmiin, esimerkiksi v\u00e4\u00e4r\u00e4\u00e4n tavutukseen. Joissain paikoissa saatan viel\u00e4 oikolukuvaiheessa korjata sanan toiseksi, jopa poistaa jonkin lauseen. Kappaletason muutoksia en en\u00e4\u00e4 t\u00e4ss\u00e4 vaiheessa tee. Niiden aika on ollut viimeisell\u00e4 editointikierroksella.<\/p>\n\n\n\n<p>En halua olla James Joyce, joka kirjoitti teoksensa uudelleen vedosten marginaaleihin, mink\u00e4 vuoksi niiden ilmestyminen viiv\u00e4styi kroonisesti. Joissakin vanhoissa kustannussopimuksissa taisi lukeakin, ett\u00e4 kirjailijan tekem\u00e4t muutokset saavat olla &#8221;kohtuullisia&#8221;.<\/p>\n\n\n\n<p>Kun juhannuksen j\u00e4lkeen palautan oikoluetut printit kustantamoon, kustannustoimittaja vie korjaukset (niin minun kuin omansa) tiedostoon, tarkistaa, etteiv\u00e4t muutokset aiheuta uusia ongelmia ja l\u00e4hett\u00e4\u00e4 tiedoston eteenp\u00e4in sek\u00e4 antaa my\u00f6hemmin painoluvan. Jokainen vedoksiin tekem\u00e4ni merkint\u00e4 siis tiet\u00e4\u00e4 lis\u00e4ty\u00f6t\u00e4 kustannustoimittajalle.<\/p>\n\n\n\n<p>Oikolukeminen ei ole n\u00e4kym\u00e4t\u00f6nt\u00e4 ty\u00f6t\u00e4 niin kuin viimeinen editointikierros saattaa olla. Viimeisell\u00e4 editointikierroksella tulee nyanssimuutoksia, joiden merkityst\u00e4 moni lukija tuskin huomaa. Se on teoksen yliviimeistely\u00e4. Sen sijaan oikoluku tai paremminkin sen puute n\u00e4kyy helposti. Pilkkuvirheet ja ylim\u00e4\u00e4r\u00e4iset kirjaimet pist\u00e4v\u00e4t silm\u00e4\u00e4n ja antavat viimeistelem\u00e4tt\u00f6m\u00e4n vaikutelman. Siksi oikoluku on teht\u00e4v\u00e4 huolella.<\/p>\n\n\n\n<p>Oikolukeminen on siit\u00e4 hyv\u00e4\u00e4 juhannuspuuhaa, ett\u00e4 sen voi tehd\u00e4 s\u00e4iden mukaan auringossa tai sateessa \u2013 sateessa viel\u00e4p\u00e4 sis\u00e4tiloissa.<\/p>\n\n\n","protected":false},"excerpt":{"rendered":"<p>Suomi on sulkeutunut, vedospino avautunut. Juhannus on traditioiden juhlaa. Joskus viitisentoista vuotta sitten juhannusperinteen\u00e4ni oli lukea Reijo M\u00e4en senkes\u00e4inen romaani. Viime vuosina perinne on p\u00e4ivittynyt oman romaanin oikolukuun. Viimeisimm\u00e4t romaanini ovat ilmestyneet elokuussa, ja jotta kirja<br \/>\nvois&hellip;<\/p>\n","protected":false},"author":129,"featured_media":0,"comment_status":"open","ping_status":"open","sticky":false,"template":"","format":"standard","meta":{"_acf_changed":false,"asauth_required_access_level":3,"asauth_cansharepaid":"true","om_header_attributes":[],"footnotes":"","om_featured_image_focal_point":[],"om_primary_tag":0,"om_contributors":[],"om_co_authors":[],"beyondwords_generate_audio":"","beyondwords_project_id":"","beyondwords_content_id":"","beyondwords_preview_token":"","beyondwords_player_content":"","beyondwords_player_style":"","beyondwords_language_code":"","beyondwords_language_id":"","beyondwords_title_voice_id":"","beyondwords_body_voice_id":"","beyondwords_summary_voice_id":"","beyondwords_error_message":"","beyondwords_disabled":"","beyondwords_delete_content":"","beyondwords_podcast_id":"","beyondwords_hash":"","publish_post_to_speechkit":"","speechkit_hash":"","speechkit_generate_audio":"","speechkit_project_id":"","speechkit_podcast_id":"","speechkit_error_message":"","speechkit_disabled":"","speechkit_access_key":"","speechkit_error":"","speechkit_info":"","speechkit_response":"","speechkit_retries":"","speechkit_status":"","speechkit_updated_at":"","_speechkit_link":"","_speechkit_text":""},"categories":[1],"tags":[382,383,431,380],"class_list":["post-377","post","type-post","status-publish","format-standard","hentry","category-kirjailijan-paivakirja","tag-editointi","tag-kirjailijan-tyo","tag-oikoluku","tag-yksin"],"om_views":null,"acf":{"tuuma_off":false,"tuuma_kysymys":"","tuuma_vastaus":""},"asauth":{"required_access_level":1,"share_token":"","is_paid":false},"yoast_head":"<!-- This site is optimized with the Yoast SEO plugin v26.4 - https:\/\/yoast.com\/wordpress\/plugins\/seo\/ -->\n<title>Perinteisin menoin - Kirjailijan p\u00e4iv\u00e4kirja<\/title>\n<meta name=\"robots\" content=\"index, follow, max-snippet:-1, max-image-preview:large, max-video-preview:-1\" \/>\n<link rel=\"canonical\" href=\"https:\/\/suomenkuvalehti.fi\/kirjailijanpaivakirja\/perinteisin-menoin\/\" \/>\n<meta property=\"og:locale\" content=\"fi_FI\" \/>\n<meta property=\"og:type\" content=\"article\" \/>\n<meta property=\"og:title\" content=\"Perinteisin menoin - Kirjailijan p\u00e4iv\u00e4kirja\" \/>\n<meta property=\"og:description\" content=\"Suomi on sulkeutunut, vedospino avautunut. Juhannus on traditioiden juhlaa. Joskus viitisentoista vuotta sitten juhannusperinteen\u00e4ni oli lukea Reijo M\u00e4en senkes\u00e4inen romaani. Viime vuosina perinne on p\u00e4ivittynyt oman romaanin oikolukuun. Viimeisimm\u00e4t romaanini ovat ilmestyneet elokuussa, ja jotta kirja vois&hellip;\" \/>\n<meta property=\"og:url\" content=\"https:\/\/suomenkuvalehti.fi\/kirjailijanpaivakirja\/perinteisin-menoin\/\" \/>\n<meta property=\"og:site_name\" content=\"Kirjailijan p\u00e4iv\u00e4kirja\" \/>\n<meta property=\"article:published_time\" content=\"2015-06-19T11:58:13+00:00\" \/>\n<meta property=\"og:image\" content=\"https:\/\/suomenkuvalehti.fi\/kirjailijanpaivakirja\/wp-content\/uploads\/sites\/21\/2022\/04\/hamalainen_karo06-1-scaled.jpg\" \/>\n\t<meta property=\"og:image:width\" content=\"2560\" \/>\n\t<meta property=\"og:image:height\" content=\"1706\" \/>\n\t<meta property=\"og:image:type\" content=\"image\/jpeg\" \/>\n<meta name=\"author\" content=\"Karo H\u00e4m\u00e4l\u00e4inen\" \/>\n<meta name=\"twitter:card\" content=\"summary_large_image\" \/>\n<meta name=\"twitter:label1\" content=\"Written by\" \/>\n\t<meta name=\"twitter:data1\" content=\"Karo H\u00e4m\u00e4l\u00e4inen\" \/>\n\t<meta name=\"twitter:label2\" content=\"Est. reading time\" \/>\n\t<meta name=\"twitter:data2\" content=\"2 minuuttia\" \/>\n<script type=\"application\/ld+json\" class=\"yoast-schema-graph\">{\"@context\":\"https:\/\/schema.org\",\"@graph\":[{\"@type\":\"WebPage\",\"@id\":\"https:\/\/suomenkuvalehti.fi\/kirjailijanpaivakirja\/perinteisin-menoin\/\",\"url\":\"https:\/\/suomenkuvalehti.fi\/kirjailijanpaivakirja\/perinteisin-menoin\/\",\"name\":\"Perinteisin menoin - Kirjailijan p\u00e4iv\u00e4kirja\",\"isPartOf\":{\"@id\":\"https:\/\/suomenkuvalehti.fi\/kirjailijanpaivakirja\/#website\"},\"datePublished\":\"2015-06-19T11:58:13+00:00\",\"author\":{\"@id\":\"https:\/\/suomenkuvalehti.fi\/kirjailijanpaivakirja\/#\/schema\/person\/ca2dfd9d508d8c675e07b3c099fc789b\"},\"breadcrumb\":{\"@id\":\"https:\/\/suomenkuvalehti.fi\/kirjailijanpaivakirja\/perinteisin-menoin\/#breadcrumb\"},\"inLanguage\":\"fi\",\"potentialAction\":[{\"@type\":\"ReadAction\",\"target\":[\"https:\/\/suomenkuvalehti.fi\/kirjailijanpaivakirja\/perinteisin-menoin\/\"]}]},{\"@type\":\"BreadcrumbList\",\"@id\":\"https:\/\/suomenkuvalehti.fi\/kirjailijanpaivakirja\/perinteisin-menoin\/#breadcrumb\",\"itemListElement\":[{\"@type\":\"ListItem\",\"position\":1,\"name\":\"Home\",\"item\":\"https:\/\/suomenkuvalehti.fi\/kirjailijanpaivakirja\/\"},{\"@type\":\"ListItem\",\"position\":2,\"name\":\"Perinteisin menoin\"}]},{\"@type\":\"WebSite\",\"@id\":\"https:\/\/suomenkuvalehti.fi\/kirjailijanpaivakirja\/#website\",\"url\":\"https:\/\/suomenkuvalehti.fi\/kirjailijanpaivakirja\/\",\"name\":\"Kirjailijan p\u00e4iv\u00e4kirja\",\"description\":\"Proosakirjailijan arkea ja kirjallisuuden ajankohtaisia aiheita.\",\"potentialAction\":[{\"@type\":\"SearchAction\",\"target\":{\"@type\":\"EntryPoint\",\"urlTemplate\":\"https:\/\/suomenkuvalehti.fi\/haku\/?q={search_term_string}\"},\"query-input\":{\"@type\":\"PropertyValueSpecification\",\"valueRequired\":true,\"valueName\":\"search_term_string\"}}],\"inLanguage\":\"fi\"},{\"@type\":\"Person\",\"@id\":\"https:\/\/suomenkuvalehti.fi\/kirjailijanpaivakirja\/#\/schema\/person\/ca2dfd9d508d8c675e07b3c099fc789b\",\"name\":\"Karo H\u00e4m\u00e4l\u00e4inen\",\"image\":{\"@type\":\"ImageObject\",\"inLanguage\":\"fi\",\"@id\":\"https:\/\/suomenkuvalehti.fi\/kirjailijanpaivakirja\/#\/schema\/person\/image\/\",\"url\":\"https:\/\/suomenkuvalehti.fi\/kirjailijanpaivakirja\/wp-content\/uploads\/sites\/21\/2022\/04\/hamalainen_karo06-1-150x150.jpg\",\"contentUrl\":\"https:\/\/suomenkuvalehti.fi\/kirjailijanpaivakirja\/wp-content\/uploads\/sites\/21\/2022\/04\/hamalainen_karo06-1-150x150.jpg\",\"caption\":\"Karo H\u00e4m\u00e4l\u00e4inen\"},\"description\":\"Karo H\u00e4m\u00e4l\u00e4inen on kirjailija ja talouteen erikoistunut vapaa toimittaja.\"}]}<\/script>\n<!-- \/ Yoast SEO plugin. -->","yoast_head_json":{"title":"Perinteisin menoin - Kirjailijan p\u00e4iv\u00e4kirja","robots":{"index":"index","follow":"follow","max-snippet":"max-snippet:-1","max-image-preview":"max-image-preview:large","max-video-preview":"max-video-preview:-1"},"canonical":"https:\/\/suomenkuvalehti.fi\/kirjailijanpaivakirja\/perinteisin-menoin\/","og_locale":"fi_FI","og_type":"article","og_title":"Perinteisin menoin - Kirjailijan p\u00e4iv\u00e4kirja","og_description":"Suomi on sulkeutunut, vedospino avautunut. Juhannus on traditioiden juhlaa. Joskus viitisentoista vuotta sitten juhannusperinteen\u00e4ni oli lukea Reijo M\u00e4en senkes\u00e4inen romaani. Viime vuosina perinne on p\u00e4ivittynyt oman romaanin oikolukuun. Viimeisimm\u00e4t romaanini ovat ilmestyneet elokuussa, ja jotta kirja vois&hellip;","og_url":"https:\/\/suomenkuvalehti.fi\/kirjailijanpaivakirja\/perinteisin-menoin\/","og_site_name":"Kirjailijan p\u00e4iv\u00e4kirja","article_published_time":"2015-06-19T11:58:13+00:00","og_image":[{"width":2560,"height":1706,"url":"https:\/\/suomenkuvalehti.fi\/kirjailijanpaivakirja\/wp-content\/uploads\/sites\/21\/2022\/04\/hamalainen_karo06-1-scaled.jpg","type":"image\/jpeg"}],"author":"Karo H\u00e4m\u00e4l\u00e4inen","twitter_card":"summary_large_image","twitter_misc":{"Written by":"Karo H\u00e4m\u00e4l\u00e4inen","Est. reading time":"2 minuuttia"},"schema":{"@context":"https:\/\/schema.org","@graph":[{"@type":"WebPage","@id":"https:\/\/suomenkuvalehti.fi\/kirjailijanpaivakirja\/perinteisin-menoin\/","url":"https:\/\/suomenkuvalehti.fi\/kirjailijanpaivakirja\/perinteisin-menoin\/","name":"Perinteisin menoin - Kirjailijan p\u00e4iv\u00e4kirja","isPartOf":{"@id":"https:\/\/suomenkuvalehti.fi\/kirjailijanpaivakirja\/#website"},"datePublished":"2015-06-19T11:58:13+00:00","author":{"@id":"https:\/\/suomenkuvalehti.fi\/kirjailijanpaivakirja\/#\/schema\/person\/ca2dfd9d508d8c675e07b3c099fc789b"},"breadcrumb":{"@id":"https:\/\/suomenkuvalehti.fi\/kirjailijanpaivakirja\/perinteisin-menoin\/#breadcrumb"},"inLanguage":"fi","potentialAction":[{"@type":"ReadAction","target":["https:\/\/suomenkuvalehti.fi\/kirjailijanpaivakirja\/perinteisin-menoin\/"]}]},{"@type":"BreadcrumbList","@id":"https:\/\/suomenkuvalehti.fi\/kirjailijanpaivakirja\/perinteisin-menoin\/#breadcrumb","itemListElement":[{"@type":"ListItem","position":1,"name":"Home","item":"https:\/\/suomenkuvalehti.fi\/kirjailijanpaivakirja\/"},{"@type":"ListItem","position":2,"name":"Perinteisin menoin"}]},{"@type":"WebSite","@id":"https:\/\/suomenkuvalehti.fi\/kirjailijanpaivakirja\/#website","url":"https:\/\/suomenkuvalehti.fi\/kirjailijanpaivakirja\/","name":"Kirjailijan p\u00e4iv\u00e4kirja","description":"Proosakirjailijan arkea ja kirjallisuuden ajankohtaisia aiheita.","potentialAction":[{"@type":"SearchAction","target":{"@type":"EntryPoint","urlTemplate":"https:\/\/suomenkuvalehti.fi\/haku\/?q={search_term_string}"},"query-input":{"@type":"PropertyValueSpecification","valueRequired":true,"valueName":"search_term_string"}}],"inLanguage":"fi"},{"@type":"Person","@id":"https:\/\/suomenkuvalehti.fi\/kirjailijanpaivakirja\/#\/schema\/person\/ca2dfd9d508d8c675e07b3c099fc789b","name":"Karo H\u00e4m\u00e4l\u00e4inen","image":{"@type":"ImageObject","inLanguage":"fi","@id":"https:\/\/suomenkuvalehti.fi\/kirjailijanpaivakirja\/#\/schema\/person\/image\/","url":"https:\/\/suomenkuvalehti.fi\/kirjailijanpaivakirja\/wp-content\/uploads\/sites\/21\/2022\/04\/hamalainen_karo06-1-150x150.jpg","contentUrl":"https:\/\/suomenkuvalehti.fi\/kirjailijanpaivakirja\/wp-content\/uploads\/sites\/21\/2022\/04\/hamalainen_karo06-1-150x150.jpg","caption":"Karo H\u00e4m\u00e4l\u00e4inen"},"description":"Karo H\u00e4m\u00e4l\u00e4inen on kirjailija ja talouteen erikoistunut vapaa toimittaja."}]}},"_links":{"self":[{"href":"https:\/\/suomenkuvalehti.fi\/kirjailijanpaivakirja\/wp-json\/wp\/v2\/posts\/377","targetHints":{"allow":["GET"]}}],"collection":[{"href":"https:\/\/suomenkuvalehti.fi\/kirjailijanpaivakirja\/wp-json\/wp\/v2\/posts"}],"about":[{"href":"https:\/\/suomenkuvalehti.fi\/kirjailijanpaivakirja\/wp-json\/wp\/v2\/types\/post"}],"author":[{"embeddable":true,"href":"https:\/\/suomenkuvalehti.fi\/kirjailijanpaivakirja\/wp-json\/wp\/v2\/users\/129"}],"replies":[{"embeddable":true,"href":"https:\/\/suomenkuvalehti.fi\/kirjailijanpaivakirja\/wp-json\/wp\/v2\/comments?post=377"}],"version-history":[{"count":1,"href":"https:\/\/suomenkuvalehti.fi\/kirjailijanpaivakirja\/wp-json\/wp\/v2\/posts\/377\/revisions"}],"predecessor-version":[{"id":378,"href":"https:\/\/suomenkuvalehti.fi\/kirjailijanpaivakirja\/wp-json\/wp\/v2\/posts\/377\/revisions\/378"}],"wp:attachment":[{"href":"https:\/\/suomenkuvalehti.fi\/kirjailijanpaivakirja\/wp-json\/wp\/v2\/media?parent=377"}],"wp:term":[{"taxonomy":"category","embeddable":true,"href":"https:\/\/suomenkuvalehti.fi\/kirjailijanpaivakirja\/wp-json\/wp\/v2\/categories?post=377"},{"taxonomy":"post_tag","embeddable":true,"href":"https:\/\/suomenkuvalehti.fi\/kirjailijanpaivakirja\/wp-json\/wp\/v2\/tags?post=377"}],"curies":[{"name":"wp","href":"https:\/\/api.w.org\/{rel}","templated":true}]}}