{"id":370,"date":"2015-06-10T10:05:23","date_gmt":"2015-06-10T07:05:23","guid":{"rendered":"https:\/\/suomenkuvalehti.fi\/kirjailijanpaivakirja\/?p=370"},"modified":"2015-06-10T10:05:23","modified_gmt":"2015-06-10T07:05:23","slug":"aaneen","status":"publish","type":"post","link":"https:\/\/suomenkuvalehti.fi\/kirjailijanpaivakirja\/aaneen\/","title":{"rendered":"\u00c4\u00e4neen"},"content":{"rendered":"\n<p>Testasin romaanin viimeisell\u00e4 editointikierroksella itselleni uutta keinoa: luin k\u00e4sikirjoituksen \u00e4\u00e4neen.<\/p>\n\n\n\n<p>Ajatuksen ty\u00f6muotoon sain viime viikon torstaina, jolloin luin yleis\u00f6lle pari otetta viimeistelyn alla olleesta k\u00e4sikirjoituksesta Kirjakrooli-tapahtumassa. \u00c4\u00e4neen lukiessani huomasin haluavani editoida teksti\u00e4 lis\u00e4\u00e4. Kaivoin kyn\u00e4n rintataskusta ja tein merkint\u00f6j\u00e4 liuskoihin, jotka olin jo k\u00e4ynyt l\u00e4pi, editoinut niin kuin olen tavannut editoida.<\/p>\n\n\n\n<p>T\u00e4ytyyh\u00e4n romaanin olla sellainen, ett\u00e4 jos sit\u00e4 my\u00f6hemmin joutuu lukemaan \u00e4\u00e4neen, ei tule pakottavaa muokkaustarvetta!<\/p>\n\n\n\n<p>T\u00e4ll\u00e4 ajatuksella l\u00e4ksin luku-urakkaan. Aikaa siihen oli vain kaksi ty\u00f6p\u00e4iv\u00e4\u00e4.<\/p>\n\n\n\n<p>Yksin-romaanissa on noin 260 sivua; lopullinen mitta ratkeaa graafikon ty\u00f6p\u00f6yd\u00e4ll\u00e4 typografisten ratkaisujen my\u00f6t\u00e4. Siis 130 sivua per p\u00e4iv\u00e4. Kokemattomalle \u00e4\u00e4neenlukijalle se oli liikaa. Kurkku rasittui ja jouduin lukemaan osan vain <em>ik\u00e4\u00e4n kuin<\/em> \u00e4\u00e4neen.<\/p>\n\n\n\n<p>\u00c4\u00e4neen lukeminen poistaa turhat sanat ja karsii toisteisuutta. Miksi kirjan lukijan pit\u00e4isi jaksaa lukea sellaista, mit\u00e4 kirjailijakaan ei itse jaksaisi lukea \u00e4\u00e4neen? Ennen ensimm\u00e4ist\u00e4 \u00e4\u00e4neenlukup\u00e4iv\u00e4\u00e4 tekstitiedostossa oli mittaa reilut 290 000 merkki\u00e4. \u00c4\u00e4neenlukueditoinnin j\u00e4lkeen merkkej\u00e4 oli j\u00e4ljell\u00e4 282 000, vaikka kierroksen yhteydess\u00e4 lis\u00e4sin tiedostoon kaikenlaisia kirjaan kuuluvia metatietoja kuten ISBN-numeron, copyright-tiedon ja kiitokset rahoittajille. Teksti tiivistyi siis kolmisen prosenttia, parani ehk\u00e4 enemm\u00e4n.<\/p>\n\n\n\n<p>Karsimisen lis\u00e4ksi \u00e4\u00e4neenluku paljasti joitakin kehnoja ilmaisuja. Vastaan tuli kappaleita, joissa ensimm\u00e4inen ja nelj\u00e4s virke saattoivat sanoa saman asian hieman eri sanoin. Toinen pois, ehk\u00e4 koko kappaleen rakenne uusiksi.<\/p>\n\n\n\n<p>\u00c4\u00e4neen lukeminen koettelee tekstin rytmi\u00e4 ja paljastaa tautologian.<\/p>\n\n\n\n<p>Vaikka k\u00e4sikirjoitusta kirjoittaessani eri vaiheissa olen maistellut virkkeit\u00e4, teoskokonaisuuden melko tiivisrytminen l\u00e4pilukeminen tuo esiin hieman toisella tavalla esimerkiksi sellaisia paikkoja, joissa teksti puuroutuu. \u00c4\u00e4neenluku auttaa huomaamaan, miss\u00e4 sakkapaikat sijaitsevat ja kuinka niit\u00e4 voi h\u00e4mment\u00e4\u00e4 auki.<\/p>\n\n\n\n<p>Ilman muuta teen \u00e4\u00e4neen lukemisesta itselleni toistuvan ty\u00f6tavan.<\/p>\n\n\n","protected":false},"excerpt":{"rendered":"<p>Testasin romaanin viimeisell\u00e4 editointikierroksella itselleni uutta keinoa: luin k\u00e4sikirjoituksen \u00e4\u00e4neen. Ajatuksen ty\u00f6muotoon sain viime viikon torstaina, jolloin luin yleis\u00f6lle pari otetta viimeistelyn alla olleesta k\u00e4sikirjoituksesta Kirjakrooli-tapahtumassa. \u00c4\u00e4neen lukiessani huomasin haluavani editoida<br \/>\nteksti\u00e4 &hellip;<\/p>\n","protected":false},"author":129,"featured_media":0,"comment_status":"open","ping_status":"open","sticky":false,"template":"","format":"standard","meta":{"_acf_changed":false,"asauth_required_access_level":3,"asauth_cansharepaid":"true","om_header_attributes":[],"footnotes":"","om_featured_image_focal_point":[],"om_primary_tag":0,"om_contributors":[],"om_co_authors":[],"beyondwords_generate_audio":"","beyondwords_project_id":"","beyondwords_content_id":"","beyondwords_preview_token":"","beyondwords_player_content":"","beyondwords_player_style":"","beyondwords_language_code":"","beyondwords_language_id":"","beyondwords_title_voice_id":"","beyondwords_body_voice_id":"","beyondwords_summary_voice_id":"","beyondwords_error_message":"","beyondwords_disabled":"","beyondwords_delete_content":"","beyondwords_podcast_id":"","beyondwords_hash":"","publish_post_to_speechkit":"","speechkit_hash":"","speechkit_generate_audio":"","speechkit_project_id":"","speechkit_podcast_id":"","speechkit_error_message":"","speechkit_disabled":"","speechkit_access_key":"","speechkit_error":"","speechkit_info":"","speechkit_response":"","speechkit_retries":"","speechkit_status":"","speechkit_updated_at":"","_speechkit_link":"","_speechkit_text":""},"categories":[1],"tags":[429,383,381,380],"class_list":["post-370","post","type-post","status-publish","format-standard","hentry","category-kirjailijan-paivakirja","tag-aaneen-lukeminen","tag-kirjailijan-tyo","tag-kirjoittaminen","tag-yksin"],"om_views":null,"acf":{"tuuma_off":false,"tuuma_kysymys":"","tuuma_vastaus":""},"asauth":{"required_access_level":1,"share_token":"","is_paid":false},"yoast_head":"<!-- This site is optimized with the Yoast SEO plugin v26.4 - https:\/\/yoast.com\/wordpress\/plugins\/seo\/ -->\n<title>\u00c4\u00e4neen - Kirjailijan p\u00e4iv\u00e4kirja<\/title>\n<meta name=\"robots\" content=\"index, follow, max-snippet:-1, max-image-preview:large, max-video-preview:-1\" \/>\n<link rel=\"canonical\" href=\"https:\/\/suomenkuvalehti.fi\/kirjailijanpaivakirja\/aaneen\/\" \/>\n<meta property=\"og:locale\" content=\"fi_FI\" \/>\n<meta property=\"og:type\" content=\"article\" \/>\n<meta property=\"og:title\" content=\"\u00c4\u00e4neen - Kirjailijan p\u00e4iv\u00e4kirja\" \/>\n<meta property=\"og:description\" content=\"Testasin romaanin viimeisell\u00e4 editointikierroksella itselleni uutta keinoa: luin k\u00e4sikirjoituksen \u00e4\u00e4neen. Ajatuksen ty\u00f6muotoon sain viime viikon torstaina, jolloin luin yleis\u00f6lle pari otetta viimeistelyn alla olleesta k\u00e4sikirjoituksesta Kirjakrooli-tapahtumassa. \u00c4\u00e4neen lukiessani huomasin haluavani editoida teksti\u00e4 &hellip;\" \/>\n<meta property=\"og:url\" content=\"https:\/\/suomenkuvalehti.fi\/kirjailijanpaivakirja\/aaneen\/\" \/>\n<meta property=\"og:site_name\" content=\"Kirjailijan p\u00e4iv\u00e4kirja\" \/>\n<meta property=\"article:published_time\" content=\"2015-06-10T07:05:23+00:00\" \/>\n<meta property=\"og:image\" content=\"https:\/\/suomenkuvalehti.fi\/kirjailijanpaivakirja\/wp-content\/uploads\/sites\/21\/2022\/04\/hamalainen_karo06-1-scaled.jpg\" \/>\n\t<meta property=\"og:image:width\" content=\"2560\" \/>\n\t<meta property=\"og:image:height\" content=\"1706\" \/>\n\t<meta property=\"og:image:type\" content=\"image\/jpeg\" \/>\n<meta name=\"author\" content=\"Karo H\u00e4m\u00e4l\u00e4inen\" \/>\n<meta name=\"twitter:card\" content=\"summary_large_image\" \/>\n<meta name=\"twitter:label1\" content=\"Written by\" \/>\n\t<meta name=\"twitter:data1\" content=\"Karo H\u00e4m\u00e4l\u00e4inen\" \/>\n\t<meta name=\"twitter:label2\" content=\"Est. reading time\" \/>\n\t<meta name=\"twitter:data2\" content=\"1 minuutti\" \/>\n<script type=\"application\/ld+json\" class=\"yoast-schema-graph\">{\"@context\":\"https:\/\/schema.org\",\"@graph\":[{\"@type\":\"WebPage\",\"@id\":\"https:\/\/suomenkuvalehti.fi\/kirjailijanpaivakirja\/aaneen\/\",\"url\":\"https:\/\/suomenkuvalehti.fi\/kirjailijanpaivakirja\/aaneen\/\",\"name\":\"\u00c4\u00e4neen - Kirjailijan p\u00e4iv\u00e4kirja\",\"isPartOf\":{\"@id\":\"https:\/\/suomenkuvalehti.fi\/kirjailijanpaivakirja\/#website\"},\"datePublished\":\"2015-06-10T07:05:23+00:00\",\"author\":{\"@id\":\"https:\/\/suomenkuvalehti.fi\/kirjailijanpaivakirja\/#\/schema\/person\/ca2dfd9d508d8c675e07b3c099fc789b\"},\"breadcrumb\":{\"@id\":\"https:\/\/suomenkuvalehti.fi\/kirjailijanpaivakirja\/aaneen\/#breadcrumb\"},\"inLanguage\":\"fi\",\"potentialAction\":[{\"@type\":\"ReadAction\",\"target\":[\"https:\/\/suomenkuvalehti.fi\/kirjailijanpaivakirja\/aaneen\/\"]}]},{\"@type\":\"BreadcrumbList\",\"@id\":\"https:\/\/suomenkuvalehti.fi\/kirjailijanpaivakirja\/aaneen\/#breadcrumb\",\"itemListElement\":[{\"@type\":\"ListItem\",\"position\":1,\"name\":\"Home\",\"item\":\"https:\/\/suomenkuvalehti.fi\/kirjailijanpaivakirja\/\"},{\"@type\":\"ListItem\",\"position\":2,\"name\":\"\u00c4\u00e4neen\"}]},{\"@type\":\"WebSite\",\"@id\":\"https:\/\/suomenkuvalehti.fi\/kirjailijanpaivakirja\/#website\",\"url\":\"https:\/\/suomenkuvalehti.fi\/kirjailijanpaivakirja\/\",\"name\":\"Kirjailijan p\u00e4iv\u00e4kirja\",\"description\":\"Proosakirjailijan arkea ja kirjallisuuden ajankohtaisia aiheita.\",\"potentialAction\":[{\"@type\":\"SearchAction\",\"target\":{\"@type\":\"EntryPoint\",\"urlTemplate\":\"https:\/\/suomenkuvalehti.fi\/haku\/?q={search_term_string}\"},\"query-input\":{\"@type\":\"PropertyValueSpecification\",\"valueRequired\":true,\"valueName\":\"search_term_string\"}}],\"inLanguage\":\"fi\"},{\"@type\":\"Person\",\"@id\":\"https:\/\/suomenkuvalehti.fi\/kirjailijanpaivakirja\/#\/schema\/person\/ca2dfd9d508d8c675e07b3c099fc789b\",\"name\":\"Karo H\u00e4m\u00e4l\u00e4inen\",\"image\":{\"@type\":\"ImageObject\",\"inLanguage\":\"fi\",\"@id\":\"https:\/\/suomenkuvalehti.fi\/kirjailijanpaivakirja\/#\/schema\/person\/image\/\",\"url\":\"https:\/\/suomenkuvalehti.fi\/kirjailijanpaivakirja\/wp-content\/uploads\/sites\/21\/2022\/04\/hamalainen_karo06-1-150x150.jpg\",\"contentUrl\":\"https:\/\/suomenkuvalehti.fi\/kirjailijanpaivakirja\/wp-content\/uploads\/sites\/21\/2022\/04\/hamalainen_karo06-1-150x150.jpg\",\"caption\":\"Karo H\u00e4m\u00e4l\u00e4inen\"},\"description\":\"Karo H\u00e4m\u00e4l\u00e4inen on kirjailija ja talouteen erikoistunut vapaa toimittaja.\"}]}<\/script>\n<!-- \/ Yoast SEO plugin. -->","yoast_head_json":{"title":"\u00c4\u00e4neen - Kirjailijan p\u00e4iv\u00e4kirja","robots":{"index":"index","follow":"follow","max-snippet":"max-snippet:-1","max-image-preview":"max-image-preview:large","max-video-preview":"max-video-preview:-1"},"canonical":"https:\/\/suomenkuvalehti.fi\/kirjailijanpaivakirja\/aaneen\/","og_locale":"fi_FI","og_type":"article","og_title":"\u00c4\u00e4neen - Kirjailijan p\u00e4iv\u00e4kirja","og_description":"Testasin romaanin viimeisell\u00e4 editointikierroksella itselleni uutta keinoa: luin k\u00e4sikirjoituksen \u00e4\u00e4neen. Ajatuksen ty\u00f6muotoon sain viime viikon torstaina, jolloin luin yleis\u00f6lle pari otetta viimeistelyn alla olleesta k\u00e4sikirjoituksesta Kirjakrooli-tapahtumassa. \u00c4\u00e4neen lukiessani huomasin haluavani editoida teksti\u00e4 &hellip;","og_url":"https:\/\/suomenkuvalehti.fi\/kirjailijanpaivakirja\/aaneen\/","og_site_name":"Kirjailijan p\u00e4iv\u00e4kirja","article_published_time":"2015-06-10T07:05:23+00:00","og_image":[{"width":2560,"height":1706,"url":"https:\/\/suomenkuvalehti.fi\/kirjailijanpaivakirja\/wp-content\/uploads\/sites\/21\/2022\/04\/hamalainen_karo06-1-scaled.jpg","type":"image\/jpeg"}],"author":"Karo H\u00e4m\u00e4l\u00e4inen","twitter_card":"summary_large_image","twitter_misc":{"Written by":"Karo H\u00e4m\u00e4l\u00e4inen","Est. reading time":"1 minuutti"},"schema":{"@context":"https:\/\/schema.org","@graph":[{"@type":"WebPage","@id":"https:\/\/suomenkuvalehti.fi\/kirjailijanpaivakirja\/aaneen\/","url":"https:\/\/suomenkuvalehti.fi\/kirjailijanpaivakirja\/aaneen\/","name":"\u00c4\u00e4neen - Kirjailijan p\u00e4iv\u00e4kirja","isPartOf":{"@id":"https:\/\/suomenkuvalehti.fi\/kirjailijanpaivakirja\/#website"},"datePublished":"2015-06-10T07:05:23+00:00","author":{"@id":"https:\/\/suomenkuvalehti.fi\/kirjailijanpaivakirja\/#\/schema\/person\/ca2dfd9d508d8c675e07b3c099fc789b"},"breadcrumb":{"@id":"https:\/\/suomenkuvalehti.fi\/kirjailijanpaivakirja\/aaneen\/#breadcrumb"},"inLanguage":"fi","potentialAction":[{"@type":"ReadAction","target":["https:\/\/suomenkuvalehti.fi\/kirjailijanpaivakirja\/aaneen\/"]}]},{"@type":"BreadcrumbList","@id":"https:\/\/suomenkuvalehti.fi\/kirjailijanpaivakirja\/aaneen\/#breadcrumb","itemListElement":[{"@type":"ListItem","position":1,"name":"Home","item":"https:\/\/suomenkuvalehti.fi\/kirjailijanpaivakirja\/"},{"@type":"ListItem","position":2,"name":"\u00c4\u00e4neen"}]},{"@type":"WebSite","@id":"https:\/\/suomenkuvalehti.fi\/kirjailijanpaivakirja\/#website","url":"https:\/\/suomenkuvalehti.fi\/kirjailijanpaivakirja\/","name":"Kirjailijan p\u00e4iv\u00e4kirja","description":"Proosakirjailijan arkea ja kirjallisuuden ajankohtaisia aiheita.","potentialAction":[{"@type":"SearchAction","target":{"@type":"EntryPoint","urlTemplate":"https:\/\/suomenkuvalehti.fi\/haku\/?q={search_term_string}"},"query-input":{"@type":"PropertyValueSpecification","valueRequired":true,"valueName":"search_term_string"}}],"inLanguage":"fi"},{"@type":"Person","@id":"https:\/\/suomenkuvalehti.fi\/kirjailijanpaivakirja\/#\/schema\/person\/ca2dfd9d508d8c675e07b3c099fc789b","name":"Karo H\u00e4m\u00e4l\u00e4inen","image":{"@type":"ImageObject","inLanguage":"fi","@id":"https:\/\/suomenkuvalehti.fi\/kirjailijanpaivakirja\/#\/schema\/person\/image\/","url":"https:\/\/suomenkuvalehti.fi\/kirjailijanpaivakirja\/wp-content\/uploads\/sites\/21\/2022\/04\/hamalainen_karo06-1-150x150.jpg","contentUrl":"https:\/\/suomenkuvalehti.fi\/kirjailijanpaivakirja\/wp-content\/uploads\/sites\/21\/2022\/04\/hamalainen_karo06-1-150x150.jpg","caption":"Karo H\u00e4m\u00e4l\u00e4inen"},"description":"Karo H\u00e4m\u00e4l\u00e4inen on kirjailija ja talouteen erikoistunut vapaa toimittaja."}]}},"_links":{"self":[{"href":"https:\/\/suomenkuvalehti.fi\/kirjailijanpaivakirja\/wp-json\/wp\/v2\/posts\/370","targetHints":{"allow":["GET"]}}],"collection":[{"href":"https:\/\/suomenkuvalehti.fi\/kirjailijanpaivakirja\/wp-json\/wp\/v2\/posts"}],"about":[{"href":"https:\/\/suomenkuvalehti.fi\/kirjailijanpaivakirja\/wp-json\/wp\/v2\/types\/post"}],"author":[{"embeddable":true,"href":"https:\/\/suomenkuvalehti.fi\/kirjailijanpaivakirja\/wp-json\/wp\/v2\/users\/129"}],"replies":[{"embeddable":true,"href":"https:\/\/suomenkuvalehti.fi\/kirjailijanpaivakirja\/wp-json\/wp\/v2\/comments?post=370"}],"version-history":[{"count":1,"href":"https:\/\/suomenkuvalehti.fi\/kirjailijanpaivakirja\/wp-json\/wp\/v2\/posts\/370\/revisions"}],"predecessor-version":[{"id":371,"href":"https:\/\/suomenkuvalehti.fi\/kirjailijanpaivakirja\/wp-json\/wp\/v2\/posts\/370\/revisions\/371"}],"wp:attachment":[{"href":"https:\/\/suomenkuvalehti.fi\/kirjailijanpaivakirja\/wp-json\/wp\/v2\/media?parent=370"}],"wp:term":[{"taxonomy":"category","embeddable":true,"href":"https:\/\/suomenkuvalehti.fi\/kirjailijanpaivakirja\/wp-json\/wp\/v2\/categories?post=370"},{"taxonomy":"post_tag","embeddable":true,"href":"https:\/\/suomenkuvalehti.fi\/kirjailijanpaivakirja\/wp-json\/wp\/v2\/tags?post=370"}],"curies":[{"name":"wp","href":"https:\/\/api.w.org\/{rel}","templated":true}]}}