{"id":368,"date":"2015-06-03T11:42:25","date_gmt":"2015-06-03T08:42:25","guid":{"rendered":"https:\/\/suomenkuvalehti.fi\/kirjailijanpaivakirja\/?p=368"},"modified":"2015-06-03T11:43:32","modified_gmt":"2015-06-03T08:43:32","slug":"kroolaamaan-mannerheimin-kanssa","status":"publish","type":"post","link":"https:\/\/suomenkuvalehti.fi\/kirjailijanpaivakirja\/kroolaamaan-mannerheimin-kanssa\/","title":{"rendered":"Kroolaamaan Mannerheimin kanssa?"},"content":{"rendered":"\n<p>Puolustusvoimain lippujuhlap\u00e4iv\u00e4n\u00e4 4. kes\u00e4kuuta Helsingiss\u00e4 j\u00e4rjestet\u00e4\u00e4n toista kertaa Kirjakrooli-tapahtuma, jossa yli 70 kirjailijaa lukee teoksiaan Helsingin keskustassa. Tenttasin tapahtuman Suomeen tuoneelta kirjailija Markus Leikolalta, mist\u00e4 tapahtumassa on kyse.<\/p>\n\n\n\n<p><strong>Kirjakrooli on varastettu idea. Mist\u00e4 sen varastit, Kirjakroolin Suomeen tuonut kirjailija ja Helsingin kirjailijoiden puheenjohtaja Markus Leikola?<\/strong><\/p>\n\n\n\n<p>\u201dEi sent\u00e4\u00e4n varastettu, eik\u00e4 edes lainattu hyv\u00e4n tavaan sallimassa laajuudessa, vaan luvan ja lisenssin kanssa Litquake Foundationilta. Se j\u00e4rjesti ensimm\u00e4isen LitCrawlin San Franciscossa vuosituhannen vaihteessa. Viime syksyn\u00e4 olin paikan p\u00e4\u00e4ll\u00e4, kun Missionin kaupunginosan valtasi 600 kirjailijaa: jalkautumisen tapahtumapaikkoina olivat kapakoiden lis\u00e4ksi mm. poliisiasema, parturi ja erotiikkakauppa. Helsinki on Lontoon j\u00e4lkeen toinen eurooppalainen kroolauskaupunki, mist\u00e4 olemme v\u00e4h\u00e4n ylpeit\u00e4kin.\u201d<\/p>\n\n\n\n<p><strong>Kirjailijat etup\u00e4\u00e4ss\u00e4 lukevat omia tekstej\u00e4\u00e4n. Tavoitellaanko t\u00e4ll\u00e4 samaa ilmi\u00f6t\u00e4 kuin ett\u00e4 kapakassa p\u00f6yt\u00e4\u00e4n istuu tarinoija, joka haluaa kertoa el\u00e4m\u00e4ntarinansa, joka jatkuu ja jatkuu ja jatkuu?<\/strong><\/p>\n\n\n\n<p>\u201dOnneksi kirjailijat kirjoittavat muutakin kuin oman el\u00e4m\u00e4ns\u00e4 tarinaa! Tavoitteena on yksinkertaisesti saattaa kirjailijat ja heid\u00e4n yleis\u00f6ns\u00e4 yhteen. Kysynt\u00e4\u00e4 tuntuu olevan kummallakin puolella. Vaikka kirjallisuustapahtumia on tullut aiempaa enemm\u00e4n, Kirjakrooli on ainoa, joka on ilmainen ja kattaa kaikki genret ja joista voi l\u00f6yt\u00e4\u00e4 sek\u00e4 uutuuskirjailijat ett\u00e4 vanhempia suosikkeja.\u201d\n<strong>T\u00e4n\u00e4 vuonna mukana on my\u00f6s pari kustantamoiden kirjakauppaa ja Rikhardinkadun kirjasto. Saako niist\u00e4 ostaa olutta? Saako kapakoista ostaa kirjoja?<\/strong><\/p>\n\n\n\n<p>\u201dLains\u00e4\u00e4d\u00e4nt\u00f6 s\u00e4\u00e4telee edellist\u00e4 ja kirjailijoiden aktiivisuus j\u00e4lkimm\u00e4ist\u00e4.\u201d<\/p>\n\n\n\n<p><strong>Luulisi, ett\u00e4 t\u00e4llainen tapahtuma olisi ravintoloille mainio tapa nostaa profiiliaan kirjallisuuspaikkoina. Onko yhteisty\u00f6kumppaneiden l\u00f6yt\u00e4minen ollut kuitenkin vaikeaa, kun tapahtumaa on laajennettu perinteisempiin kirjapaikkoihin?<\/strong><\/p>\n\n\n\n<p>\u201dRavintoloille tuskin on helpompaa tapaa nostaa profiiliaan. Olemme kuitenkin halunneet kokeilla monenlaisia paikkoja ja katsoa mit\u00e4 tapahtuu.\u201d<\/p>\n\n\n\n<p><strong>Millaisen kirjallisuustapahtuman haluaisit j\u00e4rjest\u00e4\u00e4, jos raha ei olisi rajoite?<\/strong><\/p>\n\n\n\n<p>\u201dSellaisen jossa Hemingway, T\u0161ehov, Kafka ja Tove Jansson v\u00e4ittelisiv\u00e4t kirjallisuudesta cup-menetelm\u00e4ll\u00e4. Yleis\u00f6 huuto\u00e4\u00e4nest\u00e4isi jatkoonmenij\u00e4n. Jos siis muitakaan rajoitteita ei olisi. Vakavasti puhuttuna: Helsingin ja Turun kirjamessut, Vanhan kirjallisuuden p\u00e4iv\u00e4t, Helsinki Lit ja Kirjakrooli alkavat muodostaa yhdess\u00e4 melko hienon voileip\u00e4p\u00f6yd\u00e4n toisiaan t\u00e4ydent\u00e4v\u00e4\u00e4 monipuolista tarjontaa. Parhaat debatit k\u00e4yd\u00e4\u00e4n varmaan silti edelleen kotibileiss\u00e4 punkkulasi kourassa puoleny\u00f6n j\u00e4lkeen keitti\u00f6iss\u00e4.\u201d<\/p>\n\n\n\n<p><strong>Maailmanhistorian toinen Lit Crawl Helsinki j\u00e4rjestet\u00e4\u00e4n C. G. E. Mannerheimin 148-vuotissyntym\u00e4p\u00e4iv\u00e4n\u00e4. Jos saisit toimia illan ajan marskin adjutanttina, minne h\u00e4net veisit ja kuinka arvelisit h\u00e4nen reagoivan?<\/strong><\/p>\n\n\n\n<p>\u201dRavintola Coqiin keittokirjailijoita kuulemaan, inspiraation vuoksi, siit\u00e4 Helsingin rakennusviraston asiakaspalvelupisteeseen, jossa h\u00e4n voisi verrata fantasiakirjailijoiden maailmoja omiin Aasian-kokemuksiinsa ja sitten Helsinki Contemporaryyn nauttimaan runoilijoista. Sen j\u00e4lkeen menisimme Savoyn terassille nostelemaan maljoja ja purkamaan p\u00e4iv\u00e4n kokemuksia. Marsalkka sanoisi, ett\u00e4 \u2019Helsingfors on tullut kovin t\u00e4ynn\u00e4 lefvnadsv\u00e4rda upplefvelse.\u2019\u201d<\/p>\n\n\n\n<p>&nbsp;<\/p>\n\n\n","protected":false},"excerpt":{"rendered":"<p>Puolustusvoimain lippujuhlap\u00e4iv\u00e4n\u00e4 4. kes\u00e4kuuta Helsingiss\u00e4 j\u00e4rjestet\u00e4\u00e4n toista kertaa Kirjakrooli-tapahtuma, jossa yli 70 kirjailijaa lukee teoksiaan Helsingin keskustassa. Tenttasin tapahtuman Suomeen tuoneelta kirjailija Markus Leikolalta, mist\u00e4 tapahtumassa on kyse. Kirjakrooli on<br \/>\nvarastet&hellip;<\/p>\n","protected":false},"author":129,"featured_media":0,"comment_status":"open","ping_status":"open","sticky":false,"template":"","format":"standard","meta":{"_acf_changed":false,"asauth_required_access_level":3,"asauth_cansharepaid":"true","om_header_attributes":[],"footnotes":"","om_featured_image_focal_point":[],"om_primary_tag":0,"om_contributors":[],"om_co_authors":[],"beyondwords_generate_audio":"","beyondwords_project_id":"","beyondwords_content_id":"","beyondwords_preview_token":"","beyondwords_player_content":"","beyondwords_player_style":"","beyondwords_language_code":"","beyondwords_language_id":"","beyondwords_title_voice_id":"","beyondwords_body_voice_id":"","beyondwords_summary_voice_id":"","beyondwords_error_message":"","beyondwords_disabled":"","beyondwords_delete_content":"","beyondwords_podcast_id":"","beyondwords_hash":"","publish_post_to_speechkit":"","speechkit_hash":"","speechkit_generate_audio":"","speechkit_project_id":"","speechkit_podcast_id":"","speechkit_error_message":"","speechkit_disabled":"","speechkit_access_key":"","speechkit_error":"","speechkit_info":"","speechkit_response":"","speechkit_retries":"","speechkit_status":"","speechkit_updated_at":"","_speechkit_link":"","_speechkit_text":""},"categories":[1],"tags":[76,135,299,428],"class_list":["post-368","post","type-post","status-publish","format-standard","hentry","category-kirjailijan-paivakirja","tag-helsinki","tag-kirjakrooli","tag-luenta","tag-markus-leikola"],"om_views":null,"acf":{"tuuma_off":false,"tuuma_kysymys":"","tuuma_vastaus":""},"asauth":{"required_access_level":1,"share_token":"","is_paid":false},"yoast_head":"<!-- This site is optimized with the Yoast SEO plugin v26.4 - https:\/\/yoast.com\/wordpress\/plugins\/seo\/ -->\n<title>Kroolaamaan Mannerheimin kanssa? - Kirjailijan p\u00e4iv\u00e4kirja<\/title>\n<meta name=\"robots\" content=\"index, follow, max-snippet:-1, max-image-preview:large, max-video-preview:-1\" \/>\n<link rel=\"canonical\" href=\"https:\/\/suomenkuvalehti.fi\/kirjailijanpaivakirja\/kroolaamaan-mannerheimin-kanssa\/\" \/>\n<meta property=\"og:locale\" content=\"fi_FI\" \/>\n<meta property=\"og:type\" content=\"article\" \/>\n<meta property=\"og:title\" content=\"Kroolaamaan Mannerheimin kanssa? - Kirjailijan p\u00e4iv\u00e4kirja\" \/>\n<meta property=\"og:description\" content=\"Puolustusvoimain lippujuhlap\u00e4iv\u00e4n\u00e4 4. kes\u00e4kuuta Helsingiss\u00e4 j\u00e4rjestet\u00e4\u00e4n toista kertaa Kirjakrooli-tapahtuma, jossa yli 70 kirjailijaa lukee teoksiaan Helsingin keskustassa. Tenttasin tapahtuman Suomeen tuoneelta kirjailija Markus Leikolalta, mist\u00e4 tapahtumassa on kyse. Kirjakrooli on varastet&hellip;\" \/>\n<meta property=\"og:url\" content=\"https:\/\/suomenkuvalehti.fi\/kirjailijanpaivakirja\/kroolaamaan-mannerheimin-kanssa\/\" \/>\n<meta property=\"og:site_name\" content=\"Kirjailijan p\u00e4iv\u00e4kirja\" \/>\n<meta property=\"article:published_time\" content=\"2015-06-03T08:42:25+00:00\" \/>\n<meta property=\"article:modified_time\" content=\"2015-06-03T08:43:32+00:00\" \/>\n<meta property=\"og:image\" content=\"https:\/\/suomenkuvalehti.fi\/kirjailijanpaivakirja\/wp-content\/uploads\/sites\/21\/2022\/04\/hamalainen_karo06-1-scaled.jpg\" \/>\n\t<meta property=\"og:image:width\" content=\"2560\" \/>\n\t<meta property=\"og:image:height\" content=\"1706\" \/>\n\t<meta property=\"og:image:type\" content=\"image\/jpeg\" \/>\n<meta name=\"author\" content=\"Karo H\u00e4m\u00e4l\u00e4inen\" \/>\n<meta name=\"twitter:card\" content=\"summary_large_image\" \/>\n<meta name=\"twitter:label1\" content=\"Written by\" \/>\n\t<meta name=\"twitter:data1\" content=\"Karo H\u00e4m\u00e4l\u00e4inen\" \/>\n\t<meta name=\"twitter:label2\" content=\"Est. reading time\" \/>\n\t<meta name=\"twitter:data2\" content=\"2 minuuttia\" \/>\n<script type=\"application\/ld+json\" class=\"yoast-schema-graph\">{\"@context\":\"https:\/\/schema.org\",\"@graph\":[{\"@type\":\"WebPage\",\"@id\":\"https:\/\/suomenkuvalehti.fi\/kirjailijanpaivakirja\/kroolaamaan-mannerheimin-kanssa\/\",\"url\":\"https:\/\/suomenkuvalehti.fi\/kirjailijanpaivakirja\/kroolaamaan-mannerheimin-kanssa\/\",\"name\":\"Kroolaamaan Mannerheimin kanssa? - Kirjailijan p\u00e4iv\u00e4kirja\",\"isPartOf\":{\"@id\":\"https:\/\/suomenkuvalehti.fi\/kirjailijanpaivakirja\/#website\"},\"datePublished\":\"2015-06-03T08:42:25+00:00\",\"dateModified\":\"2015-06-03T08:43:32+00:00\",\"author\":{\"@id\":\"https:\/\/suomenkuvalehti.fi\/kirjailijanpaivakirja\/#\/schema\/person\/ca2dfd9d508d8c675e07b3c099fc789b\"},\"breadcrumb\":{\"@id\":\"https:\/\/suomenkuvalehti.fi\/kirjailijanpaivakirja\/kroolaamaan-mannerheimin-kanssa\/#breadcrumb\"},\"inLanguage\":\"fi\",\"potentialAction\":[{\"@type\":\"ReadAction\",\"target\":[\"https:\/\/suomenkuvalehti.fi\/kirjailijanpaivakirja\/kroolaamaan-mannerheimin-kanssa\/\"]}]},{\"@type\":\"BreadcrumbList\",\"@id\":\"https:\/\/suomenkuvalehti.fi\/kirjailijanpaivakirja\/kroolaamaan-mannerheimin-kanssa\/#breadcrumb\",\"itemListElement\":[{\"@type\":\"ListItem\",\"position\":1,\"name\":\"Home\",\"item\":\"https:\/\/suomenkuvalehti.fi\/kirjailijanpaivakirja\/\"},{\"@type\":\"ListItem\",\"position\":2,\"name\":\"Kroolaamaan Mannerheimin kanssa?\"}]},{\"@type\":\"WebSite\",\"@id\":\"https:\/\/suomenkuvalehti.fi\/kirjailijanpaivakirja\/#website\",\"url\":\"https:\/\/suomenkuvalehti.fi\/kirjailijanpaivakirja\/\",\"name\":\"Kirjailijan p\u00e4iv\u00e4kirja\",\"description\":\"Proosakirjailijan arkea ja kirjallisuuden ajankohtaisia aiheita.\",\"potentialAction\":[{\"@type\":\"SearchAction\",\"target\":{\"@type\":\"EntryPoint\",\"urlTemplate\":\"https:\/\/suomenkuvalehti.fi\/haku\/?q={search_term_string}\"},\"query-input\":{\"@type\":\"PropertyValueSpecification\",\"valueRequired\":true,\"valueName\":\"search_term_string\"}}],\"inLanguage\":\"fi\"},{\"@type\":\"Person\",\"@id\":\"https:\/\/suomenkuvalehti.fi\/kirjailijanpaivakirja\/#\/schema\/person\/ca2dfd9d508d8c675e07b3c099fc789b\",\"name\":\"Karo H\u00e4m\u00e4l\u00e4inen\",\"image\":{\"@type\":\"ImageObject\",\"inLanguage\":\"fi\",\"@id\":\"https:\/\/suomenkuvalehti.fi\/kirjailijanpaivakirja\/#\/schema\/person\/image\/\",\"url\":\"https:\/\/suomenkuvalehti.fi\/kirjailijanpaivakirja\/wp-content\/uploads\/sites\/21\/2022\/04\/hamalainen_karo06-1-150x150.jpg\",\"contentUrl\":\"https:\/\/suomenkuvalehti.fi\/kirjailijanpaivakirja\/wp-content\/uploads\/sites\/21\/2022\/04\/hamalainen_karo06-1-150x150.jpg\",\"caption\":\"Karo H\u00e4m\u00e4l\u00e4inen\"},\"description\":\"Karo H\u00e4m\u00e4l\u00e4inen on kirjailija ja talouteen erikoistunut vapaa toimittaja.\"}]}<\/script>\n<!-- \/ Yoast SEO plugin. -->","yoast_head_json":{"title":"Kroolaamaan Mannerheimin kanssa? - Kirjailijan p\u00e4iv\u00e4kirja","robots":{"index":"index","follow":"follow","max-snippet":"max-snippet:-1","max-image-preview":"max-image-preview:large","max-video-preview":"max-video-preview:-1"},"canonical":"https:\/\/suomenkuvalehti.fi\/kirjailijanpaivakirja\/kroolaamaan-mannerheimin-kanssa\/","og_locale":"fi_FI","og_type":"article","og_title":"Kroolaamaan Mannerheimin kanssa? - Kirjailijan p\u00e4iv\u00e4kirja","og_description":"Puolustusvoimain lippujuhlap\u00e4iv\u00e4n\u00e4 4. kes\u00e4kuuta Helsingiss\u00e4 j\u00e4rjestet\u00e4\u00e4n toista kertaa Kirjakrooli-tapahtuma, jossa yli 70 kirjailijaa lukee teoksiaan Helsingin keskustassa. Tenttasin tapahtuman Suomeen tuoneelta kirjailija Markus Leikolalta, mist\u00e4 tapahtumassa on kyse. Kirjakrooli on varastet&hellip;","og_url":"https:\/\/suomenkuvalehti.fi\/kirjailijanpaivakirja\/kroolaamaan-mannerheimin-kanssa\/","og_site_name":"Kirjailijan p\u00e4iv\u00e4kirja","article_published_time":"2015-06-03T08:42:25+00:00","article_modified_time":"2015-06-03T08:43:32+00:00","og_image":[{"width":2560,"height":1706,"url":"https:\/\/suomenkuvalehti.fi\/kirjailijanpaivakirja\/wp-content\/uploads\/sites\/21\/2022\/04\/hamalainen_karo06-1-scaled.jpg","type":"image\/jpeg"}],"author":"Karo H\u00e4m\u00e4l\u00e4inen","twitter_card":"summary_large_image","twitter_misc":{"Written by":"Karo H\u00e4m\u00e4l\u00e4inen","Est. reading time":"2 minuuttia"},"schema":{"@context":"https:\/\/schema.org","@graph":[{"@type":"WebPage","@id":"https:\/\/suomenkuvalehti.fi\/kirjailijanpaivakirja\/kroolaamaan-mannerheimin-kanssa\/","url":"https:\/\/suomenkuvalehti.fi\/kirjailijanpaivakirja\/kroolaamaan-mannerheimin-kanssa\/","name":"Kroolaamaan Mannerheimin kanssa? - Kirjailijan p\u00e4iv\u00e4kirja","isPartOf":{"@id":"https:\/\/suomenkuvalehti.fi\/kirjailijanpaivakirja\/#website"},"datePublished":"2015-06-03T08:42:25+00:00","dateModified":"2015-06-03T08:43:32+00:00","author":{"@id":"https:\/\/suomenkuvalehti.fi\/kirjailijanpaivakirja\/#\/schema\/person\/ca2dfd9d508d8c675e07b3c099fc789b"},"breadcrumb":{"@id":"https:\/\/suomenkuvalehti.fi\/kirjailijanpaivakirja\/kroolaamaan-mannerheimin-kanssa\/#breadcrumb"},"inLanguage":"fi","potentialAction":[{"@type":"ReadAction","target":["https:\/\/suomenkuvalehti.fi\/kirjailijanpaivakirja\/kroolaamaan-mannerheimin-kanssa\/"]}]},{"@type":"BreadcrumbList","@id":"https:\/\/suomenkuvalehti.fi\/kirjailijanpaivakirja\/kroolaamaan-mannerheimin-kanssa\/#breadcrumb","itemListElement":[{"@type":"ListItem","position":1,"name":"Home","item":"https:\/\/suomenkuvalehti.fi\/kirjailijanpaivakirja\/"},{"@type":"ListItem","position":2,"name":"Kroolaamaan Mannerheimin kanssa?"}]},{"@type":"WebSite","@id":"https:\/\/suomenkuvalehti.fi\/kirjailijanpaivakirja\/#website","url":"https:\/\/suomenkuvalehti.fi\/kirjailijanpaivakirja\/","name":"Kirjailijan p\u00e4iv\u00e4kirja","description":"Proosakirjailijan arkea ja kirjallisuuden ajankohtaisia aiheita.","potentialAction":[{"@type":"SearchAction","target":{"@type":"EntryPoint","urlTemplate":"https:\/\/suomenkuvalehti.fi\/haku\/?q={search_term_string}"},"query-input":{"@type":"PropertyValueSpecification","valueRequired":true,"valueName":"search_term_string"}}],"inLanguage":"fi"},{"@type":"Person","@id":"https:\/\/suomenkuvalehti.fi\/kirjailijanpaivakirja\/#\/schema\/person\/ca2dfd9d508d8c675e07b3c099fc789b","name":"Karo H\u00e4m\u00e4l\u00e4inen","image":{"@type":"ImageObject","inLanguage":"fi","@id":"https:\/\/suomenkuvalehti.fi\/kirjailijanpaivakirja\/#\/schema\/person\/image\/","url":"https:\/\/suomenkuvalehti.fi\/kirjailijanpaivakirja\/wp-content\/uploads\/sites\/21\/2022\/04\/hamalainen_karo06-1-150x150.jpg","contentUrl":"https:\/\/suomenkuvalehti.fi\/kirjailijanpaivakirja\/wp-content\/uploads\/sites\/21\/2022\/04\/hamalainen_karo06-1-150x150.jpg","caption":"Karo H\u00e4m\u00e4l\u00e4inen"},"description":"Karo H\u00e4m\u00e4l\u00e4inen on kirjailija ja talouteen erikoistunut vapaa toimittaja."}]}},"_links":{"self":[{"href":"https:\/\/suomenkuvalehti.fi\/kirjailijanpaivakirja\/wp-json\/wp\/v2\/posts\/368","targetHints":{"allow":["GET"]}}],"collection":[{"href":"https:\/\/suomenkuvalehti.fi\/kirjailijanpaivakirja\/wp-json\/wp\/v2\/posts"}],"about":[{"href":"https:\/\/suomenkuvalehti.fi\/kirjailijanpaivakirja\/wp-json\/wp\/v2\/types\/post"}],"author":[{"embeddable":true,"href":"https:\/\/suomenkuvalehti.fi\/kirjailijanpaivakirja\/wp-json\/wp\/v2\/users\/129"}],"replies":[{"embeddable":true,"href":"https:\/\/suomenkuvalehti.fi\/kirjailijanpaivakirja\/wp-json\/wp\/v2\/comments?post=368"}],"version-history":[{"count":1,"href":"https:\/\/suomenkuvalehti.fi\/kirjailijanpaivakirja\/wp-json\/wp\/v2\/posts\/368\/revisions"}],"predecessor-version":[{"id":369,"href":"https:\/\/suomenkuvalehti.fi\/kirjailijanpaivakirja\/wp-json\/wp\/v2\/posts\/368\/revisions\/369"}],"wp:attachment":[{"href":"https:\/\/suomenkuvalehti.fi\/kirjailijanpaivakirja\/wp-json\/wp\/v2\/media?parent=368"}],"wp:term":[{"taxonomy":"category","embeddable":true,"href":"https:\/\/suomenkuvalehti.fi\/kirjailijanpaivakirja\/wp-json\/wp\/v2\/categories?post=368"},{"taxonomy":"post_tag","embeddable":true,"href":"https:\/\/suomenkuvalehti.fi\/kirjailijanpaivakirja\/wp-json\/wp\/v2\/tags?post=368"}],"curies":[{"name":"wp","href":"https:\/\/api.w.org\/{rel}","templated":true}]}}