{"id":343,"date":"2015-04-23T17:32:26","date_gmt":"2015-04-23T14:32:26","guid":{"rendered":"https:\/\/suomenkuvalehti.fi\/kirjailijanpaivakirja\/?p=343"},"modified":"2015-04-23T17:32:26","modified_gmt":"2015-04-23T14:32:26","slug":"emilia-laine-voitti-pikku-finlandian","status":"publish","type":"post","link":"https:\/\/suomenkuvalehti.fi\/kirjailijanpaivakirja\/emilia-laine-voitti-pikku-finlandian\/","title":{"rendered":"Emilia Laine voitti Pikku-Finlandian"},"content":{"rendered":"\n<p>Lukiolaisten Pikku-Finlandia-kirjallisuusesseekilpailun on t\u00e4n\u00e4 vuonna voittanut Helsingin Suomalaisessa Yhteiskoulussa opiskeleva Emilia Laine. H\u00e4nen esseens\u00e4 \u201dAhdasmielisyyden murtamat mielet\u201d k\u00e4sittelee Tommi Kinnusen viime vuonna ilmestynytt\u00e4 romaania Nelj\u00e4ntienristeys.<\/p>\n\n\n\n<p>Olin mukana voittajaesseen valinneessa raadissa. Oli j\u00e4lleen ilo lukea lukiolaisten taitavia tulkintoja kirjallisuudesta.<\/p>\n\n\n\n<p>Kymmenen loppukilpailuun p\u00e4\u00e4sseen esseen joukosta voittajan valinnut raatimme&nbsp;kehui esseet\u00e4 luontevasta, hyvin etenev\u00e4st\u00e4 ilmaisusta. Siirtym\u00e4t teoksen maailmasta sen pohdintaan ovat vaivattomia.&nbsp;Essee antaa selv\u00e4n kuvan teoksesta ja my\u00f6s sen kaunokirjallisista ansioista, kuten rakenteesta, sek\u00e4 siit\u00e4, miksi teos on saanut niin suuren suosion<\/p>\n\n\n\n<p>\u201dViime vuosina suosittuja ovat olleet kahden teoksen vertailut jostakin teospariin soveltuvasta n\u00e4k\u00f6kulmasta. T\u00e4n\u00e4 vuonna vertailuasetelman sis\u00e4lt\u00e4vi\u00e4 loppukilpailut\u00f6it\u00e4 oli vain yksi \u2013 kaikissa muissa teksteiss\u00e4 pureuduttiin yhteen teokseen, tosin vertailukohtaa ajatuksille ja tulkinnoille haettiin esimerkiksi historian tapahtumista, viimeaikaisista uutisista tai vaikkapa tietokirjallisuudesta\u201d, \u00c4idinkielen opettajain liiton puheenjohtaja Sari Hyyti\u00e4inen kertoo.<\/p>\n\n\n\n<p>\u201dEhk\u00e4p\u00e4 se, ett\u00e4 esseet keskittyiv\u00e4t tulkitsemaan ja pohtimaan vain yht\u00e4 teosta tarkasti ja syv\u00e4llisesti, oli my\u00f6s esseiden eheyden salaisuus. Kirjallisuusesseen tekstilajiakin onnistuttiin loppukilpailuun p\u00e4\u00e4sseiss\u00e4 t\u00f6iss\u00e4 kiinnostavasti venytt\u00e4m\u00e4\u00e4n. Er\u00e4s teksti oli jo pitk\u00e4lle viety narratologinen tutkielma, ja toisessa peilattiin n\u00e4ytelm\u00e4n p\u00e4\u00e4henkil\u00f6n luonteenpiirteit\u00e4 henkil\u00f6\u00e4 teatterin lavalla esitt\u00e4neiden n\u00e4kemyksiin roolistaan\u201d, h\u00e4n jatkaa.<\/p>\n\n\n\n<p>Pikku-Finlandian vuoden 2015 voittaja palkittiin t\u00e4n\u00e4\u00e4n Helsingin Akateemisen kirjakaupan Kohtaamispaikalla. H\u00e4n sai Suomen Kirjas\u00e4\u00e4ti\u00f6n rahoittaman 800 euron shekin, viime vuoden Finlandia-ehdokaskirjat (niiden joukossa Kinnusen Nelj\u00e4ntienristeys!) ja <em>Parnasson<\/em> vuosikerran.<\/p>\n\n\n","protected":false},"excerpt":{"rendered":"<p>Lukiolaisten Pikku-Finlandia-kirjallisuusesseekilpailun on t\u00e4n\u00e4 vuonna voittanut Helsingin Suomalaisessa Yhteiskoulussa opiskeleva Emilia Laine. H\u00e4nen esseens\u00e4 \u201dAhdasmielisyyden murtamat mielet\u201d k\u00e4sittelee Tommi Kinnusen viime vuonna ilmestynytt\u00e4 romaania Nelj\u00e4ntienristeys. Olin<br \/>\nmukana voi&hellip;<\/p>\n","protected":false},"author":129,"featured_media":0,"comment_status":"open","ping_status":"open","sticky":false,"template":"","format":"standard","meta":{"_acf_changed":false,"asauth_required_access_level":3,"asauth_cansharepaid":"true","om_header_attributes":[],"footnotes":"","om_featured_image_focal_point":[],"om_primary_tag":0,"om_contributors":[],"om_co_authors":[],"beyondwords_generate_audio":"","beyondwords_project_id":"","beyondwords_content_id":"","beyondwords_preview_token":"","beyondwords_player_content":"","beyondwords_player_style":"","beyondwords_language_code":"","beyondwords_language_id":"","beyondwords_title_voice_id":"","beyondwords_body_voice_id":"","beyondwords_summary_voice_id":"","beyondwords_error_message":"","beyondwords_disabled":"","beyondwords_delete_content":"","beyondwords_podcast_id":"","beyondwords_hash":"","publish_post_to_speechkit":"","speechkit_hash":"","speechkit_generate_audio":"","speechkit_project_id":"","speechkit_podcast_id":"","speechkit_error_message":"","speechkit_disabled":"","speechkit_access_key":"","speechkit_error":"","speechkit_info":"","speechkit_response":"","speechkit_retries":"","speechkit_status":"","speechkit_updated_at":"","_speechkit_link":"","_speechkit_text":""},"categories":[1],"tags":[399,400,402,89,398,401,322,88],"class_list":["post-343","post","type-post","status-publish","format-standard","hentry","category-kirjailijan-paivakirja","tag-aidinkielenopettajain-liitto","tag-emilia-laine","tag-essee","tag-neljantienristeys","tag-pikku-finlandia","tag-sari-hyytiainen","tag-suomen-kirjasaatio","tag-tommi-kinnunen"],"om_views":null,"acf":{"tuuma_off":false,"tuuma_kysymys":"","tuuma_vastaus":""},"asauth":{"required_access_level":1,"share_token":"","is_paid":false},"yoast_head":"<!-- This site is optimized with the Yoast SEO plugin v26.4 - https:\/\/yoast.com\/wordpress\/plugins\/seo\/ -->\n<title>Emilia Laine voitti Pikku-Finlandian - Kirjailijan p\u00e4iv\u00e4kirja<\/title>\n<meta name=\"robots\" content=\"index, follow, max-snippet:-1, max-image-preview:large, max-video-preview:-1\" \/>\n<link rel=\"canonical\" href=\"https:\/\/suomenkuvalehti.fi\/kirjailijanpaivakirja\/emilia-laine-voitti-pikku-finlandian\/\" \/>\n<meta property=\"og:locale\" content=\"fi_FI\" \/>\n<meta property=\"og:type\" content=\"article\" \/>\n<meta property=\"og:title\" content=\"Emilia Laine voitti Pikku-Finlandian - Kirjailijan p\u00e4iv\u00e4kirja\" \/>\n<meta property=\"og:description\" content=\"Lukiolaisten Pikku-Finlandia-kirjallisuusesseekilpailun on t\u00e4n\u00e4 vuonna voittanut Helsingin Suomalaisessa Yhteiskoulussa opiskeleva Emilia Laine. H\u00e4nen esseens\u00e4 \u201dAhdasmielisyyden murtamat mielet\u201d k\u00e4sittelee Tommi Kinnusen viime vuonna ilmestynytt\u00e4 romaania Nelj\u00e4ntienristeys. Olin mukana voi&hellip;\" \/>\n<meta property=\"og:url\" content=\"https:\/\/suomenkuvalehti.fi\/kirjailijanpaivakirja\/emilia-laine-voitti-pikku-finlandian\/\" \/>\n<meta property=\"og:site_name\" content=\"Kirjailijan p\u00e4iv\u00e4kirja\" \/>\n<meta property=\"article:published_time\" content=\"2015-04-23T14:32:26+00:00\" \/>\n<meta property=\"og:image\" content=\"https:\/\/suomenkuvalehti.fi\/kirjailijanpaivakirja\/wp-content\/uploads\/sites\/21\/2022\/04\/hamalainen_karo06-1-scaled.jpg\" \/>\n\t<meta property=\"og:image:width\" content=\"2560\" \/>\n\t<meta property=\"og:image:height\" content=\"1706\" \/>\n\t<meta property=\"og:image:type\" content=\"image\/jpeg\" \/>\n<meta name=\"author\" content=\"Karo H\u00e4m\u00e4l\u00e4inen\" \/>\n<meta name=\"twitter:card\" content=\"summary_large_image\" \/>\n<meta name=\"twitter:label1\" content=\"Written by\" \/>\n\t<meta name=\"twitter:data1\" content=\"Karo H\u00e4m\u00e4l\u00e4inen\" \/>\n\t<meta name=\"twitter:label2\" content=\"Est. reading time\" \/>\n\t<meta name=\"twitter:data2\" content=\"1 minuutti\" \/>\n<script type=\"application\/ld+json\" class=\"yoast-schema-graph\">{\"@context\":\"https:\/\/schema.org\",\"@graph\":[{\"@type\":\"WebPage\",\"@id\":\"https:\/\/suomenkuvalehti.fi\/kirjailijanpaivakirja\/emilia-laine-voitti-pikku-finlandian\/\",\"url\":\"https:\/\/suomenkuvalehti.fi\/kirjailijanpaivakirja\/emilia-laine-voitti-pikku-finlandian\/\",\"name\":\"Emilia Laine voitti Pikku-Finlandian - Kirjailijan p\u00e4iv\u00e4kirja\",\"isPartOf\":{\"@id\":\"https:\/\/suomenkuvalehti.fi\/kirjailijanpaivakirja\/#website\"},\"datePublished\":\"2015-04-23T14:32:26+00:00\",\"author\":{\"@id\":\"https:\/\/suomenkuvalehti.fi\/kirjailijanpaivakirja\/#\/schema\/person\/ca2dfd9d508d8c675e07b3c099fc789b\"},\"breadcrumb\":{\"@id\":\"https:\/\/suomenkuvalehti.fi\/kirjailijanpaivakirja\/emilia-laine-voitti-pikku-finlandian\/#breadcrumb\"},\"inLanguage\":\"fi\",\"potentialAction\":[{\"@type\":\"ReadAction\",\"target\":[\"https:\/\/suomenkuvalehti.fi\/kirjailijanpaivakirja\/emilia-laine-voitti-pikku-finlandian\/\"]}]},{\"@type\":\"BreadcrumbList\",\"@id\":\"https:\/\/suomenkuvalehti.fi\/kirjailijanpaivakirja\/emilia-laine-voitti-pikku-finlandian\/#breadcrumb\",\"itemListElement\":[{\"@type\":\"ListItem\",\"position\":1,\"name\":\"Home\",\"item\":\"https:\/\/suomenkuvalehti.fi\/kirjailijanpaivakirja\/\"},{\"@type\":\"ListItem\",\"position\":2,\"name\":\"Emilia Laine voitti Pikku-Finlandian\"}]},{\"@type\":\"WebSite\",\"@id\":\"https:\/\/suomenkuvalehti.fi\/kirjailijanpaivakirja\/#website\",\"url\":\"https:\/\/suomenkuvalehti.fi\/kirjailijanpaivakirja\/\",\"name\":\"Kirjailijan p\u00e4iv\u00e4kirja\",\"description\":\"Proosakirjailijan arkea ja kirjallisuuden ajankohtaisia aiheita.\",\"potentialAction\":[{\"@type\":\"SearchAction\",\"target\":{\"@type\":\"EntryPoint\",\"urlTemplate\":\"https:\/\/suomenkuvalehti.fi\/haku\/?q={search_term_string}\"},\"query-input\":{\"@type\":\"PropertyValueSpecification\",\"valueRequired\":true,\"valueName\":\"search_term_string\"}}],\"inLanguage\":\"fi\"},{\"@type\":\"Person\",\"@id\":\"https:\/\/suomenkuvalehti.fi\/kirjailijanpaivakirja\/#\/schema\/person\/ca2dfd9d508d8c675e07b3c099fc789b\",\"name\":\"Karo H\u00e4m\u00e4l\u00e4inen\",\"image\":{\"@type\":\"ImageObject\",\"inLanguage\":\"fi\",\"@id\":\"https:\/\/suomenkuvalehti.fi\/kirjailijanpaivakirja\/#\/schema\/person\/image\/\",\"url\":\"https:\/\/suomenkuvalehti.fi\/kirjailijanpaivakirja\/wp-content\/uploads\/sites\/21\/2022\/04\/hamalainen_karo06-1-150x150.jpg\",\"contentUrl\":\"https:\/\/suomenkuvalehti.fi\/kirjailijanpaivakirja\/wp-content\/uploads\/sites\/21\/2022\/04\/hamalainen_karo06-1-150x150.jpg\",\"caption\":\"Karo H\u00e4m\u00e4l\u00e4inen\"},\"description\":\"Karo H\u00e4m\u00e4l\u00e4inen on kirjailija ja talouteen erikoistunut vapaa toimittaja.\"}]}<\/script>\n<!-- \/ Yoast SEO plugin. -->","yoast_head_json":{"title":"Emilia Laine voitti Pikku-Finlandian - Kirjailijan p\u00e4iv\u00e4kirja","robots":{"index":"index","follow":"follow","max-snippet":"max-snippet:-1","max-image-preview":"max-image-preview:large","max-video-preview":"max-video-preview:-1"},"canonical":"https:\/\/suomenkuvalehti.fi\/kirjailijanpaivakirja\/emilia-laine-voitti-pikku-finlandian\/","og_locale":"fi_FI","og_type":"article","og_title":"Emilia Laine voitti Pikku-Finlandian - Kirjailijan p\u00e4iv\u00e4kirja","og_description":"Lukiolaisten Pikku-Finlandia-kirjallisuusesseekilpailun on t\u00e4n\u00e4 vuonna voittanut Helsingin Suomalaisessa Yhteiskoulussa opiskeleva Emilia Laine. H\u00e4nen esseens\u00e4 \u201dAhdasmielisyyden murtamat mielet\u201d k\u00e4sittelee Tommi Kinnusen viime vuonna ilmestynytt\u00e4 romaania Nelj\u00e4ntienristeys. Olin mukana voi&hellip;","og_url":"https:\/\/suomenkuvalehti.fi\/kirjailijanpaivakirja\/emilia-laine-voitti-pikku-finlandian\/","og_site_name":"Kirjailijan p\u00e4iv\u00e4kirja","article_published_time":"2015-04-23T14:32:26+00:00","og_image":[{"width":2560,"height":1706,"url":"https:\/\/suomenkuvalehti.fi\/kirjailijanpaivakirja\/wp-content\/uploads\/sites\/21\/2022\/04\/hamalainen_karo06-1-scaled.jpg","type":"image\/jpeg"}],"author":"Karo H\u00e4m\u00e4l\u00e4inen","twitter_card":"summary_large_image","twitter_misc":{"Written by":"Karo H\u00e4m\u00e4l\u00e4inen","Est. reading time":"1 minuutti"},"schema":{"@context":"https:\/\/schema.org","@graph":[{"@type":"WebPage","@id":"https:\/\/suomenkuvalehti.fi\/kirjailijanpaivakirja\/emilia-laine-voitti-pikku-finlandian\/","url":"https:\/\/suomenkuvalehti.fi\/kirjailijanpaivakirja\/emilia-laine-voitti-pikku-finlandian\/","name":"Emilia Laine voitti Pikku-Finlandian - Kirjailijan p\u00e4iv\u00e4kirja","isPartOf":{"@id":"https:\/\/suomenkuvalehti.fi\/kirjailijanpaivakirja\/#website"},"datePublished":"2015-04-23T14:32:26+00:00","author":{"@id":"https:\/\/suomenkuvalehti.fi\/kirjailijanpaivakirja\/#\/schema\/person\/ca2dfd9d508d8c675e07b3c099fc789b"},"breadcrumb":{"@id":"https:\/\/suomenkuvalehti.fi\/kirjailijanpaivakirja\/emilia-laine-voitti-pikku-finlandian\/#breadcrumb"},"inLanguage":"fi","potentialAction":[{"@type":"ReadAction","target":["https:\/\/suomenkuvalehti.fi\/kirjailijanpaivakirja\/emilia-laine-voitti-pikku-finlandian\/"]}]},{"@type":"BreadcrumbList","@id":"https:\/\/suomenkuvalehti.fi\/kirjailijanpaivakirja\/emilia-laine-voitti-pikku-finlandian\/#breadcrumb","itemListElement":[{"@type":"ListItem","position":1,"name":"Home","item":"https:\/\/suomenkuvalehti.fi\/kirjailijanpaivakirja\/"},{"@type":"ListItem","position":2,"name":"Emilia Laine voitti Pikku-Finlandian"}]},{"@type":"WebSite","@id":"https:\/\/suomenkuvalehti.fi\/kirjailijanpaivakirja\/#website","url":"https:\/\/suomenkuvalehti.fi\/kirjailijanpaivakirja\/","name":"Kirjailijan p\u00e4iv\u00e4kirja","description":"Proosakirjailijan arkea ja kirjallisuuden ajankohtaisia aiheita.","potentialAction":[{"@type":"SearchAction","target":{"@type":"EntryPoint","urlTemplate":"https:\/\/suomenkuvalehti.fi\/haku\/?q={search_term_string}"},"query-input":{"@type":"PropertyValueSpecification","valueRequired":true,"valueName":"search_term_string"}}],"inLanguage":"fi"},{"@type":"Person","@id":"https:\/\/suomenkuvalehti.fi\/kirjailijanpaivakirja\/#\/schema\/person\/ca2dfd9d508d8c675e07b3c099fc789b","name":"Karo H\u00e4m\u00e4l\u00e4inen","image":{"@type":"ImageObject","inLanguage":"fi","@id":"https:\/\/suomenkuvalehti.fi\/kirjailijanpaivakirja\/#\/schema\/person\/image\/","url":"https:\/\/suomenkuvalehti.fi\/kirjailijanpaivakirja\/wp-content\/uploads\/sites\/21\/2022\/04\/hamalainen_karo06-1-150x150.jpg","contentUrl":"https:\/\/suomenkuvalehti.fi\/kirjailijanpaivakirja\/wp-content\/uploads\/sites\/21\/2022\/04\/hamalainen_karo06-1-150x150.jpg","caption":"Karo H\u00e4m\u00e4l\u00e4inen"},"description":"Karo H\u00e4m\u00e4l\u00e4inen on kirjailija ja talouteen erikoistunut vapaa toimittaja."}]}},"_links":{"self":[{"href":"https:\/\/suomenkuvalehti.fi\/kirjailijanpaivakirja\/wp-json\/wp\/v2\/posts\/343","targetHints":{"allow":["GET"]}}],"collection":[{"href":"https:\/\/suomenkuvalehti.fi\/kirjailijanpaivakirja\/wp-json\/wp\/v2\/posts"}],"about":[{"href":"https:\/\/suomenkuvalehti.fi\/kirjailijanpaivakirja\/wp-json\/wp\/v2\/types\/post"}],"author":[{"embeddable":true,"href":"https:\/\/suomenkuvalehti.fi\/kirjailijanpaivakirja\/wp-json\/wp\/v2\/users\/129"}],"replies":[{"embeddable":true,"href":"https:\/\/suomenkuvalehti.fi\/kirjailijanpaivakirja\/wp-json\/wp\/v2\/comments?post=343"}],"version-history":[{"count":1,"href":"https:\/\/suomenkuvalehti.fi\/kirjailijanpaivakirja\/wp-json\/wp\/v2\/posts\/343\/revisions"}],"predecessor-version":[{"id":344,"href":"https:\/\/suomenkuvalehti.fi\/kirjailijanpaivakirja\/wp-json\/wp\/v2\/posts\/343\/revisions\/344"}],"wp:attachment":[{"href":"https:\/\/suomenkuvalehti.fi\/kirjailijanpaivakirja\/wp-json\/wp\/v2\/media?parent=343"}],"wp:term":[{"taxonomy":"category","embeddable":true,"href":"https:\/\/suomenkuvalehti.fi\/kirjailijanpaivakirja\/wp-json\/wp\/v2\/categories?post=343"},{"taxonomy":"post_tag","embeddable":true,"href":"https:\/\/suomenkuvalehti.fi\/kirjailijanpaivakirja\/wp-json\/wp\/v2\/tags?post=343"}],"curies":[{"name":"wp","href":"https:\/\/api.w.org\/{rel}","templated":true}]}}