{"id":336,"date":"2015-04-15T16:13:00","date_gmt":"2015-04-15T13:13:00","guid":{"rendered":"https:\/\/suomenkuvalehti.fi\/kirjailijanpaivakirja\/?p=336"},"modified":"2015-04-15T16:24:27","modified_gmt":"2015-04-15T13:24:27","slug":"lainauskorvauksen-takinkaantajat-vihreat-kd-ja-perussuomalaiset","status":"publish","type":"post","link":"https:\/\/suomenkuvalehti.fi\/kirjailijanpaivakirja\/lainauskorvauksen-takinkaantajat-vihreat-kd-ja-perussuomalaiset\/","title":{"rendered":"Lainauskorvauksen takink\u00e4\u00e4nt\u00e4j\u00e4t: vihre\u00e4t, kd ja perussuomalaiset"},"content":{"rendered":"\n<p>Kirjantekij\u00f6iden teosten lainoista saama korvaus nousee tulevina vuosina merkitt\u00e4v\u00e4sti. Maaliskuun alussa kahdeksan nykyist\u00e4 eduskuntapuoluetta allekirjoitti <a href=\"http:\/\/www.minedu.fi\/export\/sites\/default\/OPM\/Kulttuuri\/kulttuuripolitiikka\/liitteet\/Eduskuntapuolueiden_julkilausuma_lainauskorvauksesta.pdf\" target=\"_blank\">julkilausuman<\/a> nimelt\u00e4\u00e4n &#8221;Lainauskorvausten nostaminen pohjoismaiselle tasolle&#8221;. Sen mukaan allekirjoittajapuolueet &#8221;ilmoittavat edell\u00e4 julki lausuttujen perusteiden mukaisesti tavoitteena olevan, ett\u00e4 vuosina 2016\u20132018 valtion talousarviossa lainauskorvauksen tasoa korotetaan asteittain niin, ett\u00e4 vuoden 2018 talousarviossa lainauskorvaus yleisist\u00e4 kirjastoista sek\u00e4 tutkimusta ja opetustoimintaa palvelevista kirjastoista olisi kaikkiaan 14 225 000 euroa&#8221;.<\/p>\n\n\n\n<p>T\u00e4n\u00e4 vuonna lainauskorvaus on Suomessa 8,2 miljoonaa euroa. Siihen verrattuna nousua tulee kolmen vuoden aikana yli 70 prosenttia, mik\u00e4li puolueet pit\u00e4v\u00e4t kiinni lupauksestaan.<\/p>\n\n\n\n<p>Kirjallisuuslehti <em>Parnasso<\/em> teki samoille kahdeksalle puolueelle suunnatun kyselyn, jossa lainauskorvauksen nostamista pohjoismaiselle tasolle kannatti vain viisi kahdeksasta puolueesta. Vihreiden, kristillisdemokraattien ja perussuomalaisten kanta muuttui nopeasti. <em>Parnasson<\/em> kysely toteutettiin vain muutamia p\u00e4ivi\u00e4 ennen julkilausumaa. T\u00e4ss\u00e4 tapauksessa takink\u00e4\u00e4nt\u00f6 oli kirjantekij\u00f6iden kannalta my\u00f6nteinen.<\/p>\n\n\n\n<p>Tekij\u00e4noikeusj\u00e4rjest\u00f6 Sanasto ilmeisesti onnistui hyvin lobbauksessaan ja sai tiristetty\u00e4 puolueilta yhteisen lupauksen ennen vaaleja. Tuleva hallitus muodostetaan joka tapauksessa julkilausuman allekirjoittaneista kahdeksasta suurimmasta puolueesta.<\/p>\n\n\n\n<p>Ketk\u00e4 olivat nopeat mielenmuuttajat?<\/p>\n\n\n\n<p>Parnasson kyselyss\u00e4 kysymys kuului: &#8221;Lainauskorvausta pit\u00e4isi mielest\u00e4mme a) pienent\u00e4\u00e4, b) pit\u00e4\u00e4 nykytasollaan, c) nostaa pohjoismaiselle tasolle tai sen yli.&#8221;<\/p>\n\n\n\n<p>Vaihtoehdon c valitsivat keskusta, Sdp, kokoomus, vasemmistoliitto ja Rkp. Vaihtoehdon b kannalla olivat perussuomalaiset, vihre\u00e4t ja kristillisdemokraatit.<\/p>\n\n\n\n<p>&#8221;Nykyisess\u00e4 taloustilanteessa nykytason s\u00e4ilytt\u00e4minenkin on kunnianhimoinen tavoite&#8221;, perussuomalaiset muotoili <em>Parnassolle<\/em> vain p\u00e4iv\u00e4\u00e4 ennen kuin puolueen allekirjoittama julkilausuma julkistettiin.<\/p>\n\n\n\n<p>Vihreiden puoluesihteerin Lasse Miettisen mukaan lainauskorvauksen &#8221;tasoa on syyt\u00e4 seurata ja nostaa sit\u00e4 kohti yleisemp\u00e4\u00e4 pohjoismaista tasoa, kun valtiontalouden tila helpottaa&#8221;. Vaihtoehdoista Miettinen valitsi vajaa viikko ennen julkilausuman julkistamista b:n.<\/p>\n\n\n\n<p>B oli my\u00f6s kristillisdemokraattien puoluesihteerin Asmo Maansel\u00e4n valinta.<\/p>\n\n\n\n<p>&#8221;Pieni korotus tulisi tehd\u00e4, mutta ei ole varaa korottaa pohjoismaiselle tasolle. Voisi harkita kirjastokorvausten kattoa, eli muutamalta eniten korvauksia saaneelta leikattaisiin niiden hyv\u00e4ksi, joiden kirjoja lainataan v\u00e4hemm\u00e4n&#8221;, Maanselk\u00e4 pohti kolme viikkoa ennen julkilausumaa.<\/p>\n\n\n\n<p>Gallupykk\u00f6sen keskustan puoluesihteeri Timo Laaninen perustelee lainauskorvauksen nostamista <em>Parnassolle<\/em>: &#8221;Kirjantekij\u00f6iden tulee saada kohtuullinen korvaus teostensa k\u00e4ytt\u00e4misest\u00e4, jota kirjastolainaaminen my\u00f6s on. Pidemm\u00e4n aikav\u00e4lin tavoitteena tulee olla lainauskorvauksen saaminen pohjoismaiselle tasolle. Kirjastokorvaukset auttavat kotimaisen kirjallisuuden menestymist\u00e4, mik\u00e4 on osaltaan t\u00e4rke\u00e4\u00e4 tavoitteessamme saada luova ala kokonaisuudessaan merkitt\u00e4v\u00e4\u00e4n kasvuun tulevina vuosina.&#8221;<\/p>\n\n\n\n<p>&nbsp;<\/p>\n\n\n","protected":false},"excerpt":{"rendered":"<p>Kirjantekij\u00f6iden teosten lainoista saama korvaus nousee tulevina vuosina merkitt\u00e4v\u00e4sti. Maaliskuun alussa kahdeksan nykyist\u00e4 eduskuntapuoluetta allekirjoitti julkilausuman nimelt\u00e4\u00e4n &#8221;Lainauskorvausten nostaminen pohjoismaiselle tasolle&#8221;. Sen<br \/>\nmukaa&hellip;<\/p>\n","protected":false},"author":129,"featured_media":0,"comment_status":"open","ping_status":"open","sticky":false,"template":"","format":"standard","meta":{"_acf_changed":false,"asauth_required_access_level":3,"asauth_cansharepaid":"true","om_header_attributes":[],"footnotes":"","om_featured_image_focal_point":[],"om_primary_tag":0,"om_contributors":[],"om_co_authors":[],"beyondwords_generate_audio":"","beyondwords_project_id":"","beyondwords_content_id":"","beyondwords_preview_token":"","beyondwords_player_content":"","beyondwords_player_style":"","beyondwords_language_code":"","beyondwords_language_id":"","beyondwords_title_voice_id":"","beyondwords_body_voice_id":"","beyondwords_summary_voice_id":"","beyondwords_error_message":"","beyondwords_disabled":"","beyondwords_delete_content":"","beyondwords_podcast_id":"","beyondwords_hash":"","publish_post_to_speechkit":"","speechkit_hash":"","speechkit_generate_audio":"","speechkit_project_id":"","speechkit_podcast_id":"","speechkit_error_message":"","speechkit_disabled":"","speechkit_access_key":"","speechkit_error":"","speechkit_info":"","speechkit_response":"","speechkit_retries":"","speechkit_status":"","speechkit_updated_at":"","_speechkit_link":"","_speechkit_text":""},"categories":[1],"tags":[397,394,396,171,395,390,393],"class_list":["post-336","post","type-post","status-publish","format-standard","hentry","category-kirjailijan-paivakirja","tag-kirjastot","tag-kristillisdemokraatit","tag-lainauskorvaus","tag-parnasso","tag-perussuomalaiset","tag-puoluekysely","tag-vihreat"],"om_views":null,"acf":{"tuuma_off":false,"tuuma_kysymys":"","tuuma_vastaus":""},"asauth":{"required_access_level":1,"share_token":"","is_paid":false},"yoast_head":"<!-- This site is optimized with the Yoast SEO plugin v26.4 - https:\/\/yoast.com\/wordpress\/plugins\/seo\/ -->\n<title>Lainauskorvauksen takink\u00e4\u00e4nt\u00e4j\u00e4t: vihre\u00e4t, kd ja perussuomalaiset - Kirjailijan p\u00e4iv\u00e4kirja<\/title>\n<meta name=\"robots\" content=\"index, follow, max-snippet:-1, max-image-preview:large, max-video-preview:-1\" \/>\n<link rel=\"canonical\" href=\"https:\/\/suomenkuvalehti.fi\/kirjailijanpaivakirja\/lainauskorvauksen-takinkaantajat-vihreat-kd-ja-perussuomalaiset\/\" \/>\n<meta property=\"og:locale\" content=\"fi_FI\" \/>\n<meta property=\"og:type\" content=\"article\" \/>\n<meta property=\"og:title\" content=\"Lainauskorvauksen takink\u00e4\u00e4nt\u00e4j\u00e4t: vihre\u00e4t, kd ja perussuomalaiset - Kirjailijan p\u00e4iv\u00e4kirja\" \/>\n<meta property=\"og:description\" content=\"Kirjantekij\u00f6iden teosten lainoista saama korvaus nousee tulevina vuosina merkitt\u00e4v\u00e4sti. Maaliskuun alussa kahdeksan nykyist\u00e4 eduskuntapuoluetta allekirjoitti julkilausuman nimelt\u00e4\u00e4n &#8221;Lainauskorvausten nostaminen pohjoismaiselle tasolle&#8221;. Sen mukaa&hellip;\" \/>\n<meta property=\"og:url\" content=\"https:\/\/suomenkuvalehti.fi\/kirjailijanpaivakirja\/lainauskorvauksen-takinkaantajat-vihreat-kd-ja-perussuomalaiset\/\" \/>\n<meta property=\"og:site_name\" content=\"Kirjailijan p\u00e4iv\u00e4kirja\" \/>\n<meta property=\"article:published_time\" content=\"2015-04-15T13:13:00+00:00\" \/>\n<meta property=\"article:modified_time\" content=\"2015-04-15T13:24:27+00:00\" \/>\n<meta property=\"og:image\" content=\"https:\/\/suomenkuvalehti.fi\/kirjailijanpaivakirja\/wp-content\/uploads\/sites\/21\/2022\/04\/hamalainen_karo06-1-scaled.jpg\" \/>\n\t<meta property=\"og:image:width\" content=\"2560\" \/>\n\t<meta property=\"og:image:height\" content=\"1706\" \/>\n\t<meta property=\"og:image:type\" content=\"image\/jpeg\" \/>\n<meta name=\"author\" content=\"Karo H\u00e4m\u00e4l\u00e4inen\" \/>\n<meta name=\"twitter:card\" content=\"summary_large_image\" \/>\n<meta name=\"twitter:label1\" content=\"Written by\" \/>\n\t<meta name=\"twitter:data1\" content=\"Karo H\u00e4m\u00e4l\u00e4inen\" \/>\n\t<meta name=\"twitter:label2\" content=\"Est. reading time\" \/>\n\t<meta name=\"twitter:data2\" content=\"2 minuuttia\" \/>\n<script type=\"application\/ld+json\" class=\"yoast-schema-graph\">{\"@context\":\"https:\/\/schema.org\",\"@graph\":[{\"@type\":\"WebPage\",\"@id\":\"https:\/\/suomenkuvalehti.fi\/kirjailijanpaivakirja\/lainauskorvauksen-takinkaantajat-vihreat-kd-ja-perussuomalaiset\/\",\"url\":\"https:\/\/suomenkuvalehti.fi\/kirjailijanpaivakirja\/lainauskorvauksen-takinkaantajat-vihreat-kd-ja-perussuomalaiset\/\",\"name\":\"Lainauskorvauksen takink\u00e4\u00e4nt\u00e4j\u00e4t: vihre\u00e4t, kd ja perussuomalaiset - Kirjailijan p\u00e4iv\u00e4kirja\",\"isPartOf\":{\"@id\":\"https:\/\/suomenkuvalehti.fi\/kirjailijanpaivakirja\/#website\"},\"datePublished\":\"2015-04-15T13:13:00+00:00\",\"dateModified\":\"2015-04-15T13:24:27+00:00\",\"author\":{\"@id\":\"https:\/\/suomenkuvalehti.fi\/kirjailijanpaivakirja\/#\/schema\/person\/ca2dfd9d508d8c675e07b3c099fc789b\"},\"breadcrumb\":{\"@id\":\"https:\/\/suomenkuvalehti.fi\/kirjailijanpaivakirja\/lainauskorvauksen-takinkaantajat-vihreat-kd-ja-perussuomalaiset\/#breadcrumb\"},\"inLanguage\":\"fi\",\"potentialAction\":[{\"@type\":\"ReadAction\",\"target\":[\"https:\/\/suomenkuvalehti.fi\/kirjailijanpaivakirja\/lainauskorvauksen-takinkaantajat-vihreat-kd-ja-perussuomalaiset\/\"]}]},{\"@type\":\"BreadcrumbList\",\"@id\":\"https:\/\/suomenkuvalehti.fi\/kirjailijanpaivakirja\/lainauskorvauksen-takinkaantajat-vihreat-kd-ja-perussuomalaiset\/#breadcrumb\",\"itemListElement\":[{\"@type\":\"ListItem\",\"position\":1,\"name\":\"Home\",\"item\":\"https:\/\/suomenkuvalehti.fi\/kirjailijanpaivakirja\/\"},{\"@type\":\"ListItem\",\"position\":2,\"name\":\"Lainauskorvauksen takink\u00e4\u00e4nt\u00e4j\u00e4t: vihre\u00e4t, kd ja perussuomalaiset\"}]},{\"@type\":\"WebSite\",\"@id\":\"https:\/\/suomenkuvalehti.fi\/kirjailijanpaivakirja\/#website\",\"url\":\"https:\/\/suomenkuvalehti.fi\/kirjailijanpaivakirja\/\",\"name\":\"Kirjailijan p\u00e4iv\u00e4kirja\",\"description\":\"Proosakirjailijan arkea ja kirjallisuuden ajankohtaisia aiheita.\",\"potentialAction\":[{\"@type\":\"SearchAction\",\"target\":{\"@type\":\"EntryPoint\",\"urlTemplate\":\"https:\/\/suomenkuvalehti.fi\/haku\/?q={search_term_string}\"},\"query-input\":{\"@type\":\"PropertyValueSpecification\",\"valueRequired\":true,\"valueName\":\"search_term_string\"}}],\"inLanguage\":\"fi\"},{\"@type\":\"Person\",\"@id\":\"https:\/\/suomenkuvalehti.fi\/kirjailijanpaivakirja\/#\/schema\/person\/ca2dfd9d508d8c675e07b3c099fc789b\",\"name\":\"Karo H\u00e4m\u00e4l\u00e4inen\",\"image\":{\"@type\":\"ImageObject\",\"inLanguage\":\"fi\",\"@id\":\"https:\/\/suomenkuvalehti.fi\/kirjailijanpaivakirja\/#\/schema\/person\/image\/\",\"url\":\"https:\/\/suomenkuvalehti.fi\/kirjailijanpaivakirja\/wp-content\/uploads\/sites\/21\/2022\/04\/hamalainen_karo06-1-150x150.jpg\",\"contentUrl\":\"https:\/\/suomenkuvalehti.fi\/kirjailijanpaivakirja\/wp-content\/uploads\/sites\/21\/2022\/04\/hamalainen_karo06-1-150x150.jpg\",\"caption\":\"Karo H\u00e4m\u00e4l\u00e4inen\"},\"description\":\"Karo H\u00e4m\u00e4l\u00e4inen on kirjailija ja talouteen erikoistunut vapaa toimittaja.\"}]}<\/script>\n<!-- \/ Yoast SEO plugin. -->","yoast_head_json":{"title":"Lainauskorvauksen takink\u00e4\u00e4nt\u00e4j\u00e4t: vihre\u00e4t, kd ja perussuomalaiset - Kirjailijan p\u00e4iv\u00e4kirja","robots":{"index":"index","follow":"follow","max-snippet":"max-snippet:-1","max-image-preview":"max-image-preview:large","max-video-preview":"max-video-preview:-1"},"canonical":"https:\/\/suomenkuvalehti.fi\/kirjailijanpaivakirja\/lainauskorvauksen-takinkaantajat-vihreat-kd-ja-perussuomalaiset\/","og_locale":"fi_FI","og_type":"article","og_title":"Lainauskorvauksen takink\u00e4\u00e4nt\u00e4j\u00e4t: vihre\u00e4t, kd ja perussuomalaiset - Kirjailijan p\u00e4iv\u00e4kirja","og_description":"Kirjantekij\u00f6iden teosten lainoista saama korvaus nousee tulevina vuosina merkitt\u00e4v\u00e4sti. Maaliskuun alussa kahdeksan nykyist\u00e4 eduskuntapuoluetta allekirjoitti julkilausuman nimelt\u00e4\u00e4n &#8221;Lainauskorvausten nostaminen pohjoismaiselle tasolle&#8221;. Sen mukaa&hellip;","og_url":"https:\/\/suomenkuvalehti.fi\/kirjailijanpaivakirja\/lainauskorvauksen-takinkaantajat-vihreat-kd-ja-perussuomalaiset\/","og_site_name":"Kirjailijan p\u00e4iv\u00e4kirja","article_published_time":"2015-04-15T13:13:00+00:00","article_modified_time":"2015-04-15T13:24:27+00:00","og_image":[{"width":2560,"height":1706,"url":"https:\/\/suomenkuvalehti.fi\/kirjailijanpaivakirja\/wp-content\/uploads\/sites\/21\/2022\/04\/hamalainen_karo06-1-scaled.jpg","type":"image\/jpeg"}],"author":"Karo H\u00e4m\u00e4l\u00e4inen","twitter_card":"summary_large_image","twitter_misc":{"Written by":"Karo H\u00e4m\u00e4l\u00e4inen","Est. reading time":"2 minuuttia"},"schema":{"@context":"https:\/\/schema.org","@graph":[{"@type":"WebPage","@id":"https:\/\/suomenkuvalehti.fi\/kirjailijanpaivakirja\/lainauskorvauksen-takinkaantajat-vihreat-kd-ja-perussuomalaiset\/","url":"https:\/\/suomenkuvalehti.fi\/kirjailijanpaivakirja\/lainauskorvauksen-takinkaantajat-vihreat-kd-ja-perussuomalaiset\/","name":"Lainauskorvauksen takink\u00e4\u00e4nt\u00e4j\u00e4t: vihre\u00e4t, kd ja perussuomalaiset - Kirjailijan p\u00e4iv\u00e4kirja","isPartOf":{"@id":"https:\/\/suomenkuvalehti.fi\/kirjailijanpaivakirja\/#website"},"datePublished":"2015-04-15T13:13:00+00:00","dateModified":"2015-04-15T13:24:27+00:00","author":{"@id":"https:\/\/suomenkuvalehti.fi\/kirjailijanpaivakirja\/#\/schema\/person\/ca2dfd9d508d8c675e07b3c099fc789b"},"breadcrumb":{"@id":"https:\/\/suomenkuvalehti.fi\/kirjailijanpaivakirja\/lainauskorvauksen-takinkaantajat-vihreat-kd-ja-perussuomalaiset\/#breadcrumb"},"inLanguage":"fi","potentialAction":[{"@type":"ReadAction","target":["https:\/\/suomenkuvalehti.fi\/kirjailijanpaivakirja\/lainauskorvauksen-takinkaantajat-vihreat-kd-ja-perussuomalaiset\/"]}]},{"@type":"BreadcrumbList","@id":"https:\/\/suomenkuvalehti.fi\/kirjailijanpaivakirja\/lainauskorvauksen-takinkaantajat-vihreat-kd-ja-perussuomalaiset\/#breadcrumb","itemListElement":[{"@type":"ListItem","position":1,"name":"Home","item":"https:\/\/suomenkuvalehti.fi\/kirjailijanpaivakirja\/"},{"@type":"ListItem","position":2,"name":"Lainauskorvauksen takink\u00e4\u00e4nt\u00e4j\u00e4t: vihre\u00e4t, kd ja perussuomalaiset"}]},{"@type":"WebSite","@id":"https:\/\/suomenkuvalehti.fi\/kirjailijanpaivakirja\/#website","url":"https:\/\/suomenkuvalehti.fi\/kirjailijanpaivakirja\/","name":"Kirjailijan p\u00e4iv\u00e4kirja","description":"Proosakirjailijan arkea ja kirjallisuuden ajankohtaisia aiheita.","potentialAction":[{"@type":"SearchAction","target":{"@type":"EntryPoint","urlTemplate":"https:\/\/suomenkuvalehti.fi\/haku\/?q={search_term_string}"},"query-input":{"@type":"PropertyValueSpecification","valueRequired":true,"valueName":"search_term_string"}}],"inLanguage":"fi"},{"@type":"Person","@id":"https:\/\/suomenkuvalehti.fi\/kirjailijanpaivakirja\/#\/schema\/person\/ca2dfd9d508d8c675e07b3c099fc789b","name":"Karo H\u00e4m\u00e4l\u00e4inen","image":{"@type":"ImageObject","inLanguage":"fi","@id":"https:\/\/suomenkuvalehti.fi\/kirjailijanpaivakirja\/#\/schema\/person\/image\/","url":"https:\/\/suomenkuvalehti.fi\/kirjailijanpaivakirja\/wp-content\/uploads\/sites\/21\/2022\/04\/hamalainen_karo06-1-150x150.jpg","contentUrl":"https:\/\/suomenkuvalehti.fi\/kirjailijanpaivakirja\/wp-content\/uploads\/sites\/21\/2022\/04\/hamalainen_karo06-1-150x150.jpg","caption":"Karo H\u00e4m\u00e4l\u00e4inen"},"description":"Karo H\u00e4m\u00e4l\u00e4inen on kirjailija ja talouteen erikoistunut vapaa toimittaja."}]}},"_links":{"self":[{"href":"https:\/\/suomenkuvalehti.fi\/kirjailijanpaivakirja\/wp-json\/wp\/v2\/posts\/336","targetHints":{"allow":["GET"]}}],"collection":[{"href":"https:\/\/suomenkuvalehti.fi\/kirjailijanpaivakirja\/wp-json\/wp\/v2\/posts"}],"about":[{"href":"https:\/\/suomenkuvalehti.fi\/kirjailijanpaivakirja\/wp-json\/wp\/v2\/types\/post"}],"author":[{"embeddable":true,"href":"https:\/\/suomenkuvalehti.fi\/kirjailijanpaivakirja\/wp-json\/wp\/v2\/users\/129"}],"replies":[{"embeddable":true,"href":"https:\/\/suomenkuvalehti.fi\/kirjailijanpaivakirja\/wp-json\/wp\/v2\/comments?post=336"}],"version-history":[{"count":2,"href":"https:\/\/suomenkuvalehti.fi\/kirjailijanpaivakirja\/wp-json\/wp\/v2\/posts\/336\/revisions"}],"predecessor-version":[{"id":339,"href":"https:\/\/suomenkuvalehti.fi\/kirjailijanpaivakirja\/wp-json\/wp\/v2\/posts\/336\/revisions\/339"}],"wp:attachment":[{"href":"https:\/\/suomenkuvalehti.fi\/kirjailijanpaivakirja\/wp-json\/wp\/v2\/media?parent=336"}],"wp:term":[{"taxonomy":"category","embeddable":true,"href":"https:\/\/suomenkuvalehti.fi\/kirjailijanpaivakirja\/wp-json\/wp\/v2\/categories?post=336"},{"taxonomy":"post_tag","embeddable":true,"href":"https:\/\/suomenkuvalehti.fi\/kirjailijanpaivakirja\/wp-json\/wp\/v2\/tags?post=336"}],"curies":[{"name":"wp","href":"https:\/\/api.w.org\/{rel}","templated":true}]}}