{"id":327,"date":"2015-03-29T13:45:12","date_gmt":"2015-03-29T10:45:12","guid":{"rendered":"https:\/\/suomenkuvalehti.fi\/kirjailijanpaivakirja\/?p=327"},"modified":"2015-03-29T13:45:12","modified_gmt":"2015-03-29T10:45:12","slug":"mahdollinen-kohtalo","status":"publish","type":"post","link":"https:\/\/suomenkuvalehti.fi\/kirjailijanpaivakirja\/mahdollinen-kohtalo\/","title":{"rendered":"Mahdollinen kohtalo"},"content":{"rendered":"\n<p>Jokaisessa romaanin p\u00e4\u00e4henkil\u00f6ss\u00e4 on v\u00e4ist\u00e4m\u00e4tt\u00e4 enemm\u00e4n kuin rahtunen kirjailijaa itse\u00e4\u00e4n. Sosioekonomisia asemia, ammatteja, asuinpaikkoja pystyy keksim\u00e4\u00e4n, mutta tuntevan hahmon takana on tunteva ihminen.<\/p>\n\n\n\n<p>Eik\u00e4 henkil\u00f6ist\u00e4 kuitenkaan kukaan ole kirjoittajansa. Ei edes silloin, kun henkil\u00f6 tai romaanin kertoja asuu samalla kadulla ja n\u00e4ytt\u00e4\u00e4 ulkoisesti samanlaiselta kuin kirjailija itse. Ei, vaikka kyse olisi verhotusta omael\u00e4m\u00e4kerrasta.<\/p>\n\n\n\n<p>Milan Kundera on kirjoittanut osuvasti jossain \u2013 luultavasti lause on <em>Olemisen siet\u00e4m\u00e4tt\u00f6m\u00e4n keveyden<\/em>&nbsp;(suom.&nbsp;Kirsti Siraste) kertojan teksti\u00e4: &#8221;Romaanini hahmot ovat toteutumatta j\u00e4\u00e4neit\u00e4 mahdollisuuksiani.&#8221;<\/p>\n\n\n\n<p>En tulkitse Kunderaa, mutta omalla kohdallani olen huomannut, ett\u00e4 kirjoittaessani henkil\u00f6\u00e4 tutkin itse\u00e4ni. Niiss\u00e4 kehityskuluissa, jotka kiinnostavat tai painavat mielt\u00e4 ja siten p\u00e4\u00e4tyv\u00e4t kirjaan, on usein jotain syv\u00e4sti omakohtaista. Ne kiinnostavat kirjailijaa ja usein ne ovat my\u00f6s lukijan kannalta kiinnostavimpia, sill\u00e4 syvyyden tuntee, vaikka sit\u00e4 ei n\u00e4e.<\/p>\n\n\n\n<p>Ty\u00f6n alla olevan romaanini p\u00e4\u00e4henkil\u00f6 ja min\u00e4kertoja on historiallinen henkil\u00f6, jolla on oma, dokumenteista j\u00e4ljitett\u00e4v\u00e4 oleva henkil\u00f6historiansa. H\u00e4n on el\u00e4nyt eri aikana kuin min\u00e4, kuollutkin ennen kuin olen syntynyt. Silti olen kirjoittanut h\u00e4nelle ajatuksia ja tulevaisuutta, joka voisi jollain tapaa olla omaani.<\/p>\n\n\n\n<p>Tarina on surullinen. Samalla kivuliaasti tied\u00e4n, ett\u00e4 el\u00e4m\u00e4ss\u00e4ni on kiinnekohtia romaanini p\u00e4\u00e4henkil\u00f6n traagiseen el\u00e4m\u00e4\u00e4n. Tekstin kirjoittaminen ja etenkin sen muokkaaminen on ollut poikkeuksellisen ty\u00f6l\u00e4st\u00e4 varmasti osin siit\u00e4 syyst\u00e4, ett\u00e4 samaan aikaan henkil\u00f6lle tapahtumia muovatessani mietin, miss\u00e4 m\u00e4\u00e4rin ne olisivat mahdollisia omalla kohdallani. Kuinka voisin v\u00e4ltt\u00e4\u00e4 ne virheet, joita p\u00e4\u00e4henkil\u00f6ni kokee tehneens\u00e4? Onko minusta siihen?<\/p>\n\n\n\n<p>Editoinko romaania editoidessani omaa tulevaisuuttani?<\/p>\n\n\n","protected":false},"excerpt":{"rendered":"<p>Jokaisessa romaanin p\u00e4\u00e4henkil\u00f6ss\u00e4 on v\u00e4ist\u00e4m\u00e4tt\u00e4 enemm\u00e4n kuin rahtunen kirjailijaa itse\u00e4\u00e4n. Sosioekonomisia asemia, ammatteja, asuinpaikkoja pystyy keksim\u00e4\u00e4n, mutta tuntevan hahmon takana on tunteva ihminen. Eik\u00e4 henkil\u00f6ist\u00e4 kuitenkaan kukaan ole kirjoittajansa. Ei edes silloin, kun henkil\u00f6<br \/>\ntai romaanin ker&hellip;<\/p>\n","protected":false},"author":129,"featured_media":0,"comment_status":"open","ping_status":"open","sticky":false,"template":"","format":"standard","meta":{"_acf_changed":false,"asauth_required_access_level":3,"asauth_cansharepaid":"true","om_header_attributes":[],"footnotes":"","om_featured_image_focal_point":[],"om_primary_tag":0,"om_contributors":[],"om_co_authors":[],"beyondwords_generate_audio":"","beyondwords_project_id":"","beyondwords_content_id":"","beyondwords_preview_token":"","beyondwords_player_content":"","beyondwords_player_style":"","beyondwords_language_code":"","beyondwords_language_id":"","beyondwords_title_voice_id":"","beyondwords_body_voice_id":"","beyondwords_summary_voice_id":"","beyondwords_error_message":"","beyondwords_disabled":"","beyondwords_delete_content":"","beyondwords_podcast_id":"","beyondwords_hash":"","publish_post_to_speechkit":"","speechkit_hash":"","speechkit_generate_audio":"","speechkit_project_id":"","speechkit_podcast_id":"","speechkit_error_message":"","speechkit_disabled":"","speechkit_access_key":"","speechkit_error":"","speechkit_info":"","speechkit_response":"","speechkit_retries":"","speechkit_status":"","speechkit_updated_at":"","_speechkit_link":"","_speechkit_text":""},"categories":[1],"tags":[382,383,90,386,380],"class_list":["post-327","post","type-post","status-publish","format-standard","hentry","category-kirjailijan-paivakirja","tag-editointi","tag-kirjailijan-tyo","tag-romaani","tag-romaanihenkilo","tag-yksin"],"om_views":null,"acf":{"tuuma_off":false,"tuuma_kysymys":"","tuuma_vastaus":""},"asauth":{"required_access_level":1,"share_token":"","is_paid":false},"yoast_head":"<!-- This site is optimized with the Yoast SEO plugin v26.4 - https:\/\/yoast.com\/wordpress\/plugins\/seo\/ -->\n<title>Mahdollinen kohtalo - Kirjailijan p\u00e4iv\u00e4kirja<\/title>\n<meta name=\"robots\" content=\"index, follow, max-snippet:-1, max-image-preview:large, max-video-preview:-1\" \/>\n<link rel=\"canonical\" href=\"https:\/\/suomenkuvalehti.fi\/kirjailijanpaivakirja\/mahdollinen-kohtalo\/\" \/>\n<meta property=\"og:locale\" content=\"fi_FI\" \/>\n<meta property=\"og:type\" content=\"article\" \/>\n<meta property=\"og:title\" content=\"Mahdollinen kohtalo - Kirjailijan p\u00e4iv\u00e4kirja\" \/>\n<meta property=\"og:description\" content=\"Jokaisessa romaanin p\u00e4\u00e4henkil\u00f6ss\u00e4 on v\u00e4ist\u00e4m\u00e4tt\u00e4 enemm\u00e4n kuin rahtunen kirjailijaa itse\u00e4\u00e4n. Sosioekonomisia asemia, ammatteja, asuinpaikkoja pystyy keksim\u00e4\u00e4n, mutta tuntevan hahmon takana on tunteva ihminen. Eik\u00e4 henkil\u00f6ist\u00e4 kuitenkaan kukaan ole kirjoittajansa. Ei edes silloin, kun henkil\u00f6 tai romaanin ker&hellip;\" \/>\n<meta property=\"og:url\" content=\"https:\/\/suomenkuvalehti.fi\/kirjailijanpaivakirja\/mahdollinen-kohtalo\/\" \/>\n<meta property=\"og:site_name\" content=\"Kirjailijan p\u00e4iv\u00e4kirja\" \/>\n<meta property=\"article:published_time\" content=\"2015-03-29T10:45:12+00:00\" \/>\n<meta property=\"og:image\" content=\"https:\/\/suomenkuvalehti.fi\/kirjailijanpaivakirja\/wp-content\/uploads\/sites\/21\/2022\/04\/hamalainen_karo06-1-scaled.jpg\" \/>\n\t<meta property=\"og:image:width\" content=\"2560\" \/>\n\t<meta property=\"og:image:height\" content=\"1706\" \/>\n\t<meta property=\"og:image:type\" content=\"image\/jpeg\" \/>\n<meta name=\"author\" content=\"Karo H\u00e4m\u00e4l\u00e4inen\" \/>\n<meta name=\"twitter:card\" content=\"summary_large_image\" \/>\n<meta name=\"twitter:label1\" content=\"Written by\" \/>\n\t<meta name=\"twitter:data1\" content=\"Karo H\u00e4m\u00e4l\u00e4inen\" \/>\n\t<meta name=\"twitter:label2\" content=\"Est. reading time\" \/>\n\t<meta name=\"twitter:data2\" content=\"1 minuutti\" \/>\n<script type=\"application\/ld+json\" class=\"yoast-schema-graph\">{\"@context\":\"https:\/\/schema.org\",\"@graph\":[{\"@type\":\"WebPage\",\"@id\":\"https:\/\/suomenkuvalehti.fi\/kirjailijanpaivakirja\/mahdollinen-kohtalo\/\",\"url\":\"https:\/\/suomenkuvalehti.fi\/kirjailijanpaivakirja\/mahdollinen-kohtalo\/\",\"name\":\"Mahdollinen kohtalo - Kirjailijan p\u00e4iv\u00e4kirja\",\"isPartOf\":{\"@id\":\"https:\/\/suomenkuvalehti.fi\/kirjailijanpaivakirja\/#website\"},\"datePublished\":\"2015-03-29T10:45:12+00:00\",\"author\":{\"@id\":\"https:\/\/suomenkuvalehti.fi\/kirjailijanpaivakirja\/#\/schema\/person\/ca2dfd9d508d8c675e07b3c099fc789b\"},\"breadcrumb\":{\"@id\":\"https:\/\/suomenkuvalehti.fi\/kirjailijanpaivakirja\/mahdollinen-kohtalo\/#breadcrumb\"},\"inLanguage\":\"fi\",\"potentialAction\":[{\"@type\":\"ReadAction\",\"target\":[\"https:\/\/suomenkuvalehti.fi\/kirjailijanpaivakirja\/mahdollinen-kohtalo\/\"]}]},{\"@type\":\"BreadcrumbList\",\"@id\":\"https:\/\/suomenkuvalehti.fi\/kirjailijanpaivakirja\/mahdollinen-kohtalo\/#breadcrumb\",\"itemListElement\":[{\"@type\":\"ListItem\",\"position\":1,\"name\":\"Home\",\"item\":\"https:\/\/suomenkuvalehti.fi\/kirjailijanpaivakirja\/\"},{\"@type\":\"ListItem\",\"position\":2,\"name\":\"Mahdollinen kohtalo\"}]},{\"@type\":\"WebSite\",\"@id\":\"https:\/\/suomenkuvalehti.fi\/kirjailijanpaivakirja\/#website\",\"url\":\"https:\/\/suomenkuvalehti.fi\/kirjailijanpaivakirja\/\",\"name\":\"Kirjailijan p\u00e4iv\u00e4kirja\",\"description\":\"Proosakirjailijan arkea ja kirjallisuuden ajankohtaisia aiheita.\",\"potentialAction\":[{\"@type\":\"SearchAction\",\"target\":{\"@type\":\"EntryPoint\",\"urlTemplate\":\"https:\/\/suomenkuvalehti.fi\/haku\/?q={search_term_string}\"},\"query-input\":{\"@type\":\"PropertyValueSpecification\",\"valueRequired\":true,\"valueName\":\"search_term_string\"}}],\"inLanguage\":\"fi\"},{\"@type\":\"Person\",\"@id\":\"https:\/\/suomenkuvalehti.fi\/kirjailijanpaivakirja\/#\/schema\/person\/ca2dfd9d508d8c675e07b3c099fc789b\",\"name\":\"Karo H\u00e4m\u00e4l\u00e4inen\",\"image\":{\"@type\":\"ImageObject\",\"inLanguage\":\"fi\",\"@id\":\"https:\/\/suomenkuvalehti.fi\/kirjailijanpaivakirja\/#\/schema\/person\/image\/\",\"url\":\"https:\/\/suomenkuvalehti.fi\/kirjailijanpaivakirja\/wp-content\/uploads\/sites\/21\/2022\/04\/hamalainen_karo06-1-150x150.jpg\",\"contentUrl\":\"https:\/\/suomenkuvalehti.fi\/kirjailijanpaivakirja\/wp-content\/uploads\/sites\/21\/2022\/04\/hamalainen_karo06-1-150x150.jpg\",\"caption\":\"Karo H\u00e4m\u00e4l\u00e4inen\"},\"description\":\"Karo H\u00e4m\u00e4l\u00e4inen on kirjailija ja talouteen erikoistunut vapaa toimittaja.\"}]}<\/script>\n<!-- \/ Yoast SEO plugin. -->","yoast_head_json":{"title":"Mahdollinen kohtalo - Kirjailijan p\u00e4iv\u00e4kirja","robots":{"index":"index","follow":"follow","max-snippet":"max-snippet:-1","max-image-preview":"max-image-preview:large","max-video-preview":"max-video-preview:-1"},"canonical":"https:\/\/suomenkuvalehti.fi\/kirjailijanpaivakirja\/mahdollinen-kohtalo\/","og_locale":"fi_FI","og_type":"article","og_title":"Mahdollinen kohtalo - Kirjailijan p\u00e4iv\u00e4kirja","og_description":"Jokaisessa romaanin p\u00e4\u00e4henkil\u00f6ss\u00e4 on v\u00e4ist\u00e4m\u00e4tt\u00e4 enemm\u00e4n kuin rahtunen kirjailijaa itse\u00e4\u00e4n. Sosioekonomisia asemia, ammatteja, asuinpaikkoja pystyy keksim\u00e4\u00e4n, mutta tuntevan hahmon takana on tunteva ihminen. Eik\u00e4 henkil\u00f6ist\u00e4 kuitenkaan kukaan ole kirjoittajansa. Ei edes silloin, kun henkil\u00f6 tai romaanin ker&hellip;","og_url":"https:\/\/suomenkuvalehti.fi\/kirjailijanpaivakirja\/mahdollinen-kohtalo\/","og_site_name":"Kirjailijan p\u00e4iv\u00e4kirja","article_published_time":"2015-03-29T10:45:12+00:00","og_image":[{"width":2560,"height":1706,"url":"https:\/\/suomenkuvalehti.fi\/kirjailijanpaivakirja\/wp-content\/uploads\/sites\/21\/2022\/04\/hamalainen_karo06-1-scaled.jpg","type":"image\/jpeg"}],"author":"Karo H\u00e4m\u00e4l\u00e4inen","twitter_card":"summary_large_image","twitter_misc":{"Written by":"Karo H\u00e4m\u00e4l\u00e4inen","Est. reading time":"1 minuutti"},"schema":{"@context":"https:\/\/schema.org","@graph":[{"@type":"WebPage","@id":"https:\/\/suomenkuvalehti.fi\/kirjailijanpaivakirja\/mahdollinen-kohtalo\/","url":"https:\/\/suomenkuvalehti.fi\/kirjailijanpaivakirja\/mahdollinen-kohtalo\/","name":"Mahdollinen kohtalo - Kirjailijan p\u00e4iv\u00e4kirja","isPartOf":{"@id":"https:\/\/suomenkuvalehti.fi\/kirjailijanpaivakirja\/#website"},"datePublished":"2015-03-29T10:45:12+00:00","author":{"@id":"https:\/\/suomenkuvalehti.fi\/kirjailijanpaivakirja\/#\/schema\/person\/ca2dfd9d508d8c675e07b3c099fc789b"},"breadcrumb":{"@id":"https:\/\/suomenkuvalehti.fi\/kirjailijanpaivakirja\/mahdollinen-kohtalo\/#breadcrumb"},"inLanguage":"fi","potentialAction":[{"@type":"ReadAction","target":["https:\/\/suomenkuvalehti.fi\/kirjailijanpaivakirja\/mahdollinen-kohtalo\/"]}]},{"@type":"BreadcrumbList","@id":"https:\/\/suomenkuvalehti.fi\/kirjailijanpaivakirja\/mahdollinen-kohtalo\/#breadcrumb","itemListElement":[{"@type":"ListItem","position":1,"name":"Home","item":"https:\/\/suomenkuvalehti.fi\/kirjailijanpaivakirja\/"},{"@type":"ListItem","position":2,"name":"Mahdollinen kohtalo"}]},{"@type":"WebSite","@id":"https:\/\/suomenkuvalehti.fi\/kirjailijanpaivakirja\/#website","url":"https:\/\/suomenkuvalehti.fi\/kirjailijanpaivakirja\/","name":"Kirjailijan p\u00e4iv\u00e4kirja","description":"Proosakirjailijan arkea ja kirjallisuuden ajankohtaisia aiheita.","potentialAction":[{"@type":"SearchAction","target":{"@type":"EntryPoint","urlTemplate":"https:\/\/suomenkuvalehti.fi\/haku\/?q={search_term_string}"},"query-input":{"@type":"PropertyValueSpecification","valueRequired":true,"valueName":"search_term_string"}}],"inLanguage":"fi"},{"@type":"Person","@id":"https:\/\/suomenkuvalehti.fi\/kirjailijanpaivakirja\/#\/schema\/person\/ca2dfd9d508d8c675e07b3c099fc789b","name":"Karo H\u00e4m\u00e4l\u00e4inen","image":{"@type":"ImageObject","inLanguage":"fi","@id":"https:\/\/suomenkuvalehti.fi\/kirjailijanpaivakirja\/#\/schema\/person\/image\/","url":"https:\/\/suomenkuvalehti.fi\/kirjailijanpaivakirja\/wp-content\/uploads\/sites\/21\/2022\/04\/hamalainen_karo06-1-150x150.jpg","contentUrl":"https:\/\/suomenkuvalehti.fi\/kirjailijanpaivakirja\/wp-content\/uploads\/sites\/21\/2022\/04\/hamalainen_karo06-1-150x150.jpg","caption":"Karo H\u00e4m\u00e4l\u00e4inen"},"description":"Karo H\u00e4m\u00e4l\u00e4inen on kirjailija ja talouteen erikoistunut vapaa toimittaja."}]}},"_links":{"self":[{"href":"https:\/\/suomenkuvalehti.fi\/kirjailijanpaivakirja\/wp-json\/wp\/v2\/posts\/327","targetHints":{"allow":["GET"]}}],"collection":[{"href":"https:\/\/suomenkuvalehti.fi\/kirjailijanpaivakirja\/wp-json\/wp\/v2\/posts"}],"about":[{"href":"https:\/\/suomenkuvalehti.fi\/kirjailijanpaivakirja\/wp-json\/wp\/v2\/types\/post"}],"author":[{"embeddable":true,"href":"https:\/\/suomenkuvalehti.fi\/kirjailijanpaivakirja\/wp-json\/wp\/v2\/users\/129"}],"replies":[{"embeddable":true,"href":"https:\/\/suomenkuvalehti.fi\/kirjailijanpaivakirja\/wp-json\/wp\/v2\/comments?post=327"}],"version-history":[{"count":1,"href":"https:\/\/suomenkuvalehti.fi\/kirjailijanpaivakirja\/wp-json\/wp\/v2\/posts\/327\/revisions"}],"predecessor-version":[{"id":328,"href":"https:\/\/suomenkuvalehti.fi\/kirjailijanpaivakirja\/wp-json\/wp\/v2\/posts\/327\/revisions\/328"}],"wp:attachment":[{"href":"https:\/\/suomenkuvalehti.fi\/kirjailijanpaivakirja\/wp-json\/wp\/v2\/media?parent=327"}],"wp:term":[{"taxonomy":"category","embeddable":true,"href":"https:\/\/suomenkuvalehti.fi\/kirjailijanpaivakirja\/wp-json\/wp\/v2\/categories?post=327"},{"taxonomy":"post_tag","embeddable":true,"href":"https:\/\/suomenkuvalehti.fi\/kirjailijanpaivakirja\/wp-json\/wp\/v2\/tags?post=327"}],"curies":[{"name":"wp","href":"https:\/\/api.w.org\/{rel}","templated":true}]}}