{"id":318,"date":"2015-03-13T19:47:20","date_gmt":"2015-03-13T17:47:20","guid":{"rendered":"https:\/\/suomenkuvalehti.fi\/kirjailijanpaivakirja\/?p=318"},"modified":"2015-03-13T19:47:20","modified_gmt":"2015-03-13T17:47:20","slug":"vaaralla-reitilla","status":"publish","type":"post","link":"https:\/\/suomenkuvalehti.fi\/kirjailijanpaivakirja\/vaaralla-reitilla\/","title":{"rendered":"V\u00e4\u00e4r\u00e4ll\u00e4 reitill\u00e4"},"content":{"rendered":"\n<p>Kaikki se, mit\u00e4 t\u00e4h\u00e4n menness\u00e4 olen editoinut, on ollut v\u00e4\u00e4rin. Viime viikkoina kirjoitetut merkit deletell\u00e4 pois.<\/p>\n\n\n\n<p>Tuo tunne minulle tuli romaanistani maanantaiaamuna, ja viikon mittaan se on vahvistunut. Tilanne on sama kuin maratonilla 33 kilometrin kohdalla huomaisi juosseensa viime kilometrit v\u00e4\u00e4r\u00e4\u00e4 reitti\u00e4.<\/p>\n\n\n\n<p>K\u00e4ynniss\u00e4 on kirjan t\u00e4rkein editointikierros, jonka aikana romaanin suunta tarkentuu. Silloin voi k\u00e4yd\u00e4 n\u00e4in. Samanlaisia vaiheita eri muodoissa tapahtuu my\u00f6s kirjan ideointivaiheessa ja ensimm\u00e4isell\u00e4 kirjoituskerralla. Niihin saa tottua.<\/p>\n\n\n\n<p>Turhauttiko? Totta kai.<\/p>\n\n\n\n<p>Hallitseva tunne oli kuitenkin tyytyv\u00e4isyys. Viime viikonloppuna&nbsp;olin yritt\u00e4nyt ahtaa k\u00e4sikirjoitusta siihen suuntaan, johon olin sit\u00e4 viem\u00e4ss\u00e4, mutta se ei tuntunut luonnistuvan. Viikonlopun&nbsp;saldo oli ollut muutama rivi uutta teksti\u00e4. Nekin huonoja. Yksitt\u00e4isi\u00e4 lauseita pystyin muodostamaan ja mumisin niit\u00e4 puoli\u00e4\u00e4neen itselleni kuntosalin pukuhuoneessa, mutta edes pieniksi kohtauksiksi asti niist\u00e4 ei ollut. Turhauduin.<\/p>\n\n\n\n<p>Kun huomaa, ett\u00e4 juossut v\u00e4\u00e4r\u00e4\u00e4 reitti\u00e4, se on t\u00e4rke\u00e4 havainto. Ei en\u00e4\u00e4 siihen suuntaan, maali ei ole siell\u00e4. Mit\u00e4 pikemmin harhailunsa huomaa, sit\u00e4 parempi.<\/p>\n\n\n\n<p>Kaunokirjallisuuden kirjoittamisessa reitilt\u00e4 harhaantuminen ei v\u00e4ltt\u00e4m\u00e4tt\u00e4 ole yht\u00e4 tuhoisaa kuin maratonilla, jossa kiertoreitin k\u00e4ytt\u00e4minen v\u00e4ist\u00e4m\u00e4tt\u00e4 johtaa huonompaan loppuaikaan, siis tulokseen. Kirjallisuudessa harhailu on jopa v\u00e4ltt\u00e4m\u00e4t\u00f6nt\u00e4. Uskon, ett\u00e4 ty\u00f6n alla olevasta romaanista olisi tullut huonompi, jos olisin j\u00e4\u00e4r\u00e4p\u00e4isesti puskenut siihen suuntaan, johon olin sit\u00e4 viem\u00e4ss\u00e4.<\/p>\n\n\n\n<p>Uskon t\u00e4ytyy olla vahva, koska nyt olen editoinnissa pannut kaiken t\u00e4m\u00e4n uuden reitin varaan. En ole kertonut siit\u00e4 kustannustoimittajalle enk\u00e4 kustantajalle. Pelaan t\u00e4ysin omalla riskill\u00e4ni. Saattaa olla, ett\u00e4 t\u00e4m\u00e4kin reitti osoittautuu v\u00e4\u00e4r\u00e4ksi.<\/p>\n\n\n\n<p>Uudella reittivalinnalla vastaan samaan kysymykseen kuin harhamatkalla, enk\u00e4 olisi luultavasti p\u00e4\u00e4tynyt uuteen reittivalintaan, jos en olisi ensin juossut vakavissani toiseen suuntaan.<\/p>\n\n\n\n<p>J\u00e4nnitt\u00e4\u00e4k\u00f6? Ei. Pelottaa. Hirvitt\u00e4\u00e4.<\/p>\n\n\n","protected":false},"excerpt":{"rendered":"<p>Kaikki se, mit\u00e4 t\u00e4h\u00e4n menness\u00e4 olen editoinut, on ollut v\u00e4\u00e4rin. Viime viikkoina kirjoitetut merkit deletell\u00e4 pois. Tuo tunne minulle tuli romaanistani maanantaiaamuna, ja viikon mittaan se on vahvistunut. Tilanne on sama kuin maratonilla 33 kilometrin kohdalla huomaisi juosseensa viime kilometrit<br \/>\nv\u00e4\u00e4r\u00e4\u00e4&hellip;<\/p>\n","protected":false},"author":129,"featured_media":0,"comment_status":"open","ping_status":"open","sticky":false,"template":"","format":"standard","meta":{"_acf_changed":false,"asauth_required_access_level":3,"asauth_cansharepaid":"true","om_header_attributes":[],"footnotes":"","om_featured_image_focal_point":[],"om_primary_tag":0,"om_contributors":[],"om_co_authors":[],"beyondwords_generate_audio":"","beyondwords_project_id":"","beyondwords_content_id":"","beyondwords_preview_token":"","beyondwords_player_content":"","beyondwords_player_style":"","beyondwords_language_code":"","beyondwords_language_id":"","beyondwords_title_voice_id":"","beyondwords_body_voice_id":"","beyondwords_summary_voice_id":"","beyondwords_error_message":"","beyondwords_disabled":"","beyondwords_delete_content":"","beyondwords_podcast_id":"","beyondwords_hash":"","publish_post_to_speechkit":"","speechkit_hash":"","speechkit_generate_audio":"","speechkit_project_id":"","speechkit_podcast_id":"","speechkit_error_message":"","speechkit_disabled":"","speechkit_access_key":"","speechkit_error":"","speechkit_info":"","speechkit_response":"","speechkit_retries":"","speechkit_status":"","speechkit_updated_at":"","_speechkit_link":"","_speechkit_text":""},"categories":[1],"tags":[382,383,381,380],"class_list":["post-318","post","type-post","status-publish","format-standard","hentry","category-kirjailijan-paivakirja","tag-editointi","tag-kirjailijan-tyo","tag-kirjoittaminen","tag-yksin"],"om_views":null,"acf":{"tuuma_off":false,"tuuma_kysymys":"","tuuma_vastaus":""},"asauth":{"required_access_level":1,"share_token":"","is_paid":false},"yoast_head":"<!-- This site is optimized with the Yoast SEO plugin v26.4 - https:\/\/yoast.com\/wordpress\/plugins\/seo\/ -->\n<title>V\u00e4\u00e4r\u00e4ll\u00e4 reitill\u00e4 - Kirjailijan p\u00e4iv\u00e4kirja<\/title>\n<meta name=\"robots\" content=\"index, follow, max-snippet:-1, max-image-preview:large, max-video-preview:-1\" \/>\n<link rel=\"canonical\" href=\"https:\/\/suomenkuvalehti.fi\/kirjailijanpaivakirja\/vaaralla-reitilla\/\" \/>\n<meta property=\"og:locale\" content=\"fi_FI\" \/>\n<meta property=\"og:type\" content=\"article\" \/>\n<meta property=\"og:title\" content=\"V\u00e4\u00e4r\u00e4ll\u00e4 reitill\u00e4 - Kirjailijan p\u00e4iv\u00e4kirja\" \/>\n<meta property=\"og:description\" content=\"Kaikki se, mit\u00e4 t\u00e4h\u00e4n menness\u00e4 olen editoinut, on ollut v\u00e4\u00e4rin. Viime viikkoina kirjoitetut merkit deletell\u00e4 pois. Tuo tunne minulle tuli romaanistani maanantaiaamuna, ja viikon mittaan se on vahvistunut. Tilanne on sama kuin maratonilla 33 kilometrin kohdalla huomaisi juosseensa viime kilometrit v\u00e4\u00e4r\u00e4\u00e4&hellip;\" \/>\n<meta property=\"og:url\" content=\"https:\/\/suomenkuvalehti.fi\/kirjailijanpaivakirja\/vaaralla-reitilla\/\" \/>\n<meta property=\"og:site_name\" content=\"Kirjailijan p\u00e4iv\u00e4kirja\" \/>\n<meta property=\"article:published_time\" content=\"2015-03-13T17:47:20+00:00\" \/>\n<meta property=\"og:image\" content=\"https:\/\/suomenkuvalehti.fi\/kirjailijanpaivakirja\/wp-content\/uploads\/sites\/21\/2022\/04\/hamalainen_karo06-1-scaled.jpg\" \/>\n\t<meta property=\"og:image:width\" content=\"2560\" \/>\n\t<meta property=\"og:image:height\" content=\"1706\" \/>\n\t<meta property=\"og:image:type\" content=\"image\/jpeg\" \/>\n<meta name=\"author\" content=\"Karo H\u00e4m\u00e4l\u00e4inen\" \/>\n<meta name=\"twitter:card\" content=\"summary_large_image\" \/>\n<meta name=\"twitter:label1\" content=\"Written by\" \/>\n\t<meta name=\"twitter:data1\" content=\"Karo H\u00e4m\u00e4l\u00e4inen\" \/>\n\t<meta name=\"twitter:label2\" content=\"Est. reading time\" \/>\n\t<meta name=\"twitter:data2\" content=\"1 minuutti\" \/>\n<script type=\"application\/ld+json\" class=\"yoast-schema-graph\">{\"@context\":\"https:\/\/schema.org\",\"@graph\":[{\"@type\":\"WebPage\",\"@id\":\"https:\/\/suomenkuvalehti.fi\/kirjailijanpaivakirja\/vaaralla-reitilla\/\",\"url\":\"https:\/\/suomenkuvalehti.fi\/kirjailijanpaivakirja\/vaaralla-reitilla\/\",\"name\":\"V\u00e4\u00e4r\u00e4ll\u00e4 reitill\u00e4 - Kirjailijan p\u00e4iv\u00e4kirja\",\"isPartOf\":{\"@id\":\"https:\/\/suomenkuvalehti.fi\/kirjailijanpaivakirja\/#website\"},\"datePublished\":\"2015-03-13T17:47:20+00:00\",\"author\":{\"@id\":\"https:\/\/suomenkuvalehti.fi\/kirjailijanpaivakirja\/#\/schema\/person\/ca2dfd9d508d8c675e07b3c099fc789b\"},\"breadcrumb\":{\"@id\":\"https:\/\/suomenkuvalehti.fi\/kirjailijanpaivakirja\/vaaralla-reitilla\/#breadcrumb\"},\"inLanguage\":\"fi\",\"potentialAction\":[{\"@type\":\"ReadAction\",\"target\":[\"https:\/\/suomenkuvalehti.fi\/kirjailijanpaivakirja\/vaaralla-reitilla\/\"]}]},{\"@type\":\"BreadcrumbList\",\"@id\":\"https:\/\/suomenkuvalehti.fi\/kirjailijanpaivakirja\/vaaralla-reitilla\/#breadcrumb\",\"itemListElement\":[{\"@type\":\"ListItem\",\"position\":1,\"name\":\"Home\",\"item\":\"https:\/\/suomenkuvalehti.fi\/kirjailijanpaivakirja\/\"},{\"@type\":\"ListItem\",\"position\":2,\"name\":\"V\u00e4\u00e4r\u00e4ll\u00e4 reitill\u00e4\"}]},{\"@type\":\"WebSite\",\"@id\":\"https:\/\/suomenkuvalehti.fi\/kirjailijanpaivakirja\/#website\",\"url\":\"https:\/\/suomenkuvalehti.fi\/kirjailijanpaivakirja\/\",\"name\":\"Kirjailijan p\u00e4iv\u00e4kirja\",\"description\":\"Proosakirjailijan arkea ja kirjallisuuden ajankohtaisia aiheita.\",\"potentialAction\":[{\"@type\":\"SearchAction\",\"target\":{\"@type\":\"EntryPoint\",\"urlTemplate\":\"https:\/\/suomenkuvalehti.fi\/haku\/?q={search_term_string}\"},\"query-input\":{\"@type\":\"PropertyValueSpecification\",\"valueRequired\":true,\"valueName\":\"search_term_string\"}}],\"inLanguage\":\"fi\"},{\"@type\":\"Person\",\"@id\":\"https:\/\/suomenkuvalehti.fi\/kirjailijanpaivakirja\/#\/schema\/person\/ca2dfd9d508d8c675e07b3c099fc789b\",\"name\":\"Karo H\u00e4m\u00e4l\u00e4inen\",\"image\":{\"@type\":\"ImageObject\",\"inLanguage\":\"fi\",\"@id\":\"https:\/\/suomenkuvalehti.fi\/kirjailijanpaivakirja\/#\/schema\/person\/image\/\",\"url\":\"https:\/\/suomenkuvalehti.fi\/kirjailijanpaivakirja\/wp-content\/uploads\/sites\/21\/2022\/04\/hamalainen_karo06-1-150x150.jpg\",\"contentUrl\":\"https:\/\/suomenkuvalehti.fi\/kirjailijanpaivakirja\/wp-content\/uploads\/sites\/21\/2022\/04\/hamalainen_karo06-1-150x150.jpg\",\"caption\":\"Karo H\u00e4m\u00e4l\u00e4inen\"},\"description\":\"Karo H\u00e4m\u00e4l\u00e4inen on kirjailija ja talouteen erikoistunut vapaa toimittaja.\"}]}<\/script>\n<!-- \/ Yoast SEO plugin. -->","yoast_head_json":{"title":"V\u00e4\u00e4r\u00e4ll\u00e4 reitill\u00e4 - Kirjailijan p\u00e4iv\u00e4kirja","robots":{"index":"index","follow":"follow","max-snippet":"max-snippet:-1","max-image-preview":"max-image-preview:large","max-video-preview":"max-video-preview:-1"},"canonical":"https:\/\/suomenkuvalehti.fi\/kirjailijanpaivakirja\/vaaralla-reitilla\/","og_locale":"fi_FI","og_type":"article","og_title":"V\u00e4\u00e4r\u00e4ll\u00e4 reitill\u00e4 - Kirjailijan p\u00e4iv\u00e4kirja","og_description":"Kaikki se, mit\u00e4 t\u00e4h\u00e4n menness\u00e4 olen editoinut, on ollut v\u00e4\u00e4rin. Viime viikkoina kirjoitetut merkit deletell\u00e4 pois. Tuo tunne minulle tuli romaanistani maanantaiaamuna, ja viikon mittaan se on vahvistunut. Tilanne on sama kuin maratonilla 33 kilometrin kohdalla huomaisi juosseensa viime kilometrit v\u00e4\u00e4r\u00e4\u00e4&hellip;","og_url":"https:\/\/suomenkuvalehti.fi\/kirjailijanpaivakirja\/vaaralla-reitilla\/","og_site_name":"Kirjailijan p\u00e4iv\u00e4kirja","article_published_time":"2015-03-13T17:47:20+00:00","og_image":[{"width":2560,"height":1706,"url":"https:\/\/suomenkuvalehti.fi\/kirjailijanpaivakirja\/wp-content\/uploads\/sites\/21\/2022\/04\/hamalainen_karo06-1-scaled.jpg","type":"image\/jpeg"}],"author":"Karo H\u00e4m\u00e4l\u00e4inen","twitter_card":"summary_large_image","twitter_misc":{"Written by":"Karo H\u00e4m\u00e4l\u00e4inen","Est. reading time":"1 minuutti"},"schema":{"@context":"https:\/\/schema.org","@graph":[{"@type":"WebPage","@id":"https:\/\/suomenkuvalehti.fi\/kirjailijanpaivakirja\/vaaralla-reitilla\/","url":"https:\/\/suomenkuvalehti.fi\/kirjailijanpaivakirja\/vaaralla-reitilla\/","name":"V\u00e4\u00e4r\u00e4ll\u00e4 reitill\u00e4 - Kirjailijan p\u00e4iv\u00e4kirja","isPartOf":{"@id":"https:\/\/suomenkuvalehti.fi\/kirjailijanpaivakirja\/#website"},"datePublished":"2015-03-13T17:47:20+00:00","author":{"@id":"https:\/\/suomenkuvalehti.fi\/kirjailijanpaivakirja\/#\/schema\/person\/ca2dfd9d508d8c675e07b3c099fc789b"},"breadcrumb":{"@id":"https:\/\/suomenkuvalehti.fi\/kirjailijanpaivakirja\/vaaralla-reitilla\/#breadcrumb"},"inLanguage":"fi","potentialAction":[{"@type":"ReadAction","target":["https:\/\/suomenkuvalehti.fi\/kirjailijanpaivakirja\/vaaralla-reitilla\/"]}]},{"@type":"BreadcrumbList","@id":"https:\/\/suomenkuvalehti.fi\/kirjailijanpaivakirja\/vaaralla-reitilla\/#breadcrumb","itemListElement":[{"@type":"ListItem","position":1,"name":"Home","item":"https:\/\/suomenkuvalehti.fi\/kirjailijanpaivakirja\/"},{"@type":"ListItem","position":2,"name":"V\u00e4\u00e4r\u00e4ll\u00e4 reitill\u00e4"}]},{"@type":"WebSite","@id":"https:\/\/suomenkuvalehti.fi\/kirjailijanpaivakirja\/#website","url":"https:\/\/suomenkuvalehti.fi\/kirjailijanpaivakirja\/","name":"Kirjailijan p\u00e4iv\u00e4kirja","description":"Proosakirjailijan arkea ja kirjallisuuden ajankohtaisia aiheita.","potentialAction":[{"@type":"SearchAction","target":{"@type":"EntryPoint","urlTemplate":"https:\/\/suomenkuvalehti.fi\/haku\/?q={search_term_string}"},"query-input":{"@type":"PropertyValueSpecification","valueRequired":true,"valueName":"search_term_string"}}],"inLanguage":"fi"},{"@type":"Person","@id":"https:\/\/suomenkuvalehti.fi\/kirjailijanpaivakirja\/#\/schema\/person\/ca2dfd9d508d8c675e07b3c099fc789b","name":"Karo H\u00e4m\u00e4l\u00e4inen","image":{"@type":"ImageObject","inLanguage":"fi","@id":"https:\/\/suomenkuvalehti.fi\/kirjailijanpaivakirja\/#\/schema\/person\/image\/","url":"https:\/\/suomenkuvalehti.fi\/kirjailijanpaivakirja\/wp-content\/uploads\/sites\/21\/2022\/04\/hamalainen_karo06-1-150x150.jpg","contentUrl":"https:\/\/suomenkuvalehti.fi\/kirjailijanpaivakirja\/wp-content\/uploads\/sites\/21\/2022\/04\/hamalainen_karo06-1-150x150.jpg","caption":"Karo H\u00e4m\u00e4l\u00e4inen"},"description":"Karo H\u00e4m\u00e4l\u00e4inen on kirjailija ja talouteen erikoistunut vapaa toimittaja."}]}},"_links":{"self":[{"href":"https:\/\/suomenkuvalehti.fi\/kirjailijanpaivakirja\/wp-json\/wp\/v2\/posts\/318","targetHints":{"allow":["GET"]}}],"collection":[{"href":"https:\/\/suomenkuvalehti.fi\/kirjailijanpaivakirja\/wp-json\/wp\/v2\/posts"}],"about":[{"href":"https:\/\/suomenkuvalehti.fi\/kirjailijanpaivakirja\/wp-json\/wp\/v2\/types\/post"}],"author":[{"embeddable":true,"href":"https:\/\/suomenkuvalehti.fi\/kirjailijanpaivakirja\/wp-json\/wp\/v2\/users\/129"}],"replies":[{"embeddable":true,"href":"https:\/\/suomenkuvalehti.fi\/kirjailijanpaivakirja\/wp-json\/wp\/v2\/comments?post=318"}],"version-history":[{"count":1,"href":"https:\/\/suomenkuvalehti.fi\/kirjailijanpaivakirja\/wp-json\/wp\/v2\/posts\/318\/revisions"}],"predecessor-version":[{"id":319,"href":"https:\/\/suomenkuvalehti.fi\/kirjailijanpaivakirja\/wp-json\/wp\/v2\/posts\/318\/revisions\/319"}],"wp:attachment":[{"href":"https:\/\/suomenkuvalehti.fi\/kirjailijanpaivakirja\/wp-json\/wp\/v2\/media?parent=318"}],"wp:term":[{"taxonomy":"category","embeddable":true,"href":"https:\/\/suomenkuvalehti.fi\/kirjailijanpaivakirja\/wp-json\/wp\/v2\/categories?post=318"},{"taxonomy":"post_tag","embeddable":true,"href":"https:\/\/suomenkuvalehti.fi\/kirjailijanpaivakirja\/wp-json\/wp\/v2\/tags?post=318"}],"curies":[{"name":"wp","href":"https:\/\/api.w.org\/{rel}","templated":true}]}}