{"id":315,"date":"2015-03-06T11:22:58","date_gmt":"2015-03-06T09:22:58","guid":{"rendered":"https:\/\/suomenkuvalehti.fi\/kirjailijanpaivakirja\/?p=315"},"modified":"2015-03-06T11:23:51","modified_gmt":"2015-03-06T09:23:51","slug":"kirjahylly-veistos","status":"publish","type":"post","link":"https:\/\/suomenkuvalehti.fi\/kirjailijanpaivakirja\/kirjahylly-veistos\/","title":{"rendered":"Kirjahylly on veistos"},"content":{"rendered":"\n<p>&#8221;Yksi leikillinen asia voisi olla, ett\u00e4 kirjahyllyst\u00e4 tulee tulevaisuudessa luksusesine. Uskon kuitenkin aina vastatrendeihin ja etteiv\u00e4t kaikki halua kaikkea digitaalisena muutenkaan. Silloin voisi ollakin ihan hauska ajatella, ett\u00e4 ihmiset jotka tykk\u00e4\u00e4 kirjoista niin kirjat olisi heille ik\u00e4\u00e4n kuin taidetta.&#8221;<\/p>\n\n\n\n<p>N\u00e4in mietiskelee Ylen Aamu-tv:ss\u00e4 vieraillut trendianalyytikko<strong> Susanna Bj\u00f6rklund<\/strong>. Sitaatin \u00e4rsytt\u00e4v\u00e4 puhekieli vastaa <a href=\"http:\/\/yle.fi\/uutiset\/trendianalyytikko_kirjahyllysta_voi_tulla_luksusesine\/7846706\" target=\"_blank\">Ylen verkkosivujen<\/a> litterointitapaa, joka puolestaan ei vastaa yleist\u00e4 toimituksellista tapaa siisti\u00e4 sitaatit yleiskielisiksi ja rakentaa lauseet kirjoitetun kielen mukaisiksi. Kirjoitettu teksti ei ole j\u00e4ljennetty\u00e4 puhetta.<\/p>\n\n\n\n<p>Vaikka sitaattia on hankala lukea, Bj\u00f6rklund on oikeassa, kunhan j\u00e4tt\u00e4\u00e4 varaumat pois. Kai on oletettavaa, ett\u00e4 ne, jotka pit\u00e4v\u00e4t kirjoista, pit\u00e4v\u00e4t niit\u00e4 taiteena?<\/p>\n\n\n\n<p>Bj\u00f6rklund kuitenkin tarkoittanee, ett\u00e4 kirjat ovat kirjanyst\u00e4ville my\u00f6s visuaalista taidetta, eiv\u00e4t vain kirjallisuutta. Ainakin tunnistan itseni luonnehdinnasta. Minulle kirja on t\u00e4rke\u00e4 esineen\u00e4. P\u00f6yd\u00e4ll\u00e4ni on parhaillaan <strong>Osmo Soininvaaran<\/strong> J\u00e4\u00e4hyv\u00e4iset eduskunnalle. <strong>Tuomo Parikan<\/strong> suunnittelema kansi vet\u00e4\u00e4 puoleensa, ei pelk\u00e4st\u00e4\u00e4n ajatus kirjan sis\u00e4ll\u00f6st\u00e4.<\/p>\n\n\n\n<p>Kirja on muotoilua, kirjahylly on veistos. Kirjahylly on viel\u00e4p\u00e4 el\u00e4v\u00e4 veistos, jonka pinta muuttuu k\u00e4ytt\u00e4j\u00e4n j\u00e4rjestelless\u00e4 kirjoja uudelleen. Kirjahyllyn j\u00e4rjest\u00e4minen ei ole palapeli vaan sisustamista.<\/p>\n\n\n\n<p>Tuhannella kirjalla saa n\u00e4ytt\u00e4v\u00e4n hyllykokonaisuuden. Yhdelle hyllymetrille mahtuu kolmisenkymment\u00e4 kirjaa, kirjahyllyn lautoja tiukkaan ladottuna mahtuu p\u00e4\u00e4llekk\u00e4in kymmenen. Tuhannella kirjalla saa 3,3 metri\u00e4 leve\u00e4n, reilut 2,5 metri\u00e4 korkean ja 30 sentti\u00e4 syv\u00e4n taideteoksen.<\/p>\n\n\n\n<p>Tuhannen kirjan hyllykokonaisuus vie tilaa yhden neli\u00f6metrin. T\u00f6\u00f6l\u00f6n hinnoilla 6000 euroa, Tampereella puolet siit\u00e4. Kirjahyllyn hankkiminen maksaa satasista tuhansiin euroihin.<\/p>\n\n\n\n<p>Kirjahyllytaideteos syntyy kuitenkin olennaisesti sen sis\u00e4ll\u00f6st\u00e4. Enemm\u00e4n kuin pystypuuvalinnalla kirjahyllytaiteilija vaikuttaa sill\u00e4, mist\u00e4 kirjoista teos koostuu. Edullisimmillaan kirjahyllytaideteoksen saa koostettua ilmaiseksi. Antikvariaatit heitt\u00e4v\u00e4t pois suuret m\u00e4\u00e4r\u00e4t myyntiin kelpaamattomia kirjoja. Jos taas hankkii tuhat nidett\u00e4 uutuuksina kirjakaupasta, kirjahyllytaideteoksen sis\u00e4ll\u00f6n hankkiminen maksaa 30 000 euroa.<\/p>\n\n\n\n<p>Taiteen arvo ei palaudu materiaalikustannuksiin. <strong>Paul Gauguinin<\/strong> maalaus Nafea faa ipoipo myytiin viime kuussa arviolta noin 300 miljoonalla Yhdysvaltain dollarilla. Maalien, kankaan ja kehysten hinnalla se ei selity. Luultavasti Gauguin on k\u00e4ytt\u00e4nyt teoksen maalaamiseen v\u00e4hemm\u00e4n aikaa kuin harras kirjallisuudenharrastaja kotikirjastonsa kokoamiseen.<\/p>\n\n\n\n<p>Vaikka oma kirjahylly on ITE-taidetta, sen arvo on mittaamaton.<\/p>\n\n\n","protected":false},"excerpt":{"rendered":"<p>&#8221;Yksi leikillinen asia voisi olla, ett\u00e4 kirjahyllyst\u00e4 tulee tulevaisuudessa luksusesine. Uskon kuitenkin aina vastatrendeihin ja etteiv\u00e4t kaikki halua kaikkea digitaalisena muutenkaan. Silloin voisi ollakin ihan hauska ajatella, ett\u00e4 ihmiset jotka tykk\u00e4\u00e4 kirjoista niin kirjat olisi heille ik\u00e4\u00e4n<br \/>\nkuin ta&hellip;<\/p>\n","protected":false},"author":129,"featured_media":0,"comment_status":"open","ping_status":"open","sticky":false,"template":"","format":"standard","meta":{"_acf_changed":false,"asauth_required_access_level":3,"asauth_cansharepaid":"true","om_header_attributes":[],"footnotes":"","om_featured_image_focal_point":[],"om_primary_tag":0,"om_contributors":[],"om_co_authors":[],"beyondwords_generate_audio":"","beyondwords_project_id":"","beyondwords_content_id":"","beyondwords_preview_token":"","beyondwords_player_content":"","beyondwords_player_style":"","beyondwords_language_code":"","beyondwords_language_id":"","beyondwords_title_voice_id":"","beyondwords_body_voice_id":"","beyondwords_summary_voice_id":"","beyondwords_error_message":"","beyondwords_disabled":"","beyondwords_delete_content":"","beyondwords_podcast_id":"","beyondwords_hash":"","publish_post_to_speechkit":"","speechkit_hash":"","speechkit_generate_audio":"","speechkit_project_id":"","speechkit_podcast_id":"","speechkit_error_message":"","speechkit_disabled":"","speechkit_access_key":"","speechkit_error":"","speechkit_info":"","speechkit_response":"","speechkit_retries":"","speechkit_status":"","speechkit_updated_at":"","_speechkit_link":"","_speechkit_text":""},"categories":[1],"tags":[87],"class_list":["post-315","post","type-post","status-publish","format-standard","hentry","category-kirjailijan-paivakirja","tag-kirjahylly"],"om_views":null,"acf":{"tuuma_off":false,"tuuma_kysymys":"","tuuma_vastaus":""},"asauth":{"required_access_level":1,"share_token":"","is_paid":false},"yoast_head":"<!-- This site is optimized with the Yoast SEO plugin v26.4 - https:\/\/yoast.com\/wordpress\/plugins\/seo\/ -->\n<title>Kirjahylly on veistos - Kirjailijan p\u00e4iv\u00e4kirja<\/title>\n<meta name=\"robots\" content=\"index, follow, max-snippet:-1, max-image-preview:large, max-video-preview:-1\" \/>\n<link rel=\"canonical\" href=\"https:\/\/suomenkuvalehti.fi\/kirjailijanpaivakirja\/kirjahylly-veistos\/\" \/>\n<meta property=\"og:locale\" content=\"fi_FI\" \/>\n<meta property=\"og:type\" content=\"article\" \/>\n<meta property=\"og:title\" content=\"Kirjahylly on veistos - Kirjailijan p\u00e4iv\u00e4kirja\" \/>\n<meta property=\"og:description\" content=\"&#8221;Yksi leikillinen asia voisi olla, ett\u00e4 kirjahyllyst\u00e4 tulee tulevaisuudessa luksusesine. Uskon kuitenkin aina vastatrendeihin ja etteiv\u00e4t kaikki halua kaikkea digitaalisena muutenkaan. Silloin voisi ollakin ihan hauska ajatella, ett\u00e4 ihmiset jotka tykk\u00e4\u00e4 kirjoista niin kirjat olisi heille ik\u00e4\u00e4n kuin ta&hellip;\" \/>\n<meta property=\"og:url\" content=\"https:\/\/suomenkuvalehti.fi\/kirjailijanpaivakirja\/kirjahylly-veistos\/\" \/>\n<meta property=\"og:site_name\" content=\"Kirjailijan p\u00e4iv\u00e4kirja\" \/>\n<meta property=\"article:published_time\" content=\"2015-03-06T09:22:58+00:00\" \/>\n<meta property=\"article:modified_time\" content=\"2015-03-06T09:23:51+00:00\" \/>\n<meta property=\"og:image\" content=\"https:\/\/suomenkuvalehti.fi\/kirjailijanpaivakirja\/wp-content\/uploads\/sites\/21\/2022\/04\/hamalainen_karo06-1-scaled.jpg\" \/>\n\t<meta property=\"og:image:width\" content=\"2560\" \/>\n\t<meta property=\"og:image:height\" content=\"1706\" \/>\n\t<meta property=\"og:image:type\" content=\"image\/jpeg\" \/>\n<meta name=\"author\" content=\"Karo H\u00e4m\u00e4l\u00e4inen\" \/>\n<meta name=\"twitter:card\" content=\"summary_large_image\" \/>\n<meta name=\"twitter:label1\" content=\"Written by\" \/>\n\t<meta name=\"twitter:data1\" content=\"Karo H\u00e4m\u00e4l\u00e4inen\" \/>\n\t<meta name=\"twitter:label2\" content=\"Est. reading time\" \/>\n\t<meta name=\"twitter:data2\" content=\"2 minuuttia\" \/>\n<script type=\"application\/ld+json\" class=\"yoast-schema-graph\">{\"@context\":\"https:\/\/schema.org\",\"@graph\":[{\"@type\":\"WebPage\",\"@id\":\"https:\/\/suomenkuvalehti.fi\/kirjailijanpaivakirja\/kirjahylly-veistos\/\",\"url\":\"https:\/\/suomenkuvalehti.fi\/kirjailijanpaivakirja\/kirjahylly-veistos\/\",\"name\":\"Kirjahylly on veistos - Kirjailijan p\u00e4iv\u00e4kirja\",\"isPartOf\":{\"@id\":\"https:\/\/suomenkuvalehti.fi\/kirjailijanpaivakirja\/#website\"},\"datePublished\":\"2015-03-06T09:22:58+00:00\",\"dateModified\":\"2015-03-06T09:23:51+00:00\",\"author\":{\"@id\":\"https:\/\/suomenkuvalehti.fi\/kirjailijanpaivakirja\/#\/schema\/person\/ca2dfd9d508d8c675e07b3c099fc789b\"},\"breadcrumb\":{\"@id\":\"https:\/\/suomenkuvalehti.fi\/kirjailijanpaivakirja\/kirjahylly-veistos\/#breadcrumb\"},\"inLanguage\":\"fi\",\"potentialAction\":[{\"@type\":\"ReadAction\",\"target\":[\"https:\/\/suomenkuvalehti.fi\/kirjailijanpaivakirja\/kirjahylly-veistos\/\"]}]},{\"@type\":\"BreadcrumbList\",\"@id\":\"https:\/\/suomenkuvalehti.fi\/kirjailijanpaivakirja\/kirjahylly-veistos\/#breadcrumb\",\"itemListElement\":[{\"@type\":\"ListItem\",\"position\":1,\"name\":\"Home\",\"item\":\"https:\/\/suomenkuvalehti.fi\/kirjailijanpaivakirja\/\"},{\"@type\":\"ListItem\",\"position\":2,\"name\":\"Kirjahylly on veistos\"}]},{\"@type\":\"WebSite\",\"@id\":\"https:\/\/suomenkuvalehti.fi\/kirjailijanpaivakirja\/#website\",\"url\":\"https:\/\/suomenkuvalehti.fi\/kirjailijanpaivakirja\/\",\"name\":\"Kirjailijan p\u00e4iv\u00e4kirja\",\"description\":\"Proosakirjailijan arkea ja kirjallisuuden ajankohtaisia aiheita.\",\"potentialAction\":[{\"@type\":\"SearchAction\",\"target\":{\"@type\":\"EntryPoint\",\"urlTemplate\":\"https:\/\/suomenkuvalehti.fi\/haku\/?q={search_term_string}\"},\"query-input\":{\"@type\":\"PropertyValueSpecification\",\"valueRequired\":true,\"valueName\":\"search_term_string\"}}],\"inLanguage\":\"fi\"},{\"@type\":\"Person\",\"@id\":\"https:\/\/suomenkuvalehti.fi\/kirjailijanpaivakirja\/#\/schema\/person\/ca2dfd9d508d8c675e07b3c099fc789b\",\"name\":\"Karo H\u00e4m\u00e4l\u00e4inen\",\"image\":{\"@type\":\"ImageObject\",\"inLanguage\":\"fi\",\"@id\":\"https:\/\/suomenkuvalehti.fi\/kirjailijanpaivakirja\/#\/schema\/person\/image\/\",\"url\":\"https:\/\/suomenkuvalehti.fi\/kirjailijanpaivakirja\/wp-content\/uploads\/sites\/21\/2022\/04\/hamalainen_karo06-1-150x150.jpg\",\"contentUrl\":\"https:\/\/suomenkuvalehti.fi\/kirjailijanpaivakirja\/wp-content\/uploads\/sites\/21\/2022\/04\/hamalainen_karo06-1-150x150.jpg\",\"caption\":\"Karo H\u00e4m\u00e4l\u00e4inen\"},\"description\":\"Karo H\u00e4m\u00e4l\u00e4inen on kirjailija ja talouteen erikoistunut vapaa toimittaja.\"}]}<\/script>\n<!-- \/ Yoast SEO plugin. -->","yoast_head_json":{"title":"Kirjahylly on veistos - Kirjailijan p\u00e4iv\u00e4kirja","robots":{"index":"index","follow":"follow","max-snippet":"max-snippet:-1","max-image-preview":"max-image-preview:large","max-video-preview":"max-video-preview:-1"},"canonical":"https:\/\/suomenkuvalehti.fi\/kirjailijanpaivakirja\/kirjahylly-veistos\/","og_locale":"fi_FI","og_type":"article","og_title":"Kirjahylly on veistos - Kirjailijan p\u00e4iv\u00e4kirja","og_description":"&#8221;Yksi leikillinen asia voisi olla, ett\u00e4 kirjahyllyst\u00e4 tulee tulevaisuudessa luksusesine. Uskon kuitenkin aina vastatrendeihin ja etteiv\u00e4t kaikki halua kaikkea digitaalisena muutenkaan. Silloin voisi ollakin ihan hauska ajatella, ett\u00e4 ihmiset jotka tykk\u00e4\u00e4 kirjoista niin kirjat olisi heille ik\u00e4\u00e4n kuin ta&hellip;","og_url":"https:\/\/suomenkuvalehti.fi\/kirjailijanpaivakirja\/kirjahylly-veistos\/","og_site_name":"Kirjailijan p\u00e4iv\u00e4kirja","article_published_time":"2015-03-06T09:22:58+00:00","article_modified_time":"2015-03-06T09:23:51+00:00","og_image":[{"width":2560,"height":1706,"url":"https:\/\/suomenkuvalehti.fi\/kirjailijanpaivakirja\/wp-content\/uploads\/sites\/21\/2022\/04\/hamalainen_karo06-1-scaled.jpg","type":"image\/jpeg"}],"author":"Karo H\u00e4m\u00e4l\u00e4inen","twitter_card":"summary_large_image","twitter_misc":{"Written by":"Karo H\u00e4m\u00e4l\u00e4inen","Est. reading time":"2 minuuttia"},"schema":{"@context":"https:\/\/schema.org","@graph":[{"@type":"WebPage","@id":"https:\/\/suomenkuvalehti.fi\/kirjailijanpaivakirja\/kirjahylly-veistos\/","url":"https:\/\/suomenkuvalehti.fi\/kirjailijanpaivakirja\/kirjahylly-veistos\/","name":"Kirjahylly on veistos - Kirjailijan p\u00e4iv\u00e4kirja","isPartOf":{"@id":"https:\/\/suomenkuvalehti.fi\/kirjailijanpaivakirja\/#website"},"datePublished":"2015-03-06T09:22:58+00:00","dateModified":"2015-03-06T09:23:51+00:00","author":{"@id":"https:\/\/suomenkuvalehti.fi\/kirjailijanpaivakirja\/#\/schema\/person\/ca2dfd9d508d8c675e07b3c099fc789b"},"breadcrumb":{"@id":"https:\/\/suomenkuvalehti.fi\/kirjailijanpaivakirja\/kirjahylly-veistos\/#breadcrumb"},"inLanguage":"fi","potentialAction":[{"@type":"ReadAction","target":["https:\/\/suomenkuvalehti.fi\/kirjailijanpaivakirja\/kirjahylly-veistos\/"]}]},{"@type":"BreadcrumbList","@id":"https:\/\/suomenkuvalehti.fi\/kirjailijanpaivakirja\/kirjahylly-veistos\/#breadcrumb","itemListElement":[{"@type":"ListItem","position":1,"name":"Home","item":"https:\/\/suomenkuvalehti.fi\/kirjailijanpaivakirja\/"},{"@type":"ListItem","position":2,"name":"Kirjahylly on veistos"}]},{"@type":"WebSite","@id":"https:\/\/suomenkuvalehti.fi\/kirjailijanpaivakirja\/#website","url":"https:\/\/suomenkuvalehti.fi\/kirjailijanpaivakirja\/","name":"Kirjailijan p\u00e4iv\u00e4kirja","description":"Proosakirjailijan arkea ja kirjallisuuden ajankohtaisia aiheita.","potentialAction":[{"@type":"SearchAction","target":{"@type":"EntryPoint","urlTemplate":"https:\/\/suomenkuvalehti.fi\/haku\/?q={search_term_string}"},"query-input":{"@type":"PropertyValueSpecification","valueRequired":true,"valueName":"search_term_string"}}],"inLanguage":"fi"},{"@type":"Person","@id":"https:\/\/suomenkuvalehti.fi\/kirjailijanpaivakirja\/#\/schema\/person\/ca2dfd9d508d8c675e07b3c099fc789b","name":"Karo H\u00e4m\u00e4l\u00e4inen","image":{"@type":"ImageObject","inLanguage":"fi","@id":"https:\/\/suomenkuvalehti.fi\/kirjailijanpaivakirja\/#\/schema\/person\/image\/","url":"https:\/\/suomenkuvalehti.fi\/kirjailijanpaivakirja\/wp-content\/uploads\/sites\/21\/2022\/04\/hamalainen_karo06-1-150x150.jpg","contentUrl":"https:\/\/suomenkuvalehti.fi\/kirjailijanpaivakirja\/wp-content\/uploads\/sites\/21\/2022\/04\/hamalainen_karo06-1-150x150.jpg","caption":"Karo H\u00e4m\u00e4l\u00e4inen"},"description":"Karo H\u00e4m\u00e4l\u00e4inen on kirjailija ja talouteen erikoistunut vapaa toimittaja."}]}},"_links":{"self":[{"href":"https:\/\/suomenkuvalehti.fi\/kirjailijanpaivakirja\/wp-json\/wp\/v2\/posts\/315","targetHints":{"allow":["GET"]}}],"collection":[{"href":"https:\/\/suomenkuvalehti.fi\/kirjailijanpaivakirja\/wp-json\/wp\/v2\/posts"}],"about":[{"href":"https:\/\/suomenkuvalehti.fi\/kirjailijanpaivakirja\/wp-json\/wp\/v2\/types\/post"}],"author":[{"embeddable":true,"href":"https:\/\/suomenkuvalehti.fi\/kirjailijanpaivakirja\/wp-json\/wp\/v2\/users\/129"}],"replies":[{"embeddable":true,"href":"https:\/\/suomenkuvalehti.fi\/kirjailijanpaivakirja\/wp-json\/wp\/v2\/comments?post=315"}],"version-history":[{"count":2,"href":"https:\/\/suomenkuvalehti.fi\/kirjailijanpaivakirja\/wp-json\/wp\/v2\/posts\/315\/revisions"}],"predecessor-version":[{"id":317,"href":"https:\/\/suomenkuvalehti.fi\/kirjailijanpaivakirja\/wp-json\/wp\/v2\/posts\/315\/revisions\/317"}],"wp:attachment":[{"href":"https:\/\/suomenkuvalehti.fi\/kirjailijanpaivakirja\/wp-json\/wp\/v2\/media?parent=315"}],"wp:term":[{"taxonomy":"category","embeddable":true,"href":"https:\/\/suomenkuvalehti.fi\/kirjailijanpaivakirja\/wp-json\/wp\/v2\/categories?post=315"},{"taxonomy":"post_tag","embeddable":true,"href":"https:\/\/suomenkuvalehti.fi\/kirjailijanpaivakirja\/wp-json\/wp\/v2\/tags?post=315"}],"curies":[{"name":"wp","href":"https:\/\/api.w.org\/{rel}","templated":true}]}}