{"id":268,"date":"2014-12-22T12:02:51","date_gmt":"2014-12-22T10:02:51","guid":{"rendered":"https:\/\/suomenkuvalehti.fi\/kirjailijanpaivakirja\/?p=268"},"modified":"2014-12-22T12:03:57","modified_gmt":"2014-12-22T10:03:57","slug":"sama-teksti-eri-kirja","status":"publish","type":"post","link":"https:\/\/suomenkuvalehti.fi\/kirjailijanpaivakirja\/sama-teksti-eri-kirja\/","title":{"rendered":"Sama teksti, eri kirja"},"content":{"rendered":"\n<p>En pid\u00e4 vain kirjallisuudesta vaan my\u00f6s kirjoista. Olen niin vanhakantainen, ett\u00e4 kirjallisuuden esteettisen kokemuksen erottaminen kirjasta tuntuu vaikealta.<\/p>\n\n\n\n<p>Kun e-kirjoista alettiin puhua 1990-luvun lopulla, olin enemm\u00e4n utelias kuin j\u00e4\u00e4r\u00e4. Kaikenmoisesta tietokoneisiin liittyneest\u00e4 varhain innostuneena muistutin, ett\u00e4 tarina on sama, luki sen kirjan sivuilta, tietokoneen ruudulta tai lentokoneen vanana taivaalle suihkittuna.<\/p>\n\n\n\n<p>Olen edelleen sit\u00e4 mielt\u00e4. Tarina on sama, mutta lukukokemus on toinen.<\/p>\n\n\n\n<p>Uppoutumatta sen enemp\u00e4\u00e4 fyysisen kirjan haptisiin ominaisuuksiin ja sormenp\u00e4\u00e4mielihyv\u00e4\u00e4n, on selv\u00e4\u00e4, ett\u00e4 sivun k\u00e4\u00e4nt\u00e4minen on eri asia kuin pyyhk\u00e4iseminen. Fyysisen kirjan painon tuntee toisin kuin lukiessaan tabletista tai lukulaitteesta, jotka standardoivat lukukokemuksen taittoa ja fontteja my\u00f6ten.<\/p>\n\n\n\n<p>Samalla tapaa lukemista standardoi vaikkapa saksalaisen Reclam-kustantamo, jonka Universal-Bibliothek-sarja alkoi jo vuonna 1867. Reclamin ideana oli julkaista eritt\u00e4in huokein kustannuksin tehtyj\u00e4 teoksia, joiden oikeudetkin kaiken lis\u00e4ksi olivat vapaat. Paralleeli e-kirjamarkkinaan on ilmeinen: my\u00f6s monet e-kirjayhti\u00f6t ovat julkaisseet ilmaisia klassikoita, joista niiden ei tarvitse maksaa tekij\u00e4npalkkioita tekij\u00f6ille. Suomessa n\u00e4in on toiminut ainakin Elisa Kirja.<\/p>\n\n\n\n<p>Ihailen Reclamia. Sen keltaiset pikkupokkarit edustavat omaa estetiikkaansa. Reclameissa palaa ajatus edullisesta maailmankirjallisuudesta, opiskeluaikojen lumoava henki.<\/p>\n\n\n\n<p>Kirjojen kustantamisessa n\u00e4kyy kaksi trendi\u00e4. Toinen on kustannusten painaminen alas. \u00c4\u00e4rimmilleen vietyn\u00e4 se tarkoittaa standardoitua taittoa ja kirjan levitt\u00e4mist\u00e4 edulliseen hintaan. Suuntaus n\u00e4kyy erityisesti parin euron hintaisissa e-kirjoissa.<\/p>\n\n\n\n<p>Toinen suuntaus on fyysisen kirjan fyysisten ominaisuuksien painottaminen entist\u00e4 enemm\u00e4n. Ulkoasuun panostetaan enemm\u00e4n kuin on ollut tapana. Kirjojen suojapapereihin on ilmestynyt lakkaa, foliota, jopa aukkoja niin kuin Teoksen Babel-sarjassa.<\/p>\n\n\n\n<p>Syksyn aikana olen ihaillut erityisesti S\u00e9miosquare-kustantamon tekem\u00e4\u00e4 laitosta St\u00e9phane Mallarm\u00e9n runoteoksesta <em>Nopanheitto ei koskaan tuhoa sattumaa<\/em>. Helena Sinervon suomennos ilmestyi viime vuosikymmenell\u00e4 WSOY:n kustantamana (nimell\u00e4 <em>Nopanheitto<\/em>), mutta uusi laitos on aivan toinen teos. Se on 32,5 senttimetri\u00e4 korkea ja 25 senttimetri\u00e4 leve\u00e4 ja n\u00e4ytt\u00e4\u00e4 ensisilm\u00e4yksell\u00e4 nuottiviholta. Teoksen taitossa alkuteksti ja suomennos kulkevat p\u00e4\u00e4llekk\u00e4in, ranskankielinen keltaisenruskealla, suomenkielinen mustalla painettuna.<\/p>\n\n\n\n<p><em>Nopanheitto ei koskaan tuhoa sattumaa<\/em> on malliesimerkki siit\u00e4, mihin kirja pystyy kirjana, suunniteltuna painotuotteena. Sama teksti ei tunnu samalta kuin standardoituna. Kokemus on toinen. Kirja on toinen.<\/p>\n\n\n\n<p>&nbsp;<\/p>\n\n\n","protected":false},"excerpt":{"rendered":"<p>En pid\u00e4 vain kirjallisuudesta vaan my\u00f6s kirjoista. Olen niin vanhakantainen, ett\u00e4 kirjallisuuden esteettisen kokemuksen erottaminen kirjasta tuntuu vaikealta. Kun e-kirjoista alettiin puhua 1990-luvun lopulla, olin enemm\u00e4n utelias kuin j\u00e4\u00e4r\u00e4. Kaikenmoisesta tietokoneisiin liittyneest\u00e4 varhain<br \/>\ninnostu&hellip;<\/p>\n","protected":false},"author":129,"featured_media":0,"comment_status":"open","ping_status":"open","sticky":false,"template":"","format":"standard","meta":{"_acf_changed":false,"asauth_required_access_level":3,"asauth_cansharepaid":"true","om_header_attributes":[],"footnotes":"","om_featured_image_focal_point":[],"om_primary_tag":0,"om_contributors":[],"om_co_authors":[],"beyondwords_generate_audio":"","beyondwords_project_id":"","beyondwords_content_id":"","beyondwords_preview_token":"","beyondwords_player_content":"","beyondwords_player_style":"","beyondwords_language_code":"","beyondwords_language_id":"","beyondwords_title_voice_id":"","beyondwords_body_voice_id":"","beyondwords_summary_voice_id":"","beyondwords_error_message":"","beyondwords_disabled":"","beyondwords_delete_content":"","beyondwords_podcast_id":"","beyondwords_hash":"","publish_post_to_speechkit":"","speechkit_hash":"","speechkit_generate_audio":"","speechkit_project_id":"","speechkit_podcast_id":"","speechkit_error_message":"","speechkit_disabled":"","speechkit_access_key":"","speechkit_error":"","speechkit_info":"","speechkit_response":"","speechkit_retries":"","speechkit_status":"","speechkit_updated_at":"","_speechkit_link":"","_speechkit_text":""},"categories":[1],"tags":[335,118,17,334,333],"class_list":["post-268","post","type-post","status-publish","format-standard","hentry","category-kirjailijan-paivakirja","tag-e-kirja","tag-kirja","tag-lukeminen","tag-nopanheitto-ei-koskaan-tuhoa-sattumaa","tag-stephane-mallarme"],"om_views":null,"acf":{"tuuma_off":false,"tuuma_kysymys":"","tuuma_vastaus":""},"asauth":{"required_access_level":1,"share_token":"","is_paid":false},"yoast_head":"<!-- This site is optimized with the Yoast SEO plugin v26.4 - https:\/\/yoast.com\/wordpress\/plugins\/seo\/ -->\n<title>Sama teksti, eri kirja - Kirjailijan p\u00e4iv\u00e4kirja<\/title>\n<meta name=\"robots\" content=\"index, follow, max-snippet:-1, max-image-preview:large, max-video-preview:-1\" \/>\n<link rel=\"canonical\" href=\"https:\/\/suomenkuvalehti.fi\/kirjailijanpaivakirja\/sama-teksti-eri-kirja\/\" \/>\n<meta property=\"og:locale\" content=\"fi_FI\" \/>\n<meta property=\"og:type\" content=\"article\" \/>\n<meta property=\"og:title\" content=\"Sama teksti, eri kirja - Kirjailijan p\u00e4iv\u00e4kirja\" \/>\n<meta property=\"og:description\" content=\"En pid\u00e4 vain kirjallisuudesta vaan my\u00f6s kirjoista. Olen niin vanhakantainen, ett\u00e4 kirjallisuuden esteettisen kokemuksen erottaminen kirjasta tuntuu vaikealta. Kun e-kirjoista alettiin puhua 1990-luvun lopulla, olin enemm\u00e4n utelias kuin j\u00e4\u00e4r\u00e4. Kaikenmoisesta tietokoneisiin liittyneest\u00e4 varhain innostu&hellip;\" \/>\n<meta property=\"og:url\" content=\"https:\/\/suomenkuvalehti.fi\/kirjailijanpaivakirja\/sama-teksti-eri-kirja\/\" \/>\n<meta property=\"og:site_name\" content=\"Kirjailijan p\u00e4iv\u00e4kirja\" \/>\n<meta property=\"article:published_time\" content=\"2014-12-22T10:02:51+00:00\" \/>\n<meta property=\"article:modified_time\" content=\"2014-12-22T10:03:57+00:00\" \/>\n<meta property=\"og:image\" content=\"https:\/\/suomenkuvalehti.fi\/kirjailijanpaivakirja\/wp-content\/uploads\/sites\/21\/2022\/04\/hamalainen_karo06-1-scaled.jpg\" \/>\n\t<meta property=\"og:image:width\" content=\"2560\" \/>\n\t<meta property=\"og:image:height\" content=\"1706\" \/>\n\t<meta property=\"og:image:type\" content=\"image\/jpeg\" \/>\n<meta name=\"author\" content=\"Karo H\u00e4m\u00e4l\u00e4inen\" \/>\n<meta name=\"twitter:card\" content=\"summary_large_image\" \/>\n<meta name=\"twitter:label1\" content=\"Written by\" \/>\n\t<meta name=\"twitter:data1\" content=\"Karo H\u00e4m\u00e4l\u00e4inen\" \/>\n\t<meta name=\"twitter:label2\" content=\"Est. reading time\" \/>\n\t<meta name=\"twitter:data2\" content=\"2 minuuttia\" \/>\n<script type=\"application\/ld+json\" class=\"yoast-schema-graph\">{\"@context\":\"https:\/\/schema.org\",\"@graph\":[{\"@type\":\"WebPage\",\"@id\":\"https:\/\/suomenkuvalehti.fi\/kirjailijanpaivakirja\/sama-teksti-eri-kirja\/\",\"url\":\"https:\/\/suomenkuvalehti.fi\/kirjailijanpaivakirja\/sama-teksti-eri-kirja\/\",\"name\":\"Sama teksti, eri kirja - Kirjailijan p\u00e4iv\u00e4kirja\",\"isPartOf\":{\"@id\":\"https:\/\/suomenkuvalehti.fi\/kirjailijanpaivakirja\/#website\"},\"datePublished\":\"2014-12-22T10:02:51+00:00\",\"dateModified\":\"2014-12-22T10:03:57+00:00\",\"author\":{\"@id\":\"https:\/\/suomenkuvalehti.fi\/kirjailijanpaivakirja\/#\/schema\/person\/ca2dfd9d508d8c675e07b3c099fc789b\"},\"breadcrumb\":{\"@id\":\"https:\/\/suomenkuvalehti.fi\/kirjailijanpaivakirja\/sama-teksti-eri-kirja\/#breadcrumb\"},\"inLanguage\":\"fi\",\"potentialAction\":[{\"@type\":\"ReadAction\",\"target\":[\"https:\/\/suomenkuvalehti.fi\/kirjailijanpaivakirja\/sama-teksti-eri-kirja\/\"]}]},{\"@type\":\"BreadcrumbList\",\"@id\":\"https:\/\/suomenkuvalehti.fi\/kirjailijanpaivakirja\/sama-teksti-eri-kirja\/#breadcrumb\",\"itemListElement\":[{\"@type\":\"ListItem\",\"position\":1,\"name\":\"Home\",\"item\":\"https:\/\/suomenkuvalehti.fi\/kirjailijanpaivakirja\/\"},{\"@type\":\"ListItem\",\"position\":2,\"name\":\"Sama teksti, eri kirja\"}]},{\"@type\":\"WebSite\",\"@id\":\"https:\/\/suomenkuvalehti.fi\/kirjailijanpaivakirja\/#website\",\"url\":\"https:\/\/suomenkuvalehti.fi\/kirjailijanpaivakirja\/\",\"name\":\"Kirjailijan p\u00e4iv\u00e4kirja\",\"description\":\"Proosakirjailijan arkea ja kirjallisuuden ajankohtaisia aiheita.\",\"potentialAction\":[{\"@type\":\"SearchAction\",\"target\":{\"@type\":\"EntryPoint\",\"urlTemplate\":\"https:\/\/suomenkuvalehti.fi\/haku\/?q={search_term_string}\"},\"query-input\":{\"@type\":\"PropertyValueSpecification\",\"valueRequired\":true,\"valueName\":\"search_term_string\"}}],\"inLanguage\":\"fi\"},{\"@type\":\"Person\",\"@id\":\"https:\/\/suomenkuvalehti.fi\/kirjailijanpaivakirja\/#\/schema\/person\/ca2dfd9d508d8c675e07b3c099fc789b\",\"name\":\"Karo H\u00e4m\u00e4l\u00e4inen\",\"image\":{\"@type\":\"ImageObject\",\"inLanguage\":\"fi\",\"@id\":\"https:\/\/suomenkuvalehti.fi\/kirjailijanpaivakirja\/#\/schema\/person\/image\/\",\"url\":\"https:\/\/suomenkuvalehti.fi\/kirjailijanpaivakirja\/wp-content\/uploads\/sites\/21\/2022\/04\/hamalainen_karo06-1-150x150.jpg\",\"contentUrl\":\"https:\/\/suomenkuvalehti.fi\/kirjailijanpaivakirja\/wp-content\/uploads\/sites\/21\/2022\/04\/hamalainen_karo06-1-150x150.jpg\",\"caption\":\"Karo H\u00e4m\u00e4l\u00e4inen\"},\"description\":\"Karo H\u00e4m\u00e4l\u00e4inen on kirjailija ja talouteen erikoistunut vapaa toimittaja.\"}]}<\/script>\n<!-- \/ Yoast SEO plugin. -->","yoast_head_json":{"title":"Sama teksti, eri kirja - Kirjailijan p\u00e4iv\u00e4kirja","robots":{"index":"index","follow":"follow","max-snippet":"max-snippet:-1","max-image-preview":"max-image-preview:large","max-video-preview":"max-video-preview:-1"},"canonical":"https:\/\/suomenkuvalehti.fi\/kirjailijanpaivakirja\/sama-teksti-eri-kirja\/","og_locale":"fi_FI","og_type":"article","og_title":"Sama teksti, eri kirja - Kirjailijan p\u00e4iv\u00e4kirja","og_description":"En pid\u00e4 vain kirjallisuudesta vaan my\u00f6s kirjoista. Olen niin vanhakantainen, ett\u00e4 kirjallisuuden esteettisen kokemuksen erottaminen kirjasta tuntuu vaikealta. Kun e-kirjoista alettiin puhua 1990-luvun lopulla, olin enemm\u00e4n utelias kuin j\u00e4\u00e4r\u00e4. Kaikenmoisesta tietokoneisiin liittyneest\u00e4 varhain innostu&hellip;","og_url":"https:\/\/suomenkuvalehti.fi\/kirjailijanpaivakirja\/sama-teksti-eri-kirja\/","og_site_name":"Kirjailijan p\u00e4iv\u00e4kirja","article_published_time":"2014-12-22T10:02:51+00:00","article_modified_time":"2014-12-22T10:03:57+00:00","og_image":[{"width":2560,"height":1706,"url":"https:\/\/suomenkuvalehti.fi\/kirjailijanpaivakirja\/wp-content\/uploads\/sites\/21\/2022\/04\/hamalainen_karo06-1-scaled.jpg","type":"image\/jpeg"}],"author":"Karo H\u00e4m\u00e4l\u00e4inen","twitter_card":"summary_large_image","twitter_misc":{"Written by":"Karo H\u00e4m\u00e4l\u00e4inen","Est. reading time":"2 minuuttia"},"schema":{"@context":"https:\/\/schema.org","@graph":[{"@type":"WebPage","@id":"https:\/\/suomenkuvalehti.fi\/kirjailijanpaivakirja\/sama-teksti-eri-kirja\/","url":"https:\/\/suomenkuvalehti.fi\/kirjailijanpaivakirja\/sama-teksti-eri-kirja\/","name":"Sama teksti, eri kirja - Kirjailijan p\u00e4iv\u00e4kirja","isPartOf":{"@id":"https:\/\/suomenkuvalehti.fi\/kirjailijanpaivakirja\/#website"},"datePublished":"2014-12-22T10:02:51+00:00","dateModified":"2014-12-22T10:03:57+00:00","author":{"@id":"https:\/\/suomenkuvalehti.fi\/kirjailijanpaivakirja\/#\/schema\/person\/ca2dfd9d508d8c675e07b3c099fc789b"},"breadcrumb":{"@id":"https:\/\/suomenkuvalehti.fi\/kirjailijanpaivakirja\/sama-teksti-eri-kirja\/#breadcrumb"},"inLanguage":"fi","potentialAction":[{"@type":"ReadAction","target":["https:\/\/suomenkuvalehti.fi\/kirjailijanpaivakirja\/sama-teksti-eri-kirja\/"]}]},{"@type":"BreadcrumbList","@id":"https:\/\/suomenkuvalehti.fi\/kirjailijanpaivakirja\/sama-teksti-eri-kirja\/#breadcrumb","itemListElement":[{"@type":"ListItem","position":1,"name":"Home","item":"https:\/\/suomenkuvalehti.fi\/kirjailijanpaivakirja\/"},{"@type":"ListItem","position":2,"name":"Sama teksti, eri kirja"}]},{"@type":"WebSite","@id":"https:\/\/suomenkuvalehti.fi\/kirjailijanpaivakirja\/#website","url":"https:\/\/suomenkuvalehti.fi\/kirjailijanpaivakirja\/","name":"Kirjailijan p\u00e4iv\u00e4kirja","description":"Proosakirjailijan arkea ja kirjallisuuden ajankohtaisia aiheita.","potentialAction":[{"@type":"SearchAction","target":{"@type":"EntryPoint","urlTemplate":"https:\/\/suomenkuvalehti.fi\/haku\/?q={search_term_string}"},"query-input":{"@type":"PropertyValueSpecification","valueRequired":true,"valueName":"search_term_string"}}],"inLanguage":"fi"},{"@type":"Person","@id":"https:\/\/suomenkuvalehti.fi\/kirjailijanpaivakirja\/#\/schema\/person\/ca2dfd9d508d8c675e07b3c099fc789b","name":"Karo H\u00e4m\u00e4l\u00e4inen","image":{"@type":"ImageObject","inLanguage":"fi","@id":"https:\/\/suomenkuvalehti.fi\/kirjailijanpaivakirja\/#\/schema\/person\/image\/","url":"https:\/\/suomenkuvalehti.fi\/kirjailijanpaivakirja\/wp-content\/uploads\/sites\/21\/2022\/04\/hamalainen_karo06-1-150x150.jpg","contentUrl":"https:\/\/suomenkuvalehti.fi\/kirjailijanpaivakirja\/wp-content\/uploads\/sites\/21\/2022\/04\/hamalainen_karo06-1-150x150.jpg","caption":"Karo H\u00e4m\u00e4l\u00e4inen"},"description":"Karo H\u00e4m\u00e4l\u00e4inen on kirjailija ja talouteen erikoistunut vapaa toimittaja."}]}},"_links":{"self":[{"href":"https:\/\/suomenkuvalehti.fi\/kirjailijanpaivakirja\/wp-json\/wp\/v2\/posts\/268","targetHints":{"allow":["GET"]}}],"collection":[{"href":"https:\/\/suomenkuvalehti.fi\/kirjailijanpaivakirja\/wp-json\/wp\/v2\/posts"}],"about":[{"href":"https:\/\/suomenkuvalehti.fi\/kirjailijanpaivakirja\/wp-json\/wp\/v2\/types\/post"}],"author":[{"embeddable":true,"href":"https:\/\/suomenkuvalehti.fi\/kirjailijanpaivakirja\/wp-json\/wp\/v2\/users\/129"}],"replies":[{"embeddable":true,"href":"https:\/\/suomenkuvalehti.fi\/kirjailijanpaivakirja\/wp-json\/wp\/v2\/comments?post=268"}],"version-history":[{"count":2,"href":"https:\/\/suomenkuvalehti.fi\/kirjailijanpaivakirja\/wp-json\/wp\/v2\/posts\/268\/revisions"}],"predecessor-version":[{"id":270,"href":"https:\/\/suomenkuvalehti.fi\/kirjailijanpaivakirja\/wp-json\/wp\/v2\/posts\/268\/revisions\/270"}],"wp:attachment":[{"href":"https:\/\/suomenkuvalehti.fi\/kirjailijanpaivakirja\/wp-json\/wp\/v2\/media?parent=268"}],"wp:term":[{"taxonomy":"category","embeddable":true,"href":"https:\/\/suomenkuvalehti.fi\/kirjailijanpaivakirja\/wp-json\/wp\/v2\/categories?post=268"},{"taxonomy":"post_tag","embeddable":true,"href":"https:\/\/suomenkuvalehti.fi\/kirjailijanpaivakirja\/wp-json\/wp\/v2\/tags?post=268"}],"curies":[{"name":"wp","href":"https:\/\/api.w.org\/{rel}","templated":true}]}}