{"id":263,"date":"2014-12-13T17:07:26","date_gmt":"2014-12-13T15:07:26","guid":{"rendered":"https:\/\/suomenkuvalehti.fi\/kirjailijanpaivakirja\/?p=263"},"modified":"2014-12-13T17:14:20","modified_gmt":"2014-12-13T15:14:20","slug":"miksi-valtonen-sopii-kaikille","status":"publish","type":"post","link":"https:\/\/suomenkuvalehti.fi\/kirjailijanpaivakirja\/miksi-valtonen-sopii-kaikille\/","title":{"rendered":"Miksi Valtonen sopii kaikille?"},"content":{"rendered":"\n<p>Finlandia-palkinnon t\u00e4n\u00e4 vuonna voittaneen Jussi Valtosen <em>He eiv\u00e4t tied\u00e4 mit\u00e4 tekev\u00e4t<\/em> -romaanin kustantaja Tammi tiedotti, ett\u00e4 teosta on painettu jo satatuhatta kappaletta. Tiedotteessa myyntijohtaja Minna Kokka povaa kirjakauppiailta kuulemansa perusteella, ett\u00e4 kirja nousee joululahjahitiksi, &#8221;sill\u00e4 se vetoaa lukijoihin ik\u00e4\u00e4n, sukupuoleen tai lukutottumuksiin katsomatta&#8221;.<\/p>\n\n\n\n<p>Kokan lausahdus on tietenkin mainosta: tarkoitus on ensinn\u00e4kin muistuttaa Valtosen romaanin olemassaolosta ja toiseksi rohkaista v\u00e4h\u00e4nlaisesti kirjoja ostavia ihmisi\u00e4: &#8221;vaikka viel\u00e4 ep\u00e4r\u00f6isit, vastaus on: kyll\u00e4, t\u00e4m\u00e4n voi hankkia lahjaksi \u00e4idille\/veljenpojalle\/serkulle\/naapurin lukiolaistyt\u00f6lle&#8221;.<\/p>\n\n\n\n<p>Mainoslauseeksi lausahdus on sik\u00e4li oivallinen, ett\u00e4 se pit\u00e4\u00e4 paikkansa. <em>He eiv\u00e4t tied\u00e4 mit\u00e4 tekev\u00e4t<\/em> on teos, joka kaiken j\u00e4rjen mukaan kiinnostaa laajempaa lukijakuntaa kuin vaikkapa viimevuotinen Finlandia-voittaja Riikka Pelon <em>Jokap\u00e4iv\u00e4inen el\u00e4m\u00e4mme<\/em>.<\/p>\n\n\n\n<p>Valtosen romaanilla on Finlandia-palkinnon my\u00f6t\u00e4 laatuleima: se on todettu korkeatasoiseksi kaunokirjallisuudeksi. Siksi se kiinnostaa v\u00e4ist\u00e4m\u00e4tt\u00e4 niit\u00e4, jotka seuraavat kaunokirjallisuutta ja haluavat osallistua kirjallisuudesta k\u00e4yt\u00e4v\u00e4\u00e4n keskusteluun. Kun Valtonen lis\u00e4ksi on ennalta v\u00e4h\u00e4n tunnettu tekij\u00e4, h\u00e4neen t\u00e4ytyy tutustua, eik\u00e4 toisaalta ole j\u00e4rin paljon niit\u00e4, jotka toteaisivat, etteiv\u00e4t v\u00e4lit\u00e4 lukea kirjaa, koska eiv\u00e4t ole pit\u00e4neet edellisist\u00e4. Edellisi\u00e4 lukeneita kun on v\u00e4h\u00e4nlaisesti.<\/p>\n\n\n\n<p><em>He eiv\u00e4t tied\u00e4 mit\u00e4 tekev\u00e4t<\/em> on paksu ja tihe\u00e4sti painettu, mutta seh\u00e4n ei haittaa, kun joululahjasta on kyse. Tulee komea paketti, ja paksujahan ovat monet yhdysvaltalaiset nykyromaanitkin, joita Valtosen teos muistuttaa. Massiivinen tekstim\u00e4\u00e4r\u00e4 kaiken lis\u00e4ksi taittuu nopeasti, sill\u00e4 Valtonen ei keimaile kielell\u00e4 vaan kirjoittaa suoraviivaista kertovaa proosaa. <em>He eiv\u00e4t tied\u00e4 mit\u00e4 tekev\u00e4t<\/em> haastaa ajatuksia, ei kielitajua.<\/p>\n\n\n\n<p>Valtosen romaani vetoaa \u00e4lyyn. Sen kolmesta keskeisest\u00e4 henkil\u00f6st\u00e4 kaksi on miehi\u00e4, is\u00e4 ja poika. Stereotyyppisesti ajatellen <em>He eiv\u00e4t tied\u00e4 mit\u00e4 tekev\u00e4t<\/em> kiinnostanee mieslukijoita enemm\u00e4n kuin Finlandia-voittaja keskim\u00e4\u00e4rin, mik\u00e4 laajentaa potentiaalista lahjansaajakuntaa. Romaanin voi kuvitella yhden kirjan vuodessa lukevan parikymppisen it-n\u00f6rtin yht\u00e4 hyvin kuin lukemista ahkerasti harrastavan keski-ik\u00e4isen naisen y\u00f6p\u00f6yd\u00e4lle. Se on realistinen ja samalla siin\u00e4 on mausteeksi scifielementtej\u00e4. Spekulatiivisen fiktion harrastajille Valtosen romaani on must.<\/p>\n\n\n\n<p>Luetteloa voisi jatkaa. N\u00e4m\u00e4 kaikki ovat romaanin ominaisuuksia, jotka ovat olleet romaanissa jo ennen kuin sit\u00e4 oli painettu, ennen kuin se oli tullut kauppoihin, p\u00e4\u00e4tynyt Finlandia-ehdokkaaksi ja voittanut palkinnon.\nSilti ne huomataan vasta nyt, sill\u00e4 kirjan kaupallinen potentiaali alkoi realisoitua vasta palkintoehdokkuuden my\u00f6t\u00e4. Uskoakseni kirjan ensimm\u00e4inen painos oli selv\u00e4sti alle tuhat kappaletta. Se ei kuulunut kustantajansa markkinointi- tai viestint\u00e4listoille, ja my\u00f6hemmin arvostelukappaleiden saaminen teoksesta on ollut painosten loppumisen vuoksi ollut vaikeaa. Kiinnostus yll\u00e4tti kustantajan useaan otteeseen, iloisesti toki.<\/p>\n\n\n\n<p><em>He eiv\u00e4t tied\u00e4 mit\u00e4 tekev\u00e4t<\/em> kuvaa hyvin kirjabisneksen realismia. Suomessa ilmestyy kymmeni\u00e4 kaunokirjallisesti korkeatasoisia teoksia, joilla on kaikki edellytykset nousta koko kansan hiteiksi, kunhan vain joku l\u00f6yt\u00e4isi ne. Ja kun joku riitt\u00e4v\u00e4n arvovaltaisella paikalla oleva l\u00f6yt\u00e4\u00e4 \u2013 <em>He eiv\u00e4t tied\u00e4 mit\u00e4 tekev\u00e4t<\/em> -romaanin kohdalla ensin Finlandia-raati ja lopulta Anne Brunila, vaikkapa Tommi Kinnusen <em>Nelj\u00e4ntienristeyksen<\/em> kohdalla Hesarin kriitikko Antti Majander \u2013, myynti on auki taivasta my\u00f6ten.<\/p>\n\n\n\n<p>Sadantuhannen kappaleen painosm\u00e4\u00e4r\u00e4st\u00e4 j\u00e4\u00e4 varmasti kirjoja poistomyyntiinkin, mutta joka tapauksessa <em>He eiv\u00e4t tied\u00e4 mit\u00e4 tekev\u00e4t<\/em> myynee satakertaisesti sen, mit\u00e4 realistisesti voitiin odottaa vain reilu kuukausi sitten.<\/p>\n\n\n","protected":false},"excerpt":{"rendered":"<p>Finlandia-palkinnon t\u00e4n\u00e4 vuonna voittaneen Jussi Valtosen He eiv\u00e4t tied\u00e4 mit\u00e4 tekev\u00e4t -romaanin kustantaja Tammi tiedotti, ett\u00e4 teosta on painettu jo satatuhatta kappaletta. Tiedotteessa myyntijohtaja Minna Kokka povaa kirjakauppiailta kuulemansa perusteella, ett\u00e4 kirja nousee<br \/>\njoulula&hellip;<\/p>\n","protected":false},"author":129,"featured_media":0,"comment_status":"open","ping_status":"open","sticky":false,"template":"","format":"standard","meta":{"_acf_changed":false,"asauth_required_access_level":3,"asauth_cansharepaid":"true","om_header_attributes":[],"footnotes":"","om_featured_image_focal_point":[],"om_primary_tag":0,"om_contributors":[],"om_co_authors":[],"beyondwords_generate_audio":"","beyondwords_project_id":"","beyondwords_content_id":"","beyondwords_preview_token":"","beyondwords_player_content":"","beyondwords_player_style":"","beyondwords_language_code":"","beyondwords_language_id":"","beyondwords_title_voice_id":"","beyondwords_body_voice_id":"","beyondwords_summary_voice_id":"","beyondwords_error_message":"","beyondwords_disabled":"","beyondwords_delete_content":"","beyondwords_podcast_id":"","beyondwords_hash":"","publish_post_to_speechkit":"","speechkit_hash":"","speechkit_generate_audio":"","speechkit_project_id":"","speechkit_podcast_id":"","speechkit_error_message":"","speechkit_disabled":"","speechkit_access_key":"","speechkit_error":"","speechkit_info":"","speechkit_response":"","speechkit_retries":"","speechkit_status":"","speechkit_updated_at":"","_speechkit_link":"","_speechkit_text":""},"categories":[1],"tags":[327,328,314],"class_list":["post-263","post","type-post","status-publish","format-standard","hentry","category-kirjailijan-paivakirja","tag-finlandia","tag-he-eivat-tieda-mita-tekevat","tag-jussi-valtonen"],"om_views":null,"acf":{"tuuma_off":false,"tuuma_kysymys":"","tuuma_vastaus":""},"asauth":{"required_access_level":1,"share_token":"","is_paid":false},"yoast_head":"<!-- This site is optimized with the Yoast SEO plugin v26.4 - https:\/\/yoast.com\/wordpress\/plugins\/seo\/ -->\n<title>Miksi Valtonen sopii kaikille? - Kirjailijan p\u00e4iv\u00e4kirja<\/title>\n<meta name=\"robots\" content=\"index, follow, max-snippet:-1, max-image-preview:large, max-video-preview:-1\" \/>\n<link rel=\"canonical\" href=\"https:\/\/suomenkuvalehti.fi\/kirjailijanpaivakirja\/miksi-valtonen-sopii-kaikille\/\" \/>\n<meta property=\"og:locale\" content=\"fi_FI\" \/>\n<meta property=\"og:type\" content=\"article\" \/>\n<meta property=\"og:title\" content=\"Miksi Valtonen sopii kaikille? - Kirjailijan p\u00e4iv\u00e4kirja\" \/>\n<meta property=\"og:description\" content=\"Finlandia-palkinnon t\u00e4n\u00e4 vuonna voittaneen Jussi Valtosen He eiv\u00e4t tied\u00e4 mit\u00e4 tekev\u00e4t -romaanin kustantaja Tammi tiedotti, ett\u00e4 teosta on painettu jo satatuhatta kappaletta. Tiedotteessa myyntijohtaja Minna Kokka povaa kirjakauppiailta kuulemansa perusteella, ett\u00e4 kirja nousee joulula&hellip;\" \/>\n<meta property=\"og:url\" content=\"https:\/\/suomenkuvalehti.fi\/kirjailijanpaivakirja\/miksi-valtonen-sopii-kaikille\/\" \/>\n<meta property=\"og:site_name\" content=\"Kirjailijan p\u00e4iv\u00e4kirja\" \/>\n<meta property=\"article:published_time\" content=\"2014-12-13T15:07:26+00:00\" \/>\n<meta property=\"article:modified_time\" content=\"2014-12-13T15:14:20+00:00\" \/>\n<meta property=\"og:image\" content=\"https:\/\/suomenkuvalehti.fi\/kirjailijanpaivakirja\/wp-content\/uploads\/sites\/21\/2022\/04\/hamalainen_karo06-1-scaled.jpg\" \/>\n\t<meta property=\"og:image:width\" content=\"2560\" \/>\n\t<meta property=\"og:image:height\" content=\"1706\" \/>\n\t<meta property=\"og:image:type\" content=\"image\/jpeg\" \/>\n<meta name=\"author\" content=\"Karo H\u00e4m\u00e4l\u00e4inen\" \/>\n<meta name=\"twitter:card\" content=\"summary_large_image\" \/>\n<meta name=\"twitter:label1\" content=\"Written by\" \/>\n\t<meta name=\"twitter:data1\" content=\"Karo H\u00e4m\u00e4l\u00e4inen\" \/>\n\t<meta name=\"twitter:label2\" content=\"Est. reading time\" \/>\n\t<meta name=\"twitter:data2\" content=\"3 minuuttia\" \/>\n<script type=\"application\/ld+json\" class=\"yoast-schema-graph\">{\"@context\":\"https:\/\/schema.org\",\"@graph\":[{\"@type\":\"WebPage\",\"@id\":\"https:\/\/suomenkuvalehti.fi\/kirjailijanpaivakirja\/miksi-valtonen-sopii-kaikille\/\",\"url\":\"https:\/\/suomenkuvalehti.fi\/kirjailijanpaivakirja\/miksi-valtonen-sopii-kaikille\/\",\"name\":\"Miksi Valtonen sopii kaikille? - Kirjailijan p\u00e4iv\u00e4kirja\",\"isPartOf\":{\"@id\":\"https:\/\/suomenkuvalehti.fi\/kirjailijanpaivakirja\/#website\"},\"datePublished\":\"2014-12-13T15:07:26+00:00\",\"dateModified\":\"2014-12-13T15:14:20+00:00\",\"author\":{\"@id\":\"https:\/\/suomenkuvalehti.fi\/kirjailijanpaivakirja\/#\/schema\/person\/ca2dfd9d508d8c675e07b3c099fc789b\"},\"breadcrumb\":{\"@id\":\"https:\/\/suomenkuvalehti.fi\/kirjailijanpaivakirja\/miksi-valtonen-sopii-kaikille\/#breadcrumb\"},\"inLanguage\":\"fi\",\"potentialAction\":[{\"@type\":\"ReadAction\",\"target\":[\"https:\/\/suomenkuvalehti.fi\/kirjailijanpaivakirja\/miksi-valtonen-sopii-kaikille\/\"]}]},{\"@type\":\"BreadcrumbList\",\"@id\":\"https:\/\/suomenkuvalehti.fi\/kirjailijanpaivakirja\/miksi-valtonen-sopii-kaikille\/#breadcrumb\",\"itemListElement\":[{\"@type\":\"ListItem\",\"position\":1,\"name\":\"Home\",\"item\":\"https:\/\/suomenkuvalehti.fi\/kirjailijanpaivakirja\/\"},{\"@type\":\"ListItem\",\"position\":2,\"name\":\"Miksi Valtonen sopii kaikille?\"}]},{\"@type\":\"WebSite\",\"@id\":\"https:\/\/suomenkuvalehti.fi\/kirjailijanpaivakirja\/#website\",\"url\":\"https:\/\/suomenkuvalehti.fi\/kirjailijanpaivakirja\/\",\"name\":\"Kirjailijan p\u00e4iv\u00e4kirja\",\"description\":\"Proosakirjailijan arkea ja kirjallisuuden ajankohtaisia aiheita.\",\"potentialAction\":[{\"@type\":\"SearchAction\",\"target\":{\"@type\":\"EntryPoint\",\"urlTemplate\":\"https:\/\/suomenkuvalehti.fi\/haku\/?q={search_term_string}\"},\"query-input\":{\"@type\":\"PropertyValueSpecification\",\"valueRequired\":true,\"valueName\":\"search_term_string\"}}],\"inLanguage\":\"fi\"},{\"@type\":\"Person\",\"@id\":\"https:\/\/suomenkuvalehti.fi\/kirjailijanpaivakirja\/#\/schema\/person\/ca2dfd9d508d8c675e07b3c099fc789b\",\"name\":\"Karo H\u00e4m\u00e4l\u00e4inen\",\"image\":{\"@type\":\"ImageObject\",\"inLanguage\":\"fi\",\"@id\":\"https:\/\/suomenkuvalehti.fi\/kirjailijanpaivakirja\/#\/schema\/person\/image\/\",\"url\":\"https:\/\/suomenkuvalehti.fi\/kirjailijanpaivakirja\/wp-content\/uploads\/sites\/21\/2022\/04\/hamalainen_karo06-1-150x150.jpg\",\"contentUrl\":\"https:\/\/suomenkuvalehti.fi\/kirjailijanpaivakirja\/wp-content\/uploads\/sites\/21\/2022\/04\/hamalainen_karo06-1-150x150.jpg\",\"caption\":\"Karo H\u00e4m\u00e4l\u00e4inen\"},\"description\":\"Karo H\u00e4m\u00e4l\u00e4inen on kirjailija ja talouteen erikoistunut vapaa toimittaja.\"}]}<\/script>\n<!-- \/ Yoast SEO plugin. -->","yoast_head_json":{"title":"Miksi Valtonen sopii kaikille? - Kirjailijan p\u00e4iv\u00e4kirja","robots":{"index":"index","follow":"follow","max-snippet":"max-snippet:-1","max-image-preview":"max-image-preview:large","max-video-preview":"max-video-preview:-1"},"canonical":"https:\/\/suomenkuvalehti.fi\/kirjailijanpaivakirja\/miksi-valtonen-sopii-kaikille\/","og_locale":"fi_FI","og_type":"article","og_title":"Miksi Valtonen sopii kaikille? - Kirjailijan p\u00e4iv\u00e4kirja","og_description":"Finlandia-palkinnon t\u00e4n\u00e4 vuonna voittaneen Jussi Valtosen He eiv\u00e4t tied\u00e4 mit\u00e4 tekev\u00e4t -romaanin kustantaja Tammi tiedotti, ett\u00e4 teosta on painettu jo satatuhatta kappaletta. Tiedotteessa myyntijohtaja Minna Kokka povaa kirjakauppiailta kuulemansa perusteella, ett\u00e4 kirja nousee joulula&hellip;","og_url":"https:\/\/suomenkuvalehti.fi\/kirjailijanpaivakirja\/miksi-valtonen-sopii-kaikille\/","og_site_name":"Kirjailijan p\u00e4iv\u00e4kirja","article_published_time":"2014-12-13T15:07:26+00:00","article_modified_time":"2014-12-13T15:14:20+00:00","og_image":[{"width":2560,"height":1706,"url":"https:\/\/suomenkuvalehti.fi\/kirjailijanpaivakirja\/wp-content\/uploads\/sites\/21\/2022\/04\/hamalainen_karo06-1-scaled.jpg","type":"image\/jpeg"}],"author":"Karo H\u00e4m\u00e4l\u00e4inen","twitter_card":"summary_large_image","twitter_misc":{"Written by":"Karo H\u00e4m\u00e4l\u00e4inen","Est. reading time":"3 minuuttia"},"schema":{"@context":"https:\/\/schema.org","@graph":[{"@type":"WebPage","@id":"https:\/\/suomenkuvalehti.fi\/kirjailijanpaivakirja\/miksi-valtonen-sopii-kaikille\/","url":"https:\/\/suomenkuvalehti.fi\/kirjailijanpaivakirja\/miksi-valtonen-sopii-kaikille\/","name":"Miksi Valtonen sopii kaikille? - Kirjailijan p\u00e4iv\u00e4kirja","isPartOf":{"@id":"https:\/\/suomenkuvalehti.fi\/kirjailijanpaivakirja\/#website"},"datePublished":"2014-12-13T15:07:26+00:00","dateModified":"2014-12-13T15:14:20+00:00","author":{"@id":"https:\/\/suomenkuvalehti.fi\/kirjailijanpaivakirja\/#\/schema\/person\/ca2dfd9d508d8c675e07b3c099fc789b"},"breadcrumb":{"@id":"https:\/\/suomenkuvalehti.fi\/kirjailijanpaivakirja\/miksi-valtonen-sopii-kaikille\/#breadcrumb"},"inLanguage":"fi","potentialAction":[{"@type":"ReadAction","target":["https:\/\/suomenkuvalehti.fi\/kirjailijanpaivakirja\/miksi-valtonen-sopii-kaikille\/"]}]},{"@type":"BreadcrumbList","@id":"https:\/\/suomenkuvalehti.fi\/kirjailijanpaivakirja\/miksi-valtonen-sopii-kaikille\/#breadcrumb","itemListElement":[{"@type":"ListItem","position":1,"name":"Home","item":"https:\/\/suomenkuvalehti.fi\/kirjailijanpaivakirja\/"},{"@type":"ListItem","position":2,"name":"Miksi Valtonen sopii kaikille?"}]},{"@type":"WebSite","@id":"https:\/\/suomenkuvalehti.fi\/kirjailijanpaivakirja\/#website","url":"https:\/\/suomenkuvalehti.fi\/kirjailijanpaivakirja\/","name":"Kirjailijan p\u00e4iv\u00e4kirja","description":"Proosakirjailijan arkea ja kirjallisuuden ajankohtaisia aiheita.","potentialAction":[{"@type":"SearchAction","target":{"@type":"EntryPoint","urlTemplate":"https:\/\/suomenkuvalehti.fi\/haku\/?q={search_term_string}"},"query-input":{"@type":"PropertyValueSpecification","valueRequired":true,"valueName":"search_term_string"}}],"inLanguage":"fi"},{"@type":"Person","@id":"https:\/\/suomenkuvalehti.fi\/kirjailijanpaivakirja\/#\/schema\/person\/ca2dfd9d508d8c675e07b3c099fc789b","name":"Karo H\u00e4m\u00e4l\u00e4inen","image":{"@type":"ImageObject","inLanguage":"fi","@id":"https:\/\/suomenkuvalehti.fi\/kirjailijanpaivakirja\/#\/schema\/person\/image\/","url":"https:\/\/suomenkuvalehti.fi\/kirjailijanpaivakirja\/wp-content\/uploads\/sites\/21\/2022\/04\/hamalainen_karo06-1-150x150.jpg","contentUrl":"https:\/\/suomenkuvalehti.fi\/kirjailijanpaivakirja\/wp-content\/uploads\/sites\/21\/2022\/04\/hamalainen_karo06-1-150x150.jpg","caption":"Karo H\u00e4m\u00e4l\u00e4inen"},"description":"Karo H\u00e4m\u00e4l\u00e4inen on kirjailija ja talouteen erikoistunut vapaa toimittaja."}]}},"_links":{"self":[{"href":"https:\/\/suomenkuvalehti.fi\/kirjailijanpaivakirja\/wp-json\/wp\/v2\/posts\/263","targetHints":{"allow":["GET"]}}],"collection":[{"href":"https:\/\/suomenkuvalehti.fi\/kirjailijanpaivakirja\/wp-json\/wp\/v2\/posts"}],"about":[{"href":"https:\/\/suomenkuvalehti.fi\/kirjailijanpaivakirja\/wp-json\/wp\/v2\/types\/post"}],"author":[{"embeddable":true,"href":"https:\/\/suomenkuvalehti.fi\/kirjailijanpaivakirja\/wp-json\/wp\/v2\/users\/129"}],"replies":[{"embeddable":true,"href":"https:\/\/suomenkuvalehti.fi\/kirjailijanpaivakirja\/wp-json\/wp\/v2\/comments?post=263"}],"version-history":[{"count":1,"href":"https:\/\/suomenkuvalehti.fi\/kirjailijanpaivakirja\/wp-json\/wp\/v2\/posts\/263\/revisions"}],"predecessor-version":[{"id":264,"href":"https:\/\/suomenkuvalehti.fi\/kirjailijanpaivakirja\/wp-json\/wp\/v2\/posts\/263\/revisions\/264"}],"wp:attachment":[{"href":"https:\/\/suomenkuvalehti.fi\/kirjailijanpaivakirja\/wp-json\/wp\/v2\/media?parent=263"}],"wp:term":[{"taxonomy":"category","embeddable":true,"href":"https:\/\/suomenkuvalehti.fi\/kirjailijanpaivakirja\/wp-json\/wp\/v2\/categories?post=263"},{"taxonomy":"post_tag","embeddable":true,"href":"https:\/\/suomenkuvalehti.fi\/kirjailijanpaivakirja\/wp-json\/wp\/v2\/tags?post=263"}],"curies":[{"name":"wp","href":"https:\/\/api.w.org\/{rel}","templated":true}]}}