{"id":2569,"date":"2023-11-06T10:43:56","date_gmt":"2023-11-06T08:43:56","guid":{"rendered":"https:\/\/suomenkuvalehti.fi\/kirjailijanpaivakirja\/?p=2569"},"modified":"2023-11-06T12:55:00","modified_gmt":"2023-11-06T10:55:00","slug":"kuukauden-lukijan-rauli-virtasen-viesti-nuorelle-itselleen-go-west-young-man","status":"publish","type":"post","link":"https:\/\/suomenkuvalehti.fi\/kirjailijanpaivakirja\/kuukauden-lukijan-rauli-virtasen-viesti-nuorelle-itselleen-go-west-young-man\/","title":{"rendered":"Kuukauden lukijan Rauli Virtasen viesti nuorelle itselleen: \u201dGo West young man!\u201d"},"content":{"rendered":"\n<p>Toimittaja ja tietokirjailija<strong> Rauli Virtanen<\/strong> reissaa ahkerasti maailmalla. Seuraavaksi suuntana on Kaakkois-Aasia. Aiemmin syksyll\u00e4 Virtaselta ilmestyi muistelmateos <em>T\u00e4\u00e4ll\u00e4 Rauli Virtanen \u2013 Kohtaamisia Vietnamista Ukrainaan<\/em> (WSOY).<\/p>\n\n\n\n<p>Virtanen on marraskuun lukija.<\/p>\n\n\n\n<p><\/p>\n\n\n\n<p><strong>Mink\u00e4 kirjan olet lukenut viimeksi, Rauli Virtanen?<\/strong><\/p>\n\n\n\n<p>\u201d<strong>David Van Reybrouckin<\/strong> kirjan <em>Revolusi \u2013 Indonesia ja modernin maailman synty<\/em> (suom. <strong>Sanna van Leeuwen<\/strong>, Siltala 2023).\u201d<\/p>\n\n\n\n<p><\/p>\n\n\n\n<p><strong>Luetko enemm\u00e4n tieto- vai kaunokirjallisuutta?<\/strong><\/p>\n\n\n\n<p>\u201dTy\u00f6ni vuoksi suhteettoman paljon tietokirjallisuutta. Pit\u00e4\u00e4 ryhdist\u00e4yty\u00e4.\u201d<\/p>\n\n\n\n<p><\/p>\n\n\n\n<p><strong>Kuunteletko \u00e4\u00e4nikirjoja?<\/strong><\/p>\n\n\n\n<p>\u201dJoskus pitkill\u00e4 lentomatkoilla, mutta niill\u00e4kin mieluummin kirja k\u00e4dess\u00e4.\u201d<\/p>\n\n\n\n<p><\/p>\n\n\n\n<p><strong>Mit\u00e4 olet viimeksi oppinut kirjasta?<\/strong><\/p>\n\n\n\n<p>\u201dItsen\u00e4isyysliikkeiden palosta ja tuskasta, Indonesiasta Palestiinaan.\u201d<\/p>\n\n\n\n<p><\/p>\n\n\n\n<p><strong>Jos saisit antaa yhden kirjan 18-vuotiaalle itsellesi, mink\u00e4 kirjan antaisit ja mit\u00e4 sanoisit sen ojentaessasi?<\/strong><\/p>\n\n\n\n<p>\u201d<strong>Jack Kerouacin<\/strong> kirjan <em>On the road<\/em>.<\/p>\n\n\n\n<p>\u201dSanoisin: \u2019Go West young man!\u2019<\/p>\n\n\n\n<p>\u201dLiftasin Meksikosta Alaskaan vuonna 1971.\u201d<\/p>\n\n\n\n<p><\/p>\n\n\n\n<p><strong>Jos l\u00e4htisit lomalle paratiisisaarelle ja matkalaukkuun mahtuisi vain yksi kirja, mink\u00e4 ottaisit?<\/strong><\/p>\n\n\n\n<p>\u201dHyllyss\u00e4ni olevan <em>Seitsem\u00e4n veljest\u00e4<\/em>. Se on vuodelta 1949, eli vuotta nuorempi kuin min\u00e4. Per\u00e4isin mummolan kirjahyllyst\u00e4.\u201d<\/p>\n\n\n\n<p><\/p>\n\n\n\n<p><strong>Mit\u00e4 sinulla on parhaillaan ty\u00f6n alla?<\/strong><\/p>\n\n\n\n<p>\u201dReportaasi- ja luentomatka Kaakkois-Aasiaan, miss\u00e4 valokuvistani on tulossa kaksi n\u00e4yttely\u00e4.\u201d<\/p>\n","protected":false},"excerpt":{"rendered":"<p>Toimittaja ja tietokirjailija Rauli Virtanen reissaa ahkerasti maailmalla. Seuraavaksi suuntana on Kaakkois-Aasia. Aiemmin syksyll\u00e4 Virtaselta ilmestyi muistelmateos T\u00e4\u00e4ll\u00e4 Rauli Virtanen \u2013 Kohtaamisia Vietnamista Ukrainaan (WSOY). Virtanen on<br \/>\nmarra&hellip;<\/p>\n","protected":false},"author":129,"featured_media":0,"comment_status":"open","ping_status":"open","sticky":false,"template":"","format":"standard","meta":{"_acf_changed":false,"asauth_required_access_level":3,"asauth_cansharepaid":"true","om_header_attributes":[],"footnotes":"","om_featured_image_focal_point":[],"om_primary_tag":1516,"om_contributors":[],"om_co_authors":[],"beyondwords_generate_audio":"","beyondwords_project_id":"","beyondwords_content_id":"","beyondwords_preview_token":"","beyondwords_player_content":"","beyondwords_player_style":"","beyondwords_language_code":"","beyondwords_language_id":"","beyondwords_title_voice_id":"","beyondwords_body_voice_id":"","beyondwords_summary_voice_id":"","beyondwords_error_message":"","beyondwords_disabled":"","beyondwords_delete_content":"","beyondwords_podcast_id":"","beyondwords_hash":"","publish_post_to_speechkit":"","speechkit_hash":"","speechkit_generate_audio":"","speechkit_project_id":"","speechkit_podcast_id":"","speechkit_error_message":"","speechkit_disabled":"","speechkit_access_key":"","speechkit_error":"","speechkit_info":"","speechkit_response":"","speechkit_retries":"","speechkit_status":"","speechkit_updated_at":"","_speechkit_link":"","_speechkit_text":""},"categories":[1],"tags":[1516,1634],"class_list":["post-2569","post","type-post","status-publish","format-standard","hentry","category-kirjailijan-paivakirja","tag-kuukauden-lukija","tag-rauli-virtanen"],"om_views":null,"acf":{"tuuma_off":false,"tuuma_kysymys":"","tuuma_vastaus":""},"asauth":{"required_access_level":1,"share_token":"","is_paid":false},"yoast_head":"<!-- This site is optimized with the Yoast SEO plugin v26.4 - https:\/\/yoast.com\/wordpress\/plugins\/seo\/ -->\n<title>Kuukauden lukijan Rauli Virtasen viesti nuorelle itselleen: \u201dGo West young man!\u201d - Kirjailijan p\u00e4iv\u00e4kirja<\/title>\n<meta name=\"robots\" content=\"index, follow, max-snippet:-1, max-image-preview:large, max-video-preview:-1\" \/>\n<link rel=\"canonical\" href=\"https:\/\/suomenkuvalehti.fi\/kirjailijanpaivakirja\/kuukauden-lukijan-rauli-virtasen-viesti-nuorelle-itselleen-go-west-young-man\/\" \/>\n<meta property=\"og:locale\" content=\"fi_FI\" \/>\n<meta property=\"og:type\" content=\"article\" \/>\n<meta property=\"og:title\" content=\"Kuukauden lukijan Rauli Virtasen viesti nuorelle itselleen: \u201dGo West young man!\u201d - Kirjailijan p\u00e4iv\u00e4kirja\" \/>\n<meta property=\"og:description\" content=\"Toimittaja ja tietokirjailija Rauli Virtanen reissaa ahkerasti maailmalla. Seuraavaksi suuntana on Kaakkois-Aasia. Aiemmin syksyll\u00e4 Virtaselta ilmestyi muistelmateos T\u00e4\u00e4ll\u00e4 Rauli Virtanen \u2013 Kohtaamisia Vietnamista Ukrainaan (WSOY). Virtanen on marra&hellip;\" \/>\n<meta property=\"og:url\" content=\"https:\/\/suomenkuvalehti.fi\/kirjailijanpaivakirja\/kuukauden-lukijan-rauli-virtasen-viesti-nuorelle-itselleen-go-west-young-man\/\" \/>\n<meta property=\"og:site_name\" content=\"Kirjailijan p\u00e4iv\u00e4kirja\" \/>\n<meta property=\"article:published_time\" content=\"2023-11-06T08:43:56+00:00\" \/>\n<meta property=\"article:modified_time\" content=\"2023-11-06T10:55:00+00:00\" \/>\n<meta property=\"og:image\" content=\"https:\/\/suomenkuvalehti.fi\/kirjailijanpaivakirja\/wp-content\/uploads\/sites\/21\/2022\/04\/hamalainen_karo06-1-scaled.jpg\" \/>\n\t<meta property=\"og:image:width\" content=\"2560\" \/>\n\t<meta property=\"og:image:height\" content=\"1706\" \/>\n\t<meta property=\"og:image:type\" content=\"image\/jpeg\" \/>\n<meta name=\"author\" content=\"Karo H\u00e4m\u00e4l\u00e4inen\" \/>\n<meta name=\"twitter:card\" content=\"summary_large_image\" \/>\n<meta name=\"twitter:label1\" content=\"Written by\" \/>\n\t<meta name=\"twitter:data1\" content=\"Karo H\u00e4m\u00e4l\u00e4inen\" \/>\n\t<meta name=\"twitter:label2\" content=\"Est. reading time\" \/>\n\t<meta name=\"twitter:data2\" content=\"1 minuutti\" \/>\n<script type=\"application\/ld+json\" class=\"yoast-schema-graph\">{\"@context\":\"https:\/\/schema.org\",\"@graph\":[{\"@type\":\"WebPage\",\"@id\":\"https:\/\/suomenkuvalehti.fi\/kirjailijanpaivakirja\/kuukauden-lukijan-rauli-virtasen-viesti-nuorelle-itselleen-go-west-young-man\/\",\"url\":\"https:\/\/suomenkuvalehti.fi\/kirjailijanpaivakirja\/kuukauden-lukijan-rauli-virtasen-viesti-nuorelle-itselleen-go-west-young-man\/\",\"name\":\"Kuukauden lukijan Rauli Virtasen viesti nuorelle itselleen: \u201dGo West young man!\u201d - Kirjailijan p\u00e4iv\u00e4kirja\",\"isPartOf\":{\"@id\":\"https:\/\/suomenkuvalehti.fi\/kirjailijanpaivakirja\/#website\"},\"datePublished\":\"2023-11-06T08:43:56+00:00\",\"dateModified\":\"2023-11-06T10:55:00+00:00\",\"author\":{\"@id\":\"https:\/\/suomenkuvalehti.fi\/kirjailijanpaivakirja\/#\/schema\/person\/ca2dfd9d508d8c675e07b3c099fc789b\"},\"breadcrumb\":{\"@id\":\"https:\/\/suomenkuvalehti.fi\/kirjailijanpaivakirja\/kuukauden-lukijan-rauli-virtasen-viesti-nuorelle-itselleen-go-west-young-man\/#breadcrumb\"},\"inLanguage\":\"fi\",\"potentialAction\":[{\"@type\":\"ReadAction\",\"target\":[\"https:\/\/suomenkuvalehti.fi\/kirjailijanpaivakirja\/kuukauden-lukijan-rauli-virtasen-viesti-nuorelle-itselleen-go-west-young-man\/\"]}]},{\"@type\":\"BreadcrumbList\",\"@id\":\"https:\/\/suomenkuvalehti.fi\/kirjailijanpaivakirja\/kuukauden-lukijan-rauli-virtasen-viesti-nuorelle-itselleen-go-west-young-man\/#breadcrumb\",\"itemListElement\":[{\"@type\":\"ListItem\",\"position\":1,\"name\":\"Home\",\"item\":\"https:\/\/suomenkuvalehti.fi\/kirjailijanpaivakirja\/\"},{\"@type\":\"ListItem\",\"position\":2,\"name\":\"Kuukauden lukijan Rauli Virtasen viesti nuorelle itselleen: \u201dGo West young man!\u201d\"}]},{\"@type\":\"WebSite\",\"@id\":\"https:\/\/suomenkuvalehti.fi\/kirjailijanpaivakirja\/#website\",\"url\":\"https:\/\/suomenkuvalehti.fi\/kirjailijanpaivakirja\/\",\"name\":\"Kirjailijan p\u00e4iv\u00e4kirja\",\"description\":\"Proosakirjailijan arkea ja kirjallisuuden ajankohtaisia aiheita.\",\"potentialAction\":[{\"@type\":\"SearchAction\",\"target\":{\"@type\":\"EntryPoint\",\"urlTemplate\":\"https:\/\/suomenkuvalehti.fi\/haku\/?q={search_term_string}\"},\"query-input\":{\"@type\":\"PropertyValueSpecification\",\"valueRequired\":true,\"valueName\":\"search_term_string\"}}],\"inLanguage\":\"fi\"},{\"@type\":\"Person\",\"@id\":\"https:\/\/suomenkuvalehti.fi\/kirjailijanpaivakirja\/#\/schema\/person\/ca2dfd9d508d8c675e07b3c099fc789b\",\"name\":\"Karo H\u00e4m\u00e4l\u00e4inen\",\"image\":{\"@type\":\"ImageObject\",\"inLanguage\":\"fi\",\"@id\":\"https:\/\/suomenkuvalehti.fi\/kirjailijanpaivakirja\/#\/schema\/person\/image\/\",\"url\":\"https:\/\/suomenkuvalehti.fi\/kirjailijanpaivakirja\/wp-content\/uploads\/sites\/21\/2022\/04\/hamalainen_karo06-1-150x150.jpg\",\"contentUrl\":\"https:\/\/suomenkuvalehti.fi\/kirjailijanpaivakirja\/wp-content\/uploads\/sites\/21\/2022\/04\/hamalainen_karo06-1-150x150.jpg\",\"caption\":\"Karo H\u00e4m\u00e4l\u00e4inen\"},\"description\":\"Karo H\u00e4m\u00e4l\u00e4inen on kirjailija ja talouteen erikoistunut vapaa toimittaja.\"}]}<\/script>\n<!-- \/ Yoast SEO plugin. -->","yoast_head_json":{"title":"Kuukauden lukijan Rauli Virtasen viesti nuorelle itselleen: \u201dGo West young man!\u201d - Kirjailijan p\u00e4iv\u00e4kirja","robots":{"index":"index","follow":"follow","max-snippet":"max-snippet:-1","max-image-preview":"max-image-preview:large","max-video-preview":"max-video-preview:-1"},"canonical":"https:\/\/suomenkuvalehti.fi\/kirjailijanpaivakirja\/kuukauden-lukijan-rauli-virtasen-viesti-nuorelle-itselleen-go-west-young-man\/","og_locale":"fi_FI","og_type":"article","og_title":"Kuukauden lukijan Rauli Virtasen viesti nuorelle itselleen: \u201dGo West young man!\u201d - Kirjailijan p\u00e4iv\u00e4kirja","og_description":"Toimittaja ja tietokirjailija Rauli Virtanen reissaa ahkerasti maailmalla. Seuraavaksi suuntana on Kaakkois-Aasia. Aiemmin syksyll\u00e4 Virtaselta ilmestyi muistelmateos T\u00e4\u00e4ll\u00e4 Rauli Virtanen \u2013 Kohtaamisia Vietnamista Ukrainaan (WSOY). Virtanen on marra&hellip;","og_url":"https:\/\/suomenkuvalehti.fi\/kirjailijanpaivakirja\/kuukauden-lukijan-rauli-virtasen-viesti-nuorelle-itselleen-go-west-young-man\/","og_site_name":"Kirjailijan p\u00e4iv\u00e4kirja","article_published_time":"2023-11-06T08:43:56+00:00","article_modified_time":"2023-11-06T10:55:00+00:00","og_image":[{"width":2560,"height":1706,"url":"https:\/\/suomenkuvalehti.fi\/kirjailijanpaivakirja\/wp-content\/uploads\/sites\/21\/2022\/04\/hamalainen_karo06-1-scaled.jpg","type":"image\/jpeg"}],"author":"Karo H\u00e4m\u00e4l\u00e4inen","twitter_card":"summary_large_image","twitter_misc":{"Written by":"Karo H\u00e4m\u00e4l\u00e4inen","Est. reading time":"1 minuutti"},"schema":{"@context":"https:\/\/schema.org","@graph":[{"@type":"WebPage","@id":"https:\/\/suomenkuvalehti.fi\/kirjailijanpaivakirja\/kuukauden-lukijan-rauli-virtasen-viesti-nuorelle-itselleen-go-west-young-man\/","url":"https:\/\/suomenkuvalehti.fi\/kirjailijanpaivakirja\/kuukauden-lukijan-rauli-virtasen-viesti-nuorelle-itselleen-go-west-young-man\/","name":"Kuukauden lukijan Rauli Virtasen viesti nuorelle itselleen: \u201dGo West young man!\u201d - Kirjailijan p\u00e4iv\u00e4kirja","isPartOf":{"@id":"https:\/\/suomenkuvalehti.fi\/kirjailijanpaivakirja\/#website"},"datePublished":"2023-11-06T08:43:56+00:00","dateModified":"2023-11-06T10:55:00+00:00","author":{"@id":"https:\/\/suomenkuvalehti.fi\/kirjailijanpaivakirja\/#\/schema\/person\/ca2dfd9d508d8c675e07b3c099fc789b"},"breadcrumb":{"@id":"https:\/\/suomenkuvalehti.fi\/kirjailijanpaivakirja\/kuukauden-lukijan-rauli-virtasen-viesti-nuorelle-itselleen-go-west-young-man\/#breadcrumb"},"inLanguage":"fi","potentialAction":[{"@type":"ReadAction","target":["https:\/\/suomenkuvalehti.fi\/kirjailijanpaivakirja\/kuukauden-lukijan-rauli-virtasen-viesti-nuorelle-itselleen-go-west-young-man\/"]}]},{"@type":"BreadcrumbList","@id":"https:\/\/suomenkuvalehti.fi\/kirjailijanpaivakirja\/kuukauden-lukijan-rauli-virtasen-viesti-nuorelle-itselleen-go-west-young-man\/#breadcrumb","itemListElement":[{"@type":"ListItem","position":1,"name":"Home","item":"https:\/\/suomenkuvalehti.fi\/kirjailijanpaivakirja\/"},{"@type":"ListItem","position":2,"name":"Kuukauden lukijan Rauli Virtasen viesti nuorelle itselleen: \u201dGo West young man!\u201d"}]},{"@type":"WebSite","@id":"https:\/\/suomenkuvalehti.fi\/kirjailijanpaivakirja\/#website","url":"https:\/\/suomenkuvalehti.fi\/kirjailijanpaivakirja\/","name":"Kirjailijan p\u00e4iv\u00e4kirja","description":"Proosakirjailijan arkea ja kirjallisuuden ajankohtaisia aiheita.","potentialAction":[{"@type":"SearchAction","target":{"@type":"EntryPoint","urlTemplate":"https:\/\/suomenkuvalehti.fi\/haku\/?q={search_term_string}"},"query-input":{"@type":"PropertyValueSpecification","valueRequired":true,"valueName":"search_term_string"}}],"inLanguage":"fi"},{"@type":"Person","@id":"https:\/\/suomenkuvalehti.fi\/kirjailijanpaivakirja\/#\/schema\/person\/ca2dfd9d508d8c675e07b3c099fc789b","name":"Karo H\u00e4m\u00e4l\u00e4inen","image":{"@type":"ImageObject","inLanguage":"fi","@id":"https:\/\/suomenkuvalehti.fi\/kirjailijanpaivakirja\/#\/schema\/person\/image\/","url":"https:\/\/suomenkuvalehti.fi\/kirjailijanpaivakirja\/wp-content\/uploads\/sites\/21\/2022\/04\/hamalainen_karo06-1-150x150.jpg","contentUrl":"https:\/\/suomenkuvalehti.fi\/kirjailijanpaivakirja\/wp-content\/uploads\/sites\/21\/2022\/04\/hamalainen_karo06-1-150x150.jpg","caption":"Karo H\u00e4m\u00e4l\u00e4inen"},"description":"Karo H\u00e4m\u00e4l\u00e4inen on kirjailija ja talouteen erikoistunut vapaa toimittaja."}]}},"_links":{"self":[{"href":"https:\/\/suomenkuvalehti.fi\/kirjailijanpaivakirja\/wp-json\/wp\/v2\/posts\/2569","targetHints":{"allow":["GET"]}}],"collection":[{"href":"https:\/\/suomenkuvalehti.fi\/kirjailijanpaivakirja\/wp-json\/wp\/v2\/posts"}],"about":[{"href":"https:\/\/suomenkuvalehti.fi\/kirjailijanpaivakirja\/wp-json\/wp\/v2\/types\/post"}],"author":[{"embeddable":true,"href":"https:\/\/suomenkuvalehti.fi\/kirjailijanpaivakirja\/wp-json\/wp\/v2\/users\/129"}],"replies":[{"embeddable":true,"href":"https:\/\/suomenkuvalehti.fi\/kirjailijanpaivakirja\/wp-json\/wp\/v2\/comments?post=2569"}],"version-history":[{"count":2,"href":"https:\/\/suomenkuvalehti.fi\/kirjailijanpaivakirja\/wp-json\/wp\/v2\/posts\/2569\/revisions"}],"predecessor-version":[{"id":2571,"href":"https:\/\/suomenkuvalehti.fi\/kirjailijanpaivakirja\/wp-json\/wp\/v2\/posts\/2569\/revisions\/2571"}],"wp:attachment":[{"href":"https:\/\/suomenkuvalehti.fi\/kirjailijanpaivakirja\/wp-json\/wp\/v2\/media?parent=2569"}],"wp:term":[{"taxonomy":"category","embeddable":true,"href":"https:\/\/suomenkuvalehti.fi\/kirjailijanpaivakirja\/wp-json\/wp\/v2\/categories?post=2569"},{"taxonomy":"post_tag","embeddable":true,"href":"https:\/\/suomenkuvalehti.fi\/kirjailijanpaivakirja\/wp-json\/wp\/v2\/tags?post=2569"}],"curies":[{"name":"wp","href":"https:\/\/api.w.org\/{rel}","templated":true}]}}