{"id":256,"date":"2014-11-27T19:44:12","date_gmt":"2014-11-27T17:44:12","guid":{"rendered":"https:\/\/suomenkuvalehti.fi\/kirjailijanpaivakirja\/?p=256"},"modified":"2014-11-27T20:59:11","modified_gmt":"2014-11-27T18:59:11","slug":"lukurauha","status":"publish","type":"post","link":"https:\/\/suomenkuvalehti.fi\/kirjailijanpaivakirja\/lukurauha\/","title":{"rendered":"Lukurauha"},"content":{"rendered":"\n<p>Ei aika pirstoudu. El\u00e4m\u00e4 pirstoutuu.<\/p>\n\n\n\n<p>Bj\u00f6rn Wahlroosin ja sittemmin Alexander Stubbin tunnetuksi tekem\u00e4n lausahduksen mukaan Apple tappoi ensin iPhonella Nokian ja sitten iPadilla paperiteollisuuden. Yritysten menestyst\u00e4 suurempi kysymys on se, kuinka uudet teknologiat vaikuttavat ihmiseen, ihmiskuntaan. Itse olen omasta k\u00e4yt\u00f6ksest\u00e4ni huomannut, ett\u00e4 iPad on muuttanut ajank\u00e4ytt\u00f6\u00e4ni. Meilit ja sosiaalinen media tulevat y\u00f6p\u00f6yd\u00e4lle, tablettia on vaikea laskea k\u00e4dest\u00e4.<\/p>\n\n\n\n<p>Se oli aikaa, jolloin aiemmin en harkinnutkaan tekev\u00e4ni muuta kuin lukevani kirjaa. Nyt kirja joutuu odottamaan.<\/p>\n\n\n\n<p>My\u00f6s silloin, kun luen, kynnys tarkistaa s\u00e4hk\u00f6postit ja kavereiden kuulumiset, on matala. Aiemmin tietokoneiden pitk\u00e4t k\u00e4ynnistymisajat hillitsiv\u00e4t himoja.<\/p>\n\n\n\n<p>Samaan aikaan tied\u00e4n, ett\u00e4 aivan niin kuin on hyv\u00e4 liikkua, lev\u00e4t\u00e4 ja sy\u00f6d\u00e4 terveellisesti, niin olisi hyv\u00e4 my\u00f6s lukea keskittyneesti. Olen aavistuksen huolissani keskittymiskykyni rapautumisesta. Yrit\u00e4n tietoisesti kehitt\u00e4\u00e4 keskittymist\u00e4ni.<\/p>\n\n\n\n<p>Ensi helmikuun toisena sunnuntaina j\u00e4rjestett\u00e4v\u00e4 Lukurauha on oiva, pieni innoke vet\u00e4yty\u00e4 ainakin Facebookista ja Twitterist\u00e4 yhden p\u00e4iv\u00e4n ajaksi. Suomen kirjas\u00e4\u00e4ti\u00f6n hanke her\u00e4ttelee huomaamaan omistautuneen lukemisen auvosta.<\/p>\n\n\n\n<p>Olen mukana kirjas\u00e4\u00e4ti\u00f6n pienimuotoisessa Lukurauha-ryhm\u00e4ss\u00e4. Hankkeen&nbsp;tarkoituksena ei ole sotia some eik\u00e4 mit\u00e4\u00e4n muutakaan vastaan. Kuvaavaa on, ett\u00e4 ensimm\u00e4iseksi laadin Lukurauhalle <a href=\"https:\/\/www.facebook.com\/events\/315117288678524\/\" target=\"_blank\">tapahtumasivun Facebookiin<\/a>. Lukurauhan vilpit\u00f6n pyrkimys on antaa kimmoke syventy\u00e4 kirjaan. Koska se tekee hyv\u00e4\u00e4. Niin ainakin me lukurauharyhm\u00e4l\u00e4iset koemme.<\/p>\n\n\n\n<p>Lukurauhan p\u00e4iv\u00e4n\u00e4 luetaan tai kuunnellaan kirjaa, yksin tai yhdess\u00e4, kotona tai kyl\u00e4ss\u00e4, kaikessa rauhassa. Luetaan \u00e4\u00e4neen lapselle tai vanhukselle, kokoonnutaan lukupiiriin tai vet\u00e4ydyt\u00e4\u00e4n omaan nojatuoliin. Tai voidaan pit\u00e4\u00e4 juhlat teemalla OKM (oma kirja mukaan).<\/p>\n\n\n\n<p><strong>Lukurauhan laki:<\/strong><\/p>\n\n\n\n<p>1\u00a7 Lukurauha koskee kaikenlaisia kirjoja ja kaikkia lukupaikkoja.\n2\u00a7 Yhdess\u00e4 lukeminen on sallittu.\n3\u00a7 Yksin lukeminen on sallittu.\n4\u00a7 Toisille lukeminen on sallittu.\n5\u00a7 Toisen lukurauhan h\u00e4iritseminen on kielletty.\n6\u00a7 Oman lukurauhan h\u00e4iritseminen toissijaisilla toiminnoilla on ankarasti kielletty.<\/p>\n\n\n","protected":false},"excerpt":{"rendered":"<p>Ei aika pirstoudu. El\u00e4m\u00e4 pirstoutuu. Bj\u00f6rn Wahlroosin ja sittemmin Alexander Stubbin tunnetuksi tekem\u00e4n lausahduksen mukaan Apple tappoi ensin iPhonella Nokian ja sitten iPadilla paperiteollisuuden. Yritysten menestyst\u00e4 suurempi kysymys on se, kuinka uudet teknologiat vaikuttavat ihmiseen, ihmiskuntaan. Itse olen<br \/>\nomas&hellip;<\/p>\n","protected":false},"author":129,"featured_media":0,"comment_status":"open","ping_status":"open","sticky":false,"template":"","format":"standard","meta":{"_acf_changed":false,"asauth_required_access_level":3,"asauth_cansharepaid":"true","om_header_attributes":[],"footnotes":"","om_featured_image_focal_point":[],"om_primary_tag":0,"om_contributors":[],"om_co_authors":[],"beyondwords_generate_audio":"","beyondwords_project_id":"","beyondwords_content_id":"","beyondwords_preview_token":"","beyondwords_player_content":"","beyondwords_player_style":"","beyondwords_language_code":"","beyondwords_language_id":"","beyondwords_title_voice_id":"","beyondwords_body_voice_id":"","beyondwords_summary_voice_id":"","beyondwords_error_message":"","beyondwords_disabled":"","beyondwords_delete_content":"","beyondwords_podcast_id":"","beyondwords_hash":"","publish_post_to_speechkit":"","speechkit_hash":"","speechkit_generate_audio":"","speechkit_project_id":"","speechkit_podcast_id":"","speechkit_error_message":"","speechkit_disabled":"","speechkit_access_key":"","speechkit_error":"","speechkit_info":"","speechkit_response":"","speechkit_retries":"","speechkit_status":"","speechkit_updated_at":"","_speechkit_link":"","_speechkit_text":""},"categories":[1],"tags":[323,324,17,321,322],"class_list":["post-256","post","type-post","status-publish","format-standard","hentry","category-kirjailijan-paivakirja","tag-keskittyminen","tag-kiire","tag-lukeminen","tag-lukurauha","tag-suomen-kirjasaatio"],"om_views":null,"acf":{"tuuma_off":false,"tuuma_kysymys":"","tuuma_vastaus":""},"asauth":{"required_access_level":1,"share_token":"","is_paid":false},"yoast_head":"<!-- This site is optimized with the Yoast SEO plugin v26.4 - https:\/\/yoast.com\/wordpress\/plugins\/seo\/ -->\n<title>Lukurauha - Kirjailijan p\u00e4iv\u00e4kirja<\/title>\n<meta name=\"robots\" content=\"index, follow, max-snippet:-1, max-image-preview:large, max-video-preview:-1\" \/>\n<link rel=\"canonical\" href=\"https:\/\/suomenkuvalehti.fi\/kirjailijanpaivakirja\/lukurauha\/\" \/>\n<meta property=\"og:locale\" content=\"fi_FI\" \/>\n<meta property=\"og:type\" content=\"article\" \/>\n<meta property=\"og:title\" content=\"Lukurauha - Kirjailijan p\u00e4iv\u00e4kirja\" \/>\n<meta property=\"og:description\" content=\"Ei aika pirstoudu. El\u00e4m\u00e4 pirstoutuu. Bj\u00f6rn Wahlroosin ja sittemmin Alexander Stubbin tunnetuksi tekem\u00e4n lausahduksen mukaan Apple tappoi ensin iPhonella Nokian ja sitten iPadilla paperiteollisuuden. Yritysten menestyst\u00e4 suurempi kysymys on se, kuinka uudet teknologiat vaikuttavat ihmiseen, ihmiskuntaan. Itse olen omas&hellip;\" \/>\n<meta property=\"og:url\" content=\"https:\/\/suomenkuvalehti.fi\/kirjailijanpaivakirja\/lukurauha\/\" \/>\n<meta property=\"og:site_name\" content=\"Kirjailijan p\u00e4iv\u00e4kirja\" \/>\n<meta property=\"article:published_time\" content=\"2014-11-27T17:44:12+00:00\" \/>\n<meta property=\"article:modified_time\" content=\"2014-11-27T18:59:11+00:00\" \/>\n<meta property=\"og:image\" content=\"https:\/\/suomenkuvalehti.fi\/kirjailijanpaivakirja\/wp-content\/uploads\/sites\/21\/2022\/04\/hamalainen_karo06-1-scaled.jpg\" \/>\n\t<meta property=\"og:image:width\" content=\"2560\" \/>\n\t<meta property=\"og:image:height\" content=\"1706\" \/>\n\t<meta property=\"og:image:type\" content=\"image\/jpeg\" \/>\n<meta name=\"author\" content=\"Karo H\u00e4m\u00e4l\u00e4inen\" \/>\n<meta name=\"twitter:card\" content=\"summary_large_image\" \/>\n<meta name=\"twitter:label1\" content=\"Written by\" \/>\n\t<meta name=\"twitter:data1\" content=\"Karo H\u00e4m\u00e4l\u00e4inen\" \/>\n\t<meta name=\"twitter:label2\" content=\"Est. reading time\" \/>\n\t<meta name=\"twitter:data2\" content=\"2 minuuttia\" \/>\n<script type=\"application\/ld+json\" class=\"yoast-schema-graph\">{\"@context\":\"https:\/\/schema.org\",\"@graph\":[{\"@type\":\"WebPage\",\"@id\":\"https:\/\/suomenkuvalehti.fi\/kirjailijanpaivakirja\/lukurauha\/\",\"url\":\"https:\/\/suomenkuvalehti.fi\/kirjailijanpaivakirja\/lukurauha\/\",\"name\":\"Lukurauha - Kirjailijan p\u00e4iv\u00e4kirja\",\"isPartOf\":{\"@id\":\"https:\/\/suomenkuvalehti.fi\/kirjailijanpaivakirja\/#website\"},\"datePublished\":\"2014-11-27T17:44:12+00:00\",\"dateModified\":\"2014-11-27T18:59:11+00:00\",\"author\":{\"@id\":\"https:\/\/suomenkuvalehti.fi\/kirjailijanpaivakirja\/#\/schema\/person\/ca2dfd9d508d8c675e07b3c099fc789b\"},\"breadcrumb\":{\"@id\":\"https:\/\/suomenkuvalehti.fi\/kirjailijanpaivakirja\/lukurauha\/#breadcrumb\"},\"inLanguage\":\"fi\",\"potentialAction\":[{\"@type\":\"ReadAction\",\"target\":[\"https:\/\/suomenkuvalehti.fi\/kirjailijanpaivakirja\/lukurauha\/\"]}]},{\"@type\":\"BreadcrumbList\",\"@id\":\"https:\/\/suomenkuvalehti.fi\/kirjailijanpaivakirja\/lukurauha\/#breadcrumb\",\"itemListElement\":[{\"@type\":\"ListItem\",\"position\":1,\"name\":\"Home\",\"item\":\"https:\/\/suomenkuvalehti.fi\/kirjailijanpaivakirja\/\"},{\"@type\":\"ListItem\",\"position\":2,\"name\":\"Lukurauha\"}]},{\"@type\":\"WebSite\",\"@id\":\"https:\/\/suomenkuvalehti.fi\/kirjailijanpaivakirja\/#website\",\"url\":\"https:\/\/suomenkuvalehti.fi\/kirjailijanpaivakirja\/\",\"name\":\"Kirjailijan p\u00e4iv\u00e4kirja\",\"description\":\"Proosakirjailijan arkea ja kirjallisuuden ajankohtaisia aiheita.\",\"potentialAction\":[{\"@type\":\"SearchAction\",\"target\":{\"@type\":\"EntryPoint\",\"urlTemplate\":\"https:\/\/suomenkuvalehti.fi\/haku\/?q={search_term_string}\"},\"query-input\":{\"@type\":\"PropertyValueSpecification\",\"valueRequired\":true,\"valueName\":\"search_term_string\"}}],\"inLanguage\":\"fi\"},{\"@type\":\"Person\",\"@id\":\"https:\/\/suomenkuvalehti.fi\/kirjailijanpaivakirja\/#\/schema\/person\/ca2dfd9d508d8c675e07b3c099fc789b\",\"name\":\"Karo H\u00e4m\u00e4l\u00e4inen\",\"image\":{\"@type\":\"ImageObject\",\"inLanguage\":\"fi\",\"@id\":\"https:\/\/suomenkuvalehti.fi\/kirjailijanpaivakirja\/#\/schema\/person\/image\/\",\"url\":\"https:\/\/suomenkuvalehti.fi\/kirjailijanpaivakirja\/wp-content\/uploads\/sites\/21\/2022\/04\/hamalainen_karo06-1-150x150.jpg\",\"contentUrl\":\"https:\/\/suomenkuvalehti.fi\/kirjailijanpaivakirja\/wp-content\/uploads\/sites\/21\/2022\/04\/hamalainen_karo06-1-150x150.jpg\",\"caption\":\"Karo H\u00e4m\u00e4l\u00e4inen\"},\"description\":\"Karo H\u00e4m\u00e4l\u00e4inen on kirjailija ja talouteen erikoistunut vapaa toimittaja.\"}]}<\/script>\n<!-- \/ Yoast SEO plugin. -->","yoast_head_json":{"title":"Lukurauha - Kirjailijan p\u00e4iv\u00e4kirja","robots":{"index":"index","follow":"follow","max-snippet":"max-snippet:-1","max-image-preview":"max-image-preview:large","max-video-preview":"max-video-preview:-1"},"canonical":"https:\/\/suomenkuvalehti.fi\/kirjailijanpaivakirja\/lukurauha\/","og_locale":"fi_FI","og_type":"article","og_title":"Lukurauha - Kirjailijan p\u00e4iv\u00e4kirja","og_description":"Ei aika pirstoudu. El\u00e4m\u00e4 pirstoutuu. Bj\u00f6rn Wahlroosin ja sittemmin Alexander Stubbin tunnetuksi tekem\u00e4n lausahduksen mukaan Apple tappoi ensin iPhonella Nokian ja sitten iPadilla paperiteollisuuden. Yritysten menestyst\u00e4 suurempi kysymys on se, kuinka uudet teknologiat vaikuttavat ihmiseen, ihmiskuntaan. Itse olen omas&hellip;","og_url":"https:\/\/suomenkuvalehti.fi\/kirjailijanpaivakirja\/lukurauha\/","og_site_name":"Kirjailijan p\u00e4iv\u00e4kirja","article_published_time":"2014-11-27T17:44:12+00:00","article_modified_time":"2014-11-27T18:59:11+00:00","og_image":[{"width":2560,"height":1706,"url":"https:\/\/suomenkuvalehti.fi\/kirjailijanpaivakirja\/wp-content\/uploads\/sites\/21\/2022\/04\/hamalainen_karo06-1-scaled.jpg","type":"image\/jpeg"}],"author":"Karo H\u00e4m\u00e4l\u00e4inen","twitter_card":"summary_large_image","twitter_misc":{"Written by":"Karo H\u00e4m\u00e4l\u00e4inen","Est. reading time":"2 minuuttia"},"schema":{"@context":"https:\/\/schema.org","@graph":[{"@type":"WebPage","@id":"https:\/\/suomenkuvalehti.fi\/kirjailijanpaivakirja\/lukurauha\/","url":"https:\/\/suomenkuvalehti.fi\/kirjailijanpaivakirja\/lukurauha\/","name":"Lukurauha - Kirjailijan p\u00e4iv\u00e4kirja","isPartOf":{"@id":"https:\/\/suomenkuvalehti.fi\/kirjailijanpaivakirja\/#website"},"datePublished":"2014-11-27T17:44:12+00:00","dateModified":"2014-11-27T18:59:11+00:00","author":{"@id":"https:\/\/suomenkuvalehti.fi\/kirjailijanpaivakirja\/#\/schema\/person\/ca2dfd9d508d8c675e07b3c099fc789b"},"breadcrumb":{"@id":"https:\/\/suomenkuvalehti.fi\/kirjailijanpaivakirja\/lukurauha\/#breadcrumb"},"inLanguage":"fi","potentialAction":[{"@type":"ReadAction","target":["https:\/\/suomenkuvalehti.fi\/kirjailijanpaivakirja\/lukurauha\/"]}]},{"@type":"BreadcrumbList","@id":"https:\/\/suomenkuvalehti.fi\/kirjailijanpaivakirja\/lukurauha\/#breadcrumb","itemListElement":[{"@type":"ListItem","position":1,"name":"Home","item":"https:\/\/suomenkuvalehti.fi\/kirjailijanpaivakirja\/"},{"@type":"ListItem","position":2,"name":"Lukurauha"}]},{"@type":"WebSite","@id":"https:\/\/suomenkuvalehti.fi\/kirjailijanpaivakirja\/#website","url":"https:\/\/suomenkuvalehti.fi\/kirjailijanpaivakirja\/","name":"Kirjailijan p\u00e4iv\u00e4kirja","description":"Proosakirjailijan arkea ja kirjallisuuden ajankohtaisia aiheita.","potentialAction":[{"@type":"SearchAction","target":{"@type":"EntryPoint","urlTemplate":"https:\/\/suomenkuvalehti.fi\/haku\/?q={search_term_string}"},"query-input":{"@type":"PropertyValueSpecification","valueRequired":true,"valueName":"search_term_string"}}],"inLanguage":"fi"},{"@type":"Person","@id":"https:\/\/suomenkuvalehti.fi\/kirjailijanpaivakirja\/#\/schema\/person\/ca2dfd9d508d8c675e07b3c099fc789b","name":"Karo H\u00e4m\u00e4l\u00e4inen","image":{"@type":"ImageObject","inLanguage":"fi","@id":"https:\/\/suomenkuvalehti.fi\/kirjailijanpaivakirja\/#\/schema\/person\/image\/","url":"https:\/\/suomenkuvalehti.fi\/kirjailijanpaivakirja\/wp-content\/uploads\/sites\/21\/2022\/04\/hamalainen_karo06-1-150x150.jpg","contentUrl":"https:\/\/suomenkuvalehti.fi\/kirjailijanpaivakirja\/wp-content\/uploads\/sites\/21\/2022\/04\/hamalainen_karo06-1-150x150.jpg","caption":"Karo H\u00e4m\u00e4l\u00e4inen"},"description":"Karo H\u00e4m\u00e4l\u00e4inen on kirjailija ja talouteen erikoistunut vapaa toimittaja."}]}},"_links":{"self":[{"href":"https:\/\/suomenkuvalehti.fi\/kirjailijanpaivakirja\/wp-json\/wp\/v2\/posts\/256","targetHints":{"allow":["GET"]}}],"collection":[{"href":"https:\/\/suomenkuvalehti.fi\/kirjailijanpaivakirja\/wp-json\/wp\/v2\/posts"}],"about":[{"href":"https:\/\/suomenkuvalehti.fi\/kirjailijanpaivakirja\/wp-json\/wp\/v2\/types\/post"}],"author":[{"embeddable":true,"href":"https:\/\/suomenkuvalehti.fi\/kirjailijanpaivakirja\/wp-json\/wp\/v2\/users\/129"}],"replies":[{"embeddable":true,"href":"https:\/\/suomenkuvalehti.fi\/kirjailijanpaivakirja\/wp-json\/wp\/v2\/comments?post=256"}],"version-history":[{"count":2,"href":"https:\/\/suomenkuvalehti.fi\/kirjailijanpaivakirja\/wp-json\/wp\/v2\/posts\/256\/revisions"}],"predecessor-version":[{"id":258,"href":"https:\/\/suomenkuvalehti.fi\/kirjailijanpaivakirja\/wp-json\/wp\/v2\/posts\/256\/revisions\/258"}],"wp:attachment":[{"href":"https:\/\/suomenkuvalehti.fi\/kirjailijanpaivakirja\/wp-json\/wp\/v2\/media?parent=256"}],"wp:term":[{"taxonomy":"category","embeddable":true,"href":"https:\/\/suomenkuvalehti.fi\/kirjailijanpaivakirja\/wp-json\/wp\/v2\/categories?post=256"},{"taxonomy":"post_tag","embeddable":true,"href":"https:\/\/suomenkuvalehti.fi\/kirjailijanpaivakirja\/wp-json\/wp\/v2\/tags?post=256"}],"curies":[{"name":"wp","href":"https:\/\/api.w.org\/{rel}","templated":true}]}}