{"id":249,"date":"2014-11-22T15:35:31","date_gmt":"2014-11-22T13:35:31","guid":{"rendered":"https:\/\/suomenkuvalehti.fi\/kirjailijanpaivakirja\/?p=249"},"modified":"2014-11-22T20:48:42","modified_gmt":"2014-11-22T18:48:42","slug":"jyrki-vainonen-kirjailijaliiton-puheenjohtajaksi","status":"publish","type":"post","link":"https:\/\/suomenkuvalehti.fi\/kirjailijanpaivakirja\/jyrki-vainonen-kirjailijaliiton-puheenjohtajaksi\/","title":{"rendered":"Jyrki Vainonen kirjailijaliiton puheenjohtajaksi"},"content":{"rendered":"\n<p>Suomen Kirjailijaliitto on parhaillaan k\u00e4ynniss\u00e4 olevassa syyskokouksessaan valinnut liiton seuraavaksi puheenjohtajaksi kirjailija Jyrki Vainosen.<\/p>\n\n\n\n<p>H\u00e4n seuraa teht\u00e4v\u00e4ss\u00e4 Tuula-Liina Varista, joka jo kev\u00e4\u00e4ll\u00e4 kertoi luopuvansa suomenkielisen kaunokirjailijaj\u00e4rjest\u00f6n puheenjohtajan teht\u00e4v\u00e4st\u00e4 syyskokouksessa. Varis toimi puheenjohtajana kaksi kolmevuotiskautta.<\/p>\n\n\n\n<p>Yl\u00f6j\u00e4rvell\u00e4 asuva Vainonen (s. 1963) ty\u00f6skentelee kirjailijanty\u00f6ns\u00e4 ohella sanataiteen opettajana ja suomentajana. Kirjailijana h\u00e4n k\u00e4ytt\u00e4\u00e4 mielell\u00e4\u00e4n spekulatiivisen fiktion elementtej\u00e4 ja keinoja.<\/p>\n\n\n\n<p>Vainonen tunnetaan rakkaudestaan Irlantiin, ja h\u00e4n on suomentanut irlantilaista kirjallisuutta.<\/p>\n\n\n\n<p>Kirjailijaliiton puheenjohtajavalinta oli yksimielinen: Vainonen oli ainut ennalta esiin noussut ehdokas, eik\u00e4 kokouksessakaan h\u00e4nelle tullut vastaehdokkaita.<\/p>\n\n\n\n<p>&#8221;Niin kauan kuin paiskimme t\u00f6it\u00e4 kirjailijankammioissamme, kaikki on hyvin. &#8212; Ty\u00f6t\u00e4mme joutuu ajattelemaan my\u00f6s toiselta kannalta&#8221;, Vainonen sanoi kiitospuheessaan ja kertoi tarinan Sielukkaasta ja Sisukkaasta, kahdesta kirjallisen olion puolesta, joista toinen luo ja toinen pyrkii saamaan luomisty\u00f6n tuloksen maailmalle.<\/p>\n\n\n\n<p>&#8221;Kirjailijat ja muut taiteilijat pakotetaan yritt\u00e4jiksi&#8221;, Vainonen sanoi k\u00e4ydess\u00e4\u00e4n tarinan kautta l\u00e4pi kirjailijan ty\u00f6n kaupallista puolta.<\/p>\n\n\n\n<p>H\u00e4n nosti esiin erityisesti kaksi tavoitettaan: v\u00e4h\u00e4levikkisen kirjallisuuden aseman parantamisen ja ilmaisesta ty\u00f6st\u00e4 eroon p\u00e4\u00e4semisen.<\/p>\n\n\n","protected":false},"excerpt":{"rendered":"<p>Suomen Kirjailijaliitto on parhaillaan k\u00e4ynniss\u00e4 olevassa syyskokouksessaan valinnut liiton seuraavaksi puheenjohtajaksi kirjailija Jyrki Vainosen. H\u00e4n seuraa teht\u00e4v\u00e4ss\u00e4 Tuula-Liina Varista, joka jo kev\u00e4\u00e4ll\u00e4 kertoi luopuvansa suomenkielisen kaunokirjailijaj\u00e4rjest\u00f6n<br \/>\npuheenjoht&hellip;<\/p>\n","protected":false},"author":129,"featured_media":0,"comment_status":"open","ping_status":"open","sticky":false,"template":"","format":"standard","meta":{"_acf_changed":false,"asauth_required_access_level":3,"asauth_cansharepaid":"true","om_header_attributes":[],"footnotes":"","om_featured_image_focal_point":[],"om_primary_tag":0,"om_contributors":[],"om_co_authors":[],"beyondwords_generate_audio":"","beyondwords_project_id":"","beyondwords_content_id":"","beyondwords_preview_token":"","beyondwords_player_content":"","beyondwords_player_style":"","beyondwords_language_code":"","beyondwords_language_id":"","beyondwords_title_voice_id":"","beyondwords_body_voice_id":"","beyondwords_summary_voice_id":"","beyondwords_error_message":"","beyondwords_disabled":"","beyondwords_delete_content":"","beyondwords_podcast_id":"","beyondwords_hash":"","publish_post_to_speechkit":"","speechkit_hash":"","speechkit_generate_audio":"","speechkit_project_id":"","speechkit_podcast_id":"","speechkit_error_message":"","speechkit_disabled":"","speechkit_access_key":"","speechkit_error":"","speechkit_info":"","speechkit_response":"","speechkit_retries":"","speechkit_status":"","speechkit_updated_at":"","_speechkit_link":"","_speechkit_text":""},"categories":[1],"tags":[318,320,319],"class_list":["post-249","post","type-post","status-publish","format-standard","hentry","category-kirjailijan-paivakirja","tag-jyrki-vainonen","tag-suomen-kirjailijaliitto","tag-tuula-liina-varis"],"om_views":null,"acf":{"tuuma_off":false,"tuuma_kysymys":"","tuuma_vastaus":""},"asauth":{"required_access_level":1,"share_token":"","is_paid":false},"yoast_head":"<!-- This site is optimized with the Yoast SEO plugin v26.4 - https:\/\/yoast.com\/wordpress\/plugins\/seo\/ -->\n<title>Jyrki Vainonen kirjailijaliiton puheenjohtajaksi - Kirjailijan p\u00e4iv\u00e4kirja<\/title>\n<meta name=\"robots\" content=\"index, follow, max-snippet:-1, max-image-preview:large, max-video-preview:-1\" \/>\n<link rel=\"canonical\" href=\"https:\/\/suomenkuvalehti.fi\/kirjailijanpaivakirja\/jyrki-vainonen-kirjailijaliiton-puheenjohtajaksi\/\" \/>\n<meta property=\"og:locale\" content=\"fi_FI\" \/>\n<meta property=\"og:type\" content=\"article\" \/>\n<meta property=\"og:title\" content=\"Jyrki Vainonen kirjailijaliiton puheenjohtajaksi - Kirjailijan p\u00e4iv\u00e4kirja\" \/>\n<meta property=\"og:description\" content=\"Suomen Kirjailijaliitto on parhaillaan k\u00e4ynniss\u00e4 olevassa syyskokouksessaan valinnut liiton seuraavaksi puheenjohtajaksi kirjailija Jyrki Vainosen. H\u00e4n seuraa teht\u00e4v\u00e4ss\u00e4 Tuula-Liina Varista, joka jo kev\u00e4\u00e4ll\u00e4 kertoi luopuvansa suomenkielisen kaunokirjailijaj\u00e4rjest\u00f6n puheenjoht&hellip;\" \/>\n<meta property=\"og:url\" content=\"https:\/\/suomenkuvalehti.fi\/kirjailijanpaivakirja\/jyrki-vainonen-kirjailijaliiton-puheenjohtajaksi\/\" \/>\n<meta property=\"og:site_name\" content=\"Kirjailijan p\u00e4iv\u00e4kirja\" \/>\n<meta property=\"article:published_time\" content=\"2014-11-22T13:35:31+00:00\" \/>\n<meta property=\"article:modified_time\" content=\"2014-11-22T18:48:42+00:00\" \/>\n<meta property=\"og:image\" content=\"https:\/\/suomenkuvalehti.fi\/kirjailijanpaivakirja\/wp-content\/uploads\/sites\/21\/2022\/04\/hamalainen_karo06-1-scaled.jpg\" \/>\n\t<meta property=\"og:image:width\" content=\"2560\" \/>\n\t<meta property=\"og:image:height\" content=\"1706\" \/>\n\t<meta property=\"og:image:type\" content=\"image\/jpeg\" \/>\n<meta name=\"author\" content=\"Karo H\u00e4m\u00e4l\u00e4inen\" \/>\n<meta name=\"twitter:card\" content=\"summary_large_image\" \/>\n<meta name=\"twitter:label1\" content=\"Written by\" \/>\n\t<meta name=\"twitter:data1\" content=\"Karo H\u00e4m\u00e4l\u00e4inen\" \/>\n\t<meta name=\"twitter:label2\" content=\"Est. reading time\" \/>\n\t<meta name=\"twitter:data2\" content=\"1 minuutti\" \/>\n<script type=\"application\/ld+json\" class=\"yoast-schema-graph\">{\"@context\":\"https:\/\/schema.org\",\"@graph\":[{\"@type\":\"WebPage\",\"@id\":\"https:\/\/suomenkuvalehti.fi\/kirjailijanpaivakirja\/jyrki-vainonen-kirjailijaliiton-puheenjohtajaksi\/\",\"url\":\"https:\/\/suomenkuvalehti.fi\/kirjailijanpaivakirja\/jyrki-vainonen-kirjailijaliiton-puheenjohtajaksi\/\",\"name\":\"Jyrki Vainonen kirjailijaliiton puheenjohtajaksi - Kirjailijan p\u00e4iv\u00e4kirja\",\"isPartOf\":{\"@id\":\"https:\/\/suomenkuvalehti.fi\/kirjailijanpaivakirja\/#website\"},\"datePublished\":\"2014-11-22T13:35:31+00:00\",\"dateModified\":\"2014-11-22T18:48:42+00:00\",\"author\":{\"@id\":\"https:\/\/suomenkuvalehti.fi\/kirjailijanpaivakirja\/#\/schema\/person\/ca2dfd9d508d8c675e07b3c099fc789b\"},\"breadcrumb\":{\"@id\":\"https:\/\/suomenkuvalehti.fi\/kirjailijanpaivakirja\/jyrki-vainonen-kirjailijaliiton-puheenjohtajaksi\/#breadcrumb\"},\"inLanguage\":\"fi\",\"potentialAction\":[{\"@type\":\"ReadAction\",\"target\":[\"https:\/\/suomenkuvalehti.fi\/kirjailijanpaivakirja\/jyrki-vainonen-kirjailijaliiton-puheenjohtajaksi\/\"]}]},{\"@type\":\"BreadcrumbList\",\"@id\":\"https:\/\/suomenkuvalehti.fi\/kirjailijanpaivakirja\/jyrki-vainonen-kirjailijaliiton-puheenjohtajaksi\/#breadcrumb\",\"itemListElement\":[{\"@type\":\"ListItem\",\"position\":1,\"name\":\"Home\",\"item\":\"https:\/\/suomenkuvalehti.fi\/kirjailijanpaivakirja\/\"},{\"@type\":\"ListItem\",\"position\":2,\"name\":\"Jyrki Vainonen kirjailijaliiton puheenjohtajaksi\"}]},{\"@type\":\"WebSite\",\"@id\":\"https:\/\/suomenkuvalehti.fi\/kirjailijanpaivakirja\/#website\",\"url\":\"https:\/\/suomenkuvalehti.fi\/kirjailijanpaivakirja\/\",\"name\":\"Kirjailijan p\u00e4iv\u00e4kirja\",\"description\":\"Proosakirjailijan arkea ja kirjallisuuden ajankohtaisia aiheita.\",\"potentialAction\":[{\"@type\":\"SearchAction\",\"target\":{\"@type\":\"EntryPoint\",\"urlTemplate\":\"https:\/\/suomenkuvalehti.fi\/haku\/?q={search_term_string}\"},\"query-input\":{\"@type\":\"PropertyValueSpecification\",\"valueRequired\":true,\"valueName\":\"search_term_string\"}}],\"inLanguage\":\"fi\"},{\"@type\":\"Person\",\"@id\":\"https:\/\/suomenkuvalehti.fi\/kirjailijanpaivakirja\/#\/schema\/person\/ca2dfd9d508d8c675e07b3c099fc789b\",\"name\":\"Karo H\u00e4m\u00e4l\u00e4inen\",\"image\":{\"@type\":\"ImageObject\",\"inLanguage\":\"fi\",\"@id\":\"https:\/\/suomenkuvalehti.fi\/kirjailijanpaivakirja\/#\/schema\/person\/image\/\",\"url\":\"https:\/\/suomenkuvalehti.fi\/kirjailijanpaivakirja\/wp-content\/uploads\/sites\/21\/2022\/04\/hamalainen_karo06-1-150x150.jpg\",\"contentUrl\":\"https:\/\/suomenkuvalehti.fi\/kirjailijanpaivakirja\/wp-content\/uploads\/sites\/21\/2022\/04\/hamalainen_karo06-1-150x150.jpg\",\"caption\":\"Karo H\u00e4m\u00e4l\u00e4inen\"},\"description\":\"Karo H\u00e4m\u00e4l\u00e4inen on kirjailija ja talouteen erikoistunut vapaa toimittaja.\"}]}<\/script>\n<!-- \/ Yoast SEO plugin. -->","yoast_head_json":{"title":"Jyrki Vainonen kirjailijaliiton puheenjohtajaksi - Kirjailijan p\u00e4iv\u00e4kirja","robots":{"index":"index","follow":"follow","max-snippet":"max-snippet:-1","max-image-preview":"max-image-preview:large","max-video-preview":"max-video-preview:-1"},"canonical":"https:\/\/suomenkuvalehti.fi\/kirjailijanpaivakirja\/jyrki-vainonen-kirjailijaliiton-puheenjohtajaksi\/","og_locale":"fi_FI","og_type":"article","og_title":"Jyrki Vainonen kirjailijaliiton puheenjohtajaksi - Kirjailijan p\u00e4iv\u00e4kirja","og_description":"Suomen Kirjailijaliitto on parhaillaan k\u00e4ynniss\u00e4 olevassa syyskokouksessaan valinnut liiton seuraavaksi puheenjohtajaksi kirjailija Jyrki Vainosen. H\u00e4n seuraa teht\u00e4v\u00e4ss\u00e4 Tuula-Liina Varista, joka jo kev\u00e4\u00e4ll\u00e4 kertoi luopuvansa suomenkielisen kaunokirjailijaj\u00e4rjest\u00f6n puheenjoht&hellip;","og_url":"https:\/\/suomenkuvalehti.fi\/kirjailijanpaivakirja\/jyrki-vainonen-kirjailijaliiton-puheenjohtajaksi\/","og_site_name":"Kirjailijan p\u00e4iv\u00e4kirja","article_published_time":"2014-11-22T13:35:31+00:00","article_modified_time":"2014-11-22T18:48:42+00:00","og_image":[{"width":2560,"height":1706,"url":"https:\/\/suomenkuvalehti.fi\/kirjailijanpaivakirja\/wp-content\/uploads\/sites\/21\/2022\/04\/hamalainen_karo06-1-scaled.jpg","type":"image\/jpeg"}],"author":"Karo H\u00e4m\u00e4l\u00e4inen","twitter_card":"summary_large_image","twitter_misc":{"Written by":"Karo H\u00e4m\u00e4l\u00e4inen","Est. reading time":"1 minuutti"},"schema":{"@context":"https:\/\/schema.org","@graph":[{"@type":"WebPage","@id":"https:\/\/suomenkuvalehti.fi\/kirjailijanpaivakirja\/jyrki-vainonen-kirjailijaliiton-puheenjohtajaksi\/","url":"https:\/\/suomenkuvalehti.fi\/kirjailijanpaivakirja\/jyrki-vainonen-kirjailijaliiton-puheenjohtajaksi\/","name":"Jyrki Vainonen kirjailijaliiton puheenjohtajaksi - Kirjailijan p\u00e4iv\u00e4kirja","isPartOf":{"@id":"https:\/\/suomenkuvalehti.fi\/kirjailijanpaivakirja\/#website"},"datePublished":"2014-11-22T13:35:31+00:00","dateModified":"2014-11-22T18:48:42+00:00","author":{"@id":"https:\/\/suomenkuvalehti.fi\/kirjailijanpaivakirja\/#\/schema\/person\/ca2dfd9d508d8c675e07b3c099fc789b"},"breadcrumb":{"@id":"https:\/\/suomenkuvalehti.fi\/kirjailijanpaivakirja\/jyrki-vainonen-kirjailijaliiton-puheenjohtajaksi\/#breadcrumb"},"inLanguage":"fi","potentialAction":[{"@type":"ReadAction","target":["https:\/\/suomenkuvalehti.fi\/kirjailijanpaivakirja\/jyrki-vainonen-kirjailijaliiton-puheenjohtajaksi\/"]}]},{"@type":"BreadcrumbList","@id":"https:\/\/suomenkuvalehti.fi\/kirjailijanpaivakirja\/jyrki-vainonen-kirjailijaliiton-puheenjohtajaksi\/#breadcrumb","itemListElement":[{"@type":"ListItem","position":1,"name":"Home","item":"https:\/\/suomenkuvalehti.fi\/kirjailijanpaivakirja\/"},{"@type":"ListItem","position":2,"name":"Jyrki Vainonen kirjailijaliiton puheenjohtajaksi"}]},{"@type":"WebSite","@id":"https:\/\/suomenkuvalehti.fi\/kirjailijanpaivakirja\/#website","url":"https:\/\/suomenkuvalehti.fi\/kirjailijanpaivakirja\/","name":"Kirjailijan p\u00e4iv\u00e4kirja","description":"Proosakirjailijan arkea ja kirjallisuuden ajankohtaisia aiheita.","potentialAction":[{"@type":"SearchAction","target":{"@type":"EntryPoint","urlTemplate":"https:\/\/suomenkuvalehti.fi\/haku\/?q={search_term_string}"},"query-input":{"@type":"PropertyValueSpecification","valueRequired":true,"valueName":"search_term_string"}}],"inLanguage":"fi"},{"@type":"Person","@id":"https:\/\/suomenkuvalehti.fi\/kirjailijanpaivakirja\/#\/schema\/person\/ca2dfd9d508d8c675e07b3c099fc789b","name":"Karo H\u00e4m\u00e4l\u00e4inen","image":{"@type":"ImageObject","inLanguage":"fi","@id":"https:\/\/suomenkuvalehti.fi\/kirjailijanpaivakirja\/#\/schema\/person\/image\/","url":"https:\/\/suomenkuvalehti.fi\/kirjailijanpaivakirja\/wp-content\/uploads\/sites\/21\/2022\/04\/hamalainen_karo06-1-150x150.jpg","contentUrl":"https:\/\/suomenkuvalehti.fi\/kirjailijanpaivakirja\/wp-content\/uploads\/sites\/21\/2022\/04\/hamalainen_karo06-1-150x150.jpg","caption":"Karo H\u00e4m\u00e4l\u00e4inen"},"description":"Karo H\u00e4m\u00e4l\u00e4inen on kirjailija ja talouteen erikoistunut vapaa toimittaja."}]}},"_links":{"self":[{"href":"https:\/\/suomenkuvalehti.fi\/kirjailijanpaivakirja\/wp-json\/wp\/v2\/posts\/249","targetHints":{"allow":["GET"]}}],"collection":[{"href":"https:\/\/suomenkuvalehti.fi\/kirjailijanpaivakirja\/wp-json\/wp\/v2\/posts"}],"about":[{"href":"https:\/\/suomenkuvalehti.fi\/kirjailijanpaivakirja\/wp-json\/wp\/v2\/types\/post"}],"author":[{"embeddable":true,"href":"https:\/\/suomenkuvalehti.fi\/kirjailijanpaivakirja\/wp-json\/wp\/v2\/users\/129"}],"replies":[{"embeddable":true,"href":"https:\/\/suomenkuvalehti.fi\/kirjailijanpaivakirja\/wp-json\/wp\/v2\/comments?post=249"}],"version-history":[{"count":5,"href":"https:\/\/suomenkuvalehti.fi\/kirjailijanpaivakirja\/wp-json\/wp\/v2\/posts\/249\/revisions"}],"predecessor-version":[{"id":255,"href":"https:\/\/suomenkuvalehti.fi\/kirjailijanpaivakirja\/wp-json\/wp\/v2\/posts\/249\/revisions\/255"}],"wp:attachment":[{"href":"https:\/\/suomenkuvalehti.fi\/kirjailijanpaivakirja\/wp-json\/wp\/v2\/media?parent=249"}],"wp:term":[{"taxonomy":"category","embeddable":true,"href":"https:\/\/suomenkuvalehti.fi\/kirjailijanpaivakirja\/wp-json\/wp\/v2\/categories?post=249"},{"taxonomy":"post_tag","embeddable":true,"href":"https:\/\/suomenkuvalehti.fi\/kirjailijanpaivakirja\/wp-json\/wp\/v2\/tags?post=249"}],"curies":[{"name":"wp","href":"https:\/\/api.w.org\/{rel}","templated":true}]}}