{"id":2482,"date":"2023-04-28T07:57:49","date_gmt":"2023-04-28T04:57:49","guid":{"rendered":"https:\/\/suomenkuvalehti.fi\/kirjailijanpaivakirja\/?p=2482"},"modified":"2023-04-28T07:57:50","modified_gmt":"2023-04-28T04:57:50","slug":"kirjailija-elina-hirvonen-salakuljettaisi-autiolle-saarelle-virginia-woolfia","status":"publish","type":"post","link":"https:\/\/suomenkuvalehti.fi\/kirjailijanpaivakirja\/kirjailija-elina-hirvonen-salakuljettaisi-autiolle-saarelle-virginia-woolfia\/","title":{"rendered":"Kirjailija Elina Hirvonen salakuljettaisi autiolle saarelle Virginia Woolfia"},"content":{"rendered":"\n<p><strong>Elina Hirvoselle<\/strong> vuosi 2023 on kahden kirjan vuosi. H\u00e4nen kirjoittamansa <strong>Katri Helenan<\/strong> el\u00e4m\u00e4ntarina <em>Katri Helena \u2013 Laulaja<\/em> (WSOY) ilmestyi juuri, ja parhaillaan h\u00e4n viimeistelee syksyll\u00e4 ilmestyv\u00e4\u00e4 romaaniaan <em>Rakkauksien lokikirja<\/em> (WSOY).<\/p>\n\n\n\n<p>Hirvonen on Huhtikuun lukija.<\/p>\n\n\n\n<p><\/p>\n\n\n\n<p><strong>Mink\u00e4 kirjan olet lukenut viimeksi, Elina Hirvonen?<\/strong><\/p>\n\n\n\n<p>&#8221;Brittil\u00e4isen <strong>Tessa Hadleyn<\/strong> romaanin <em>Vapaa rakkaus<\/em> (suom<strong>. Marianna Kurtto<\/strong>, Gummerus 2023). Kriitikko ja kirjoittamisen opettaja <strong>Aleksis Salusj\u00e4rvi<\/strong> puhui romaanista niin innostuneesti, ett\u00e4 tartuin siihen heti. Se on monitasoinen ja vaivattoman taitavasti kirjoitettu romaani ihmisist\u00e4, jotka pyrkiv\u00e4t irti asemansa kahleista.<\/p>\n\n\n\n<p>&#8221;T\u00e4ll\u00e4 hetkell\u00e4 luen <strong>Satu Vasantolan<\/strong> syd\u00e4nt\u00e4 puristavan vaikuttavaa romaania <em>Kun is\u00e4 osti Merenkurkun<\/em> (Tammi 2023) <strong>ja Sixten Korkmanin<\/strong> teosta <em>Talous ja humanismi<\/em> (Otava 2022).&#8221;<\/p>\n\n\n\n<p><\/p>\n\n\n\n<p><strong>Luetko enemm\u00e4n tieto- vai kaunokirjallisuutta?<\/strong><\/p>\n\n\n\n<p>&#8221;Luen molempia, mutta v\u00e4h\u00e4n enemm\u00e4n kaunokirjallisuutta. Kaunokirjallisuuden lukeminen on tila, jossa en koskaan koe olevani yksin.&#8221;<\/p>\n\n\n\n<p><\/p>\n\n\n\n<p><strong>Kuunteletko \u00e4\u00e4nikirjoja?<\/strong><\/p>\n\n\n\n<p>&#8221;En pysty kuuntelemaan kaunokirjallisuutta \u00e4\u00e4nikirjoina, mutta tietokirjallisuutta kuuntelen jonkin verran. Viimeksi kuuntelin <strong>Raisa Omaheimon<\/strong> <em>Ratkaisuja l\u00e4skeille<\/em> (S&amp;S 2022), jonka kirjoittaja itse lukee.<\/p>\n\n\n\n<p>&#8221;Nyt kuuntelen Youtubesta historija <strong>Timothy Snyderin<\/strong> Yalen yliopiston Ukrainan historiaa k\u00e4sittelev\u00e4\u00e4 luentosarjaa &#8221;The Making of Modern Ukraine.&#8221; Se on niin briljantti, ett\u00e4 haluan suositella sit\u00e4 kaikille, samoin kuin Snyderin kirjoittamia teoksia.&#8221;<\/p>\n\n\n\n<p><\/p>\n\n\n\n<p><strong>Mit\u00e4 olet viimeksi oppinut kirjasta?<\/strong><\/p>\n\n\n\n<p>&#8221;Opin kirjoista jatkuvasti jotain uutta siit\u00e4, miten voi kirjoittaa ja miten el\u00e4m\u00e4\u00e4 ja maailmassa olemista voi hahmottaa. Yksi konkreettinen asia, jonka viimeksi opin kirjasta, on <strong>Seppo Mustaluodon<\/strong> <em>Kontakti!-<\/em>teoksessa (Gummerus 2023) kuvatut suomalaisten erikoisjoukkojen kokemukset Afganistanissa. Teos avaa merkitt\u00e4v\u00e4ll\u00e4 tavalla maailmaa, josta Suomessa on julkisesti keskusteltu v\u00e4h\u00e4n.&#8221;<\/p>\n\n\n\n<p><\/p>\n\n\n\n<p><strong>Jos saisit antaa yhden kirjan 18-vuotiaalle itsellesi, mink\u00e4 kirjan antaisit ja mit\u00e4 sanoisit sen ojentaessasi?<\/strong><\/p>\n\n\n\n<p>&#8221;Ruotsalaisen <strong>Sara Stridsbergin<\/strong> romaanin <em>Niin raskas on rakkaus<\/em> (suom. <strong>Outi Menna<\/strong>, Tammi 2016). Se kuvaa kielellisell\u00e4 taituruudella aikaa, jolloin 13-vuotiaan p\u00e4\u00e4henkil\u00f6n is\u00e4 sairastuu psyykkisesti ja mielisairaalasta tulee kasvavalle tyt\u00f6lle l\u00e4hes toinen koti.<\/p>\n\n\n\n<p>&#8221;Minulla oli el\u00e4m\u00e4ss\u00e4ni samankaltainen aika lukioik\u00e4isen\u00e4, kun veljeni sairastui. Kun aikuisena luin Stridsbergin romaanin, unohtamani hetket palasivat mieleeni uskomattomalla voimalla. Sanoisin kirjan ojentaessani 18-vuotiaalle itselleni, ett\u00e4 et ole niin yksin kuin nyt tunnet olevasi.&#8221;<\/p>\n\n\n\n<p><\/p>\n\n\n\n<p><strong>Jos l\u00e4htisit lomalle paratiisisaarelle ja matkalaukkuun mahtuisi vain yksi kirja, mink\u00e4 ottaisit?<\/strong><\/p>\n\n\n\n<p>&#8221;Suunnilleen suurin haaveeni on p\u00e4\u00e4st\u00e4 lomalle paratiisisaarelle kirjojen kanssa \u2013 joten yritt\u00e4isin salakuljettaa enemm\u00e4n kuin yhden! Ottaisin teoksen <em>Kirkas, h\u00e4m\u00e4r\u00e4, kirkas<\/em> (Tammi 2021), johon on koottu <strong>Eeva-Liisa Mannerin<\/strong> koko runotuotanto. Olen 19-vuotiaasta asti palannut Mannerin runoihin aina uudestaan, eiv\u00e4tk\u00e4 niiden merkitykset tyhjene koskaan. Runoteoksen viereen sujauttaisin salaa <strong>Virginia Woolfin <\/strong>esseet.&#8221;<\/p>\n\n\n\n<p><\/p>\n\n\n\n<p><strong>Mit\u00e4 sinulla on parhaillaan ty\u00f6n alla?<\/strong><\/p>\n\n\n\n<p>&#8221;Elokuussa (toivottavasti!) ilmestyv\u00e4 romaani <em>Rakkauksien lokikirja<\/em> (WSOY). Teoksen kaunokirjallinen maailma perustuu todellisiin keskusteluihin rakkaudesta hyvin laajassa merkityksess\u00e4 ja se avaa trilogian, jossa romaanisarjan kertoja tutkii rakkauden muotoja ja merkityksi\u00e4 keskustelemalla eri puolilla maailmaa asuvien ihmisten kanssa. Se on tyylilt\u00e4\u00e4n ja muodoltaan erilainen teos kuin mik\u00e4\u00e4n aikaisemmin kirjoittamani ja olen siit\u00e4 vuoroin innoissani, vuoroin (kuten juuri nyt) kauhuissani.<\/p>\n\n\n\n<p>&#8221;Romaanin viimeistelyn ohessa valmistelen afganistanilaisen elokuvaohjaajayst\u00e4v\u00e4ni kanssa yhteist\u00e4, Afganistanin naisia seuraavaa dokumenttielokuvaa <em>Reading Anne Frank in Kabul<\/em>.&#8221;<\/p>\n","protected":false},"excerpt":{"rendered":"<p>Elina Hirvoselle vuosi 2023 on kahden kirjan vuosi. H\u00e4nen kirjoittamansa Katri Helenan el\u00e4m\u00e4ntarina Katri Helena \u2013 Laulaja (WSOY) ilmestyi juuri, ja parhaillaan h\u00e4n viimeistelee syksyll\u00e4 ilmestyv\u00e4\u00e4 romaaniaan Rakkauksien lokikirja (WSOY).<br \/>\nHirvonen&hellip;<\/p>\n","protected":false},"author":129,"featured_media":0,"comment_status":"open","ping_status":"open","sticky":false,"template":"","format":"standard","meta":{"_acf_changed":false,"asauth_required_access_level":3,"asauth_cansharepaid":"true","om_header_attributes":[],"footnotes":"","om_featured_image_focal_point":[],"om_primary_tag":0,"om_contributors":[],"om_co_authors":[],"beyondwords_generate_audio":"","beyondwords_project_id":"","beyondwords_content_id":"","beyondwords_preview_token":"","beyondwords_player_content":"","beyondwords_player_style":"","beyondwords_language_code":"","beyondwords_language_id":"","beyondwords_title_voice_id":"","beyondwords_body_voice_id":"","beyondwords_summary_voice_id":"","beyondwords_error_message":"","beyondwords_disabled":"","beyondwords_delete_content":"","beyondwords_podcast_id":"","beyondwords_hash":"","publish_post_to_speechkit":"","speechkit_hash":"","speechkit_generate_audio":"","speechkit_project_id":"","speechkit_podcast_id":"","speechkit_error_message":"","speechkit_disabled":"","speechkit_access_key":"","speechkit_error":"","speechkit_info":"","speechkit_response":"","speechkit_retries":"","speechkit_status":"","speechkit_updated_at":"","_speechkit_link":"","_speechkit_text":""},"categories":[1],"tags":[1317],"class_list":["post-2482","post","type-post","status-publish","format-standard","hentry","category-kirjailijan-paivakirja","tag-elina-hirvonen"],"om_views":null,"acf":{"tuuma_off":false,"tuuma_kysymys":"","tuuma_vastaus":""},"asauth":{"required_access_level":1,"share_token":"","is_paid":false},"yoast_head":"<!-- This site is optimized with the Yoast SEO plugin v26.4 - https:\/\/yoast.com\/wordpress\/plugins\/seo\/ -->\n<title>Kirjailija Elina Hirvonen salakuljettaisi autiolle saarelle Virginia Woolfia - Kirjailijan p\u00e4iv\u00e4kirja<\/title>\n<meta name=\"robots\" content=\"index, follow, max-snippet:-1, max-image-preview:large, max-video-preview:-1\" \/>\n<link rel=\"canonical\" href=\"https:\/\/suomenkuvalehti.fi\/kirjailijanpaivakirja\/kirjailija-elina-hirvonen-salakuljettaisi-autiolle-saarelle-virginia-woolfia\/\" \/>\n<meta property=\"og:locale\" content=\"fi_FI\" \/>\n<meta property=\"og:type\" content=\"article\" \/>\n<meta property=\"og:title\" content=\"Kirjailija Elina Hirvonen salakuljettaisi autiolle saarelle Virginia Woolfia - Kirjailijan p\u00e4iv\u00e4kirja\" \/>\n<meta property=\"og:description\" content=\"Elina Hirvoselle vuosi 2023 on kahden kirjan vuosi. H\u00e4nen kirjoittamansa Katri Helenan el\u00e4m\u00e4ntarina Katri Helena \u2013 Laulaja (WSOY) ilmestyi juuri, ja parhaillaan h\u00e4n viimeistelee syksyll\u00e4 ilmestyv\u00e4\u00e4 romaaniaan Rakkauksien lokikirja (WSOY). Hirvonen&hellip;\" \/>\n<meta property=\"og:url\" content=\"https:\/\/suomenkuvalehti.fi\/kirjailijanpaivakirja\/kirjailija-elina-hirvonen-salakuljettaisi-autiolle-saarelle-virginia-woolfia\/\" \/>\n<meta property=\"og:site_name\" content=\"Kirjailijan p\u00e4iv\u00e4kirja\" \/>\n<meta property=\"article:published_time\" content=\"2023-04-28T04:57:49+00:00\" \/>\n<meta property=\"article:modified_time\" content=\"2023-04-28T04:57:50+00:00\" \/>\n<meta property=\"og:image\" content=\"https:\/\/suomenkuvalehti.fi\/kirjailijanpaivakirja\/wp-content\/uploads\/sites\/21\/2022\/04\/hamalainen_karo06-1-scaled.jpg\" \/>\n\t<meta property=\"og:image:width\" content=\"2560\" \/>\n\t<meta property=\"og:image:height\" content=\"1706\" \/>\n\t<meta property=\"og:image:type\" content=\"image\/jpeg\" \/>\n<meta name=\"author\" content=\"Karo H\u00e4m\u00e4l\u00e4inen\" \/>\n<meta name=\"twitter:card\" content=\"summary_large_image\" \/>\n<meta name=\"twitter:label1\" content=\"Written by\" \/>\n\t<meta name=\"twitter:data1\" content=\"Karo H\u00e4m\u00e4l\u00e4inen\" \/>\n\t<meta name=\"twitter:label2\" content=\"Est. reading time\" \/>\n\t<meta name=\"twitter:data2\" content=\"3 minuuttia\" \/>\n<script type=\"application\/ld+json\" class=\"yoast-schema-graph\">{\"@context\":\"https:\/\/schema.org\",\"@graph\":[{\"@type\":\"WebPage\",\"@id\":\"https:\/\/suomenkuvalehti.fi\/kirjailijanpaivakirja\/kirjailija-elina-hirvonen-salakuljettaisi-autiolle-saarelle-virginia-woolfia\/\",\"url\":\"https:\/\/suomenkuvalehti.fi\/kirjailijanpaivakirja\/kirjailija-elina-hirvonen-salakuljettaisi-autiolle-saarelle-virginia-woolfia\/\",\"name\":\"Kirjailija Elina Hirvonen salakuljettaisi autiolle saarelle Virginia Woolfia - Kirjailijan p\u00e4iv\u00e4kirja\",\"isPartOf\":{\"@id\":\"https:\/\/suomenkuvalehti.fi\/kirjailijanpaivakirja\/#website\"},\"datePublished\":\"2023-04-28T04:57:49+00:00\",\"dateModified\":\"2023-04-28T04:57:50+00:00\",\"author\":{\"@id\":\"https:\/\/suomenkuvalehti.fi\/kirjailijanpaivakirja\/#\/schema\/person\/ca2dfd9d508d8c675e07b3c099fc789b\"},\"breadcrumb\":{\"@id\":\"https:\/\/suomenkuvalehti.fi\/kirjailijanpaivakirja\/kirjailija-elina-hirvonen-salakuljettaisi-autiolle-saarelle-virginia-woolfia\/#breadcrumb\"},\"inLanguage\":\"fi\",\"potentialAction\":[{\"@type\":\"ReadAction\",\"target\":[\"https:\/\/suomenkuvalehti.fi\/kirjailijanpaivakirja\/kirjailija-elina-hirvonen-salakuljettaisi-autiolle-saarelle-virginia-woolfia\/\"]}]},{\"@type\":\"BreadcrumbList\",\"@id\":\"https:\/\/suomenkuvalehti.fi\/kirjailijanpaivakirja\/kirjailija-elina-hirvonen-salakuljettaisi-autiolle-saarelle-virginia-woolfia\/#breadcrumb\",\"itemListElement\":[{\"@type\":\"ListItem\",\"position\":1,\"name\":\"Home\",\"item\":\"https:\/\/suomenkuvalehti.fi\/kirjailijanpaivakirja\/\"},{\"@type\":\"ListItem\",\"position\":2,\"name\":\"Kirjailija Elina Hirvonen salakuljettaisi autiolle saarelle Virginia Woolfia\"}]},{\"@type\":\"WebSite\",\"@id\":\"https:\/\/suomenkuvalehti.fi\/kirjailijanpaivakirja\/#website\",\"url\":\"https:\/\/suomenkuvalehti.fi\/kirjailijanpaivakirja\/\",\"name\":\"Kirjailijan p\u00e4iv\u00e4kirja\",\"description\":\"Proosakirjailijan arkea ja kirjallisuuden ajankohtaisia aiheita.\",\"potentialAction\":[{\"@type\":\"SearchAction\",\"target\":{\"@type\":\"EntryPoint\",\"urlTemplate\":\"https:\/\/suomenkuvalehti.fi\/haku\/?q={search_term_string}\"},\"query-input\":{\"@type\":\"PropertyValueSpecification\",\"valueRequired\":true,\"valueName\":\"search_term_string\"}}],\"inLanguage\":\"fi\"},{\"@type\":\"Person\",\"@id\":\"https:\/\/suomenkuvalehti.fi\/kirjailijanpaivakirja\/#\/schema\/person\/ca2dfd9d508d8c675e07b3c099fc789b\",\"name\":\"Karo H\u00e4m\u00e4l\u00e4inen\",\"image\":{\"@type\":\"ImageObject\",\"inLanguage\":\"fi\",\"@id\":\"https:\/\/suomenkuvalehti.fi\/kirjailijanpaivakirja\/#\/schema\/person\/image\/\",\"url\":\"https:\/\/suomenkuvalehti.fi\/kirjailijanpaivakirja\/wp-content\/uploads\/sites\/21\/2022\/04\/hamalainen_karo06-1-150x150.jpg\",\"contentUrl\":\"https:\/\/suomenkuvalehti.fi\/kirjailijanpaivakirja\/wp-content\/uploads\/sites\/21\/2022\/04\/hamalainen_karo06-1-150x150.jpg\",\"caption\":\"Karo H\u00e4m\u00e4l\u00e4inen\"},\"description\":\"Karo H\u00e4m\u00e4l\u00e4inen on kirjailija ja talouteen erikoistunut vapaa toimittaja.\"}]}<\/script>\n<!-- \/ Yoast SEO plugin. -->","yoast_head_json":{"title":"Kirjailija Elina Hirvonen salakuljettaisi autiolle saarelle Virginia Woolfia - Kirjailijan p\u00e4iv\u00e4kirja","robots":{"index":"index","follow":"follow","max-snippet":"max-snippet:-1","max-image-preview":"max-image-preview:large","max-video-preview":"max-video-preview:-1"},"canonical":"https:\/\/suomenkuvalehti.fi\/kirjailijanpaivakirja\/kirjailija-elina-hirvonen-salakuljettaisi-autiolle-saarelle-virginia-woolfia\/","og_locale":"fi_FI","og_type":"article","og_title":"Kirjailija Elina Hirvonen salakuljettaisi autiolle saarelle Virginia Woolfia - Kirjailijan p\u00e4iv\u00e4kirja","og_description":"Elina Hirvoselle vuosi 2023 on kahden kirjan vuosi. H\u00e4nen kirjoittamansa Katri Helenan el\u00e4m\u00e4ntarina Katri Helena \u2013 Laulaja (WSOY) ilmestyi juuri, ja parhaillaan h\u00e4n viimeistelee syksyll\u00e4 ilmestyv\u00e4\u00e4 romaaniaan Rakkauksien lokikirja (WSOY). Hirvonen&hellip;","og_url":"https:\/\/suomenkuvalehti.fi\/kirjailijanpaivakirja\/kirjailija-elina-hirvonen-salakuljettaisi-autiolle-saarelle-virginia-woolfia\/","og_site_name":"Kirjailijan p\u00e4iv\u00e4kirja","article_published_time":"2023-04-28T04:57:49+00:00","article_modified_time":"2023-04-28T04:57:50+00:00","og_image":[{"width":2560,"height":1706,"url":"https:\/\/suomenkuvalehti.fi\/kirjailijanpaivakirja\/wp-content\/uploads\/sites\/21\/2022\/04\/hamalainen_karo06-1-scaled.jpg","type":"image\/jpeg"}],"author":"Karo H\u00e4m\u00e4l\u00e4inen","twitter_card":"summary_large_image","twitter_misc":{"Written by":"Karo H\u00e4m\u00e4l\u00e4inen","Est. reading time":"3 minuuttia"},"schema":{"@context":"https:\/\/schema.org","@graph":[{"@type":"WebPage","@id":"https:\/\/suomenkuvalehti.fi\/kirjailijanpaivakirja\/kirjailija-elina-hirvonen-salakuljettaisi-autiolle-saarelle-virginia-woolfia\/","url":"https:\/\/suomenkuvalehti.fi\/kirjailijanpaivakirja\/kirjailija-elina-hirvonen-salakuljettaisi-autiolle-saarelle-virginia-woolfia\/","name":"Kirjailija Elina Hirvonen salakuljettaisi autiolle saarelle Virginia Woolfia - Kirjailijan p\u00e4iv\u00e4kirja","isPartOf":{"@id":"https:\/\/suomenkuvalehti.fi\/kirjailijanpaivakirja\/#website"},"datePublished":"2023-04-28T04:57:49+00:00","dateModified":"2023-04-28T04:57:50+00:00","author":{"@id":"https:\/\/suomenkuvalehti.fi\/kirjailijanpaivakirja\/#\/schema\/person\/ca2dfd9d508d8c675e07b3c099fc789b"},"breadcrumb":{"@id":"https:\/\/suomenkuvalehti.fi\/kirjailijanpaivakirja\/kirjailija-elina-hirvonen-salakuljettaisi-autiolle-saarelle-virginia-woolfia\/#breadcrumb"},"inLanguage":"fi","potentialAction":[{"@type":"ReadAction","target":["https:\/\/suomenkuvalehti.fi\/kirjailijanpaivakirja\/kirjailija-elina-hirvonen-salakuljettaisi-autiolle-saarelle-virginia-woolfia\/"]}]},{"@type":"BreadcrumbList","@id":"https:\/\/suomenkuvalehti.fi\/kirjailijanpaivakirja\/kirjailija-elina-hirvonen-salakuljettaisi-autiolle-saarelle-virginia-woolfia\/#breadcrumb","itemListElement":[{"@type":"ListItem","position":1,"name":"Home","item":"https:\/\/suomenkuvalehti.fi\/kirjailijanpaivakirja\/"},{"@type":"ListItem","position":2,"name":"Kirjailija Elina Hirvonen salakuljettaisi autiolle saarelle Virginia Woolfia"}]},{"@type":"WebSite","@id":"https:\/\/suomenkuvalehti.fi\/kirjailijanpaivakirja\/#website","url":"https:\/\/suomenkuvalehti.fi\/kirjailijanpaivakirja\/","name":"Kirjailijan p\u00e4iv\u00e4kirja","description":"Proosakirjailijan arkea ja kirjallisuuden ajankohtaisia aiheita.","potentialAction":[{"@type":"SearchAction","target":{"@type":"EntryPoint","urlTemplate":"https:\/\/suomenkuvalehti.fi\/haku\/?q={search_term_string}"},"query-input":{"@type":"PropertyValueSpecification","valueRequired":true,"valueName":"search_term_string"}}],"inLanguage":"fi"},{"@type":"Person","@id":"https:\/\/suomenkuvalehti.fi\/kirjailijanpaivakirja\/#\/schema\/person\/ca2dfd9d508d8c675e07b3c099fc789b","name":"Karo H\u00e4m\u00e4l\u00e4inen","image":{"@type":"ImageObject","inLanguage":"fi","@id":"https:\/\/suomenkuvalehti.fi\/kirjailijanpaivakirja\/#\/schema\/person\/image\/","url":"https:\/\/suomenkuvalehti.fi\/kirjailijanpaivakirja\/wp-content\/uploads\/sites\/21\/2022\/04\/hamalainen_karo06-1-150x150.jpg","contentUrl":"https:\/\/suomenkuvalehti.fi\/kirjailijanpaivakirja\/wp-content\/uploads\/sites\/21\/2022\/04\/hamalainen_karo06-1-150x150.jpg","caption":"Karo H\u00e4m\u00e4l\u00e4inen"},"description":"Karo H\u00e4m\u00e4l\u00e4inen on kirjailija ja talouteen erikoistunut vapaa toimittaja."}]}},"_links":{"self":[{"href":"https:\/\/suomenkuvalehti.fi\/kirjailijanpaivakirja\/wp-json\/wp\/v2\/posts\/2482","targetHints":{"allow":["GET"]}}],"collection":[{"href":"https:\/\/suomenkuvalehti.fi\/kirjailijanpaivakirja\/wp-json\/wp\/v2\/posts"}],"about":[{"href":"https:\/\/suomenkuvalehti.fi\/kirjailijanpaivakirja\/wp-json\/wp\/v2\/types\/post"}],"author":[{"embeddable":true,"href":"https:\/\/suomenkuvalehti.fi\/kirjailijanpaivakirja\/wp-json\/wp\/v2\/users\/129"}],"replies":[{"embeddable":true,"href":"https:\/\/suomenkuvalehti.fi\/kirjailijanpaivakirja\/wp-json\/wp\/v2\/comments?post=2482"}],"version-history":[{"count":1,"href":"https:\/\/suomenkuvalehti.fi\/kirjailijanpaivakirja\/wp-json\/wp\/v2\/posts\/2482\/revisions"}],"predecessor-version":[{"id":2483,"href":"https:\/\/suomenkuvalehti.fi\/kirjailijanpaivakirja\/wp-json\/wp\/v2\/posts\/2482\/revisions\/2483"}],"wp:attachment":[{"href":"https:\/\/suomenkuvalehti.fi\/kirjailijanpaivakirja\/wp-json\/wp\/v2\/media?parent=2482"}],"wp:term":[{"taxonomy":"category","embeddable":true,"href":"https:\/\/suomenkuvalehti.fi\/kirjailijanpaivakirja\/wp-json\/wp\/v2\/categories?post=2482"},{"taxonomy":"post_tag","embeddable":true,"href":"https:\/\/suomenkuvalehti.fi\/kirjailijanpaivakirja\/wp-json\/wp\/v2\/tags?post=2482"}],"curies":[{"name":"wp","href":"https:\/\/api.w.org\/{rel}","templated":true}]}}