{"id":247,"date":"2014-11-19T15:51:09","date_gmt":"2014-11-19T13:51:09","guid":{"rendered":"https:\/\/suomenkuvalehti.fi\/kirjailijanpaivakirja\/?p=247"},"modified":"2014-11-19T15:51:09","modified_gmt":"2014-11-19T13:51:09","slug":"esikoisen-viehatys","status":"publish","type":"post","link":"https:\/\/suomenkuvalehti.fi\/kirjailijanpaivakirja\/esikoisen-viehatys\/","title":{"rendered":"Esikoisen vieh\u00e4tys"},"content":{"rendered":"\n<p>Kuluvaa kotimaista kirjavuotta on luonnehdittu vahvojen esikoisromaanien vuodeksi. Se n\u00e4kyy my\u00f6s palkinnoissa. Finlandia-palkintoehdokkaana on per\u00e4ti kaksi esikoisteosta, Anni Kyt\u00f6m\u00e4en Kultarinta ja Tommi Kinnusen Nelj\u00e4ntienristeys.<\/p>\n\n\n\n<p>Helsingin Sanomien kirjallisuuspalkinnon raadin puheenjohtaja Antti Majander puolestaan sanoi palkinnonjakopuheessaan, ett\u00e4 raati harkitsi viime vaiheessa nelj\u00e4\u00e4 romaania; Hesarin kisassahan ovat mukana kaikki aikuisten kertovan kaunokirjallisuuden lajityypit, siis my\u00f6s novellit, lyriikka, esseistiikka ja aforistiikka. Nuo nelj\u00e4 teosta olivat Kyt\u00f6m\u00e4en ja Kinnusen kirjojen lis\u00e4ksi Henni Kitin El\u00e4v\u00e4n n\u00e4k\u00f6iset ja palkinnon voittanut Pajtim Statovcin Kissani Jugoslavia.<\/p>\n\n\n\n<p>&#8221;Hyv\u00e4 esikoisvuosi&#8221; \u2013 olkoon niin, mutta voiko todella olla, ett\u00e4 kuudesta vuoden parhaasta suomalaisesta romaanista joka kolmas on tekij\u00e4ns\u00e4 ensimm\u00e4inen? Vai onko kyse vain siit\u00e4, ett\u00e4 esikoisteokset saavat julkisuudessa paljon huomiota, mink\u00e4 vuoksi niihin keskityt\u00e4\u00e4n ja niit\u00e4 &#8221;l\u00f6ydet\u00e4\u00e4n&#8221; helpommin kuin tekij\u00e4ns\u00e4 tuotannon seuraavia kirjoja?<\/p>\n\n\n\n<p>Finlandia-raati ainakin osoitti j\u00e4lkimm\u00e4isen arvelun p\u00f6dyksi nostamalla esiin kaksi jo aiemmin julkaistua mutta v\u00e4h\u00e4iselle huomiolle j\u00e4\u00e4nytt\u00e4 kirjailijaa, Heidi Jaatisen ja Jussi Valtosen.<\/p>\n\n\n\n<p>Miksi esikoiset vieh\u00e4tt\u00e4v\u00e4t? Mietin asiaa erityisesti vuonna 2008, jolloin kuuluin Finlandia-raatiin. Kuusikossamme varsinainen esikoiskirja oli Katri Lipsonin Kosmonautti, mutta my\u00f6s Arne Nevanlinnan Marie oli tekij\u00e4ns\u00e4 ensimm\u00e4inen romaani. Kiehtoivatko ne jostain muusta kuin kirjallisesta syyst\u00e4 \u2013 esikoissyyst\u00e4?<\/p>\n\n\n\n<p>Kirjallisuudessa niin kuin kaikessa taiteessa uutuudella on arvo. Uutuuden tuoma vieh\u00e4tys on osa moniselitteist\u00e4 taideteoksen kokonaisarvoa. Uutuudella en tarkoita sit\u00e4, ett\u00e4 tekij\u00e4 on ennalta tuntematon,&nbsp;vaan sit\u00e4, ett\u00e4 teoksessa on jotain uutta, uudenlaista, oli se sitten aiheen, aiheenk\u00e4sittelyn, rakenteiden, kerronnan tai kirjailijan kyn\u00e4nj\u00e4ljen tasolla. Uusi kertoja luultavasti tekee jotakin uudella tavalla.<\/p>\n\n\n\n<p>T\u00e4h\u00e4n vaikuttaa my\u00f6s prosessi, jolla kirjat p\u00e4\u00e4tyv\u00e4t kustannettaviksi suuriin kustantamoihin, jotka l\u00e4hinn\u00e4 l\u00e4hett\u00e4v\u00e4t teoksiaan Finlandia-raadin puntaroitaviksi. Uusien k\u00e4sikirjoitusten pinosta kustannettavaksi p\u00e4\u00e4tynee helpoimmin teos, joka lumoaa kustannustoimittajan jollain seikalla. Eik\u00e4 kokenutta lukijaa ole helppo lumota.<\/p>\n\n\n\n<p>Esikoisteokseen tekij\u00e4 tyypillisesti pusertaa paljon itse\u00e4\u00e4n \u2013 kaikupohjana on koko siihenastinen el\u00e4m\u00e4, siit\u00e4 valittu kaikkein t\u00e4rkein tarina tai aihe, jonka tekij\u00e4 on kokenut kirjoittamisen arvoiseksi. Esikoisteoksia leimaa, sit\u00e4 on kai tutkittukin, omael\u00e4m\u00e4kerrallisuus tasolla tai toisella.<\/p>\n\n\n\n<p>Se n\u00e4kyy my\u00f6s alla olevassa listassa, jonka laadin Helsingin Sanomien kirjallisuusteemaiseen Teema-lehteen, kun toimittaja Juhani Karila pyysi listaamaan kolme minulle t\u00e4rke\u00e4\u00e4 esikoista. Valintojen perusteluita mahtui lehteen vain niukasti, joten t\u00e4ss\u00e4 kolme t\u00e4rkeint\u00e4 esikoisteostani perusteluineen. Niist\u00e4 n\u00e4kyy &nbsp;my\u00f6s se, ett\u00e4 teoksen esikoisluonne on hyvin ep\u00e4selv\u00e4. Triosta vain yksi on varsinainen kaunokirjallinen esikoinen niin kuin se nykyisin ymm\u00e4rret\u00e4\u00e4n. Teokset on j\u00e4rjestetty aikaj\u00e4rjestykseen ilmestymisajankohtansa mukaan.<\/p>\n\n\n\n<p>&nbsp;<\/p>\n\n\n\n<p><strong>Thomas Mann: Buddenbrookit<\/strong><\/p>\n\n\n\n<p>Esikoisteoksen raja on h\u00e4ilyv\u00e4. Thomas Mannilta julkaistiin ennen Buddenbrookeja novelleja, mutta ensimm\u00e4inen romaani oli selv\u00e4sti h\u00e4nen ensimm\u00e4inen suuri yhten\u00e4inen ty\u00f6ns\u00e4, ja samalla se on selv\u00e4sti nuoren taiteilijan teos: Mann aloitti Buddenbrookien kirjoittamisen olleessaan 22-vuotias ja se ilmestyi h\u00e4nen ollessaan 26-vuotias. Buddenbrookeissa Mann pakkasi yhteen 1800-luvun lopun kertomakirjallisuuden, mink\u00e4 tehty\u00e4\u00e4n h\u00e4n pystyi jatkamaan estetiikkansa kehitt\u00e4mist\u00e4. Lavea sukutarina on siten sek\u00e4 er\u00e4\u00e4n estetiikan huipentuma ett\u00e4 Mannin kirjailijanuran l\u00e4ht\u00f6.<\/p>\n\n\n\n<p><strong>Pentti Saarikoski: Nuoruuden p\u00e4iv\u00e4kirjat<\/strong><\/p>\n\n\n\n<p>Esikoisteoksen raja on h\u00e4ilyv\u00e4. Pentti Saarikoski kirjoitti nuoruudessaan p\u00e4iv\u00e4kirjoja, jotka julkaistiin Pekka Tarkan toimittamana kirjana kirjailijan kuoleman j\u00e4lkeen. P\u00e4iv\u00e4kirjoissaan Saarikoski poseeraa ja kirjoittaa itsest\u00e4\u00e4n fiktiota, ja kun editori Tarkka on viel\u00e4 valinnut julkaistuun teokseen materiaalista kolmanneksen, Nuoruuden p\u00e4iv\u00e4kirjat on olennaisemmin taideteos kuin dokumentti. Monen muun tavoin ahmin Saarikosken p\u00e4iv\u00e4kirjamerkint\u00f6j\u00e4 nuoruudessani. Useimmat t\u00e4rke\u00e4t kirjat ovat nuoruuden t\u00e4rkeit\u00e4 kirjoja.<\/p>\n\n\n\n<p><strong>Anja Snelmann (silloinen Kauranen): Sonja O. k\u00e4vi t\u00e4\u00e4ll\u00e4<\/strong><\/p>\n\n\n\n<p>Anja Snellmanin esikoisteos on esikoisromaani esikoisromaanimaisimmillaan. Se kumpuaa l\u00e4helt\u00e4 kirjailijan omaa el\u00e4m\u00e4\u00e4, pulppuaa innolla, kohauttaa ja nousee ilmi\u00f6ksi. Esikoisteoksissa kiehtovaa on juuri uuden kirjailijan uusi viritys. Yht\u00e4 hyvin olisin voinut valita toisen 1980-luvun esikoisen, Rosa Liksomin Yhden y\u00f6n pys\u00e4kin, mutta aikoinaan satuin lukemaan Sonja O:n sellaiseen hetkeen, ett\u00e4 se nyt nousi listalle Liksomin sijaan.<\/p>\n\n\n","protected":false},"excerpt":{"rendered":"<p>Kuluvaa kotimaista kirjavuotta on luonnehdittu vahvojen esikoisromaanien vuodeksi. Se n\u00e4kyy my\u00f6s palkinnoissa. Finlandia-palkintoehdokkaana on per\u00e4ti kaksi esikoisteosta, Anni Kyt\u00f6m\u00e4en Kultarinta ja Tommi Kinnusen Nelj\u00e4ntienristeys. Helsingin Sanomien kirjallisuuspalkinnon raadin puheenjohtaja Antti<br \/>\nMajan&hellip;<\/p>\n","protected":false},"author":129,"featured_media":0,"comment_status":"open","ping_status":"open","sticky":false,"template":"","format":"standard","meta":{"_acf_changed":false,"asauth_required_access_level":3,"asauth_cansharepaid":"true","om_header_attributes":[],"footnotes":"","om_featured_image_focal_point":[],"om_primary_tag":0,"om_contributors":[],"om_co_authors":[],"beyondwords_generate_audio":"","beyondwords_project_id":"","beyondwords_content_id":"","beyondwords_preview_token":"","beyondwords_player_content":"","beyondwords_player_style":"","beyondwords_language_code":"","beyondwords_language_id":"","beyondwords_title_voice_id":"","beyondwords_body_voice_id":"","beyondwords_summary_voice_id":"","beyondwords_error_message":"","beyondwords_disabled":"","beyondwords_delete_content":"","beyondwords_podcast_id":"","beyondwords_hash":"","publish_post_to_speechkit":"","speechkit_hash":"","speechkit_generate_audio":"","speechkit_project_id":"","speechkit_podcast_id":"","speechkit_error_message":"","speechkit_disabled":"","speechkit_access_key":"","speechkit_error":"","speechkit_info":"","speechkit_response":"","speechkit_retries":"","speechkit_status":"","speechkit_updated_at":"","_speechkit_link":"","_speechkit_text":""},"categories":[1],"tags":[156,310,312,315,305,306,313,307,314,311,317,229,309,316,308,88],"class_list":["post-247","post","type-post","status-publish","format-standard","hentry","category-kirjailijan-paivakirja","tag-anja-snellman","tag-anni-kytomaki","tag-arne-nevanlinna","tag-buddenbrookit","tag-esikoisteos","tag-finlandia-palkinto","tag-heidi-jaatinen","tag-helsingin-sanomien-kirjallisuuspalkinto","tag-jussi-valtonen","tag-katri-lipson","tag-nuoruuden-paivakirjat","tag-pajtim-statovci","tag-pentti-saarikoski","tag-sonja-o-kavi-taalla","tag-thomas-mann","tag-tommi-kinnunen"],"om_views":null,"acf":{"tuuma_off":false,"tuuma_kysymys":"","tuuma_vastaus":""},"asauth":{"required_access_level":1,"share_token":"","is_paid":false},"yoast_head":"<!-- This site is optimized with the Yoast SEO plugin v26.4 - https:\/\/yoast.com\/wordpress\/plugins\/seo\/ -->\n<title>Esikoisen vieh\u00e4tys - Kirjailijan p\u00e4iv\u00e4kirja<\/title>\n<meta name=\"robots\" content=\"index, follow, max-snippet:-1, max-image-preview:large, max-video-preview:-1\" \/>\n<link rel=\"canonical\" href=\"https:\/\/suomenkuvalehti.fi\/kirjailijanpaivakirja\/esikoisen-viehatys\/\" \/>\n<meta property=\"og:locale\" content=\"fi_FI\" \/>\n<meta property=\"og:type\" content=\"article\" \/>\n<meta property=\"og:title\" content=\"Esikoisen vieh\u00e4tys - Kirjailijan p\u00e4iv\u00e4kirja\" \/>\n<meta property=\"og:description\" content=\"Kuluvaa kotimaista kirjavuotta on luonnehdittu vahvojen esikoisromaanien vuodeksi. Se n\u00e4kyy my\u00f6s palkinnoissa. Finlandia-palkintoehdokkaana on per\u00e4ti kaksi esikoisteosta, Anni Kyt\u00f6m\u00e4en Kultarinta ja Tommi Kinnusen Nelj\u00e4ntienristeys. Helsingin Sanomien kirjallisuuspalkinnon raadin puheenjohtaja Antti Majan&hellip;\" \/>\n<meta property=\"og:url\" content=\"https:\/\/suomenkuvalehti.fi\/kirjailijanpaivakirja\/esikoisen-viehatys\/\" \/>\n<meta property=\"og:site_name\" content=\"Kirjailijan p\u00e4iv\u00e4kirja\" \/>\n<meta property=\"article:published_time\" content=\"2014-11-19T13:51:09+00:00\" \/>\n<meta property=\"og:image\" content=\"https:\/\/suomenkuvalehti.fi\/kirjailijanpaivakirja\/wp-content\/uploads\/sites\/21\/2022\/04\/hamalainen_karo06-1-scaled.jpg\" \/>\n\t<meta property=\"og:image:width\" content=\"2560\" \/>\n\t<meta property=\"og:image:height\" content=\"1706\" \/>\n\t<meta property=\"og:image:type\" content=\"image\/jpeg\" \/>\n<meta name=\"author\" content=\"Karo H\u00e4m\u00e4l\u00e4inen\" \/>\n<meta name=\"twitter:card\" content=\"summary_large_image\" \/>\n<meta name=\"twitter:label1\" content=\"Written by\" \/>\n\t<meta name=\"twitter:data1\" content=\"Karo H\u00e4m\u00e4l\u00e4inen\" \/>\n\t<meta name=\"twitter:label2\" content=\"Est. reading time\" \/>\n\t<meta name=\"twitter:data2\" content=\"3 minuuttia\" \/>\n<script type=\"application\/ld+json\" class=\"yoast-schema-graph\">{\"@context\":\"https:\/\/schema.org\",\"@graph\":[{\"@type\":\"WebPage\",\"@id\":\"https:\/\/suomenkuvalehti.fi\/kirjailijanpaivakirja\/esikoisen-viehatys\/\",\"url\":\"https:\/\/suomenkuvalehti.fi\/kirjailijanpaivakirja\/esikoisen-viehatys\/\",\"name\":\"Esikoisen vieh\u00e4tys - Kirjailijan p\u00e4iv\u00e4kirja\",\"isPartOf\":{\"@id\":\"https:\/\/suomenkuvalehti.fi\/kirjailijanpaivakirja\/#website\"},\"datePublished\":\"2014-11-19T13:51:09+00:00\",\"author\":{\"@id\":\"https:\/\/suomenkuvalehti.fi\/kirjailijanpaivakirja\/#\/schema\/person\/ca2dfd9d508d8c675e07b3c099fc789b\"},\"breadcrumb\":{\"@id\":\"https:\/\/suomenkuvalehti.fi\/kirjailijanpaivakirja\/esikoisen-viehatys\/#breadcrumb\"},\"inLanguage\":\"fi\",\"potentialAction\":[{\"@type\":\"ReadAction\",\"target\":[\"https:\/\/suomenkuvalehti.fi\/kirjailijanpaivakirja\/esikoisen-viehatys\/\"]}]},{\"@type\":\"BreadcrumbList\",\"@id\":\"https:\/\/suomenkuvalehti.fi\/kirjailijanpaivakirja\/esikoisen-viehatys\/#breadcrumb\",\"itemListElement\":[{\"@type\":\"ListItem\",\"position\":1,\"name\":\"Home\",\"item\":\"https:\/\/suomenkuvalehti.fi\/kirjailijanpaivakirja\/\"},{\"@type\":\"ListItem\",\"position\":2,\"name\":\"Esikoisen vieh\u00e4tys\"}]},{\"@type\":\"WebSite\",\"@id\":\"https:\/\/suomenkuvalehti.fi\/kirjailijanpaivakirja\/#website\",\"url\":\"https:\/\/suomenkuvalehti.fi\/kirjailijanpaivakirja\/\",\"name\":\"Kirjailijan p\u00e4iv\u00e4kirja\",\"description\":\"Proosakirjailijan arkea ja kirjallisuuden ajankohtaisia aiheita.\",\"potentialAction\":[{\"@type\":\"SearchAction\",\"target\":{\"@type\":\"EntryPoint\",\"urlTemplate\":\"https:\/\/suomenkuvalehti.fi\/haku\/?q={search_term_string}\"},\"query-input\":{\"@type\":\"PropertyValueSpecification\",\"valueRequired\":true,\"valueName\":\"search_term_string\"}}],\"inLanguage\":\"fi\"},{\"@type\":\"Person\",\"@id\":\"https:\/\/suomenkuvalehti.fi\/kirjailijanpaivakirja\/#\/schema\/person\/ca2dfd9d508d8c675e07b3c099fc789b\",\"name\":\"Karo H\u00e4m\u00e4l\u00e4inen\",\"image\":{\"@type\":\"ImageObject\",\"inLanguage\":\"fi\",\"@id\":\"https:\/\/suomenkuvalehti.fi\/kirjailijanpaivakirja\/#\/schema\/person\/image\/\",\"url\":\"https:\/\/suomenkuvalehti.fi\/kirjailijanpaivakirja\/wp-content\/uploads\/sites\/21\/2022\/04\/hamalainen_karo06-1-150x150.jpg\",\"contentUrl\":\"https:\/\/suomenkuvalehti.fi\/kirjailijanpaivakirja\/wp-content\/uploads\/sites\/21\/2022\/04\/hamalainen_karo06-1-150x150.jpg\",\"caption\":\"Karo H\u00e4m\u00e4l\u00e4inen\"},\"description\":\"Karo H\u00e4m\u00e4l\u00e4inen on kirjailija ja talouteen erikoistunut vapaa toimittaja.\"}]}<\/script>\n<!-- \/ Yoast SEO plugin. -->","yoast_head_json":{"title":"Esikoisen vieh\u00e4tys - Kirjailijan p\u00e4iv\u00e4kirja","robots":{"index":"index","follow":"follow","max-snippet":"max-snippet:-1","max-image-preview":"max-image-preview:large","max-video-preview":"max-video-preview:-1"},"canonical":"https:\/\/suomenkuvalehti.fi\/kirjailijanpaivakirja\/esikoisen-viehatys\/","og_locale":"fi_FI","og_type":"article","og_title":"Esikoisen vieh\u00e4tys - Kirjailijan p\u00e4iv\u00e4kirja","og_description":"Kuluvaa kotimaista kirjavuotta on luonnehdittu vahvojen esikoisromaanien vuodeksi. Se n\u00e4kyy my\u00f6s palkinnoissa. Finlandia-palkintoehdokkaana on per\u00e4ti kaksi esikoisteosta, Anni Kyt\u00f6m\u00e4en Kultarinta ja Tommi Kinnusen Nelj\u00e4ntienristeys. Helsingin Sanomien kirjallisuuspalkinnon raadin puheenjohtaja Antti Majan&hellip;","og_url":"https:\/\/suomenkuvalehti.fi\/kirjailijanpaivakirja\/esikoisen-viehatys\/","og_site_name":"Kirjailijan p\u00e4iv\u00e4kirja","article_published_time":"2014-11-19T13:51:09+00:00","og_image":[{"width":2560,"height":1706,"url":"https:\/\/suomenkuvalehti.fi\/kirjailijanpaivakirja\/wp-content\/uploads\/sites\/21\/2022\/04\/hamalainen_karo06-1-scaled.jpg","type":"image\/jpeg"}],"author":"Karo H\u00e4m\u00e4l\u00e4inen","twitter_card":"summary_large_image","twitter_misc":{"Written by":"Karo H\u00e4m\u00e4l\u00e4inen","Est. reading time":"3 minuuttia"},"schema":{"@context":"https:\/\/schema.org","@graph":[{"@type":"WebPage","@id":"https:\/\/suomenkuvalehti.fi\/kirjailijanpaivakirja\/esikoisen-viehatys\/","url":"https:\/\/suomenkuvalehti.fi\/kirjailijanpaivakirja\/esikoisen-viehatys\/","name":"Esikoisen vieh\u00e4tys - Kirjailijan p\u00e4iv\u00e4kirja","isPartOf":{"@id":"https:\/\/suomenkuvalehti.fi\/kirjailijanpaivakirja\/#website"},"datePublished":"2014-11-19T13:51:09+00:00","author":{"@id":"https:\/\/suomenkuvalehti.fi\/kirjailijanpaivakirja\/#\/schema\/person\/ca2dfd9d508d8c675e07b3c099fc789b"},"breadcrumb":{"@id":"https:\/\/suomenkuvalehti.fi\/kirjailijanpaivakirja\/esikoisen-viehatys\/#breadcrumb"},"inLanguage":"fi","potentialAction":[{"@type":"ReadAction","target":["https:\/\/suomenkuvalehti.fi\/kirjailijanpaivakirja\/esikoisen-viehatys\/"]}]},{"@type":"BreadcrumbList","@id":"https:\/\/suomenkuvalehti.fi\/kirjailijanpaivakirja\/esikoisen-viehatys\/#breadcrumb","itemListElement":[{"@type":"ListItem","position":1,"name":"Home","item":"https:\/\/suomenkuvalehti.fi\/kirjailijanpaivakirja\/"},{"@type":"ListItem","position":2,"name":"Esikoisen vieh\u00e4tys"}]},{"@type":"WebSite","@id":"https:\/\/suomenkuvalehti.fi\/kirjailijanpaivakirja\/#website","url":"https:\/\/suomenkuvalehti.fi\/kirjailijanpaivakirja\/","name":"Kirjailijan p\u00e4iv\u00e4kirja","description":"Proosakirjailijan arkea ja kirjallisuuden ajankohtaisia aiheita.","potentialAction":[{"@type":"SearchAction","target":{"@type":"EntryPoint","urlTemplate":"https:\/\/suomenkuvalehti.fi\/haku\/?q={search_term_string}"},"query-input":{"@type":"PropertyValueSpecification","valueRequired":true,"valueName":"search_term_string"}}],"inLanguage":"fi"},{"@type":"Person","@id":"https:\/\/suomenkuvalehti.fi\/kirjailijanpaivakirja\/#\/schema\/person\/ca2dfd9d508d8c675e07b3c099fc789b","name":"Karo H\u00e4m\u00e4l\u00e4inen","image":{"@type":"ImageObject","inLanguage":"fi","@id":"https:\/\/suomenkuvalehti.fi\/kirjailijanpaivakirja\/#\/schema\/person\/image\/","url":"https:\/\/suomenkuvalehti.fi\/kirjailijanpaivakirja\/wp-content\/uploads\/sites\/21\/2022\/04\/hamalainen_karo06-1-150x150.jpg","contentUrl":"https:\/\/suomenkuvalehti.fi\/kirjailijanpaivakirja\/wp-content\/uploads\/sites\/21\/2022\/04\/hamalainen_karo06-1-150x150.jpg","caption":"Karo H\u00e4m\u00e4l\u00e4inen"},"description":"Karo H\u00e4m\u00e4l\u00e4inen on kirjailija ja talouteen erikoistunut vapaa toimittaja."}]}},"_links":{"self":[{"href":"https:\/\/suomenkuvalehti.fi\/kirjailijanpaivakirja\/wp-json\/wp\/v2\/posts\/247","targetHints":{"allow":["GET"]}}],"collection":[{"href":"https:\/\/suomenkuvalehti.fi\/kirjailijanpaivakirja\/wp-json\/wp\/v2\/posts"}],"about":[{"href":"https:\/\/suomenkuvalehti.fi\/kirjailijanpaivakirja\/wp-json\/wp\/v2\/types\/post"}],"author":[{"embeddable":true,"href":"https:\/\/suomenkuvalehti.fi\/kirjailijanpaivakirja\/wp-json\/wp\/v2\/users\/129"}],"replies":[{"embeddable":true,"href":"https:\/\/suomenkuvalehti.fi\/kirjailijanpaivakirja\/wp-json\/wp\/v2\/comments?post=247"}],"version-history":[{"count":1,"href":"https:\/\/suomenkuvalehti.fi\/kirjailijanpaivakirja\/wp-json\/wp\/v2\/posts\/247\/revisions"}],"predecessor-version":[{"id":248,"href":"https:\/\/suomenkuvalehti.fi\/kirjailijanpaivakirja\/wp-json\/wp\/v2\/posts\/247\/revisions\/248"}],"wp:attachment":[{"href":"https:\/\/suomenkuvalehti.fi\/kirjailijanpaivakirja\/wp-json\/wp\/v2\/media?parent=247"}],"wp:term":[{"taxonomy":"category","embeddable":true,"href":"https:\/\/suomenkuvalehti.fi\/kirjailijanpaivakirja\/wp-json\/wp\/v2\/categories?post=247"},{"taxonomy":"post_tag","embeddable":true,"href":"https:\/\/suomenkuvalehti.fi\/kirjailijanpaivakirja\/wp-json\/wp\/v2\/tags?post=247"}],"curies":[{"name":"wp","href":"https:\/\/api.w.org\/{rel}","templated":true}]}}