{"id":2437,"date":"2023-02-21T12:13:11","date_gmt":"2023-02-21T10:13:11","guid":{"rendered":"https:\/\/suomenkuvalehti.fi\/kirjailijanpaivakirja\/?p=2437"},"modified":"2023-02-21T12:13:13","modified_gmt":"2023-02-21T10:13:13","slug":"kuukauden-lukijaa-ville-hytosta-kiinnostaa-miten-rakentaa-kestava-maailma-ilman-perinteista-kerrontaa","status":"publish","type":"post","link":"https:\/\/suomenkuvalehti.fi\/kirjailijanpaivakirja\/kuukauden-lukijaa-ville-hytosta-kiinnostaa-miten-rakentaa-kestava-maailma-ilman-perinteista-kerrontaa\/","title":{"rendered":"Kuukauden lukijaa Ville Hyt\u00f6st\u00e4 kiinnostaa, miten rakentaa kest\u00e4v\u00e4 maailma ilman perinteist\u00e4 kerrontaa"},"content":{"rendered":"\n<p>Kirjailijaliiton puheenjohtajana viime vuoden lopulla aloittanut <strong>Ville Hyt\u00f6nen<\/strong> on monipuolinen kirjailija, jonka tuotanto k\u00e4sitt\u00e4\u00e4 kaikenlaista romaaneista lastenkirjoihin ja esseisiin. H\u00e4n toimi pitk\u00e4\u00e4n perustamansa Savukeidas-kustantamon kapteenina.<\/p>\n\n\n\n<p>Hyt\u00f6nen on helmikuun lukija.<\/p>\n\n\n\n<p><\/p>\n\n\n\n<p><strong>Mink\u00e4 kirjan olet lukenut viimeksi, Ville Hyt\u00f6nen?<\/strong><\/p>\n\n\n\n<p>&#8221;Taiwanilaisen <strong>Sanmaon<\/strong> teoksen <em>Tarinoita Saharasta<\/em> (suom. 2023). Nuori taiwanilaisnainen muuttaa espanjalaispuolisonsa kanssa L\u00e4nsi-Saharaan ja kuvailee sahrawien ja espanjalaisten miehitt\u00e4jien el\u00e4m\u00e4\u00e4. Vaikuttava teos kulttuurien kulmikkaasta rinnakkaiselosta.&#8221;<\/p>\n\n\n\n<p><\/p>\n\n\n\n<p><strong>Luetko enemm\u00e4n tieto- vai kaunokirjallisuutta?<\/strong><\/p>\n\n\n\n<p>&#8221;Luen ty\u00f6kseni niin tieto-, kauno- kuin lastenkirjallisuuttakin vaihtelevin painotuksin. Arvostelen lehtiin k\u00e4\u00e4nn\u00f6skaunoa ja tietoa; lastenkirjallisuutta ja kotimaista kaunoa luen taas niin luottamustoimenkin takia kuin kehitt\u00e4\u00e4kseni itse\u00e4ni. Ja tietysti my\u00f6s muuten vain, rentoutuakseni.<\/p>\n\n\n\n<p>&#8221;Kiinnostun tietokirjallisuuden puolella aina uusista aiheista ja teemoista. T\u00e4ll\u00e4 hetkell\u00e4 olen erityisen kiinnostunut tietokirjallisuuden puolella kansanestetiikasta sek\u00e4 ulkosuomalaisista v\u00e4hemmist\u00f6ist\u00e4, kaunokirjallisuudessa taas siit\u00e4, miten rakentaa kest\u00e4v\u00e4 maailma ilman perinteist\u00e4 kerrontaa vaikkapa vain kirjeenvaihdon varaan.&#8221;<\/p>\n\n\n\n<p><\/p>\n\n\n\n<p><strong>Kuunteletko \u00e4\u00e4nikirjoja?<\/strong><\/p>\n\n\n\n<p>&#8221;Kuuntelen kirjoja urheillessani, pihat\u00f6it\u00e4 tehdess\u00e4 ja liikkuessani paikasta toiseen, joskus my\u00f6s uidessa, joskaan kuulokkeet eiv\u00e4t ole uimiseen aivan niin hyv\u00e4t kuin toivoisin. Urheiluun sopii hyvin raskaampi tietokirjallisuus (toivoisin lis\u00e4\u00e4 tiedett\u00e4 ja filosofiaa \u00e4\u00e4nikirjoihin) ja autoiluun, joukkoliikenteeseen tai py\u00f6r\u00e4ilyyn sopii esseistiikka, artikkelikokoelmat tai jokin kevyempi kuten poliittiset tai talousihmisten el\u00e4m\u00e4kerrat.<\/p>\n\n\n\n<p>&#8221;Kaunokirjallisuutta luen mieluiten paperilta, koska uuden maailman luominen vaatii enemm\u00e4n keskittymist\u00e4.&#8221;<\/p>\n\n\n\n<p><\/p>\n\n\n\n<p><strong>Mit\u00e4 olet viimeksi oppinut kirjasta?<\/strong><\/p>\n\n\n\n<p>&#8221;T\u00e4n\u00e4 vuonna olen oppinut kirjoista muun muassa katsomaan merelle kohdistamatta katsettani, kehitt\u00e4m\u00e4\u00e4n flow-kokemustani, ajattelemaan ei-mahdollisuutta, ymm\u00e4rt\u00e4m\u00e4\u00e4n ukrainalaisen mustan mullan poliittista merkityst\u00e4 ja pohtimaan &#8217;rajamaan&#8217; k\u00e4sitett\u00e4 <strong>Timo K. Mukan<\/strong> maailmankuvassa. Innostuin kovasti my\u00f6s <strong>Linnea Axelssonin<\/strong> <em>\u00c6dnanista<\/em> ja siit\u00e4, miten fragmentaarinen runomuoto voi kuvata mikrohistoriallisesta n\u00e4k\u00f6kulmasta jotain niin suurta.&#8221;<\/p>\n\n\n\n<p><\/p>\n\n\n\n<p><strong>Jos saisit antaa yhden kirjan 18-vuotiaalle itsellesi, mink\u00e4 kirjan antaisit ja mit\u00e4 sanoisit sen ojentaessasi?<\/strong><\/p>\n\n\n\n<p>&#8221;Luin 18-vuotiaana paljon kotimaista runoutta ja olen iloinen, ett\u00e4 tein niin. Antaisin yh\u00e4 uudelleen <strong>Teemu Hirvilammin<\/strong> ja <strong>Sirkka Turkan<\/strong> runoja itselleni. Jos olisin nyt 18-vuotias, voisin innostua <strong>Jani Saxellin<\/strong> suurista romaaneista, <strong>Harri Nordellin<\/strong> lyhyist\u00e4 runoista tai <strong>Silvia Hosseinin<\/strong> tai <strong>Jaana Sepp\u00e4sen<\/strong> esseist\u00e4.&#8221;<\/p>\n\n\n\n<p><\/p>\n\n\n\n<p><strong>Jos l\u00e4htisit lomalle paratiisisaarelle ja matkalaukkuun mahtuisi vain yksi kirja, mink\u00e4 ottaisit?<\/strong><\/p>\n\n\n\n<p>Luen vuosittain uudelleen ja uudelleen ranskalaisen hedonistin ja anarkistin <strong>Michel Onfrayn<\/strong> <em>Kapinallisen politiikan<\/em> (1997, suom. 2005). Sit\u00e4 lukiessani v\u00e4ittelen aina tekstin kanssa eri tavoin, joten luulen, ett\u00e4 nyt jo riekaleiksi luettu kappaleeni voisi kest\u00e4\u00e4 viel\u00e4 jonkun vuoden.&#8221;<\/p>\n\n\n\n<p><\/p>\n\n\n\n<p><strong>Mit\u00e4 sinulla on parhaillaan ty\u00f6n alla?<\/strong><\/p>\n\n\n\n<p>&#8221;Sain juuri luettua <strong>Joonatan Tolan<\/strong> autofiktiivisen romaanin <em>Hullut ihanat linnut<\/em> (2023). Olin odottanut sit\u00e4 kovasti, koska Tolan esikoisteos <em>Punainen planeetta<\/em> (2021) oli niin voimakas kokemus. Kirjailijalla on kiehtovalla tavalla huumoria k\u00e4ytt\u00e4v\u00e4 kertoja\u00e4\u00e4ni.<\/p>\n\n\n\n<p>&#8221;Rinnalla olen lukenut viroksi ven\u00e4l\u00e4isen <strong>Vladimir Wiedemannin<\/strong> neuvostohippej\u00e4 ja mystikkoja k\u00e4sittelev\u00e4\u00e4 teosta <em>Tundmatu liit<\/em> (2019). Olen aina ollut kiinnostunut siit\u00e4, miten muut n\u00e4kev\u00e4t maailman, ja Neuvostoliiton dissidenttien k\u00e4sitykset ovat niin erilaisten mankelien l\u00e4pi py\u00f6r\u00e4ytetty, ett\u00e4 se on kiehtovaa. Ehk\u00e4p\u00e4 hippej\u00e4 tarvittaisiin t\u00e4m\u00e4nkin p\u00e4iv\u00e4n Ven\u00e4j\u00e4lle.&#8221;<\/p>\n","protected":false},"excerpt":{"rendered":"<p>Kirjailijaliiton puheenjohtajana viime vuoden lopulla aloittanut Ville Hyt\u00f6nen on monipuolinen kirjailija, jonka tuotanto k\u00e4sitt\u00e4\u00e4 kaikenlaista romaaneista lastenkirjoihin ja esseisiin. H\u00e4n toimi pitk\u00e4\u00e4n perustamansa<br \/>\nSavuke&hellip;<\/p>\n","protected":false},"author":129,"featured_media":0,"comment_status":"open","ping_status":"open","sticky":false,"template":"","format":"standard","meta":{"_acf_changed":false,"asauth_required_access_level":3,"asauth_cansharepaid":"true","om_header_attributes":[],"footnotes":"","om_featured_image_focal_point":[],"om_primary_tag":1516,"om_contributors":[],"om_co_authors":[],"beyondwords_generate_audio":"","beyondwords_project_id":"","beyondwords_content_id":"","beyondwords_preview_token":"","beyondwords_player_content":"","beyondwords_player_style":"","beyondwords_language_code":"","beyondwords_language_id":"","beyondwords_title_voice_id":"","beyondwords_body_voice_id":"","beyondwords_summary_voice_id":"","beyondwords_error_message":"","beyondwords_disabled":"","beyondwords_delete_content":"","beyondwords_podcast_id":"","beyondwords_hash":"","publish_post_to_speechkit":"","speechkit_hash":"","speechkit_generate_audio":"","speechkit_project_id":"","speechkit_podcast_id":"","speechkit_error_message":"","speechkit_disabled":"","speechkit_access_key":"","speechkit_error":"","speechkit_info":"","speechkit_response":"","speechkit_retries":"","speechkit_status":"","speechkit_updated_at":"","_speechkit_link":"","_speechkit_text":""},"categories":[1],"tags":[1516,594],"class_list":["post-2437","post","type-post","status-publish","format-standard","hentry","category-kirjailijan-paivakirja","tag-kuukauden-lukija","tag-ville-hytonen"],"om_views":null,"acf":{"tuuma_off":false,"tuuma_kysymys":"","tuuma_vastaus":""},"asauth":{"required_access_level":1,"share_token":"","is_paid":false},"yoast_head":"<!-- This site is optimized with the Yoast SEO plugin v26.4 - https:\/\/yoast.com\/wordpress\/plugins\/seo\/ -->\n<title>Kuukauden lukijaa Ville Hyt\u00f6st\u00e4 kiinnostaa, miten rakentaa kest\u00e4v\u00e4 maailma ilman perinteist\u00e4 kerrontaa - Kirjailijan p\u00e4iv\u00e4kirja<\/title>\n<meta name=\"robots\" content=\"index, follow, max-snippet:-1, max-image-preview:large, max-video-preview:-1\" \/>\n<link rel=\"canonical\" href=\"https:\/\/suomenkuvalehti.fi\/kirjailijanpaivakirja\/kuukauden-lukijaa-ville-hytosta-kiinnostaa-miten-rakentaa-kestava-maailma-ilman-perinteista-kerrontaa\/\" \/>\n<meta property=\"og:locale\" content=\"fi_FI\" \/>\n<meta property=\"og:type\" content=\"article\" \/>\n<meta property=\"og:title\" content=\"Kuukauden lukijaa Ville Hyt\u00f6st\u00e4 kiinnostaa, miten rakentaa kest\u00e4v\u00e4 maailma ilman perinteist\u00e4 kerrontaa - Kirjailijan p\u00e4iv\u00e4kirja\" \/>\n<meta property=\"og:description\" content=\"Kirjailijaliiton puheenjohtajana viime vuoden lopulla aloittanut Ville Hyt\u00f6nen on monipuolinen kirjailija, jonka tuotanto k\u00e4sitt\u00e4\u00e4 kaikenlaista romaaneista lastenkirjoihin ja esseisiin. H\u00e4n toimi pitk\u00e4\u00e4n perustamansa Savuke&hellip;\" \/>\n<meta property=\"og:url\" content=\"https:\/\/suomenkuvalehti.fi\/kirjailijanpaivakirja\/kuukauden-lukijaa-ville-hytosta-kiinnostaa-miten-rakentaa-kestava-maailma-ilman-perinteista-kerrontaa\/\" \/>\n<meta property=\"og:site_name\" content=\"Kirjailijan p\u00e4iv\u00e4kirja\" \/>\n<meta property=\"article:published_time\" content=\"2023-02-21T10:13:11+00:00\" \/>\n<meta property=\"article:modified_time\" content=\"2023-02-21T10:13:13+00:00\" \/>\n<meta property=\"og:image\" content=\"https:\/\/suomenkuvalehti.fi\/kirjailijanpaivakirja\/wp-content\/uploads\/sites\/21\/2022\/04\/hamalainen_karo06-1-scaled.jpg\" \/>\n\t<meta property=\"og:image:width\" content=\"2560\" \/>\n\t<meta property=\"og:image:height\" content=\"1706\" \/>\n\t<meta property=\"og:image:type\" content=\"image\/jpeg\" \/>\n<meta name=\"author\" content=\"Karo H\u00e4m\u00e4l\u00e4inen\" \/>\n<meta name=\"twitter:card\" content=\"summary_large_image\" \/>\n<meta name=\"twitter:label1\" content=\"Written by\" \/>\n\t<meta name=\"twitter:data1\" content=\"Karo H\u00e4m\u00e4l\u00e4inen\" \/>\n\t<meta name=\"twitter:label2\" content=\"Est. reading time\" \/>\n\t<meta name=\"twitter:data2\" content=\"3 minuuttia\" \/>\n<script type=\"application\/ld+json\" class=\"yoast-schema-graph\">{\"@context\":\"https:\/\/schema.org\",\"@graph\":[{\"@type\":\"WebPage\",\"@id\":\"https:\/\/suomenkuvalehti.fi\/kirjailijanpaivakirja\/kuukauden-lukijaa-ville-hytosta-kiinnostaa-miten-rakentaa-kestava-maailma-ilman-perinteista-kerrontaa\/\",\"url\":\"https:\/\/suomenkuvalehti.fi\/kirjailijanpaivakirja\/kuukauden-lukijaa-ville-hytosta-kiinnostaa-miten-rakentaa-kestava-maailma-ilman-perinteista-kerrontaa\/\",\"name\":\"Kuukauden lukijaa Ville Hyt\u00f6st\u00e4 kiinnostaa, miten rakentaa kest\u00e4v\u00e4 maailma ilman perinteist\u00e4 kerrontaa - Kirjailijan p\u00e4iv\u00e4kirja\",\"isPartOf\":{\"@id\":\"https:\/\/suomenkuvalehti.fi\/kirjailijanpaivakirja\/#website\"},\"datePublished\":\"2023-02-21T10:13:11+00:00\",\"dateModified\":\"2023-02-21T10:13:13+00:00\",\"author\":{\"@id\":\"https:\/\/suomenkuvalehti.fi\/kirjailijanpaivakirja\/#\/schema\/person\/ca2dfd9d508d8c675e07b3c099fc789b\"},\"breadcrumb\":{\"@id\":\"https:\/\/suomenkuvalehti.fi\/kirjailijanpaivakirja\/kuukauden-lukijaa-ville-hytosta-kiinnostaa-miten-rakentaa-kestava-maailma-ilman-perinteista-kerrontaa\/#breadcrumb\"},\"inLanguage\":\"fi\",\"potentialAction\":[{\"@type\":\"ReadAction\",\"target\":[\"https:\/\/suomenkuvalehti.fi\/kirjailijanpaivakirja\/kuukauden-lukijaa-ville-hytosta-kiinnostaa-miten-rakentaa-kestava-maailma-ilman-perinteista-kerrontaa\/\"]}]},{\"@type\":\"BreadcrumbList\",\"@id\":\"https:\/\/suomenkuvalehti.fi\/kirjailijanpaivakirja\/kuukauden-lukijaa-ville-hytosta-kiinnostaa-miten-rakentaa-kestava-maailma-ilman-perinteista-kerrontaa\/#breadcrumb\",\"itemListElement\":[{\"@type\":\"ListItem\",\"position\":1,\"name\":\"Home\",\"item\":\"https:\/\/suomenkuvalehti.fi\/kirjailijanpaivakirja\/\"},{\"@type\":\"ListItem\",\"position\":2,\"name\":\"Kuukauden lukijaa Ville Hyt\u00f6st\u00e4 kiinnostaa, miten rakentaa kest\u00e4v\u00e4 maailma ilman perinteist\u00e4 kerrontaa\"}]},{\"@type\":\"WebSite\",\"@id\":\"https:\/\/suomenkuvalehti.fi\/kirjailijanpaivakirja\/#website\",\"url\":\"https:\/\/suomenkuvalehti.fi\/kirjailijanpaivakirja\/\",\"name\":\"Kirjailijan p\u00e4iv\u00e4kirja\",\"description\":\"Proosakirjailijan arkea ja kirjallisuuden ajankohtaisia aiheita.\",\"potentialAction\":[{\"@type\":\"SearchAction\",\"target\":{\"@type\":\"EntryPoint\",\"urlTemplate\":\"https:\/\/suomenkuvalehti.fi\/haku\/?q={search_term_string}\"},\"query-input\":{\"@type\":\"PropertyValueSpecification\",\"valueRequired\":true,\"valueName\":\"search_term_string\"}}],\"inLanguage\":\"fi\"},{\"@type\":\"Person\",\"@id\":\"https:\/\/suomenkuvalehti.fi\/kirjailijanpaivakirja\/#\/schema\/person\/ca2dfd9d508d8c675e07b3c099fc789b\",\"name\":\"Karo H\u00e4m\u00e4l\u00e4inen\",\"image\":{\"@type\":\"ImageObject\",\"inLanguage\":\"fi\",\"@id\":\"https:\/\/suomenkuvalehti.fi\/kirjailijanpaivakirja\/#\/schema\/person\/image\/\",\"url\":\"https:\/\/suomenkuvalehti.fi\/kirjailijanpaivakirja\/wp-content\/uploads\/sites\/21\/2022\/04\/hamalainen_karo06-1-150x150.jpg\",\"contentUrl\":\"https:\/\/suomenkuvalehti.fi\/kirjailijanpaivakirja\/wp-content\/uploads\/sites\/21\/2022\/04\/hamalainen_karo06-1-150x150.jpg\",\"caption\":\"Karo H\u00e4m\u00e4l\u00e4inen\"},\"description\":\"Karo H\u00e4m\u00e4l\u00e4inen on kirjailija ja talouteen erikoistunut vapaa toimittaja.\"}]}<\/script>\n<!-- \/ Yoast SEO plugin. -->","yoast_head_json":{"title":"Kuukauden lukijaa Ville Hyt\u00f6st\u00e4 kiinnostaa, miten rakentaa kest\u00e4v\u00e4 maailma ilman perinteist\u00e4 kerrontaa - Kirjailijan p\u00e4iv\u00e4kirja","robots":{"index":"index","follow":"follow","max-snippet":"max-snippet:-1","max-image-preview":"max-image-preview:large","max-video-preview":"max-video-preview:-1"},"canonical":"https:\/\/suomenkuvalehti.fi\/kirjailijanpaivakirja\/kuukauden-lukijaa-ville-hytosta-kiinnostaa-miten-rakentaa-kestava-maailma-ilman-perinteista-kerrontaa\/","og_locale":"fi_FI","og_type":"article","og_title":"Kuukauden lukijaa Ville Hyt\u00f6st\u00e4 kiinnostaa, miten rakentaa kest\u00e4v\u00e4 maailma ilman perinteist\u00e4 kerrontaa - Kirjailijan p\u00e4iv\u00e4kirja","og_description":"Kirjailijaliiton puheenjohtajana viime vuoden lopulla aloittanut Ville Hyt\u00f6nen on monipuolinen kirjailija, jonka tuotanto k\u00e4sitt\u00e4\u00e4 kaikenlaista romaaneista lastenkirjoihin ja esseisiin. H\u00e4n toimi pitk\u00e4\u00e4n perustamansa Savuke&hellip;","og_url":"https:\/\/suomenkuvalehti.fi\/kirjailijanpaivakirja\/kuukauden-lukijaa-ville-hytosta-kiinnostaa-miten-rakentaa-kestava-maailma-ilman-perinteista-kerrontaa\/","og_site_name":"Kirjailijan p\u00e4iv\u00e4kirja","article_published_time":"2023-02-21T10:13:11+00:00","article_modified_time":"2023-02-21T10:13:13+00:00","og_image":[{"width":2560,"height":1706,"url":"https:\/\/suomenkuvalehti.fi\/kirjailijanpaivakirja\/wp-content\/uploads\/sites\/21\/2022\/04\/hamalainen_karo06-1-scaled.jpg","type":"image\/jpeg"}],"author":"Karo H\u00e4m\u00e4l\u00e4inen","twitter_card":"summary_large_image","twitter_misc":{"Written by":"Karo H\u00e4m\u00e4l\u00e4inen","Est. reading time":"3 minuuttia"},"schema":{"@context":"https:\/\/schema.org","@graph":[{"@type":"WebPage","@id":"https:\/\/suomenkuvalehti.fi\/kirjailijanpaivakirja\/kuukauden-lukijaa-ville-hytosta-kiinnostaa-miten-rakentaa-kestava-maailma-ilman-perinteista-kerrontaa\/","url":"https:\/\/suomenkuvalehti.fi\/kirjailijanpaivakirja\/kuukauden-lukijaa-ville-hytosta-kiinnostaa-miten-rakentaa-kestava-maailma-ilman-perinteista-kerrontaa\/","name":"Kuukauden lukijaa Ville Hyt\u00f6st\u00e4 kiinnostaa, miten rakentaa kest\u00e4v\u00e4 maailma ilman perinteist\u00e4 kerrontaa - Kirjailijan p\u00e4iv\u00e4kirja","isPartOf":{"@id":"https:\/\/suomenkuvalehti.fi\/kirjailijanpaivakirja\/#website"},"datePublished":"2023-02-21T10:13:11+00:00","dateModified":"2023-02-21T10:13:13+00:00","author":{"@id":"https:\/\/suomenkuvalehti.fi\/kirjailijanpaivakirja\/#\/schema\/person\/ca2dfd9d508d8c675e07b3c099fc789b"},"breadcrumb":{"@id":"https:\/\/suomenkuvalehti.fi\/kirjailijanpaivakirja\/kuukauden-lukijaa-ville-hytosta-kiinnostaa-miten-rakentaa-kestava-maailma-ilman-perinteista-kerrontaa\/#breadcrumb"},"inLanguage":"fi","potentialAction":[{"@type":"ReadAction","target":["https:\/\/suomenkuvalehti.fi\/kirjailijanpaivakirja\/kuukauden-lukijaa-ville-hytosta-kiinnostaa-miten-rakentaa-kestava-maailma-ilman-perinteista-kerrontaa\/"]}]},{"@type":"BreadcrumbList","@id":"https:\/\/suomenkuvalehti.fi\/kirjailijanpaivakirja\/kuukauden-lukijaa-ville-hytosta-kiinnostaa-miten-rakentaa-kestava-maailma-ilman-perinteista-kerrontaa\/#breadcrumb","itemListElement":[{"@type":"ListItem","position":1,"name":"Home","item":"https:\/\/suomenkuvalehti.fi\/kirjailijanpaivakirja\/"},{"@type":"ListItem","position":2,"name":"Kuukauden lukijaa Ville Hyt\u00f6st\u00e4 kiinnostaa, miten rakentaa kest\u00e4v\u00e4 maailma ilman perinteist\u00e4 kerrontaa"}]},{"@type":"WebSite","@id":"https:\/\/suomenkuvalehti.fi\/kirjailijanpaivakirja\/#website","url":"https:\/\/suomenkuvalehti.fi\/kirjailijanpaivakirja\/","name":"Kirjailijan p\u00e4iv\u00e4kirja","description":"Proosakirjailijan arkea ja kirjallisuuden ajankohtaisia aiheita.","potentialAction":[{"@type":"SearchAction","target":{"@type":"EntryPoint","urlTemplate":"https:\/\/suomenkuvalehti.fi\/haku\/?q={search_term_string}"},"query-input":{"@type":"PropertyValueSpecification","valueRequired":true,"valueName":"search_term_string"}}],"inLanguage":"fi"},{"@type":"Person","@id":"https:\/\/suomenkuvalehti.fi\/kirjailijanpaivakirja\/#\/schema\/person\/ca2dfd9d508d8c675e07b3c099fc789b","name":"Karo H\u00e4m\u00e4l\u00e4inen","image":{"@type":"ImageObject","inLanguage":"fi","@id":"https:\/\/suomenkuvalehti.fi\/kirjailijanpaivakirja\/#\/schema\/person\/image\/","url":"https:\/\/suomenkuvalehti.fi\/kirjailijanpaivakirja\/wp-content\/uploads\/sites\/21\/2022\/04\/hamalainen_karo06-1-150x150.jpg","contentUrl":"https:\/\/suomenkuvalehti.fi\/kirjailijanpaivakirja\/wp-content\/uploads\/sites\/21\/2022\/04\/hamalainen_karo06-1-150x150.jpg","caption":"Karo H\u00e4m\u00e4l\u00e4inen"},"description":"Karo H\u00e4m\u00e4l\u00e4inen on kirjailija ja talouteen erikoistunut vapaa toimittaja."}]}},"_links":{"self":[{"href":"https:\/\/suomenkuvalehti.fi\/kirjailijanpaivakirja\/wp-json\/wp\/v2\/posts\/2437","targetHints":{"allow":["GET"]}}],"collection":[{"href":"https:\/\/suomenkuvalehti.fi\/kirjailijanpaivakirja\/wp-json\/wp\/v2\/posts"}],"about":[{"href":"https:\/\/suomenkuvalehti.fi\/kirjailijanpaivakirja\/wp-json\/wp\/v2\/types\/post"}],"author":[{"embeddable":true,"href":"https:\/\/suomenkuvalehti.fi\/kirjailijanpaivakirja\/wp-json\/wp\/v2\/users\/129"}],"replies":[{"embeddable":true,"href":"https:\/\/suomenkuvalehti.fi\/kirjailijanpaivakirja\/wp-json\/wp\/v2\/comments?post=2437"}],"version-history":[{"count":1,"href":"https:\/\/suomenkuvalehti.fi\/kirjailijanpaivakirja\/wp-json\/wp\/v2\/posts\/2437\/revisions"}],"predecessor-version":[{"id":2438,"href":"https:\/\/suomenkuvalehti.fi\/kirjailijanpaivakirja\/wp-json\/wp\/v2\/posts\/2437\/revisions\/2438"}],"wp:attachment":[{"href":"https:\/\/suomenkuvalehti.fi\/kirjailijanpaivakirja\/wp-json\/wp\/v2\/media?parent=2437"}],"wp:term":[{"taxonomy":"category","embeddable":true,"href":"https:\/\/suomenkuvalehti.fi\/kirjailijanpaivakirja\/wp-json\/wp\/v2\/categories?post=2437"},{"taxonomy":"post_tag","embeddable":true,"href":"https:\/\/suomenkuvalehti.fi\/kirjailijanpaivakirja\/wp-json\/wp\/v2\/tags?post=2437"}],"curies":[{"name":"wp","href":"https:\/\/api.w.org\/{rel}","templated":true}]}}