{"id":2377,"date":"2022-11-03T12:19:27","date_gmt":"2022-11-03T10:19:27","guid":{"rendered":"https:\/\/suomenkuvalehti.fi\/kirjailijanpaivakirja\/?p=2377"},"modified":"2022-11-03T12:19:29","modified_gmt":"2022-11-03T10:19:29","slug":"kirjailijaliiton-puheenjohtajavaalitentti-kolme-ehdokasta-kommentoi-kustantamoita-aanikirjoja-ja-kivea","status":"publish","type":"post","link":"https:\/\/suomenkuvalehti.fi\/kirjailijanpaivakirja\/kirjailijaliiton-puheenjohtajavaalitentti-kolme-ehdokasta-kommentoi-kustantamoita-aanikirjoja-ja-kivea\/","title":{"rendered":"Kirjailijaliiton puheenjohtajavaalitentti: kolme ehdokasta kommentoi kustantamoita, \u00e4\u00e4nikirjoja ja Kive\u00e4"},"content":{"rendered":"\n<p><span class=\"capitalized\">Suomen Kirjailijaliiton <\/span>puheenjohtajuudesta on taannoisina aikoina k\u00e4yty kiivastakin kilpaa, joka on valunut laajalle kulttuurisivuille ja yleisen keskustelun aiheeksi.<\/p>\n\n\n\n<p><strong>Sirpa K\u00e4hk\u00f6sen<\/strong> luovuttua puheenjohtajuudesta kesken kauden Kirjailijaliitto kokoontuu lauantaina 12. marraskuuta Helsingin Musiikkitaloon syyskokoukseensa valitsemaan puheenjohtajan K\u00e4hk\u00f6sen kauden loppuajaksi. Suuria yll\u00e4tyksi\u00e4 ei ole tiedossa.<\/p>\n\n\n\n<p>Ensinn\u00e4kin ehdokkaat on jo tiedossa. Aiemmasta k\u00e4yt\u00e4nn\u00f6st\u00e4 poiketen kokouksessa ei en\u00e4\u00e4 voi tulla mustia hevosia, sill\u00e4 ehdokkaaksi on pit\u00e4nyt ilmoittautua hyviss\u00e4 ajoin ennen kokousta.<\/p>\n\n\n\n<p>Toiseksi kaikki kolme puheenjohtajuutta tavoittelevaa kirjailijaa <strong>Ville Hyt\u00f6nen<\/strong>, <strong>Virpi H\u00e4meen-Anttila<\/strong> ja <strong>Antti Leikas<\/strong> kuuluvat t\u00e4ll\u00e4 hetkell\u00e4 Kirjailijaliiton johtokuntaan. Heist\u00e4 H\u00e4meen-Anttila liiton varapuheenjohtajana hoitaa puheenjohtajan tointa t\u00e4ll\u00e4 hetkell\u00e4.<\/p>\n\n\n\n<p>Pyysin kolmea puheenjohtajaehdokasta vastaamaan vaalitenttikysymyksiin. Vastaukset ovat kunkin kysymyksen per\u00e4ss\u00e4 ehdokkaiden sukunimen mukaisessa aakkosj\u00e4rjestyksess\u00e4.<\/p>\n\n\n\n<p><\/p>\n\n\n\n<p><strong>Mitk\u00e4 kolme asiaa haluat muuttaa, jos sinut valitaan Kirjailijaliiton puheenjohtajaksi?<\/strong><\/p>\n\n\n\n<p><\/p>\n\n\n\n<p><em>Ville Hyt\u00f6nen:<\/em><\/p>\n\n\n\n<p>&#8221;Kirjailijaliitto tarvitsee ensimm\u00e4isen\u00e4 vakauttamista useiden henkil\u00f6st\u00f6muutosten j\u00e4lkeen. T\u00e4h\u00e4n tarvitaan sovittelevaa puheenjohtajaa, joka on valmis rakentamaan yhteisty\u00f6suhteita ja sis\u00e4ist\u00e4 luottamusta. Meill\u00e4 on nyt erinomainen porukka toimistolla, joten uusien ty\u00f6ntekij\u00f6iden ja johtokunnan yhteisty\u00f6 t\u00e4ytyy saada ensin luontevaksi. Puheenjohtaja on teht\u00e4v\u00e4ss\u00e4 avainasemassa.&#8221;<\/p>\n\n\n\n<p>&#8221;Lobbausty\u00f6ss\u00e4 ajaisin muun muassa taiteilijael\u00e4kkeiden tuplaamista (se auttaa koko kentt\u00e4\u00e4, sill\u00e4 el\u00e4kkeelle siirtyv\u00e4t poistuvat apurahoituksen piirist\u00e4) sek\u00e4 kirjastokorvausten nostamista pohjoismaiselle tasolle ja ulottamista oppilaitoskirjastoihin. Ensin t\u00e4ytyy tietysti seurata hovioikeudenneuvos <strong>Kristiina Harengon<\/strong> j\u00e4tt\u00e4m\u00e4n e-lainauskorvauksen selvityksen toteutumista.&#8221;<\/p>\n\n\n\n<p><\/p>\n\n\n\n<p><em>Virpi H\u00e4meen-Anttila:<\/em><\/p>\n\n\n\n<p>&#8221;1. Kirjallisuuden painoarvon nostaminen. T\u00e4t\u00e4 varten kirjailijoiden ja k\u00e4\u00e4nt\u00e4jien liitot ovat ideoineet Kirjallisuuspoliittisen ohjelman, jossa kirjailija rinnastetaan muihin elinkeinonharjoittajiin. T\u00e4m\u00e4 takaisi esimerkiksi kunnon sosiaaliturvan ja tuotanto- ja vientituen ja siten mahdollistaisi kirjailijalle nykyist\u00e4 paremmat ty\u00f6skentelyolosuhteet. Ohjelmaan kuuluu my\u00f6s lukutaidon yll\u00e4pit\u00e4minen ja kirjallisuuden ja kirjallisuuskritiikin n\u00e4kyvyyden kasvattaminen mediassa.&#8221;<\/p>\n\n\n\n<p>&#8221;2. Sopimisen rakenteet. Digitaalinen siirtym\u00e4 on mullistanut kirjankustantamisen maailman. Sopimukset eiv\u00e4t ole seuranneet aikaansa, ja siksi kirjailijan tulot \u00e4\u00e4nikirjoista ovat niin alhaiset, ett\u00e4 jos nykymallilla jatketaan, kirjailijanura tulee mahdottomaksi. T\u00e4h\u00e4n pit\u00e4\u00e4 ehdottomasti saada muutos. EU-direktiivin voimaan saattaminen takaa mahdollisuuden kollektiiviseen sopimiseen, eli voidaan luoda yhten\u00e4inen reilu sopimusmalli, jonka kirjailijat voivat laajasti esitt\u00e4\u00e4 kustantajalle. T\u00e4m\u00e4 on yksi ratkaisu, mutta muitakin voi ottaa k\u00e4ytt\u00f6\u00f6n.&#8221;<\/p>\n\n\n\n<p>&#8221;3. Kirjailijan sosiaaliturva. Taiteen tekij\u00e4n ty\u00f6t\u00e4 pidet\u00e4\u00e4n yh\u00e4 poikkeuksellisena, vaikka suuri osa ty\u00f6ss\u00e4 k\u00e4yvist\u00e4 on siirtynyt ep\u00e4tyypillisiin freelance-tyylisiin t\u00f6ihin. Kirjailijan vakuutus- ja verotusk\u00e4yt\u00e4nn\u00f6t pit\u00e4\u00e4 yhten\u00e4ist\u00e4\u00e4 siten, ett\u00e4 kaikki tulot siirret\u00e4\u00e4n MYEL-vakuutuksen piiriin. Tulojen vaihtelevuus on otettava huomioon verotuksessa. T\u00e4m\u00e4 ongelma on py\u00f6rinyt i\u00e4t ajat eri ministeri\u00f6iss\u00e4 eik\u00e4 tulosta ole tullut. Vaikka t\u00e4m\u00e4 kohta on sis\u00e4llytetty kirjallisuuspoliittisen ohjelmaan, se vaatii erillist\u00e4 ponnistusta. On hoidettava asiat viimein niin, ett\u00e4 tapahtuu muutos.&#8221;<\/p>\n\n\n\n<p><\/p>\n\n\n\n<p><em>Antti Leikas:<\/em><\/p>\n\n\n\n<p>&#8221;Ehj\u00e4\u00e4 ei kannata ruveta korjaamaan. Liitossa on perusasiat kunnossa, vain puheenjohtaja puuttuu. Ymp\u00e4r\u00f6iv\u00e4\u00e4 maailmaa haluan muuttaa liiton linjausten mukaisesti paikaksi, jossa kirjailija saa ty\u00f6st\u00e4\u00e4n ansaitsemansa korvauksen.&#8221;<\/p>\n\n\n\n<p><\/p>\n\n\n\n<p><strong>Kustantaja &#8211; yhteisty\u00f6kumppani vai vastapuoli?<\/strong><\/p>\n\n\n\n<p><\/p>\n\n\n\n<p><em>Ville Hyt\u00f6nen:<\/em><\/p>\n\n\n\n<p>&#8221;Kustantaja on yhteisty\u00f6kumppani, jota pit\u00e4\u00e4 v\u00e4lill\u00e4 muistuttaa, ett\u00e4 hyvinvoiva kirjailija on kustantajan menestymisen edellytys. Puheenjohtajana l\u00e4htisin neuvottelemaan kustantajien kanssa v\u00e4himm\u00e4issopimuksesta uudeksi pohjamalliksi kustannussopimuksille. Olen toiminut miltei 18 vuotta kirjakustantajana, joten ymm\u00e4rr\u00e4n alan realiteetteja hyvin ja osaan keskustella ja neuvotella kustantajien kanssa. Kirjailijoiden, kustantajien ja kirjakauppojen yhteishankkeena voisi olla kirjan arvonlis\u00e4veron laskeminen nollakantaan. N\u00e4in sellaisissa Nobel-maissa kuten Iso-Britanniassa, Irlannissa ja Puolassa on toimittu.&#8221;<\/p>\n\n\n\n<p><\/p>\n\n\n\n<p><em>Virpi H\u00e4meen-Anttila:<\/em><\/p>\n\n\n\n<p>&#8221;Yhteisty\u00f6kumppani siin\u00e4 mieless\u00e4, ett\u00e4 kustantajalla ja kirjailijalla on yhteisi\u00e4 etuja ja p\u00e4\u00e4m\u00e4\u00e4ri\u00e4. Vastapuoli siin\u00e4 mieless\u00e4, ett\u00e4 kirjailija ja kustantaja solmivat kesken\u00e4\u00e4n kustannussopimuksen, jonka sis\u00e4lt\u00f6\u00f6n kirjailijan on usein vaikea vaikuttaa. Jos sopimus on reilu ja tasa-arvoinen, vastakkainasettelu on muodollinen ja yhteisty\u00f6 voi tapahtua yst\u00e4vien kesken.&#8221;<\/p>\n\n\n\n<p><\/p>\n\n\n\n<p><em>Antti Leikas:<\/em><\/p>\n\n\n\n<p>&#8221;Ehdottomasti ja yksik\u00e4sitteisesti kumppani. Yleens\u00e4kin kaikki vastapuoliasetelmat viev\u00e4t meit\u00e4 v\u00e4\u00e4r\u00e4\u00e4n suuntaan, olipa tilanne mik\u00e4 hyv\u00e4ns\u00e4. Ainoastaan moottoritiell\u00e4 annan itselleni luvan kutsua muita autoilijoita vastustajiksi, mutta silloinkin h\u00e4pe\u00e4n itse\u00e4ni syv\u00e4sti.&#8221;<\/p>\n\n\n\n<p><\/p>\n\n\n\n<p><strong>\u00c4\u00e4nikirja &#8211; uhka vai mahdollisuus?<\/strong><\/p>\n\n\n\n<p><\/p>\n\n\n\n<p><em>Ville Hyt\u00f6nen:<\/em><\/p>\n\n\n\n<p>&#8221;\u00c4\u00e4nikirja on hyv\u00e4 esimerkki v\u00e4himm\u00e4issopimuksen t\u00e4rkeydest\u00e4. T\u00e4ll\u00e4 hetkell\u00e4 \u00e4\u00e4nikirjasopimuksissa vallitsee viidakon lait ja palkkioprosentit vaihtelevat villisti. Suhtaudun periaatteessa \u00e4\u00e4nikirjaan positiivisesti, vaikka olen kasvanut kirjapainojen lattioilla ja kirja artefaktina ja esineen\u00e4 on minulle \u00e4\u00e4rimm\u00e4isen rakas. Kirjailijaliittoa ja muita kirjailijan tekij\u00e4noikeuksien puoltajia tarvitaan jatkossa muuttuvassa lukuymp\u00e4rist\u00f6ss\u00e4 ja lukemisen ansaintalogiikassa kirjailijan puolustajana.&#8221;<\/p>\n\n\n\n<p><\/p>\n\n\n\n<p><em>Virpi H\u00e4meen-Anttila:<\/em><\/p>\n\n\n\n<p>&#8221;Sek\u00e4 ett\u00e4. Lukijoille \u00e4\u00e4nikirja voi olla tervetullut ja k\u00e4tev\u00e4 vaihtoehto. Kirjailijalle \u00e4\u00e4nikirja on t\u00e4ll\u00e4 hetkell\u00e4 ongelmallinen formaatti, koska sit\u00e4 koskevat lisenssit ja sopimukset ovat niin usein h\u00e4nelle l\u00e4pin\u00e4kym\u00e4tt\u00f6mi\u00e4, ep\u00e4m\u00e4\u00e4r\u00e4isi\u00e4 ja ep\u00e4edullisia. Kun lukuaikapalvelu myy kuukauden rajatonta lukuaikaa ilmaiseksi, voi tyhmempikin arvata, mik\u00e4 kirjailijaa mietitytt\u00e4\u00e4. Toisaalta \u00e4\u00e4nikirja pident\u00e4\u00e4 kirjan elinkaarta backlistin avulla, ja siit\u00e4 kirjailija iloitsee. Kun vain saisi ne sopimukset siihen kuntoon, ett\u00e4 kirjoja kannattaisi tulevaisuudessakin kirjoittaa, niin vot.&#8221;<\/p>\n\n\n\n<p><\/p>\n\n\n\n<p><em>Antti Leikas:<\/em><\/p>\n\n\n\n<p>&#8221;Uhka, koska se v\u00e4\u00e4rist\u00e4\u00e4 lukemisen k\u00e4sitett\u00e4. \u00c4\u00e4nikirjaa ei lueta, se kuunnellaan, miss\u00e4 ei sin\u00e4ll\u00e4\u00e4n ole mit\u00e4\u00e4n pahaa. Mutta huolestuttavaa \u00e4\u00e4nikirjojen suosiossa on perustelu, jonka mukaan niit\u00e4 t\u00e4ytyy olla saatavilla, koska kukaan ei en\u00e4\u00e4 ehdi istua alas, ottaa kirjaa k\u00e4teens\u00e4 ja lukea. Miksi ei ehdi? Miss\u00e4 vaiheessa maailma muuttui sellaiseksi, ett\u00e4 aika loppui?&#8221;<\/p>\n\n\n\n<p>&#8221;Jos n\u00e4in on, niin silloin kirjailijan ja kirjallisuuden t\u00e4rkein teht\u00e4v\u00e4 on palauttaa aika takaisin maailmaan. Meid\u00e4n ty\u00f6mme on julistaa, ett\u00e4 aikaa on! Se ei ole kadonnut! Avaa kirja ja anna hitaiden lauseiden valua sis\u00e4llesi \u2013 omassa tahdissaan, sana ja tavu kerrallaan, kaikessa rauhassa. Aikaa on.&#8221;<\/p>\n\n\n\n<p><\/p>\n\n\n\n<p><strong>Kivi vai Linna?<\/strong><\/p>\n\n\n\n<p><\/p>\n\n\n\n<p><em>Ville Hyt\u00f6nen:<\/em><\/p>\n\n\n\n<p><strong>Aleksis Kivi<\/strong> on Suomen kielen apostoli. Liek\u00f6 ket\u00e4\u00e4n suurempaa? Olin kuukausi sitten Viron kirjailijaliiton 100-vuotisjuhlassa, jossa puheenjohtaja <strong>Tiit Aleksejev<\/strong> muistutti viisaasti, ett\u00e4 kirjailijaliitto on vain v\u00e4line, jolla kirjailijan asemaa parannetaan. Kirjailija on liiton n\u00e4k\u00f6kulmasta p\u00e4\u00e4henkil\u00f6 ja Aleksis Kiven raskas el\u00e4m\u00e4 hyv\u00e4 esimerkki siit\u00e4, mihin Suomen kirjailijaliittoa tarvittaisiin, jos sit\u00e4 ei olisi. Ja kuten Kiven <em>Seitsem\u00e4n veljeksen<\/em> Eerosta muistamme, kirjailija tarvitsee my\u00f6s lukijansa ja lukija kirjailijansa. Siksi Kirjailijaliiton on otettava my\u00f6s kantaa lukutaidon puolesta.&#8221;<\/p>\n\n\n\n<p><\/p>\n\n\n\n<p>Virpi H\u00e4meen-Anttila:<\/p>\n\n\n\n<p>&#8221;Kivi. Suomen Kirjailijaliitto on historiikkinsa mukaisesti Kivelle perustettu. Kivi antoi meille oman \u00e4\u00e4nen ja todisti, ett\u00e4 suomeksi voi kirjoittaa maailmankirjallisuutta. Kivi on luja perusta, jolla on hyv\u00e4 seist\u00e4 ja kasvaa. Suomalainen graniitti on vahvaa ja kest\u00e4v\u00e4\u00e4. En vertaa mielell\u00e4ni kirjailijoita, mutta tulkitsen kysymyksen niin, ett\u00e4 nimell\u00e4 on toinenkin merkitys.&#8221;<\/p>\n\n\n\n<p><\/p>\n\n\n\n<p><em>Antti Leikas:<\/em><\/p>\n\n\n\n<p>&#8221;Haanp\u00e4\u00e4.&#8221;<\/p>\n\n\n\n<p><\/p>\n\n\n\n<p><em>Kirjoittaja on Suomen Kirjailijaliiton j\u00e4sen.<\/em><\/p>\n","protected":false},"excerpt":{"rendered":"<p>Suomen Kirjailijaliiton puheenjohtajuudesta on taannoisina aikoina k\u00e4yty kiivastakin kilpaa, joka on valunut laajalle kulttuurisivuille ja yleisen keskustelun aiheeksi. Sirpa K\u00e4hk\u00f6sen luovuttua puheenjohtajuudesta kesken<br \/>\nka&hellip;<\/p>\n","protected":false},"author":129,"featured_media":0,"comment_status":"open","ping_status":"open","sticky":false,"template":"","format":"standard","meta":{"_acf_changed":false,"asauth_required_access_level":3,"asauth_cansharepaid":"true","om_header_attributes":[],"footnotes":"","om_featured_image_focal_point":[],"om_primary_tag":320,"om_contributors":[],"om_co_authors":[],"beyondwords_generate_audio":"","beyondwords_project_id":"","beyondwords_content_id":"","beyondwords_preview_token":"","beyondwords_player_content":"","beyondwords_player_style":"","beyondwords_language_code":"","beyondwords_language_id":"","beyondwords_title_voice_id":"","beyondwords_body_voice_id":"","beyondwords_summary_voice_id":"","beyondwords_error_message":"","beyondwords_disabled":"","beyondwords_delete_content":"","beyondwords_podcast_id":"","beyondwords_hash":"","publish_post_to_speechkit":"","speechkit_hash":"","speechkit_generate_audio":"","speechkit_project_id":"","speechkit_podcast_id":"","speechkit_error_message":"","speechkit_disabled":"","speechkit_access_key":"","speechkit_error":"","speechkit_info":"","speechkit_response":"","speechkit_retries":"","speechkit_status":"","speechkit_updated_at":"","_speechkit_link":"","_speechkit_text":""},"categories":[1],"tags":[1588,320,594,1285],"class_list":["post-2377","post","type-post","status-publish","format-standard","hentry","category-kirjailijan-paivakirja","tag-antti-leikas","tag-suomen-kirjailijaliitto","tag-ville-hytonen","tag-virpi-hameen-anttila"],"om_views":null,"acf":{"tuuma_off":false,"tuuma_kysymys":"","tuuma_vastaus":""},"asauth":{"required_access_level":1,"share_token":"","is_paid":false},"yoast_head":"<!-- This site is optimized with the Yoast SEO plugin v26.4 - https:\/\/yoast.com\/wordpress\/plugins\/seo\/ -->\n<title>Kirjailijaliiton puheenjohtajavaalitentti: kolme ehdokasta kommentoi kustantamoita, \u00e4\u00e4nikirjoja ja Kive\u00e4 - Kirjailijan p\u00e4iv\u00e4kirja<\/title>\n<meta name=\"robots\" content=\"index, follow, max-snippet:-1, max-image-preview:large, max-video-preview:-1\" \/>\n<link rel=\"canonical\" href=\"https:\/\/suomenkuvalehti.fi\/kirjailijanpaivakirja\/kirjailijaliiton-puheenjohtajavaalitentti-kolme-ehdokasta-kommentoi-kustantamoita-aanikirjoja-ja-kivea\/\" \/>\n<meta property=\"og:locale\" content=\"fi_FI\" \/>\n<meta property=\"og:type\" content=\"article\" \/>\n<meta property=\"og:title\" content=\"Kirjailijaliiton puheenjohtajavaalitentti: kolme ehdokasta kommentoi kustantamoita, \u00e4\u00e4nikirjoja ja Kive\u00e4 - Kirjailijan p\u00e4iv\u00e4kirja\" \/>\n<meta property=\"og:description\" content=\"Suomen Kirjailijaliiton puheenjohtajuudesta on taannoisina aikoina k\u00e4yty kiivastakin kilpaa, joka on valunut laajalle kulttuurisivuille ja yleisen keskustelun aiheeksi. Sirpa K\u00e4hk\u00f6sen luovuttua puheenjohtajuudesta kesken ka&hellip;\" \/>\n<meta property=\"og:url\" content=\"https:\/\/suomenkuvalehti.fi\/kirjailijanpaivakirja\/kirjailijaliiton-puheenjohtajavaalitentti-kolme-ehdokasta-kommentoi-kustantamoita-aanikirjoja-ja-kivea\/\" \/>\n<meta property=\"og:site_name\" content=\"Kirjailijan p\u00e4iv\u00e4kirja\" \/>\n<meta property=\"article:published_time\" content=\"2022-11-03T10:19:27+00:00\" \/>\n<meta property=\"article:modified_time\" content=\"2022-11-03T10:19:29+00:00\" \/>\n<meta property=\"og:image\" content=\"https:\/\/suomenkuvalehti.fi\/kirjailijanpaivakirja\/wp-content\/uploads\/sites\/21\/2022\/04\/hamalainen_karo06-1-scaled.jpg\" \/>\n\t<meta property=\"og:image:width\" content=\"2560\" \/>\n\t<meta property=\"og:image:height\" content=\"1706\" \/>\n\t<meta property=\"og:image:type\" content=\"image\/jpeg\" \/>\n<meta name=\"author\" content=\"Karo H\u00e4m\u00e4l\u00e4inen\" \/>\n<meta name=\"twitter:card\" content=\"summary_large_image\" \/>\n<meta name=\"twitter:label1\" content=\"Written by\" \/>\n\t<meta name=\"twitter:data1\" content=\"Karo H\u00e4m\u00e4l\u00e4inen\" \/>\n\t<meta name=\"twitter:label2\" content=\"Est. reading time\" \/>\n\t<meta name=\"twitter:data2\" content=\"6 minuuttia\" \/>\n<script type=\"application\/ld+json\" class=\"yoast-schema-graph\">{\"@context\":\"https:\/\/schema.org\",\"@graph\":[{\"@type\":\"WebPage\",\"@id\":\"https:\/\/suomenkuvalehti.fi\/kirjailijanpaivakirja\/kirjailijaliiton-puheenjohtajavaalitentti-kolme-ehdokasta-kommentoi-kustantamoita-aanikirjoja-ja-kivea\/\",\"url\":\"https:\/\/suomenkuvalehti.fi\/kirjailijanpaivakirja\/kirjailijaliiton-puheenjohtajavaalitentti-kolme-ehdokasta-kommentoi-kustantamoita-aanikirjoja-ja-kivea\/\",\"name\":\"Kirjailijaliiton puheenjohtajavaalitentti: kolme ehdokasta kommentoi kustantamoita, \u00e4\u00e4nikirjoja ja Kive\u00e4 - Kirjailijan p\u00e4iv\u00e4kirja\",\"isPartOf\":{\"@id\":\"https:\/\/suomenkuvalehti.fi\/kirjailijanpaivakirja\/#website\"},\"datePublished\":\"2022-11-03T10:19:27+00:00\",\"dateModified\":\"2022-11-03T10:19:29+00:00\",\"author\":{\"@id\":\"https:\/\/suomenkuvalehti.fi\/kirjailijanpaivakirja\/#\/schema\/person\/ca2dfd9d508d8c675e07b3c099fc789b\"},\"breadcrumb\":{\"@id\":\"https:\/\/suomenkuvalehti.fi\/kirjailijanpaivakirja\/kirjailijaliiton-puheenjohtajavaalitentti-kolme-ehdokasta-kommentoi-kustantamoita-aanikirjoja-ja-kivea\/#breadcrumb\"},\"inLanguage\":\"fi\",\"potentialAction\":[{\"@type\":\"ReadAction\",\"target\":[\"https:\/\/suomenkuvalehti.fi\/kirjailijanpaivakirja\/kirjailijaliiton-puheenjohtajavaalitentti-kolme-ehdokasta-kommentoi-kustantamoita-aanikirjoja-ja-kivea\/\"]}]},{\"@type\":\"BreadcrumbList\",\"@id\":\"https:\/\/suomenkuvalehti.fi\/kirjailijanpaivakirja\/kirjailijaliiton-puheenjohtajavaalitentti-kolme-ehdokasta-kommentoi-kustantamoita-aanikirjoja-ja-kivea\/#breadcrumb\",\"itemListElement\":[{\"@type\":\"ListItem\",\"position\":1,\"name\":\"Home\",\"item\":\"https:\/\/suomenkuvalehti.fi\/kirjailijanpaivakirja\/\"},{\"@type\":\"ListItem\",\"position\":2,\"name\":\"Kirjailijaliiton puheenjohtajavaalitentti: kolme ehdokasta kommentoi kustantamoita, \u00e4\u00e4nikirjoja ja Kive\u00e4\"}]},{\"@type\":\"WebSite\",\"@id\":\"https:\/\/suomenkuvalehti.fi\/kirjailijanpaivakirja\/#website\",\"url\":\"https:\/\/suomenkuvalehti.fi\/kirjailijanpaivakirja\/\",\"name\":\"Kirjailijan p\u00e4iv\u00e4kirja\",\"description\":\"Proosakirjailijan arkea ja kirjallisuuden ajankohtaisia aiheita.\",\"potentialAction\":[{\"@type\":\"SearchAction\",\"target\":{\"@type\":\"EntryPoint\",\"urlTemplate\":\"https:\/\/suomenkuvalehti.fi\/haku\/?q={search_term_string}\"},\"query-input\":{\"@type\":\"PropertyValueSpecification\",\"valueRequired\":true,\"valueName\":\"search_term_string\"}}],\"inLanguage\":\"fi\"},{\"@type\":\"Person\",\"@id\":\"https:\/\/suomenkuvalehti.fi\/kirjailijanpaivakirja\/#\/schema\/person\/ca2dfd9d508d8c675e07b3c099fc789b\",\"name\":\"Karo H\u00e4m\u00e4l\u00e4inen\",\"image\":{\"@type\":\"ImageObject\",\"inLanguage\":\"fi\",\"@id\":\"https:\/\/suomenkuvalehti.fi\/kirjailijanpaivakirja\/#\/schema\/person\/image\/\",\"url\":\"https:\/\/suomenkuvalehti.fi\/kirjailijanpaivakirja\/wp-content\/uploads\/sites\/21\/2022\/04\/hamalainen_karo06-1-150x150.jpg\",\"contentUrl\":\"https:\/\/suomenkuvalehti.fi\/kirjailijanpaivakirja\/wp-content\/uploads\/sites\/21\/2022\/04\/hamalainen_karo06-1-150x150.jpg\",\"caption\":\"Karo H\u00e4m\u00e4l\u00e4inen\"},\"description\":\"Karo H\u00e4m\u00e4l\u00e4inen on kirjailija ja talouteen erikoistunut vapaa toimittaja.\"}]}<\/script>\n<!-- \/ Yoast SEO plugin. -->","yoast_head_json":{"title":"Kirjailijaliiton puheenjohtajavaalitentti: kolme ehdokasta kommentoi kustantamoita, \u00e4\u00e4nikirjoja ja Kive\u00e4 - Kirjailijan p\u00e4iv\u00e4kirja","robots":{"index":"index","follow":"follow","max-snippet":"max-snippet:-1","max-image-preview":"max-image-preview:large","max-video-preview":"max-video-preview:-1"},"canonical":"https:\/\/suomenkuvalehti.fi\/kirjailijanpaivakirja\/kirjailijaliiton-puheenjohtajavaalitentti-kolme-ehdokasta-kommentoi-kustantamoita-aanikirjoja-ja-kivea\/","og_locale":"fi_FI","og_type":"article","og_title":"Kirjailijaliiton puheenjohtajavaalitentti: kolme ehdokasta kommentoi kustantamoita, \u00e4\u00e4nikirjoja ja Kive\u00e4 - Kirjailijan p\u00e4iv\u00e4kirja","og_description":"Suomen Kirjailijaliiton puheenjohtajuudesta on taannoisina aikoina k\u00e4yty kiivastakin kilpaa, joka on valunut laajalle kulttuurisivuille ja yleisen keskustelun aiheeksi. Sirpa K\u00e4hk\u00f6sen luovuttua puheenjohtajuudesta kesken ka&hellip;","og_url":"https:\/\/suomenkuvalehti.fi\/kirjailijanpaivakirja\/kirjailijaliiton-puheenjohtajavaalitentti-kolme-ehdokasta-kommentoi-kustantamoita-aanikirjoja-ja-kivea\/","og_site_name":"Kirjailijan p\u00e4iv\u00e4kirja","article_published_time":"2022-11-03T10:19:27+00:00","article_modified_time":"2022-11-03T10:19:29+00:00","og_image":[{"width":2560,"height":1706,"url":"https:\/\/suomenkuvalehti.fi\/kirjailijanpaivakirja\/wp-content\/uploads\/sites\/21\/2022\/04\/hamalainen_karo06-1-scaled.jpg","type":"image\/jpeg"}],"author":"Karo H\u00e4m\u00e4l\u00e4inen","twitter_card":"summary_large_image","twitter_misc":{"Written by":"Karo H\u00e4m\u00e4l\u00e4inen","Est. reading time":"6 minuuttia"},"schema":{"@context":"https:\/\/schema.org","@graph":[{"@type":"WebPage","@id":"https:\/\/suomenkuvalehti.fi\/kirjailijanpaivakirja\/kirjailijaliiton-puheenjohtajavaalitentti-kolme-ehdokasta-kommentoi-kustantamoita-aanikirjoja-ja-kivea\/","url":"https:\/\/suomenkuvalehti.fi\/kirjailijanpaivakirja\/kirjailijaliiton-puheenjohtajavaalitentti-kolme-ehdokasta-kommentoi-kustantamoita-aanikirjoja-ja-kivea\/","name":"Kirjailijaliiton puheenjohtajavaalitentti: kolme ehdokasta kommentoi kustantamoita, \u00e4\u00e4nikirjoja ja Kive\u00e4 - Kirjailijan p\u00e4iv\u00e4kirja","isPartOf":{"@id":"https:\/\/suomenkuvalehti.fi\/kirjailijanpaivakirja\/#website"},"datePublished":"2022-11-03T10:19:27+00:00","dateModified":"2022-11-03T10:19:29+00:00","author":{"@id":"https:\/\/suomenkuvalehti.fi\/kirjailijanpaivakirja\/#\/schema\/person\/ca2dfd9d508d8c675e07b3c099fc789b"},"breadcrumb":{"@id":"https:\/\/suomenkuvalehti.fi\/kirjailijanpaivakirja\/kirjailijaliiton-puheenjohtajavaalitentti-kolme-ehdokasta-kommentoi-kustantamoita-aanikirjoja-ja-kivea\/#breadcrumb"},"inLanguage":"fi","potentialAction":[{"@type":"ReadAction","target":["https:\/\/suomenkuvalehti.fi\/kirjailijanpaivakirja\/kirjailijaliiton-puheenjohtajavaalitentti-kolme-ehdokasta-kommentoi-kustantamoita-aanikirjoja-ja-kivea\/"]}]},{"@type":"BreadcrumbList","@id":"https:\/\/suomenkuvalehti.fi\/kirjailijanpaivakirja\/kirjailijaliiton-puheenjohtajavaalitentti-kolme-ehdokasta-kommentoi-kustantamoita-aanikirjoja-ja-kivea\/#breadcrumb","itemListElement":[{"@type":"ListItem","position":1,"name":"Home","item":"https:\/\/suomenkuvalehti.fi\/kirjailijanpaivakirja\/"},{"@type":"ListItem","position":2,"name":"Kirjailijaliiton puheenjohtajavaalitentti: kolme ehdokasta kommentoi kustantamoita, \u00e4\u00e4nikirjoja ja Kive\u00e4"}]},{"@type":"WebSite","@id":"https:\/\/suomenkuvalehti.fi\/kirjailijanpaivakirja\/#website","url":"https:\/\/suomenkuvalehti.fi\/kirjailijanpaivakirja\/","name":"Kirjailijan p\u00e4iv\u00e4kirja","description":"Proosakirjailijan arkea ja kirjallisuuden ajankohtaisia aiheita.","potentialAction":[{"@type":"SearchAction","target":{"@type":"EntryPoint","urlTemplate":"https:\/\/suomenkuvalehti.fi\/haku\/?q={search_term_string}"},"query-input":{"@type":"PropertyValueSpecification","valueRequired":true,"valueName":"search_term_string"}}],"inLanguage":"fi"},{"@type":"Person","@id":"https:\/\/suomenkuvalehti.fi\/kirjailijanpaivakirja\/#\/schema\/person\/ca2dfd9d508d8c675e07b3c099fc789b","name":"Karo H\u00e4m\u00e4l\u00e4inen","image":{"@type":"ImageObject","inLanguage":"fi","@id":"https:\/\/suomenkuvalehti.fi\/kirjailijanpaivakirja\/#\/schema\/person\/image\/","url":"https:\/\/suomenkuvalehti.fi\/kirjailijanpaivakirja\/wp-content\/uploads\/sites\/21\/2022\/04\/hamalainen_karo06-1-150x150.jpg","contentUrl":"https:\/\/suomenkuvalehti.fi\/kirjailijanpaivakirja\/wp-content\/uploads\/sites\/21\/2022\/04\/hamalainen_karo06-1-150x150.jpg","caption":"Karo H\u00e4m\u00e4l\u00e4inen"},"description":"Karo H\u00e4m\u00e4l\u00e4inen on kirjailija ja talouteen erikoistunut vapaa toimittaja."}]}},"_links":{"self":[{"href":"https:\/\/suomenkuvalehti.fi\/kirjailijanpaivakirja\/wp-json\/wp\/v2\/posts\/2377","targetHints":{"allow":["GET"]}}],"collection":[{"href":"https:\/\/suomenkuvalehti.fi\/kirjailijanpaivakirja\/wp-json\/wp\/v2\/posts"}],"about":[{"href":"https:\/\/suomenkuvalehti.fi\/kirjailijanpaivakirja\/wp-json\/wp\/v2\/types\/post"}],"author":[{"embeddable":true,"href":"https:\/\/suomenkuvalehti.fi\/kirjailijanpaivakirja\/wp-json\/wp\/v2\/users\/129"}],"replies":[{"embeddable":true,"href":"https:\/\/suomenkuvalehti.fi\/kirjailijanpaivakirja\/wp-json\/wp\/v2\/comments?post=2377"}],"version-history":[{"count":2,"href":"https:\/\/suomenkuvalehti.fi\/kirjailijanpaivakirja\/wp-json\/wp\/v2\/posts\/2377\/revisions"}],"predecessor-version":[{"id":2379,"href":"https:\/\/suomenkuvalehti.fi\/kirjailijanpaivakirja\/wp-json\/wp\/v2\/posts\/2377\/revisions\/2379"}],"wp:attachment":[{"href":"https:\/\/suomenkuvalehti.fi\/kirjailijanpaivakirja\/wp-json\/wp\/v2\/media?parent=2377"}],"wp:term":[{"taxonomy":"category","embeddable":true,"href":"https:\/\/suomenkuvalehti.fi\/kirjailijanpaivakirja\/wp-json\/wp\/v2\/categories?post=2377"},{"taxonomy":"post_tag","embeddable":true,"href":"https:\/\/suomenkuvalehti.fi\/kirjailijanpaivakirja\/wp-json\/wp\/v2\/tags?post=2377"}],"curies":[{"name":"wp","href":"https:\/\/api.w.org\/{rel}","templated":true}]}}