{"id":2303,"date":"2022-06-18T16:47:34","date_gmt":"2022-06-18T13:47:34","guid":{"rendered":"https:\/\/suomenkuvalehti.fi\/kirjailijanpaivakirja\/?p=2303"},"modified":"2022-06-18T16:52:13","modified_gmt":"2022-06-18T13:52:13","slug":"isommat-rivien-valit-sinnehan-me-kirjoitamme-lahden-kansainvalinen-kirjailijakokous-muutamilla-riveilla","status":"publish","type":"post","link":"https:\/\/suomenkuvalehti.fi\/kirjailijanpaivakirja\/isommat-rivien-valit-sinnehan-me-kirjoitamme-lahden-kansainvalinen-kirjailijakokous-muutamilla-riveilla\/","title":{"rendered":"Isommat rivien v\u00e4lit, sinneh\u00e4n me kirjoitamme \u2013 Lahden kansainv\u00e4linen kirjailijakokous muutamilla riveill\u00e4"},"content":{"rendered":"\n<p><span class=\"capitalized\">Kolmattakymmenett\u00e4 <\/span>kertaa j\u00e4rjestetty Lahden kansainv\u00e4linen kirjailijakokous kokosi kirjailijoita ymp\u00e4ri maailmaa P\u00e4ij\u00e4t-H\u00e4meen p\u00e4\u00e4kaupunkiin. Huomattavan moni kansainv\u00e4lisist\u00e4 vieraista oli tavalla tai toisella kahden maan kansalaisia. Pisimm\u00e4n matkan Vesij\u00e4rven rannalle teki japanilainen <strong>Miri Yu<\/strong>.<\/p>\n\n\n\n<p>Ven\u00e4j\u00e4n hy\u00f6kk\u00e4ys Ukrainaan ja Euroopassa k\u00e4yt\u00e4v\u00e4 sota tuli esiin monissa keskusteluissa. Kirjailijakokouksella on merkitt\u00e4v\u00e4 historia vuosikymmenten takaa id\u00e4n ja l\u00e4nnen kirjailijoiden yhdist\u00e4j\u00e4n\u00e4. Mik\u00e4 rooli on nyt? Mik\u00e4 on kirjailijan teht\u00e4v\u00e4 ja vastuu? Millainen on n\u00e4iden aikojen kieli?<\/p>\n\n\n\n<p>Kun otsikko on monimerkityksinen, monimuotoisia ovat alustukset ja keskustelutkin. \u201dRivien v\u00e4liss\u00e4\u201d -teemasta oli luontevaa siirty\u00e4 propagandaan mutta my\u00f6s valokuvaan tarkoittamatta ilmestyv\u00e4\u00e4n todellisuuteen, joka sotkee hyvin mietityn asetelman, fiktion.<\/p>\n\n\n\n<p>Poimin yhdess\u00e4 puheenjohtajakollegani kirjailija<strong> Marjo Heiskasen<\/strong> kanssa alustuksista ja k\u00e4ydyist\u00e4 keskusteluista satunnaisia virkkeit\u00e4 ja muutaman virkkeen kokonaisuuksia, jotka kirjailijakokouksen osallistuja olisi voinut poimia muistivihkoonsa tai mieleens\u00e4 kotiinviemiseksi.<\/p>\n\n\n\n<p>N\u00e4ill\u00e4 riveill\u00e4 on osa kirjailijakokouksen rivinv\u00e4leist\u00e4.<\/p>\n\n\n\n<p><\/p>\n\n\n\n<p>Rivien v\u00e4liin purskahtelee ja l\u00e4iskyy ylim\u00e4\u00e4r\u00e4isi\u00e4 asioita, koherenttiin tarinaan sopimattomia yksityiskohtia, \u00e4rsytt\u00e4v\u00e4sti hiert\u00e4vi\u00e4 muistutuksia, todistusaineistoa toisista todellisuuksista.<\/p>\n\n\n\n<p><\/p>\n\n\n\n<p>Yhdeks\u00e4nkymment\u00e4 prosenttia valokuvista on kuvia, joissa kuvaaja katsoo itse\u00e4\u00e4n toisen silmin.<\/p>\n\n\n\n<p><\/p>\n\n\n\n<p>Piilotan tulkintojen mahdollisuuksia.<\/p>\n\n\n\n<p><\/p>\n\n\n\n<p>Sellaiset s\u00e4keet piti kirjoittaa, mutta ne oli kuiskattava.<\/p>\n\n\n\n<p><\/p>\n\n\n\n<p>Kieli, joka on alistettu l\u00e4pin\u00e4kyvyyden kurinpitoon, on aina kielt\u00e4, josta tulee joko nyt tai my\u00f6hemmin vaikeaa lausua ja katkeraa niell\u00e4.<\/p>\n\n\n\n<p><\/p>\n\n\n\n<p>He kuolivat koska halusivat el\u00e4\u00e4!<\/p>\n\n\n\n<p><\/p>\n\n\n\n<p>Propaganda on kielen v\u00e4kivaltaa.<\/p>\n\n\n\n<p><\/p>\n\n\n\n<p>Ennen kuin alan ty\u00f6skennell\u00e4 rivien parissa, keskityn materiaaliin, joka j\u00e4\u00e4 niiden v\u00e4liin ja jonka vuoksi juuri n\u00e4m\u00e4 rivit ovat mahdollisia.<\/p>\n\n\n\n<p><\/p>\n\n\n\n<p>T\u00e4m\u00e4 ikkuna, t\u00e4m\u00e4 mit\u00e4 katsomme, on olemassa sis\u00e4ll\u00e4si, se on olemassa rivien v\u00e4liss\u00e4, tiloissa, jotka j\u00e4\u00e4v\u00e4t sanomattomiksi, n\u00e4iden ymp\u00e4riins\u00e4 pintojen lailla kelluvien fragmenttien kohtauspisteiss\u00e4.<\/p>\n\n\n\n<p><\/p>\n\n\n\n<p>Katveaikana totuus muhii rivien v\u00e4liss\u00e4.<\/p>\n\n\n\n<p><\/p>\n\n\n\n<p>Runous ei ole ahnasta, vaan melkein ylellisyytt\u00e4 niin kuin rakkaus. Se on my\u00f6s yht\u00e4 tarpeellista ylellisyytt\u00e4 kuin rakkaus.<\/p>\n\n\n\n<p><\/p>\n\n\n\n<p>T\u00e4m\u00e4 on hiljaisuutemme. T\u00e4m\u00e4 on piilopaikkamme.<\/p>\n\n\n\n<p><\/p>\n\n\n\n<p>Joskus uskon, ett\u00e4 kirjoittaja ei keksi ideoitaan, vaan ideat keksiv\u00e4t kirjoittajansa. Emme kirjoita tarinoita, jotka haluamme kirjoittaa, vaan tarinat, jotka meid\u00e4n t\u00e4ytyy kirjoittaa.<\/p>\n\n\n\n<p><\/p>\n\n\n\n<p>Silloinkin kun sanottavamme on ei-mit\u00e4\u00e4n, meid\u00e4n on uskottava tuon ei-mink\u00e4\u00e4n olevan tarpeeksi.<\/p>\n\n\n\n<p><\/p>\n\n\n\n<p>T\u00e4m\u00e4n sodan rivien v\u00e4liss\u00e4 on yhten\u00e4isyytt\u00e4 ja mielenvoimaa! Siell\u00e4 ovat my\u00f6s ne, joita emme voi koskaan saada takaisin el\u00e4m\u00e4\u00e4n, mutta emme my\u00f6sk\u00e4\u00e4n unohtaa. Kaikkein t\u00e4rkeimm\u00e4t asiat ovat aina rivien v\u00e4liss\u00e4, ja me kirjailijat tied\u00e4mme sen varmaksi.<\/p>\n\n\n\n<p><\/p>\n\n\n\n<p>Tarvitaan tyhj\u00e4\u00e4. Rytmi tarvitsee taukoja. Hiljaisuutta.<\/p>\n\n\n\n<p><\/p>\n\n\n\n<p>Hyv\u00e4 perustuslaki: lyhyt ja ep\u00e4m\u00e4\u00e4r\u00e4inen.<\/p>\n\n\n\n<p><\/p>\n\n\n\n<p>Runoilijalle maksetaan riveist\u00e4 \u2013 kaikki, mik\u00e4 on kirjoitettu rivien v\u00e4liin, on omalla vastuulla ja omaan laskuun.<\/p>\n\n\n\n<p><\/p>\n\n\n\n<p>\u00c4\u00e4neni kantaa tunteeni ja ajatukseni sis\u00e4lt\u00e4ni ja kuljettaa ne teid\u00e4n luoksenne.<\/p>\n\n\n\n<p><\/p>\n\n\n\n<p>Lopulta k\u00e4y niin, ett\u00e4 vapaasti ilmaistut sanat voittavat.<\/p>\n\n\n\n<p><\/p>\n\n\n\n<p>Me kirjoitimme itsemme maailmaan.<\/p>\n\n\n\n<p><\/p>\n\n\n\n<p>Enemm\u00e4n kuin musteen mustassa pysymme tabula rasan valkoisessa, jossa kaikki hohtaa tulevaisuutta ja mahdollisuuksia.<\/p>\n\n\n\n<p><\/p>\n\n\n\n<p>Rivien v\u00e4lit ovat lineaarisia mustia aukkoja.<\/p>\n","protected":false},"excerpt":{"rendered":"<p>Kolmattakymmenett\u00e4 kertaa j\u00e4rjestetty Lahden kansainv\u00e4linen kirjailijakokous kokosi kirjailijoita ymp\u00e4ri maailmaa P\u00e4ij\u00e4t-H\u00e4meen p\u00e4\u00e4kaupunkiin. Huomattavan moni kansainv\u00e4lisist\u00e4 vieraista oli tavalla tai toisella<br \/>\nkahden maa&hellip;<\/p>\n","protected":false},"author":129,"featured_media":0,"comment_status":"open","ping_status":"open","sticky":false,"template":"","format":"standard","meta":{"_acf_changed":false,"asauth_required_access_level":3,"asauth_cansharepaid":"true","om_header_attributes":[],"footnotes":"","om_featured_image_focal_point":[],"om_primary_tag":0,"om_contributors":[],"om_co_authors":[],"beyondwords_generate_audio":"","beyondwords_project_id":"","beyondwords_content_id":"","beyondwords_preview_token":"","beyondwords_player_content":"","beyondwords_player_style":"","beyondwords_language_code":"","beyondwords_language_id":"","beyondwords_title_voice_id":"","beyondwords_body_voice_id":"","beyondwords_summary_voice_id":"","beyondwords_error_message":"","beyondwords_disabled":"","beyondwords_delete_content":"","beyondwords_podcast_id":"","beyondwords_hash":"","publish_post_to_speechkit":"","speechkit_hash":"","speechkit_generate_audio":"","speechkit_project_id":"","speechkit_podcast_id":"","speechkit_error_message":"","speechkit_disabled":"","speechkit_access_key":"","speechkit_error":"","speechkit_info":"","speechkit_response":"","speechkit_retries":"","speechkit_status":"","speechkit_updated_at":"","_speechkit_link":"","_speechkit_text":""},"categories":[1],"tags":[1567],"class_list":["post-2303","post","type-post","status-publish","format-standard","hentry","category-kirjailijan-paivakirja","tag-liwre"],"om_views":null,"acf":{"tuuma_off":false,"tuuma_kysymys":"","tuuma_vastaus":""},"asauth":{"required_access_level":1,"share_token":"","is_paid":false},"yoast_head":"<!-- This site is optimized with the Yoast SEO plugin v26.4 - https:\/\/yoast.com\/wordpress\/plugins\/seo\/ -->\n<title>Isommat rivien v\u00e4lit, sinneh\u00e4n me kirjoitamme \u2013 Lahden kansainv\u00e4linen kirjailijakokous muutamilla riveill\u00e4 - Kirjailijan p\u00e4iv\u00e4kirja<\/title>\n<meta name=\"robots\" content=\"index, follow, max-snippet:-1, max-image-preview:large, max-video-preview:-1\" \/>\n<link rel=\"canonical\" href=\"https:\/\/suomenkuvalehti.fi\/kirjailijanpaivakirja\/isommat-rivien-valit-sinnehan-me-kirjoitamme-lahden-kansainvalinen-kirjailijakokous-muutamilla-riveilla\/\" \/>\n<meta property=\"og:locale\" content=\"fi_FI\" \/>\n<meta property=\"og:type\" content=\"article\" \/>\n<meta property=\"og:title\" content=\"Isommat rivien v\u00e4lit, sinneh\u00e4n me kirjoitamme \u2013 Lahden kansainv\u00e4linen kirjailijakokous muutamilla riveill\u00e4 - Kirjailijan p\u00e4iv\u00e4kirja\" \/>\n<meta property=\"og:description\" content=\"Kolmattakymmenett\u00e4 kertaa j\u00e4rjestetty Lahden kansainv\u00e4linen kirjailijakokous kokosi kirjailijoita ymp\u00e4ri maailmaa P\u00e4ij\u00e4t-H\u00e4meen p\u00e4\u00e4kaupunkiin. Huomattavan moni kansainv\u00e4lisist\u00e4 vieraista oli tavalla tai toisella kahden maa&hellip;\" \/>\n<meta property=\"og:url\" content=\"https:\/\/suomenkuvalehti.fi\/kirjailijanpaivakirja\/isommat-rivien-valit-sinnehan-me-kirjoitamme-lahden-kansainvalinen-kirjailijakokous-muutamilla-riveilla\/\" \/>\n<meta property=\"og:site_name\" content=\"Kirjailijan p\u00e4iv\u00e4kirja\" \/>\n<meta property=\"article:published_time\" content=\"2022-06-18T13:47:34+00:00\" \/>\n<meta property=\"article:modified_time\" content=\"2022-06-18T13:52:13+00:00\" \/>\n<meta property=\"og:image\" content=\"https:\/\/suomenkuvalehti.fi\/kirjailijanpaivakirja\/wp-content\/uploads\/sites\/21\/2022\/04\/hamalainen_karo06-1-scaled.jpg\" \/>\n\t<meta property=\"og:image:width\" content=\"2560\" \/>\n\t<meta property=\"og:image:height\" content=\"1706\" \/>\n\t<meta property=\"og:image:type\" content=\"image\/jpeg\" \/>\n<meta name=\"author\" content=\"Karo H\u00e4m\u00e4l\u00e4inen\" \/>\n<meta name=\"twitter:card\" content=\"summary_large_image\" \/>\n<meta name=\"twitter:label1\" content=\"Written by\" \/>\n\t<meta name=\"twitter:data1\" content=\"Karo H\u00e4m\u00e4l\u00e4inen\" \/>\n\t<meta name=\"twitter:label2\" content=\"Est. reading time\" \/>\n\t<meta name=\"twitter:data2\" content=\"3 minuuttia\" \/>\n<script type=\"application\/ld+json\" class=\"yoast-schema-graph\">{\"@context\":\"https:\/\/schema.org\",\"@graph\":[{\"@type\":\"WebPage\",\"@id\":\"https:\/\/suomenkuvalehti.fi\/kirjailijanpaivakirja\/isommat-rivien-valit-sinnehan-me-kirjoitamme-lahden-kansainvalinen-kirjailijakokous-muutamilla-riveilla\/\",\"url\":\"https:\/\/suomenkuvalehti.fi\/kirjailijanpaivakirja\/isommat-rivien-valit-sinnehan-me-kirjoitamme-lahden-kansainvalinen-kirjailijakokous-muutamilla-riveilla\/\",\"name\":\"Isommat rivien v\u00e4lit, sinneh\u00e4n me kirjoitamme \u2013 Lahden kansainv\u00e4linen kirjailijakokous muutamilla riveill\u00e4 - Kirjailijan p\u00e4iv\u00e4kirja\",\"isPartOf\":{\"@id\":\"https:\/\/suomenkuvalehti.fi\/kirjailijanpaivakirja\/#website\"},\"datePublished\":\"2022-06-18T13:47:34+00:00\",\"dateModified\":\"2022-06-18T13:52:13+00:00\",\"author\":{\"@id\":\"https:\/\/suomenkuvalehti.fi\/kirjailijanpaivakirja\/#\/schema\/person\/ca2dfd9d508d8c675e07b3c099fc789b\"},\"breadcrumb\":{\"@id\":\"https:\/\/suomenkuvalehti.fi\/kirjailijanpaivakirja\/isommat-rivien-valit-sinnehan-me-kirjoitamme-lahden-kansainvalinen-kirjailijakokous-muutamilla-riveilla\/#breadcrumb\"},\"inLanguage\":\"fi\",\"potentialAction\":[{\"@type\":\"ReadAction\",\"target\":[\"https:\/\/suomenkuvalehti.fi\/kirjailijanpaivakirja\/isommat-rivien-valit-sinnehan-me-kirjoitamme-lahden-kansainvalinen-kirjailijakokous-muutamilla-riveilla\/\"]}]},{\"@type\":\"BreadcrumbList\",\"@id\":\"https:\/\/suomenkuvalehti.fi\/kirjailijanpaivakirja\/isommat-rivien-valit-sinnehan-me-kirjoitamme-lahden-kansainvalinen-kirjailijakokous-muutamilla-riveilla\/#breadcrumb\",\"itemListElement\":[{\"@type\":\"ListItem\",\"position\":1,\"name\":\"Home\",\"item\":\"https:\/\/suomenkuvalehti.fi\/kirjailijanpaivakirja\/\"},{\"@type\":\"ListItem\",\"position\":2,\"name\":\"Isommat rivien v\u00e4lit, sinneh\u00e4n me kirjoitamme \u2013 Lahden kansainv\u00e4linen kirjailijakokous muutamilla riveill\u00e4\"}]},{\"@type\":\"WebSite\",\"@id\":\"https:\/\/suomenkuvalehti.fi\/kirjailijanpaivakirja\/#website\",\"url\":\"https:\/\/suomenkuvalehti.fi\/kirjailijanpaivakirja\/\",\"name\":\"Kirjailijan p\u00e4iv\u00e4kirja\",\"description\":\"Proosakirjailijan arkea ja kirjallisuuden ajankohtaisia aiheita.\",\"potentialAction\":[{\"@type\":\"SearchAction\",\"target\":{\"@type\":\"EntryPoint\",\"urlTemplate\":\"https:\/\/suomenkuvalehti.fi\/haku\/?q={search_term_string}\"},\"query-input\":{\"@type\":\"PropertyValueSpecification\",\"valueRequired\":true,\"valueName\":\"search_term_string\"}}],\"inLanguage\":\"fi\"},{\"@type\":\"Person\",\"@id\":\"https:\/\/suomenkuvalehti.fi\/kirjailijanpaivakirja\/#\/schema\/person\/ca2dfd9d508d8c675e07b3c099fc789b\",\"name\":\"Karo H\u00e4m\u00e4l\u00e4inen\",\"image\":{\"@type\":\"ImageObject\",\"inLanguage\":\"fi\",\"@id\":\"https:\/\/suomenkuvalehti.fi\/kirjailijanpaivakirja\/#\/schema\/person\/image\/\",\"url\":\"https:\/\/suomenkuvalehti.fi\/kirjailijanpaivakirja\/wp-content\/uploads\/sites\/21\/2022\/04\/hamalainen_karo06-1-150x150.jpg\",\"contentUrl\":\"https:\/\/suomenkuvalehti.fi\/kirjailijanpaivakirja\/wp-content\/uploads\/sites\/21\/2022\/04\/hamalainen_karo06-1-150x150.jpg\",\"caption\":\"Karo H\u00e4m\u00e4l\u00e4inen\"},\"description\":\"Karo H\u00e4m\u00e4l\u00e4inen on kirjailija ja talouteen erikoistunut vapaa toimittaja.\"}]}<\/script>\n<!-- \/ Yoast SEO plugin. -->","yoast_head_json":{"title":"Isommat rivien v\u00e4lit, sinneh\u00e4n me kirjoitamme \u2013 Lahden kansainv\u00e4linen kirjailijakokous muutamilla riveill\u00e4 - Kirjailijan p\u00e4iv\u00e4kirja","robots":{"index":"index","follow":"follow","max-snippet":"max-snippet:-1","max-image-preview":"max-image-preview:large","max-video-preview":"max-video-preview:-1"},"canonical":"https:\/\/suomenkuvalehti.fi\/kirjailijanpaivakirja\/isommat-rivien-valit-sinnehan-me-kirjoitamme-lahden-kansainvalinen-kirjailijakokous-muutamilla-riveilla\/","og_locale":"fi_FI","og_type":"article","og_title":"Isommat rivien v\u00e4lit, sinneh\u00e4n me kirjoitamme \u2013 Lahden kansainv\u00e4linen kirjailijakokous muutamilla riveill\u00e4 - Kirjailijan p\u00e4iv\u00e4kirja","og_description":"Kolmattakymmenett\u00e4 kertaa j\u00e4rjestetty Lahden kansainv\u00e4linen kirjailijakokous kokosi kirjailijoita ymp\u00e4ri maailmaa P\u00e4ij\u00e4t-H\u00e4meen p\u00e4\u00e4kaupunkiin. Huomattavan moni kansainv\u00e4lisist\u00e4 vieraista oli tavalla tai toisella kahden maa&hellip;","og_url":"https:\/\/suomenkuvalehti.fi\/kirjailijanpaivakirja\/isommat-rivien-valit-sinnehan-me-kirjoitamme-lahden-kansainvalinen-kirjailijakokous-muutamilla-riveilla\/","og_site_name":"Kirjailijan p\u00e4iv\u00e4kirja","article_published_time":"2022-06-18T13:47:34+00:00","article_modified_time":"2022-06-18T13:52:13+00:00","og_image":[{"width":2560,"height":1706,"url":"https:\/\/suomenkuvalehti.fi\/kirjailijanpaivakirja\/wp-content\/uploads\/sites\/21\/2022\/04\/hamalainen_karo06-1-scaled.jpg","type":"image\/jpeg"}],"author":"Karo H\u00e4m\u00e4l\u00e4inen","twitter_card":"summary_large_image","twitter_misc":{"Written by":"Karo H\u00e4m\u00e4l\u00e4inen","Est. reading time":"3 minuuttia"},"schema":{"@context":"https:\/\/schema.org","@graph":[{"@type":"WebPage","@id":"https:\/\/suomenkuvalehti.fi\/kirjailijanpaivakirja\/isommat-rivien-valit-sinnehan-me-kirjoitamme-lahden-kansainvalinen-kirjailijakokous-muutamilla-riveilla\/","url":"https:\/\/suomenkuvalehti.fi\/kirjailijanpaivakirja\/isommat-rivien-valit-sinnehan-me-kirjoitamme-lahden-kansainvalinen-kirjailijakokous-muutamilla-riveilla\/","name":"Isommat rivien v\u00e4lit, sinneh\u00e4n me kirjoitamme \u2013 Lahden kansainv\u00e4linen kirjailijakokous muutamilla riveill\u00e4 - Kirjailijan p\u00e4iv\u00e4kirja","isPartOf":{"@id":"https:\/\/suomenkuvalehti.fi\/kirjailijanpaivakirja\/#website"},"datePublished":"2022-06-18T13:47:34+00:00","dateModified":"2022-06-18T13:52:13+00:00","author":{"@id":"https:\/\/suomenkuvalehti.fi\/kirjailijanpaivakirja\/#\/schema\/person\/ca2dfd9d508d8c675e07b3c099fc789b"},"breadcrumb":{"@id":"https:\/\/suomenkuvalehti.fi\/kirjailijanpaivakirja\/isommat-rivien-valit-sinnehan-me-kirjoitamme-lahden-kansainvalinen-kirjailijakokous-muutamilla-riveilla\/#breadcrumb"},"inLanguage":"fi","potentialAction":[{"@type":"ReadAction","target":["https:\/\/suomenkuvalehti.fi\/kirjailijanpaivakirja\/isommat-rivien-valit-sinnehan-me-kirjoitamme-lahden-kansainvalinen-kirjailijakokous-muutamilla-riveilla\/"]}]},{"@type":"BreadcrumbList","@id":"https:\/\/suomenkuvalehti.fi\/kirjailijanpaivakirja\/isommat-rivien-valit-sinnehan-me-kirjoitamme-lahden-kansainvalinen-kirjailijakokous-muutamilla-riveilla\/#breadcrumb","itemListElement":[{"@type":"ListItem","position":1,"name":"Home","item":"https:\/\/suomenkuvalehti.fi\/kirjailijanpaivakirja\/"},{"@type":"ListItem","position":2,"name":"Isommat rivien v\u00e4lit, sinneh\u00e4n me kirjoitamme \u2013 Lahden kansainv\u00e4linen kirjailijakokous muutamilla riveill\u00e4"}]},{"@type":"WebSite","@id":"https:\/\/suomenkuvalehti.fi\/kirjailijanpaivakirja\/#website","url":"https:\/\/suomenkuvalehti.fi\/kirjailijanpaivakirja\/","name":"Kirjailijan p\u00e4iv\u00e4kirja","description":"Proosakirjailijan arkea ja kirjallisuuden ajankohtaisia aiheita.","potentialAction":[{"@type":"SearchAction","target":{"@type":"EntryPoint","urlTemplate":"https:\/\/suomenkuvalehti.fi\/haku\/?q={search_term_string}"},"query-input":{"@type":"PropertyValueSpecification","valueRequired":true,"valueName":"search_term_string"}}],"inLanguage":"fi"},{"@type":"Person","@id":"https:\/\/suomenkuvalehti.fi\/kirjailijanpaivakirja\/#\/schema\/person\/ca2dfd9d508d8c675e07b3c099fc789b","name":"Karo H\u00e4m\u00e4l\u00e4inen","image":{"@type":"ImageObject","inLanguage":"fi","@id":"https:\/\/suomenkuvalehti.fi\/kirjailijanpaivakirja\/#\/schema\/person\/image\/","url":"https:\/\/suomenkuvalehti.fi\/kirjailijanpaivakirja\/wp-content\/uploads\/sites\/21\/2022\/04\/hamalainen_karo06-1-150x150.jpg","contentUrl":"https:\/\/suomenkuvalehti.fi\/kirjailijanpaivakirja\/wp-content\/uploads\/sites\/21\/2022\/04\/hamalainen_karo06-1-150x150.jpg","caption":"Karo H\u00e4m\u00e4l\u00e4inen"},"description":"Karo H\u00e4m\u00e4l\u00e4inen on kirjailija ja talouteen erikoistunut vapaa toimittaja."}]}},"_links":{"self":[{"href":"https:\/\/suomenkuvalehti.fi\/kirjailijanpaivakirja\/wp-json\/wp\/v2\/posts\/2303","targetHints":{"allow":["GET"]}}],"collection":[{"href":"https:\/\/suomenkuvalehti.fi\/kirjailijanpaivakirja\/wp-json\/wp\/v2\/posts"}],"about":[{"href":"https:\/\/suomenkuvalehti.fi\/kirjailijanpaivakirja\/wp-json\/wp\/v2\/types\/post"}],"author":[{"embeddable":true,"href":"https:\/\/suomenkuvalehti.fi\/kirjailijanpaivakirja\/wp-json\/wp\/v2\/users\/129"}],"replies":[{"embeddable":true,"href":"https:\/\/suomenkuvalehti.fi\/kirjailijanpaivakirja\/wp-json\/wp\/v2\/comments?post=2303"}],"version-history":[{"count":2,"href":"https:\/\/suomenkuvalehti.fi\/kirjailijanpaivakirja\/wp-json\/wp\/v2\/posts\/2303\/revisions"}],"predecessor-version":[{"id":2305,"href":"https:\/\/suomenkuvalehti.fi\/kirjailijanpaivakirja\/wp-json\/wp\/v2\/posts\/2303\/revisions\/2305"}],"wp:attachment":[{"href":"https:\/\/suomenkuvalehti.fi\/kirjailijanpaivakirja\/wp-json\/wp\/v2\/media?parent=2303"}],"wp:term":[{"taxonomy":"category","embeddable":true,"href":"https:\/\/suomenkuvalehti.fi\/kirjailijanpaivakirja\/wp-json\/wp\/v2\/categories?post=2303"},{"taxonomy":"post_tag","embeddable":true,"href":"https:\/\/suomenkuvalehti.fi\/kirjailijanpaivakirja\/wp-json\/wp\/v2\/tags?post=2303"}],"curies":[{"name":"wp","href":"https:\/\/api.w.org\/{rel}","templated":true}]}}