{"id":2268,"date":"2022-03-14T18:35:50","date_gmt":"2022-03-14T16:35:50","guid":{"rendered":"https:\/\/suomenkuvalehti.fi\/kirjailijanpaivakirja\/?p=2268"},"modified":"2022-03-14T18:35:50","modified_gmt":"2022-03-14T16:35:50","slug":"kuukauden-lukija-kari-haakana-mixaisi-hyrya-ja-neurovelhon","status":"publish","type":"post","link":"https:\/\/suomenkuvalehti.fi\/kirjailijanpaivakirja\/kuukauden-lukija-kari-haakana-mixaisi-hyrya-ja-neurovelhon\/","title":{"rendered":"Kuukauden lukija Kari Haakana mixaisi Hyry\u00e4 ja Neurovelhon"},"content":{"rendered":"<figure class=\"alignleft size-medium wp-block-image\">\n  <div class=\"wp-block-image__inner-container\">\n    <a href='https:\/\/suomenkuvalehti.fi\/kirjailijanpaivakirja\/wp-content\/uploads\/sites\/21\/2022\/03\/kari-haakana-kuva-saralehtomaa-1.jpg'><img loading=\"lazy\" decoding=\"async\" src=\"https:\/\/suomenkuvalehti.fi\/kirjailijanpaivakirja\/wp-content\/uploads\/sites\/21\/2022\/03\/kari-haakana-kuva-saralehtomaa-700x1049-1-200x300.jpg\" alt=\"\" class=\"wp-image-2269\" width=\"700\" height=\"1049\" style=\"--aspect-ratio: 0.67\" srcset=\"https:\/\/suomenkuvalehti.fi\/kirjailijanpaivakirja\/wp-content\/uploads\/sites\/21\/2022\/03\/kari-haakana-kuva-saralehtomaa-700x1049-1-200x300.jpg 200w, https:\/\/suomenkuvalehti.fi\/kirjailijanpaivakirja\/wp-content\/uploads\/sites\/21\/2022\/03\/kari-haakana-kuva-saralehtomaa-700x1049-1-683x1024.jpg 683w, https:\/\/suomenkuvalehti.fi\/kirjailijanpaivakirja\/wp-content\/uploads\/sites\/21\/2022\/03\/kari-haakana-kuva-saralehtomaa-700x1049-1.jpg 700w\" sizes=\"auto, (max-width: 700px) 100vw, 700px\" \/><\/a>    <figcaption class=\"wp-block-image__figcaption\">\n      Kari Haakana.      <span class='wp-block-image__copyright'>&copy; Sara Lehtomaa \/ Aula<\/span>    <\/figcaption>\n      <\/div>\n<\/figure>\n\n\n<p>Kuusi ihmist\u00e4 murhataan Kruununhaassa. Yksi heist\u00e4 on eduskunnan puheenjohtajan (tarina sijoittunee l\u00e4hitulevaisuuteen) vaimo, toinen lapsi. V\u00e4hempikin saisi Suomen sekaisin.<\/p>\n\n\n\n<p><strong>Kari Haakanan<\/strong> esikoistrilleri <em>V\u00e4lit\u00f6n uhka<\/em> (Aula 2022) ei kuitenkaan kiid\u00e4 kansakunnan kohuihin ja kuohuihin vaan keskittyy yksitt\u00e4isten ihmisten n\u00e4k\u00f6kulmiin. Vaikka eduskunnan ykk\u00f6smies on protokollassa heti presidentin j\u00e4lkeen, instituution ohella h\u00e4n on ihminen.<\/p>\n\n\n\n<p>Haakana vie trillerins\u00e4 kansainv\u00e4listen turvapalveluyhti\u00f6iden metallinhohtoiseen maailmaan \u2013 mink\u00e4 lis\u00e4ksi h\u00e4n on blogin maaliskuun lukija.<\/p>\n\n\n\n<p>&nbsp;<\/p>\n\n\n\n<p><strong>Mink\u00e4 kirjan olet lukenut viimeksi?<\/strong><\/p>\n\n\n\n<p>&nbsp;<\/p>\n\n\n\n<p>&#8221;Viimeisin loppuun saatu kirja oli <strong>Volker Kutscherin<\/strong> Babylon Berlin -sarjan kirja <em>Fatherland files<\/em>. Saksani ei valitettavasti riit\u00e4 kirjallisuuden lukemiseen, joten luin kirjan englanninkielisen k\u00e4\u00e4nn\u00f6ksen. Hyv\u00e4 kirja, joskin aika paljon tyhj\u00e4k\u00e4ynti\u00e4 minun makuuni.&#8221;<\/p>\n\n\n\n<p>&nbsp;<\/p>\n\n\n\n<p><strong>Luetko enemm\u00e4n tieto- vai kaunokirjallisuutta<\/strong>?<\/p>\n\n\n\n<p>&nbsp;<\/p>\n\n\n\n<p>&#8221;Riippuu hieman tilanteesta ja siit\u00e4, millaista kirjallisuutta tulee vastaan tai suositellaan. Viimeisen vuoden aikana noin puolet ja puolet, pidemm\u00e4ll\u00e4 tarkasteluv\u00e4lill\u00e4 tietokirjat varmaan kiriv\u00e4t hieman edelle.&#8221;<\/p>\n\n\n\n<p>&nbsp;<\/p>\n\n\n\n<p><strong>Kuunteletko \u00e4\u00e4nikirjoja?<\/strong><\/p>\n\n\n\n<p>&nbsp;<\/p>\n\n\n\n<p>&#8221;Harvakseltaan. Ty\u00f6matkani esimerkiksi ovat niin lyhyit\u00e4, ett\u00e4 niill\u00e4k\u00e4\u00e4n ei oikein ehdi kuunnella. Viimeksi olen kuunnellut juuri ilmestyneen oman kirjani. Varsinkin tietokirjallisuuden kohdalla huomaan tarvitsevani mahdollisuuden siirty\u00e4 aika usein muutamia lauseita tai sivuja taaksep\u00e4in, jotta ymm\u00e4rr\u00e4n yhteyden, josta nyt puhutaan.&#8221;<\/p>\n\n\n\n<p>&nbsp;<\/p>\n\n\n\n<p><strong>Mit\u00e4 olet viimeksi oppinut kirjasta?<\/strong><\/p>\n\n\n\n<p>&nbsp;<\/p>\n\n\n\n<p>&#8221;Ett\u00e4 <strong>Vladimir Putin<\/strong> on romantikko, joka kaipaa menneisyyteen, jota ei koskaan ollutkaan.&#8221;<\/p>\n\n\n\n<p>&nbsp;<\/p>\n\n\n\n<p><strong>Jos saisit antaa yhden kirjan 18-vuotiaalle itsellesi, mink\u00e4 kirjan antaisit ja mit\u00e4 sanoisit sen ojentaessasi?<\/strong><\/p>\n\n\n\n<p>&nbsp;<\/p>\n\n\n\n<p>&#8221;Sain 18-vuotiaana (tai niill\u00e4 main) <strong>Antti Hyryn<\/strong> <em>Kertomus<\/em>-novellikokoelman, joka teki ison vaikutuksen. Antaisin varmaan edelleen sen, mutta yritt\u00e4isin saada 18-vuotiaan vakuutettua siit\u00e4, ett\u00e4 ei tarvitse v\u00e4ltt\u00e4m\u00e4tt\u00e4 kiinnitty\u00e4 yhteen tiettyyn kirjallisuuden ja kirjoittamisen tyyliin oikeana. Eli pit\u00e4isi varmaan antaa <em>Kertomuksen<\/em> lis\u00e4ksi vaikkapa <strong>William Gibsonin<\/strong> <em>Neuromancer<\/em> (<em>Neurovelho<\/em>), joka oli ilmestynyt pari vuotta aiemmin.&#8221;<\/p>\n\n\n\n<p>&nbsp;<\/p>\n\n\n\n<p><strong>Jos l\u00e4htisit lomalle paratiisisaarelle ja matkalaukkuun mahtuisi vain yksi kirja, mink\u00e4 ottaisit?<\/strong><\/p>\n\n\n\n<p>&nbsp;<\/p>\n\n\n\n<p>&#8221;Varmaan jokin, jota en ole viel\u00e4 lukenut. Olen jo jonkin aikaa odottanut <strong>John le Carr\u00e9n<\/strong> viimeiseksi j\u00e4\u00e4nytt\u00e4 <em>Silverview<\/em>-romaania. Ehk\u00e4 ottaisin sen.&#8221;<\/p>\n\n\n\n<p>&nbsp;<\/p>\n\n\n\n<p><strong>Mit\u00e4 sinulla on parhaillaan ty\u00f6n alla?<\/strong><\/p>\n\n\n\n<p>&nbsp;<\/p>\n\n\n\n<p>&#8221;Ven\u00e4j\u00e4\u00e4n erikoistuneen historioitsijan <strong>Rober Servicen<\/strong> <em>Kremlin winter: Russia and the second coming of Vladimir Putin<\/em>. Taustoittaa nykyist\u00e4 tilannetta todella hyvin ja on viimeisen p\u00e4\u00e4lle l\u00e4hteistetty. Erinomaista vastapainoa nopeasti nyk\u00e4istyille pika-analyyseille, joita uutistilanne nyt tuottaa.&#8221;<\/p>\n\n\n","protected":false},"excerpt":{"rendered":"<p>Kuusi ihmist\u00e4 murhataan Kruununhaassa. Yksi heist\u00e4 on eduskunnan puheenjohtajan (tarina sijoittunee l\u00e4hitulevaisuuteen) vaimo, toinen lapsi. V\u00e4hempikin saisi Suomen sekaisin. Kari Haakanan esikoistrilleri V\u00e4lit\u00f6n uhka (Aula 2022) ei kuitenkaan kiid\u00e4 kansakunnan<br \/>\nkohuih&hellip;<\/p>\n","protected":false},"author":129,"featured_media":2269,"comment_status":"open","ping_status":"open","sticky":false,"template":"","format":"standard","meta":{"_acf_changed":false,"asauth_required_access_level":3,"asauth_cansharepaid":"true","om_header_attributes":[],"footnotes":"","om_featured_image_focal_point":[],"om_primary_tag":0,"om_contributors":[],"om_co_authors":[],"beyondwords_generate_audio":"","beyondwords_project_id":"","beyondwords_content_id":"","beyondwords_preview_token":"","beyondwords_player_content":"","beyondwords_player_style":"","beyondwords_language_code":"","beyondwords_language_id":"","beyondwords_title_voice_id":"","beyondwords_body_voice_id":"","beyondwords_summary_voice_id":"","beyondwords_error_message":"","beyondwords_disabled":"","beyondwords_delete_content":"","beyondwords_podcast_id":"","beyondwords_hash":"","publish_post_to_speechkit":"","speechkit_hash":"","speechkit_generate_audio":"","speechkit_project_id":"","speechkit_podcast_id":"","speechkit_error_message":"","speechkit_disabled":"","speechkit_access_key":"","speechkit_error":"","speechkit_info":"","speechkit_response":"","speechkit_retries":"","speechkit_status":"","speechkit_updated_at":"","_speechkit_link":"","_speechkit_text":""},"categories":[1],"tags":[1563,1516,1564],"class_list":["post-2268","post","type-post","status-publish","format-standard","has-post-thumbnail","hentry","category-kirjailijan-paivakirja","tag-kari-haaakana","tag-kuukauden-lukija","tag-valiton-uhka"],"om_views":null,"acf":{"tuuma_off":false,"tuuma_kysymys":"","tuuma_vastaus":""},"asauth":{"required_access_level":1,"share_token":"","is_paid":false},"yoast_head":"<!-- This site is optimized with the Yoast SEO plugin v26.4 - https:\/\/yoast.com\/wordpress\/plugins\/seo\/ -->\n<title>Kuukauden lukija Kari Haakana mixaisi Hyry\u00e4 ja Neurovelhon - Kirjailijan p\u00e4iv\u00e4kirja<\/title>\n<meta name=\"description\" content=\"&quot;Olen jo jonkin aikaa odottanut John le Carr\u00e9n viimeiseksi j\u00e4\u00e4nytt\u00e4 Silverview-romaania. Ehk\u00e4 ottaisin [paratiisisaarelle] sen.&quot;\" \/>\n<meta name=\"robots\" content=\"index, follow, max-snippet:-1, max-image-preview:large, max-video-preview:-1\" \/>\n<link rel=\"canonical\" href=\"https:\/\/suomenkuvalehti.fi\/kirjailijanpaivakirja\/kuukauden-lukija-kari-haakana-mixaisi-hyrya-ja-neurovelhon\/\" \/>\n<meta property=\"og:locale\" content=\"fi_FI\" \/>\n<meta property=\"og:type\" content=\"article\" \/>\n<meta property=\"og:title\" content=\"Kuukauden lukija Kari Haakana mixaisi Hyry\u00e4 ja Neurovelhon - Kirjailijan p\u00e4iv\u00e4kirja\" \/>\n<meta property=\"og:description\" content=\"&quot;Olen jo jonkin aikaa odottanut John le Carr\u00e9n viimeiseksi j\u00e4\u00e4nytt\u00e4 Silverview-romaania. Ehk\u00e4 ottaisin [paratiisisaarelle] sen.&quot;\" \/>\n<meta property=\"og:url\" content=\"https:\/\/suomenkuvalehti.fi\/kirjailijanpaivakirja\/kuukauden-lukija-kari-haakana-mixaisi-hyrya-ja-neurovelhon\/\" \/>\n<meta property=\"og:site_name\" content=\"Kirjailijan p\u00e4iv\u00e4kirja\" \/>\n<meta property=\"article:published_time\" content=\"2022-03-14T16:35:50+00:00\" \/>\n<meta property=\"og:image\" content=\"https:\/\/suomenkuvalehti.fi\/kirjailijanpaivakirja\/wp-content\/uploads\/sites\/21\/2022\/03\/kari-haakana-kuva-saralehtomaa-700x1049-1.jpg\" \/>\n\t<meta property=\"og:image:width\" content=\"700\" \/>\n\t<meta property=\"og:image:height\" content=\"1049\" \/>\n\t<meta property=\"og:image:type\" content=\"image\/jpeg\" \/>\n<meta name=\"author\" content=\"Karo H\u00e4m\u00e4l\u00e4inen\" \/>\n<meta name=\"twitter:card\" content=\"summary_large_image\" \/>\n<meta name=\"twitter:label1\" content=\"Written by\" \/>\n\t<meta name=\"twitter:data1\" content=\"Karo H\u00e4m\u00e4l\u00e4inen\" \/>\n\t<meta name=\"twitter:label2\" content=\"Est. reading time\" \/>\n\t<meta name=\"twitter:data2\" content=\"3 minuuttia\" \/>\n<script type=\"application\/ld+json\" class=\"yoast-schema-graph\">{\"@context\":\"https:\/\/schema.org\",\"@graph\":[{\"@type\":\"WebPage\",\"@id\":\"https:\/\/suomenkuvalehti.fi\/kirjailijanpaivakirja\/kuukauden-lukija-kari-haakana-mixaisi-hyrya-ja-neurovelhon\/\",\"url\":\"https:\/\/suomenkuvalehti.fi\/kirjailijanpaivakirja\/kuukauden-lukija-kari-haakana-mixaisi-hyrya-ja-neurovelhon\/\",\"name\":\"Kuukauden lukija Kari Haakana mixaisi Hyry\u00e4 ja Neurovelhon - Kirjailijan p\u00e4iv\u00e4kirja\",\"isPartOf\":{\"@id\":\"https:\/\/suomenkuvalehti.fi\/kirjailijanpaivakirja\/#website\"},\"primaryImageOfPage\":{\"@id\":\"https:\/\/suomenkuvalehti.fi\/kirjailijanpaivakirja\/kuukauden-lukija-kari-haakana-mixaisi-hyrya-ja-neurovelhon\/#primaryimage\"},\"image\":{\"@id\":\"https:\/\/suomenkuvalehti.fi\/kirjailijanpaivakirja\/kuukauden-lukija-kari-haakana-mixaisi-hyrya-ja-neurovelhon\/#primaryimage\"},\"thumbnailUrl\":\"https:\/\/suomenkuvalehti.fi\/kirjailijanpaivakirja\/wp-content\/uploads\/sites\/21\/2022\/03\/kari-haakana-kuva-saralehtomaa-700x1049-1.jpg\",\"datePublished\":\"2022-03-14T16:35:50+00:00\",\"author\":{\"@id\":\"https:\/\/suomenkuvalehti.fi\/kirjailijanpaivakirja\/#\/schema\/person\/ca2dfd9d508d8c675e07b3c099fc789b\"},\"description\":\"\\\"Olen jo jonkin aikaa odottanut John le Carr\u00e9n viimeiseksi j\u00e4\u00e4nytt\u00e4 Silverview-romaania. Ehk\u00e4 ottaisin [paratiisisaarelle] sen.\\\"\",\"breadcrumb\":{\"@id\":\"https:\/\/suomenkuvalehti.fi\/kirjailijanpaivakirja\/kuukauden-lukija-kari-haakana-mixaisi-hyrya-ja-neurovelhon\/#breadcrumb\"},\"inLanguage\":\"fi\",\"potentialAction\":[{\"@type\":\"ReadAction\",\"target\":[\"https:\/\/suomenkuvalehti.fi\/kirjailijanpaivakirja\/kuukauden-lukija-kari-haakana-mixaisi-hyrya-ja-neurovelhon\/\"]}]},{\"@type\":\"ImageObject\",\"inLanguage\":\"fi\",\"@id\":\"https:\/\/suomenkuvalehti.fi\/kirjailijanpaivakirja\/kuukauden-lukija-kari-haakana-mixaisi-hyrya-ja-neurovelhon\/#primaryimage\",\"url\":\"https:\/\/suomenkuvalehti.fi\/kirjailijanpaivakirja\/wp-content\/uploads\/sites\/21\/2022\/03\/kari-haakana-kuva-saralehtomaa-700x1049-1.jpg\",\"contentUrl\":\"https:\/\/suomenkuvalehti.fi\/kirjailijanpaivakirja\/wp-content\/uploads\/sites\/21\/2022\/03\/kari-haakana-kuva-saralehtomaa-700x1049-1.jpg\",\"width\":700,\"height\":1049,\"caption\":\"Kari Haakana.\"},{\"@type\":\"BreadcrumbList\",\"@id\":\"https:\/\/suomenkuvalehti.fi\/kirjailijanpaivakirja\/kuukauden-lukija-kari-haakana-mixaisi-hyrya-ja-neurovelhon\/#breadcrumb\",\"itemListElement\":[{\"@type\":\"ListItem\",\"position\":1,\"name\":\"Home\",\"item\":\"https:\/\/suomenkuvalehti.fi\/kirjailijanpaivakirja\/\"},{\"@type\":\"ListItem\",\"position\":2,\"name\":\"Kuukauden lukija Kari Haakana mixaisi Hyry\u00e4 ja Neurovelhon\"}]},{\"@type\":\"WebSite\",\"@id\":\"https:\/\/suomenkuvalehti.fi\/kirjailijanpaivakirja\/#website\",\"url\":\"https:\/\/suomenkuvalehti.fi\/kirjailijanpaivakirja\/\",\"name\":\"Kirjailijan p\u00e4iv\u00e4kirja\",\"description\":\"Proosakirjailijan arkea ja kirjallisuuden ajankohtaisia aiheita.\",\"potentialAction\":[{\"@type\":\"SearchAction\",\"target\":{\"@type\":\"EntryPoint\",\"urlTemplate\":\"https:\/\/suomenkuvalehti.fi\/haku\/?q={search_term_string}\"},\"query-input\":{\"@type\":\"PropertyValueSpecification\",\"valueRequired\":true,\"valueName\":\"search_term_string\"}}],\"inLanguage\":\"fi\"},{\"@type\":\"Person\",\"@id\":\"https:\/\/suomenkuvalehti.fi\/kirjailijanpaivakirja\/#\/schema\/person\/ca2dfd9d508d8c675e07b3c099fc789b\",\"name\":\"Karo H\u00e4m\u00e4l\u00e4inen\",\"image\":{\"@type\":\"ImageObject\",\"inLanguage\":\"fi\",\"@id\":\"https:\/\/suomenkuvalehti.fi\/kirjailijanpaivakirja\/#\/schema\/person\/image\/\",\"url\":\"https:\/\/suomenkuvalehti.fi\/kirjailijanpaivakirja\/wp-content\/uploads\/sites\/21\/2022\/04\/hamalainen_karo06-1-150x150.jpg\",\"contentUrl\":\"https:\/\/suomenkuvalehti.fi\/kirjailijanpaivakirja\/wp-content\/uploads\/sites\/21\/2022\/04\/hamalainen_karo06-1-150x150.jpg\",\"caption\":\"Karo H\u00e4m\u00e4l\u00e4inen\"},\"description\":\"Karo H\u00e4m\u00e4l\u00e4inen on kirjailija ja talouteen erikoistunut vapaa toimittaja.\"}]}<\/script>\n<!-- \/ Yoast SEO plugin. -->","yoast_head_json":{"title":"Kuukauden lukija Kari Haakana mixaisi Hyry\u00e4 ja Neurovelhon - Kirjailijan p\u00e4iv\u00e4kirja","description":"\"Olen jo jonkin aikaa odottanut John le Carr\u00e9n viimeiseksi j\u00e4\u00e4nytt\u00e4 Silverview-romaania. Ehk\u00e4 ottaisin [paratiisisaarelle] sen.\"","robots":{"index":"index","follow":"follow","max-snippet":"max-snippet:-1","max-image-preview":"max-image-preview:large","max-video-preview":"max-video-preview:-1"},"canonical":"https:\/\/suomenkuvalehti.fi\/kirjailijanpaivakirja\/kuukauden-lukija-kari-haakana-mixaisi-hyrya-ja-neurovelhon\/","og_locale":"fi_FI","og_type":"article","og_title":"Kuukauden lukija Kari Haakana mixaisi Hyry\u00e4 ja Neurovelhon - Kirjailijan p\u00e4iv\u00e4kirja","og_description":"\"Olen jo jonkin aikaa odottanut John le Carr\u00e9n viimeiseksi j\u00e4\u00e4nytt\u00e4 Silverview-romaania. Ehk\u00e4 ottaisin [paratiisisaarelle] sen.\"","og_url":"https:\/\/suomenkuvalehti.fi\/kirjailijanpaivakirja\/kuukauden-lukija-kari-haakana-mixaisi-hyrya-ja-neurovelhon\/","og_site_name":"Kirjailijan p\u00e4iv\u00e4kirja","article_published_time":"2022-03-14T16:35:50+00:00","og_image":[{"width":700,"height":1049,"url":"https:\/\/suomenkuvalehti.fi\/kirjailijanpaivakirja\/wp-content\/uploads\/sites\/21\/2022\/03\/kari-haakana-kuva-saralehtomaa-700x1049-1.jpg","type":"image\/jpeg"}],"author":"Karo H\u00e4m\u00e4l\u00e4inen","twitter_card":"summary_large_image","twitter_misc":{"Written by":"Karo H\u00e4m\u00e4l\u00e4inen","Est. reading time":"3 minuuttia"},"schema":{"@context":"https:\/\/schema.org","@graph":[{"@type":"WebPage","@id":"https:\/\/suomenkuvalehti.fi\/kirjailijanpaivakirja\/kuukauden-lukija-kari-haakana-mixaisi-hyrya-ja-neurovelhon\/","url":"https:\/\/suomenkuvalehti.fi\/kirjailijanpaivakirja\/kuukauden-lukija-kari-haakana-mixaisi-hyrya-ja-neurovelhon\/","name":"Kuukauden lukija Kari Haakana mixaisi Hyry\u00e4 ja Neurovelhon - Kirjailijan p\u00e4iv\u00e4kirja","isPartOf":{"@id":"https:\/\/suomenkuvalehti.fi\/kirjailijanpaivakirja\/#website"},"primaryImageOfPage":{"@id":"https:\/\/suomenkuvalehti.fi\/kirjailijanpaivakirja\/kuukauden-lukija-kari-haakana-mixaisi-hyrya-ja-neurovelhon\/#primaryimage"},"image":{"@id":"https:\/\/suomenkuvalehti.fi\/kirjailijanpaivakirja\/kuukauden-lukija-kari-haakana-mixaisi-hyrya-ja-neurovelhon\/#primaryimage"},"thumbnailUrl":"https:\/\/suomenkuvalehti.fi\/kirjailijanpaivakirja\/wp-content\/uploads\/sites\/21\/2022\/03\/kari-haakana-kuva-saralehtomaa-700x1049-1.jpg","datePublished":"2022-03-14T16:35:50+00:00","author":{"@id":"https:\/\/suomenkuvalehti.fi\/kirjailijanpaivakirja\/#\/schema\/person\/ca2dfd9d508d8c675e07b3c099fc789b"},"description":"\"Olen jo jonkin aikaa odottanut John le Carr\u00e9n viimeiseksi j\u00e4\u00e4nytt\u00e4 Silverview-romaania. Ehk\u00e4 ottaisin [paratiisisaarelle] sen.\"","breadcrumb":{"@id":"https:\/\/suomenkuvalehti.fi\/kirjailijanpaivakirja\/kuukauden-lukija-kari-haakana-mixaisi-hyrya-ja-neurovelhon\/#breadcrumb"},"inLanguage":"fi","potentialAction":[{"@type":"ReadAction","target":["https:\/\/suomenkuvalehti.fi\/kirjailijanpaivakirja\/kuukauden-lukija-kari-haakana-mixaisi-hyrya-ja-neurovelhon\/"]}]},{"@type":"ImageObject","inLanguage":"fi","@id":"https:\/\/suomenkuvalehti.fi\/kirjailijanpaivakirja\/kuukauden-lukija-kari-haakana-mixaisi-hyrya-ja-neurovelhon\/#primaryimage","url":"https:\/\/suomenkuvalehti.fi\/kirjailijanpaivakirja\/wp-content\/uploads\/sites\/21\/2022\/03\/kari-haakana-kuva-saralehtomaa-700x1049-1.jpg","contentUrl":"https:\/\/suomenkuvalehti.fi\/kirjailijanpaivakirja\/wp-content\/uploads\/sites\/21\/2022\/03\/kari-haakana-kuva-saralehtomaa-700x1049-1.jpg","width":700,"height":1049,"caption":"Kari Haakana."},{"@type":"BreadcrumbList","@id":"https:\/\/suomenkuvalehti.fi\/kirjailijanpaivakirja\/kuukauden-lukija-kari-haakana-mixaisi-hyrya-ja-neurovelhon\/#breadcrumb","itemListElement":[{"@type":"ListItem","position":1,"name":"Home","item":"https:\/\/suomenkuvalehti.fi\/kirjailijanpaivakirja\/"},{"@type":"ListItem","position":2,"name":"Kuukauden lukija Kari Haakana mixaisi Hyry\u00e4 ja Neurovelhon"}]},{"@type":"WebSite","@id":"https:\/\/suomenkuvalehti.fi\/kirjailijanpaivakirja\/#website","url":"https:\/\/suomenkuvalehti.fi\/kirjailijanpaivakirja\/","name":"Kirjailijan p\u00e4iv\u00e4kirja","description":"Proosakirjailijan arkea ja kirjallisuuden ajankohtaisia aiheita.","potentialAction":[{"@type":"SearchAction","target":{"@type":"EntryPoint","urlTemplate":"https:\/\/suomenkuvalehti.fi\/haku\/?q={search_term_string}"},"query-input":{"@type":"PropertyValueSpecification","valueRequired":true,"valueName":"search_term_string"}}],"inLanguage":"fi"},{"@type":"Person","@id":"https:\/\/suomenkuvalehti.fi\/kirjailijanpaivakirja\/#\/schema\/person\/ca2dfd9d508d8c675e07b3c099fc789b","name":"Karo H\u00e4m\u00e4l\u00e4inen","image":{"@type":"ImageObject","inLanguage":"fi","@id":"https:\/\/suomenkuvalehti.fi\/kirjailijanpaivakirja\/#\/schema\/person\/image\/","url":"https:\/\/suomenkuvalehti.fi\/kirjailijanpaivakirja\/wp-content\/uploads\/sites\/21\/2022\/04\/hamalainen_karo06-1-150x150.jpg","contentUrl":"https:\/\/suomenkuvalehti.fi\/kirjailijanpaivakirja\/wp-content\/uploads\/sites\/21\/2022\/04\/hamalainen_karo06-1-150x150.jpg","caption":"Karo H\u00e4m\u00e4l\u00e4inen"},"description":"Karo H\u00e4m\u00e4l\u00e4inen on kirjailija ja talouteen erikoistunut vapaa toimittaja."}]}},"_links":{"self":[{"href":"https:\/\/suomenkuvalehti.fi\/kirjailijanpaivakirja\/wp-json\/wp\/v2\/posts\/2268","targetHints":{"allow":["GET"]}}],"collection":[{"href":"https:\/\/suomenkuvalehti.fi\/kirjailijanpaivakirja\/wp-json\/wp\/v2\/posts"}],"about":[{"href":"https:\/\/suomenkuvalehti.fi\/kirjailijanpaivakirja\/wp-json\/wp\/v2\/types\/post"}],"author":[{"embeddable":true,"href":"https:\/\/suomenkuvalehti.fi\/kirjailijanpaivakirja\/wp-json\/wp\/v2\/users\/129"}],"replies":[{"embeddable":true,"href":"https:\/\/suomenkuvalehti.fi\/kirjailijanpaivakirja\/wp-json\/wp\/v2\/comments?post=2268"}],"version-history":[{"count":1,"href":"https:\/\/suomenkuvalehti.fi\/kirjailijanpaivakirja\/wp-json\/wp\/v2\/posts\/2268\/revisions"}],"predecessor-version":[{"id":2270,"href":"https:\/\/suomenkuvalehti.fi\/kirjailijanpaivakirja\/wp-json\/wp\/v2\/posts\/2268\/revisions\/2270"}],"wp:featuredmedia":[{"embeddable":true,"href":"https:\/\/suomenkuvalehti.fi\/kirjailijanpaivakirja\/wp-json\/wp\/v2\/media\/2269"}],"wp:attachment":[{"href":"https:\/\/suomenkuvalehti.fi\/kirjailijanpaivakirja\/wp-json\/wp\/v2\/media?parent=2268"}],"wp:term":[{"taxonomy":"category","embeddable":true,"href":"https:\/\/suomenkuvalehti.fi\/kirjailijanpaivakirja\/wp-json\/wp\/v2\/categories?post=2268"},{"taxonomy":"post_tag","embeddable":true,"href":"https:\/\/suomenkuvalehti.fi\/kirjailijanpaivakirja\/wp-json\/wp\/v2\/tags?post=2268"}],"curies":[{"name":"wp","href":"https:\/\/api.w.org\/{rel}","templated":true}]}}