{"id":2229,"date":"2021-12-31T11:50:34","date_gmt":"2021-12-31T09:50:34","guid":{"rendered":"https:\/\/suomenkuvalehti.fi\/kirjailijanpaivakirja\/?p=2229"},"modified":"2021-12-31T12:01:59","modified_gmt":"2021-12-31T10:01:59","slug":"nama-kirjat-jaivat-mieleen-vuodelta-2021","status":"publish","type":"post","link":"https:\/\/suomenkuvalehti.fi\/kirjailijanpaivakirja\/nama-kirjat-jaivat-mieleen-vuodelta-2021\/","title":{"rendered":"N\u00e4m\u00e4 kirjat j\u00e4iv\u00e4t mieleen vuodelta 2021"},"content":{"rendered":"\n<p><span class=\"capitalized\">Vuoden kirjojen<\/span> listaaminen on v\u00e4ist\u00e4m\u00e4tt\u00e4 subjektiivista. Hyvin harva on lukenut kaikkia kuluneen vuoden aikana ilmestyneit\u00e4 kirjoja, ei edes suomenkielisi\u00e4, ei edes suomenkielisi\u00e4 kaunokirjoja. Maku, esteettiset arvostukset ja raadollisesti my\u00f6s lukutilanne vaikuttavat siihen, mit\u00e4 kirjaa lukija pit\u00e4\u00e4 hyv\u00e4n\u00e4, vaikka kuinka pyrkisi objektivoimaan lukukokemuksensa.<\/p>\n\n\n\n<p>Omalle vuoden kirjat -listalleni en pyrik\u00e4\u00e4n etsim\u00e4\u00e4n kirjoja, jotka ehk\u00e4 saattaisivat olla mielest\u00e4ni vuoden parhaita, vaan kirjoja, joiden lukemisen tai kuuntelemisen muistan ja jonka liit\u00e4n ehk\u00e4 tulevaisuudessakin juuri vuoteen 2021.<\/p>\n\n\n\n<p>&nbsp;<\/p>\n\n\n<figure class=\"alignleft size-medium is-resized wp-block-image\">\n  <div class=\"wp-block-image__inner-container\">\n    <a href='https:\/\/suomenkuvalehti.fi\/kirjailijanpaivakirja\/wp-content\/uploads\/sites\/21\/2021\/03\/dsc_0072.jpg'><img loading=\"lazy\" decoding=\"async\" src=\"https:\/\/suomenkuvalehti.fi\/kirjailijanpaivakirja\/wp-content\/uploads\/sites\/21\/2021\/03\/dsc_0072-225x300.jpg\" alt=\"\" class=\"wp-image-2041\" width=\"225\" height=\"300\" style=\"--aspect-ratio: 0.75\" srcset=\"https:\/\/suomenkuvalehti.fi\/kirjailijanpaivakirja\/wp-content\/uploads\/sites\/21\/2021\/03\/dsc_0072-225x300.jpg 225w, https:\/\/suomenkuvalehti.fi\/kirjailijanpaivakirja\/wp-content\/uploads\/sites\/21\/2021\/03\/dsc_0072-768x1024.jpg 768w, https:\/\/suomenkuvalehti.fi\/kirjailijanpaivakirja\/wp-content\/uploads\/sites\/21\/2021\/03\/dsc_0072-1152x1536.jpg 1152w, https:\/\/suomenkuvalehti.fi\/kirjailijanpaivakirja\/wp-content\/uploads\/sites\/21\/2021\/03\/dsc_0072-1536x2048.jpg 1536w, https:\/\/suomenkuvalehti.fi\/kirjailijanpaivakirja\/wp-content\/uploads\/sites\/21\/2021\/03\/dsc_0072-300x400.jpg 300w, https:\/\/suomenkuvalehti.fi\/kirjailijanpaivakirja\/wp-content\/uploads\/sites\/21\/2021\/03\/dsc_0072-630x840.jpg 630w, https:\/\/suomenkuvalehti.fi\/kirjailijanpaivakirja\/wp-content\/uploads\/sites\/21\/2021\/03\/dsc_0072-scaled.jpg 1920w\" sizes=\"auto, (max-width: 225px) 100vw, 225px\" \/><\/a>    <figcaption class=\"wp-block-image__figcaption\">\n      Kutuniva lauantaina 20. maaliskuuta 2021, mukana my\u00f6s Arktiksessa mainitut joutsenet.      <span class='wp-block-image__copyright'>&copy; Karo H\u00e4m\u00e4l\u00e4inen<\/span>    <\/figcaption>\n      <\/div>\n<\/figure>\n\n\n<p><strong>Ville-Juhani Sutinen: Arktis (Like)<\/strong><\/p>\n\n\n\n<p>Kun <strong>Walter Isaacsonin Steve Jobs<\/strong> -el\u00e4m\u00e4kerta nimelt\u00e4\u00e4n <em>Steve Jobs<\/em> (suom. <strong>Jyri Raivio<\/strong>) ilmestyi kymmenen vuotta sitten suomeksi, yritin lukea sit\u00e4 Jobsin firman valmistamalla iPad-laitteella. Ei siit\u00e4 mit\u00e4\u00e4n tullut. El\u00e4m\u00e4kerrat sopivat erinomaisesti kuunneltaviksi, joten kun Jobs ilmestyi helmikuussa \u00e4\u00e4nikirjapalveluun (luk. <strong>Jone Takam\u00e4ki<\/strong>), latasin reilut 30 tuntia oitis lenkkikuunneltavaksi.<\/p>\n\n\n\n<p>Kuuntelin Jobsin el\u00e4m\u00e4ntarinaa hiihdelless\u00e4ni maaliskuussa Muoniossa. Kirjan loputtua yritin jatkaa Jobsin tytt\u00e4ren <strong>Lisa Brennan-Jobsin<\/strong> muistelmakirjalla <em>Pikkusintti<\/em> (WSOY 2019, suom. <strong>Anuirmeli Sallamo-Lavi<\/strong>, luk. <strong>Karoliina Niskanen<\/strong>), mutta kun se ei ottanut sujuakseen, vaihdoin <strong>Ville-Juhani Sutisen<\/strong> <em>Arktikseen<\/em>.<\/p>\n\n\n\n<p><em>Arktis<\/em> oli nappivalinta. Puskin tuiskun l\u00e4pi Muonion keskustasta Olokselle ja edelleen Jerisj\u00e4rvelle Sutisen arktiset matkat korvissani. Kirjasta tuli moniaistisesti koettu el\u00e4mys. Kutunivan kyljess\u00e4 tervehdin joutsenia, joista Sutinen kirjoittaa.<\/p>\n\n\n\n<p>&nbsp;<\/p>\n\n\n<figure class=\"alignleft size-medium wp-block-image\">\n  <div class=\"wp-block-image__inner-container\">\n    <a href='https:\/\/suomenkuvalehti.fi\/kirjailijanpaivakirja\/wp-content\/uploads\/sites\/21\/2021\/03\/sanna-puutonen.jpg'><img loading=\"lazy\" decoding=\"async\" src=\"https:\/\/suomenkuvalehti.fi\/kirjailijanpaivakirja\/wp-content\/uploads\/sites\/21\/2021\/03\/sanna-puutonen-300x200.jpg\" alt=\"\" class=\"wp-image-2053\" width=\"2560\" height=\"1707\" style=\"--aspect-ratio: 1.5\" srcset=\"https:\/\/suomenkuvalehti.fi\/kirjailijanpaivakirja\/wp-content\/uploads\/sites\/21\/2021\/03\/sanna-puutonen-300x200.jpg 300w, https:\/\/suomenkuvalehti.fi\/kirjailijanpaivakirja\/wp-content\/uploads\/sites\/21\/2021\/03\/sanna-puutonen-1024x683.jpg 1024w, https:\/\/suomenkuvalehti.fi\/kirjailijanpaivakirja\/wp-content\/uploads\/sites\/21\/2021\/03\/sanna-puutonen-768x512.jpg 768w, https:\/\/suomenkuvalehti.fi\/kirjailijanpaivakirja\/wp-content\/uploads\/sites\/21\/2021\/03\/sanna-puutonen-1536x1024.jpg 1536w, https:\/\/suomenkuvalehti.fi\/kirjailijanpaivakirja\/wp-content\/uploads\/sites\/21\/2021\/03\/sanna-puutonen-2048x1366.jpg 2048w, https:\/\/suomenkuvalehti.fi\/kirjailijanpaivakirja\/wp-content\/uploads\/sites\/21\/2021\/03\/sanna-puutonen-630x420.jpg 630w\" sizes=\"auto, (max-width: 2560px) 100vw, 2560px\" \/><\/a>    <figcaption class=\"wp-block-image__figcaption\">\n      Sanna Puutonen.      <span class='wp-block-image__copyright'>&copy; Niclas M\u00e4kel\u00e4 \/ Otava<\/span>    <\/figcaption>\n      <\/div>\n<\/figure>\n\n\n<p><strong>Sanna Puutonen: Syd\u00e4nmuuri (Otava)<\/strong><\/p>\n\n\n\n<p>Tyylikk\u00e4\u00e4sti kirjoitettu <em>Syd\u00e4nmuuri<\/em> taas ei toimi lainkaan \u00e4\u00e4nikirjana. Luettuna se on hykerrytt\u00e4v\u00e4. <strong>Sanna Puutonen<\/strong> pelaa kielen rekistereill\u00e4, ja lyhytproosateoksessa tyylilajit vaihtuvat arvaamatta mutta \u00e4\u00e4rimm\u00e4isen hallitusti.<\/p>\n\n\n\n<p>Puutosen lauseiden nyansseja haluaa j\u00e4\u00e4d\u00e4 tarkastelemaan. <em>Syd\u00e4nmuurissa<\/em> niin sanotusti hyvien lauseiden tiheys on varsin suuri.<\/p>\n\n\n\n<p>&nbsp;<\/p>\n\n\n<figure class=\"alignleft size-medium is-resized wp-block-image\">\n  <div class=\"wp-block-image__inner-container\">\n    <a href='https:\/\/suomenkuvalehti.fi\/kirjailijanpaivakirja\/wp-content\/uploads\/sites\/21\/2021\/06\/joenpelto_eeva_1991.jpg'><img loading=\"lazy\" decoding=\"async\" src=\"https:\/\/suomenkuvalehti.fi\/kirjailijanpaivakirja\/wp-content\/uploads\/sites\/21\/2021\/06\/joenpelto_eeva_1991-297x300.jpg\" alt=\"\" class=\"wp-image-2107\" width=\"297\" height=\"300\" style=\"--aspect-ratio: 0.99\" srcset=\"https:\/\/suomenkuvalehti.fi\/kirjailijanpaivakirja\/wp-content\/uploads\/sites\/21\/2021\/06\/joenpelto_eeva_1991-297x300.jpg 297w, https:\/\/suomenkuvalehti.fi\/kirjailijanpaivakirja\/wp-content\/uploads\/sites\/21\/2021\/06\/joenpelto_eeva_1991-1013x1024.jpg 1013w, https:\/\/suomenkuvalehti.fi\/kirjailijanpaivakirja\/wp-content\/uploads\/sites\/21\/2021\/06\/joenpelto_eeva_1991-768x776.jpg 768w, https:\/\/suomenkuvalehti.fi\/kirjailijanpaivakirja\/wp-content\/uploads\/sites\/21\/2021\/06\/joenpelto_eeva_1991-1520x1536.jpg 1520w, https:\/\/suomenkuvalehti.fi\/kirjailijanpaivakirja\/wp-content\/uploads\/sites\/21\/2021\/06\/joenpelto_eeva_1991-2027x2048.jpg 2027w\" sizes=\"auto, (max-width: 297px) 100vw, 297px\" \/><\/a>    <figcaption class=\"wp-block-image__figcaption\">\n      Eeva Joenpelto vuonna 1991.      <span class='wp-block-image__copyright'>&copy; Pertti Nisonen \/ WSOY<\/span>    <\/figcaption>\n      <\/div>\n<\/figure>\n\n\n<p><strong>Eeva Joenpelto: El\u00e4m\u00e4n rouva, rouva Glad (WSOY 1982)<\/strong><\/p>\n\n\n\n<p><strong>Eeva Joenpellon<\/strong> kirjailijanura osui omalta kannaltani juuri hankalaan aikaan. Kun aloin tulla kirjojenlukuik\u00e4\u00e4n, Joenpellon ura oli jo viimeisell\u00e4 kierroksella eik\u00e4 h\u00e4n viel\u00e4 ollut saanut sit\u00e4 klassikon asemaa, joka h\u00e4nelle on viimeist\u00e4\u00e4n t\u00e4n\u00e4 vuonna vietetyn satavuotisjuhlavuoden my\u00f6t\u00e4 tullut.<\/p>\n\n\n\n<p>Aivan vuoden aluksi kertasin aiemmin huolimattomasti lukemani <strong>Helena Ruuskan<\/strong> Eeva Joenpelto -el\u00e4m\u00e4kerran <em>El\u00e4m\u00e4n kirjailija<\/em> (WSOY 2015). Sen innottamana tilasin <strong>Risto Lindstedtilt\u00e4<\/strong> <a href=\"https:\/\/suomenkuvalehti.fi\/jutut\/kulttuuri\/parnasso-olin-rikkumaton-sivulause-eeva-joenpellon-elamassa-toimittajan-ja-kirjailijan-valille-kehittyi-ystavyys\/?shared=1186238-8ae36bef-999\" target=\"_blank\" rel=\"noopener\">muistelujutun<\/a> Joenpellosta <em>Parnassoon<\/em> ja ryhdyin tutustumaan Joenpellon tuotantoon.<\/p>\n\n\n\n<p><em>Tuomari M\u00fcller, hieno mies<\/em> (WSOY 1994) j\u00e4i kesken, mutta <em>El\u00e4m\u00e4n rouva, rouva Glad<\/em> (WSOY 1982) veti vahvasti puoleensa ja j\u00e4tti v\u00e4kev\u00e4n muiston. Y\u00f6p\u00f6yd\u00e4ll\u00e4ni odottaa kirjailijakotina toimivasta Joenpellon talosta l\u00f6ytynyt <em>Rikas ja kunniallinen<\/em> (WSOY 1984).<\/p>\n\n\n\n<p>&nbsp;<\/p>\n\n\n<figure class=\"alignleft size-medium is-resized wp-block-image\">\n  <div class=\"wp-block-image__inner-container\">\n    <a href='https:\/\/suomenkuvalehti.fi\/kirjailijanpaivakirja\/wp-content\/uploads\/sites\/21\/2021\/07\/grand_hotel_europa17568-1.jpg'><img loading=\"lazy\" decoding=\"async\" src=\"https:\/\/suomenkuvalehti.fi\/kirjailijanpaivakirja\/wp-content\/uploads\/sites\/21\/2021\/07\/grand_hotel_europa17568-1-189x300.jpg\" alt=\"\" class=\"wp-image-2134\" width=\"189\" height=\"300\" style=\"--aspect-ratio: 0.63\" srcset=\"https:\/\/suomenkuvalehti.fi\/kirjailijanpaivakirja\/wp-content\/uploads\/sites\/21\/2021\/07\/grand_hotel_europa17568-1-189x300.jpg 189w, https:\/\/suomenkuvalehti.fi\/kirjailijanpaivakirja\/wp-content\/uploads\/sites\/21\/2021\/07\/grand_hotel_europa17568-1-644x1024.jpg 644w, https:\/\/suomenkuvalehti.fi\/kirjailijanpaivakirja\/wp-content\/uploads\/sites\/21\/2021\/07\/grand_hotel_europa17568-1-768x1221.jpg 768w, https:\/\/suomenkuvalehti.fi\/kirjailijanpaivakirja\/wp-content\/uploads\/sites\/21\/2021\/07\/grand_hotel_europa17568-1-966x1536.jpg 966w, https:\/\/suomenkuvalehti.fi\/kirjailijanpaivakirja\/wp-content\/uploads\/sites\/21\/2021\/07\/grand_hotel_europa17568-1-1289x2048.jpg 1289w, https:\/\/suomenkuvalehti.fi\/kirjailijanpaivakirja\/wp-content\/uploads\/sites\/21\/2021\/07\/grand_hotel_europa17568-1.jpg 1583w\" sizes=\"auto, (max-width: 189px) 100vw, 189px\" \/><\/a>    <figcaption class=\"wp-block-image__figcaption\">\n      Grand Hotel Europa.          <\/figcaption>\n      <\/div>\n<\/figure>\n\n\n<p><strong>Ilja Leonard Pfeijffer: Grand Hotel Europa (Gummerus)<\/strong><\/p>\n\n\n\n<p><strong>Ilja Leonard Pfeijfferin<\/strong> <em>Grand Hotel Europa<\/em> (suom. <strong>Sanna van Leeuwen<\/strong>) n\u00e4ytti ja kuulosti esittelytekstin perusteella viihderomaanilta, mutta jotain kiehtovaa siin\u00e4 tuntui olevan. Kun kollega s\u00e4hk\u00f6postiviestiss\u00e4\u00e4n kertoi lukevansa todella \u00e4rsytt\u00e4v\u00e4lt\u00e4 vaikuttavaa kirjaa, <em>Grand Hotel Europaa<\/em>, latasin sen \u00e4\u00e4nikirjana. N\u00e4inkin suostuttelu voi toimia.<\/p>\n\n\n\n<p>Kuuntelin kirjaa kes\u00e4ll\u00e4 Mikkeliss\u00e4. Se oli vuoden paras juoksuviikko. Pfeijfferin teos osoittautui \u00e4lykk\u00e4\u00e4ksi vanhaa maanosaa analysoivaksi teokseksi, jossa on monia hykerrytt\u00e4vi\u00e4 kohtia. Etsim\u00e4tt\u00e4 aloin verrata sit\u00e4 <strong>Hannu Raittilan<\/strong> <em>Canal Grandeen<\/em> (WSOY 2001).<\/p>\n\n\n\n<p>Kollegani luki kirjaa samaan aikaan, vaihdoimme ajatuksia. Kirjan parhaan kohdan muistan kuunnelleeni py\u00f6r\u00e4illess\u00e4ni lukioaikaisella py\u00f6r\u00e4ll\u00e4ni Vanhanm\u00e4entiet\u00e4.<\/p>\n\n\n\n<p><em>Grand Hotel Europan<\/em> mahtipontisuus ja massiivisuus olisivat saattaneet h\u00e4irit\u00e4 lukiessa, mutta kuunteluun kirja sopii erinomaisesti.<\/p>\n\n\n\n<p>&nbsp;<\/p>\n\n\n<figure class=\"alignleft size-medium is-resized wp-block-image\">\n  <div class=\"wp-block-image__inner-container\">\n    <a href='https:\/\/suomenkuvalehti.fi\/kirjailijanpaivakirja\/wp-content\/uploads\/sites\/21\/2021\/12\/majander_kirjatytto_part2_final-scaled-1.jpg'><img loading=\"lazy\" decoding=\"async\" src=\"https:\/\/suomenkuvalehti.fi\/kirjailijanpaivakirja\/wp-content\/uploads\/sites\/21\/2021\/12\/majander_kirjatytto_part2_final-scaled-1-204x300.jpg\" alt=\"\" class=\"wp-image-2230\" width=\"204\" height=\"300\" style=\"--aspect-ratio: 0.68\" srcset=\"https:\/\/suomenkuvalehti.fi\/kirjailijanpaivakirja\/wp-content\/uploads\/sites\/21\/2021\/12\/majander_kirjatytto_part2_final-scaled-1-204x300.jpg 204w, https:\/\/suomenkuvalehti.fi\/kirjailijanpaivakirja\/wp-content\/uploads\/sites\/21\/2021\/12\/majander_kirjatytto_part2_final-scaled-1-695x1024.jpg 695w, https:\/\/suomenkuvalehti.fi\/kirjailijanpaivakirja\/wp-content\/uploads\/sites\/21\/2021\/12\/majander_kirjatytto_part2_final-scaled-1-768x1131.jpg 768w, https:\/\/suomenkuvalehti.fi\/kirjailijanpaivakirja\/wp-content\/uploads\/sites\/21\/2021\/12\/majander_kirjatytto_part2_final-scaled-1-1043x1536.jpg 1043w, https:\/\/suomenkuvalehti.fi\/kirjailijanpaivakirja\/wp-content\/uploads\/sites\/21\/2021\/12\/majander_kirjatytto_part2_final-scaled-1-1390x2048.jpg 1390w, https:\/\/suomenkuvalehti.fi\/kirjailijanpaivakirja\/wp-content\/uploads\/sites\/21\/2021\/12\/majander_kirjatytto_part2_final-scaled-1.jpg 1738w\" sizes=\"auto, (max-width: 204px) 100vw, 204px\" \/><\/a>    <figcaption class=\"wp-block-image__figcaption\">\n      Kirjatyt\u00f6n kansikuvan on ottanut Irmeli Jung, kannen suunnitellut Mika Tuominen.          <\/figcaption>\n      <\/div>\n<\/figure>\n\n\n<p><strong>Leena Majander-Reenp\u00e4\u00e4: Kirjatytt\u00f6 (Siltala)<\/strong><\/p>\n\n\n\n<p>Vaikka listallani olen keskittynyt kaunokirjallisuuteen, t\u00e4ytyy mukaan ottaa my\u00f6s syyskauden eniten odottamani kirja, joka sattuu olemaan muistelmateos.<strong> Leena Majander-Reenp\u00e4\u00e4 <\/strong>on tehnyt pitk\u00e4n ja monipuolisen uran suomalaisessa kirjankustannusmaailmassa ja n\u00e4hnyt paljon. <em>Kirjatyt\u00f6ss\u00e4<\/em> h\u00e4n kertoo siit\u00e4 tarkasti, ter\u00e4v\u00e4sti ja hauskasti.<\/p>\n\n\n\n<p>Tapahtumista ja henkil\u00f6ist\u00e4 siirryt\u00e4\u00e4n vauhdikkaasti toisiin, ja kun kirjoittajalla on silm\u00e4\u00e4 yksityiskohdilla ja korvaa kielelle, <em>Kirjatytt\u00f6\u00e4<\/em> t\u00e4ytyy vain lukea eteenp\u00e4in kunnes pettymyksekseen joutuu huomaamaan sen p\u00e4\u00e4ttyneen.<\/p>\n\n\n\n<p>Fyysisiss\u00e4 kirjoissa on se eitt\u00e4m\u00e4t\u00f6n etu \u00e4\u00e4nikirjoihin verrattuna, ett\u00e4 lopun l\u00e4hestymisen n\u00e4kee kaiken aikaa edess\u00e4\u00e4n ja siihen osaa varautua niin kuin <em>Kirjatytt\u00f6\u00e4<\/em> lukiessani toisin kuin taskussa olevan k\u00e4nnyk\u00e4n n\u00e4yt\u00f6ll\u00e4 py\u00f6riv\u00e4st\u00e4 minuuttilaskurista.<\/p>\n\n\n\n<p>&nbsp;<\/p>\n\n\n<figure class=\"alignleft size-medium wp-block-image\">\n  <div class=\"wp-block-image__inner-container\">\n    <a href='https:\/\/suomenkuvalehti.fi\/kirjailijanpaivakirja\/wp-content\/uploads\/sites\/21\/2021\/09\/malmivaara_2863.jpg'><img loading=\"lazy\" decoding=\"async\" src=\"https:\/\/suomenkuvalehti.fi\/kirjailijanpaivakirja\/wp-content\/uploads\/sites\/21\/2021\/09\/malmivaara_2863-200x300.jpg\" alt=\"\" class=\"wp-image-2165\" width=\"1707\" height=\"2560\" style=\"--aspect-ratio: 0.67\" srcset=\"https:\/\/suomenkuvalehti.fi\/kirjailijanpaivakirja\/wp-content\/uploads\/sites\/21\/2021\/09\/malmivaara_2863-200x300.jpg 200w, https:\/\/suomenkuvalehti.fi\/kirjailijanpaivakirja\/wp-content\/uploads\/sites\/21\/2021\/09\/malmivaara_2863-683x1024.jpg 683w, https:\/\/suomenkuvalehti.fi\/kirjailijanpaivakirja\/wp-content\/uploads\/sites\/21\/2021\/09\/malmivaara_2863-768x1152.jpg 768w, https:\/\/suomenkuvalehti.fi\/kirjailijanpaivakirja\/wp-content\/uploads\/sites\/21\/2021\/09\/malmivaara_2863-1024x1536.jpg 1024w, https:\/\/suomenkuvalehti.fi\/kirjailijanpaivakirja\/wp-content\/uploads\/sites\/21\/2021\/09\/malmivaara_2863-1365x2048.jpg 1365w, https:\/\/suomenkuvalehti.fi\/kirjailijanpaivakirja\/wp-content\/uploads\/sites\/21\/2021\/09\/malmivaara_2863-scaled.jpg 1707w\" sizes=\"auto, (max-width: 1707px) 100vw, 1707px\" \/><\/a>    <figcaption class=\"wp-block-image__figcaption\">\n      Laura Malmivaara.      <span class='wp-block-image__copyright'>&copy; Jouni Harala \/ Otava<\/span>    <\/figcaption>\n      <\/div>\n<\/figure>\n\n\n<p><strong>Laura Malmivaara: Vaiti (Otava)<\/strong><\/p>\n\n\n\n<p>N\u00e4yttelij\u00e4n\u00e4 ja valokuvaajana tunnetun <strong>Laura Malmivaaran<\/strong> esikoisromaani kehystyi julkisuudessa avainromaaniksi, joka kertoo elokuvaohjaaja <strong>Aku Louhimieheen<\/strong> kohdistuneesta jahdista ex-vaimon n\u00e4k\u00f6kulmasta.<\/p>\n\n\n\n<p><em>Vaiti<\/em> on kuitenkin paljon muuta ja ennen kaikkea kaikkea muuta. Se on kaunis ja kauttaaltaan taitavasti kirjoitettu aikalaisromaani, joka kiinnittyy tiukasti merenrannan maahan ja ulottuu sukupolvien yli.<\/p>\n\n\n\n<p>&nbsp;<\/p>\n\n\n<figure class=\"alignleft size-medium is-resized wp-block-image\">\n  <div class=\"wp-block-image__inner-container\">\n    <a href='https:\/\/suomenkuvalehti.fi\/kirjailijanpaivakirja\/wp-content\/uploads\/sites\/21\/2021\/11\/risto-kuva-eemeli-nattinen-1.jpg'><img loading=\"lazy\" decoding=\"async\" src=\"https:\/\/suomenkuvalehti.fi\/kirjailijanpaivakirja\/wp-content\/uploads\/sites\/21\/2021\/11\/risto-kuva-eemeli-nattinen-484x600-1-242x300.jpg\" alt=\"\" class=\"wp-image-2217\" width=\"242\" height=\"300\" style=\"--aspect-ratio: 0.81\" srcset=\"https:\/\/suomenkuvalehti.fi\/kirjailijanpaivakirja\/wp-content\/uploads\/sites\/21\/2021\/11\/risto-kuva-eemeli-nattinen-484x600-1-242x300.jpg 242w, https:\/\/suomenkuvalehti.fi\/kirjailijanpaivakirja\/wp-content\/uploads\/sites\/21\/2021\/11\/risto-kuva-eemeli-nattinen-484x600-1.jpg 484w\" sizes=\"auto, (max-width: 242px) 100vw, 242px\" \/><\/a>    <figcaption class=\"wp-block-image__figcaption\">\n      Risto Isom\u00e4ki.      <span class='wp-block-image__copyright'>&copy; Eemeli N\u00e4ttinen \/ Into<\/span>    <\/figcaption>\n      <\/div>\n<\/figure>\n\n\n<p><strong>Risto Isom\u00e4ki Atlantin kuningatar (Into)<\/strong><\/p>\n\n\n\n<p>Olen aina pit\u00e4nyt <strong>Risto Isom\u00e4en<\/strong> idearikkaudesta, jota h\u00e4n pulppuaa niin kirjoituksissaan kuin esiintymisiss\u00e4\u00e4n. Oivallukset ja mahdollisten kehityskulkujen esitt\u00e4minen ovat my\u00f6s h\u00e4nen trillereidens\u00e4 kiehtovinta osaa. Juoni ja henkil\u00f6t ovat ainakin minulle niiss\u00e4 sivuseikka, rakenteeseen kuuluva v\u00e4ltt\u00e4m\u00e4tt\u00f6myys, jotka mahdollistavat kirjailijan oivallusten esitt\u00e4misen.<\/p>\n\n\n\n<p>Ideoiden tulitusta on my\u00f6s <em>Atlantin kuningatar<\/em>.<\/p>\n\n\n\n<p>&nbsp;<\/p>\n\n\n\n<p>&nbsp;<\/p>\n\n\n\n<p>&nbsp;<\/p>\n\n\n\n<p>&nbsp;<\/p>\n\n\n","protected":false},"excerpt":{"rendered":"<p>Vuoden kirjojen listaaminen on v\u00e4ist\u00e4m\u00e4tt\u00e4 subjektiivista. Hyvin harva on lukenut kaikkia kuluneen vuoden aikana ilmestyneit\u00e4 kirjoja, ei edes suomenkielisi\u00e4, ei edes suomenkielisi\u00e4 kaunokirjoja. Maku, esteettiset arvostukset ja raadollisesti my\u00f6s lukutilanne vaikuttavat siihen,<br \/>\nmit\u00e4 ki&hellip;<\/p>\n","protected":false},"author":129,"featured_media":2041,"comment_status":"open","ping_status":"open","sticky":false,"template":"","format":"standard","meta":{"_acf_changed":false,"asauth_required_access_level":3,"asauth_cansharepaid":"true","om_header_attributes":[],"footnotes":"","om_featured_image_focal_point":[],"om_primary_tag":0,"om_contributors":[],"om_co_authors":[],"beyondwords_generate_audio":"","beyondwords_project_id":"","beyondwords_content_id":"","beyondwords_preview_token":"","beyondwords_player_content":"","beyondwords_player_style":"","beyondwords_language_code":"","beyondwords_language_id":"","beyondwords_title_voice_id":"","beyondwords_body_voice_id":"","beyondwords_summary_voice_id":"","beyondwords_error_message":"","beyondwords_disabled":"","beyondwords_delete_content":"","beyondwords_podcast_id":"","beyondwords_hash":"","publish_post_to_speechkit":"","speechkit_hash":"","speechkit_generate_audio":"","speechkit_project_id":"","speechkit_podcast_id":"","speechkit_error_message":"","speechkit_disabled":"","speechkit_access_key":"","speechkit_error":"","speechkit_info":"","speechkit_response":"","speechkit_retries":"","speechkit_status":"","speechkit_updated_at":"","_speechkit_link":"","_speechkit_text":""},"categories":[1],"tags":[1551,1550],"class_list":["post-2229","post","type-post","status-publish","format-standard","has-post-thumbnail","hentry","category-kirjailijan-paivakirja","tag-1551","tag-vuoden-kirjat"],"om_views":null,"acf":{"tuuma_off":false,"tuuma_kysymys":"","tuuma_vastaus":""},"asauth":{"required_access_level":1,"share_token":"","is_paid":false},"yoast_head":"<!-- This site is optimized with the Yoast SEO plugin v26.4 - https:\/\/yoast.com\/wordpress\/plugins\/seo\/ -->\n<title>N\u00e4m\u00e4 kirjat j\u00e4iv\u00e4t mieleen vuodelta 2021 - Kirjailijan p\u00e4iv\u00e4kirja<\/title>\n<meta name=\"description\" content=\"Vuoden kirjat -listalleni en pyrik\u00e4\u00e4n etsim\u00e4\u00e4n kirjoja, jotka ehk\u00e4 saattaisivat olla mielest\u00e4ni vuoden parhaita, vaan kirjoja, joiden lukemisen tai kuuntelemisen muistan ja jonka liit\u00e4n ehk\u00e4 tulevaisuudessakin juuri vuoteen 2021.\" \/>\n<meta name=\"robots\" content=\"index, follow, max-snippet:-1, max-image-preview:large, max-video-preview:-1\" \/>\n<link rel=\"canonical\" href=\"https:\/\/suomenkuvalehti.fi\/kirjailijanpaivakirja\/nama-kirjat-jaivat-mieleen-vuodelta-2021\/\" \/>\n<meta property=\"og:locale\" content=\"fi_FI\" \/>\n<meta property=\"og:type\" content=\"article\" \/>\n<meta property=\"og:title\" content=\"N\u00e4m\u00e4 kirjat j\u00e4iv\u00e4t mieleen vuodelta 2021 - Kirjailijan p\u00e4iv\u00e4kirja\" \/>\n<meta property=\"og:description\" content=\"Vuoden kirjat -listalleni en pyrik\u00e4\u00e4n etsim\u00e4\u00e4n kirjoja, jotka ehk\u00e4 saattaisivat olla mielest\u00e4ni vuoden parhaita, vaan kirjoja, joiden lukemisen tai kuuntelemisen muistan ja jonka liit\u00e4n ehk\u00e4 tulevaisuudessakin juuri vuoteen 2021.\" \/>\n<meta property=\"og:url\" content=\"https:\/\/suomenkuvalehti.fi\/kirjailijanpaivakirja\/nama-kirjat-jaivat-mieleen-vuodelta-2021\/\" \/>\n<meta property=\"og:site_name\" content=\"Kirjailijan p\u00e4iv\u00e4kirja\" \/>\n<meta property=\"article:published_time\" content=\"2021-12-31T09:50:34+00:00\" \/>\n<meta property=\"article:modified_time\" content=\"2021-12-31T10:01:59+00:00\" \/>\n<meta property=\"og:image\" content=\"https:\/\/suomenkuvalehti.fi\/kirjailijanpaivakirja\/wp-content\/uploads\/sites\/21\/2021\/03\/dsc_0072-scaled.jpg\" \/>\n\t<meta property=\"og:image:width\" content=\"1920\" \/>\n\t<meta property=\"og:image:height\" content=\"2560\" \/>\n\t<meta property=\"og:image:type\" content=\"image\/jpeg\" \/>\n<meta name=\"author\" content=\"Karo H\u00e4m\u00e4l\u00e4inen\" \/>\n<meta name=\"twitter:card\" content=\"summary_large_image\" \/>\n<meta name=\"twitter:label1\" content=\"Written by\" \/>\n\t<meta name=\"twitter:data1\" content=\"Karo H\u00e4m\u00e4l\u00e4inen\" \/>\n\t<meta name=\"twitter:label2\" content=\"Est. reading time\" \/>\n\t<meta name=\"twitter:data2\" content=\"5 minuuttia\" \/>\n<script type=\"application\/ld+json\" class=\"yoast-schema-graph\">{\"@context\":\"https:\/\/schema.org\",\"@graph\":[{\"@type\":\"WebPage\",\"@id\":\"https:\/\/suomenkuvalehti.fi\/kirjailijanpaivakirja\/nama-kirjat-jaivat-mieleen-vuodelta-2021\/\",\"url\":\"https:\/\/suomenkuvalehti.fi\/kirjailijanpaivakirja\/nama-kirjat-jaivat-mieleen-vuodelta-2021\/\",\"name\":\"N\u00e4m\u00e4 kirjat j\u00e4iv\u00e4t mieleen vuodelta 2021 - Kirjailijan p\u00e4iv\u00e4kirja\",\"isPartOf\":{\"@id\":\"https:\/\/suomenkuvalehti.fi\/kirjailijanpaivakirja\/#website\"},\"primaryImageOfPage\":{\"@id\":\"https:\/\/suomenkuvalehti.fi\/kirjailijanpaivakirja\/nama-kirjat-jaivat-mieleen-vuodelta-2021\/#primaryimage\"},\"image\":{\"@id\":\"https:\/\/suomenkuvalehti.fi\/kirjailijanpaivakirja\/nama-kirjat-jaivat-mieleen-vuodelta-2021\/#primaryimage\"},\"thumbnailUrl\":\"https:\/\/suomenkuvalehti.fi\/kirjailijanpaivakirja\/wp-content\/uploads\/sites\/21\/2021\/03\/dsc_0072-scaled.jpg\",\"datePublished\":\"2021-12-31T09:50:34+00:00\",\"dateModified\":\"2021-12-31T10:01:59+00:00\",\"author\":{\"@id\":\"https:\/\/suomenkuvalehti.fi\/kirjailijanpaivakirja\/#\/schema\/person\/ca2dfd9d508d8c675e07b3c099fc789b\"},\"description\":\"Vuoden kirjat -listalleni en pyrik\u00e4\u00e4n etsim\u00e4\u00e4n kirjoja, jotka ehk\u00e4 saattaisivat olla mielest\u00e4ni vuoden parhaita, vaan kirjoja, joiden lukemisen tai kuuntelemisen muistan ja jonka liit\u00e4n ehk\u00e4 tulevaisuudessakin juuri vuoteen 2021.\",\"breadcrumb\":{\"@id\":\"https:\/\/suomenkuvalehti.fi\/kirjailijanpaivakirja\/nama-kirjat-jaivat-mieleen-vuodelta-2021\/#breadcrumb\"},\"inLanguage\":\"fi\",\"potentialAction\":[{\"@type\":\"ReadAction\",\"target\":[\"https:\/\/suomenkuvalehti.fi\/kirjailijanpaivakirja\/nama-kirjat-jaivat-mieleen-vuodelta-2021\/\"]}]},{\"@type\":\"ImageObject\",\"inLanguage\":\"fi\",\"@id\":\"https:\/\/suomenkuvalehti.fi\/kirjailijanpaivakirja\/nama-kirjat-jaivat-mieleen-vuodelta-2021\/#primaryimage\",\"url\":\"https:\/\/suomenkuvalehti.fi\/kirjailijanpaivakirja\/wp-content\/uploads\/sites\/21\/2021\/03\/dsc_0072-scaled.jpg\",\"contentUrl\":\"https:\/\/suomenkuvalehti.fi\/kirjailijanpaivakirja\/wp-content\/uploads\/sites\/21\/2021\/03\/dsc_0072-scaled.jpg\",\"width\":1920,\"height\":2560,\"caption\":\"Kutuniva lauantaina 20. maaliskuuta, mukana my\u00f6s Arktiksessa mainitut joutsenet.\"},{\"@type\":\"BreadcrumbList\",\"@id\":\"https:\/\/suomenkuvalehti.fi\/kirjailijanpaivakirja\/nama-kirjat-jaivat-mieleen-vuodelta-2021\/#breadcrumb\",\"itemListElement\":[{\"@type\":\"ListItem\",\"position\":1,\"name\":\"Home\",\"item\":\"https:\/\/suomenkuvalehti.fi\/kirjailijanpaivakirja\/\"},{\"@type\":\"ListItem\",\"position\":2,\"name\":\"N\u00e4m\u00e4 kirjat j\u00e4iv\u00e4t mieleen vuodelta 2021\"}]},{\"@type\":\"WebSite\",\"@id\":\"https:\/\/suomenkuvalehti.fi\/kirjailijanpaivakirja\/#website\",\"url\":\"https:\/\/suomenkuvalehti.fi\/kirjailijanpaivakirja\/\",\"name\":\"Kirjailijan p\u00e4iv\u00e4kirja\",\"description\":\"Proosakirjailijan arkea ja kirjallisuuden ajankohtaisia aiheita.\",\"potentialAction\":[{\"@type\":\"SearchAction\",\"target\":{\"@type\":\"EntryPoint\",\"urlTemplate\":\"https:\/\/suomenkuvalehti.fi\/haku\/?q={search_term_string}\"},\"query-input\":{\"@type\":\"PropertyValueSpecification\",\"valueRequired\":true,\"valueName\":\"search_term_string\"}}],\"inLanguage\":\"fi\"},{\"@type\":\"Person\",\"@id\":\"https:\/\/suomenkuvalehti.fi\/kirjailijanpaivakirja\/#\/schema\/person\/ca2dfd9d508d8c675e07b3c099fc789b\",\"name\":\"Karo H\u00e4m\u00e4l\u00e4inen\",\"image\":{\"@type\":\"ImageObject\",\"inLanguage\":\"fi\",\"@id\":\"https:\/\/suomenkuvalehti.fi\/kirjailijanpaivakirja\/#\/schema\/person\/image\/\",\"url\":\"https:\/\/suomenkuvalehti.fi\/kirjailijanpaivakirja\/wp-content\/uploads\/sites\/21\/2022\/04\/hamalainen_karo06-1-150x150.jpg\",\"contentUrl\":\"https:\/\/suomenkuvalehti.fi\/kirjailijanpaivakirja\/wp-content\/uploads\/sites\/21\/2022\/04\/hamalainen_karo06-1-150x150.jpg\",\"caption\":\"Karo H\u00e4m\u00e4l\u00e4inen\"},\"description\":\"Karo H\u00e4m\u00e4l\u00e4inen on kirjailija ja talouteen erikoistunut vapaa toimittaja.\"}]}<\/script>\n<!-- \/ Yoast SEO plugin. -->","yoast_head_json":{"title":"N\u00e4m\u00e4 kirjat j\u00e4iv\u00e4t mieleen vuodelta 2021 - Kirjailijan p\u00e4iv\u00e4kirja","description":"Vuoden kirjat -listalleni en pyrik\u00e4\u00e4n etsim\u00e4\u00e4n kirjoja, jotka ehk\u00e4 saattaisivat olla mielest\u00e4ni vuoden parhaita, vaan kirjoja, joiden lukemisen tai kuuntelemisen muistan ja jonka liit\u00e4n ehk\u00e4 tulevaisuudessakin juuri vuoteen 2021.","robots":{"index":"index","follow":"follow","max-snippet":"max-snippet:-1","max-image-preview":"max-image-preview:large","max-video-preview":"max-video-preview:-1"},"canonical":"https:\/\/suomenkuvalehti.fi\/kirjailijanpaivakirja\/nama-kirjat-jaivat-mieleen-vuodelta-2021\/","og_locale":"fi_FI","og_type":"article","og_title":"N\u00e4m\u00e4 kirjat j\u00e4iv\u00e4t mieleen vuodelta 2021 - Kirjailijan p\u00e4iv\u00e4kirja","og_description":"Vuoden kirjat -listalleni en pyrik\u00e4\u00e4n etsim\u00e4\u00e4n kirjoja, jotka ehk\u00e4 saattaisivat olla mielest\u00e4ni vuoden parhaita, vaan kirjoja, joiden lukemisen tai kuuntelemisen muistan ja jonka liit\u00e4n ehk\u00e4 tulevaisuudessakin juuri vuoteen 2021.","og_url":"https:\/\/suomenkuvalehti.fi\/kirjailijanpaivakirja\/nama-kirjat-jaivat-mieleen-vuodelta-2021\/","og_site_name":"Kirjailijan p\u00e4iv\u00e4kirja","article_published_time":"2021-12-31T09:50:34+00:00","article_modified_time":"2021-12-31T10:01:59+00:00","og_image":[{"width":1920,"height":2560,"url":"https:\/\/suomenkuvalehti.fi\/kirjailijanpaivakirja\/wp-content\/uploads\/sites\/21\/2021\/03\/dsc_0072-scaled.jpg","type":"image\/jpeg"}],"author":"Karo H\u00e4m\u00e4l\u00e4inen","twitter_card":"summary_large_image","twitter_misc":{"Written by":"Karo H\u00e4m\u00e4l\u00e4inen","Est. reading time":"5 minuuttia"},"schema":{"@context":"https:\/\/schema.org","@graph":[{"@type":"WebPage","@id":"https:\/\/suomenkuvalehti.fi\/kirjailijanpaivakirja\/nama-kirjat-jaivat-mieleen-vuodelta-2021\/","url":"https:\/\/suomenkuvalehti.fi\/kirjailijanpaivakirja\/nama-kirjat-jaivat-mieleen-vuodelta-2021\/","name":"N\u00e4m\u00e4 kirjat j\u00e4iv\u00e4t mieleen vuodelta 2021 - Kirjailijan p\u00e4iv\u00e4kirja","isPartOf":{"@id":"https:\/\/suomenkuvalehti.fi\/kirjailijanpaivakirja\/#website"},"primaryImageOfPage":{"@id":"https:\/\/suomenkuvalehti.fi\/kirjailijanpaivakirja\/nama-kirjat-jaivat-mieleen-vuodelta-2021\/#primaryimage"},"image":{"@id":"https:\/\/suomenkuvalehti.fi\/kirjailijanpaivakirja\/nama-kirjat-jaivat-mieleen-vuodelta-2021\/#primaryimage"},"thumbnailUrl":"https:\/\/suomenkuvalehti.fi\/kirjailijanpaivakirja\/wp-content\/uploads\/sites\/21\/2021\/03\/dsc_0072-scaled.jpg","datePublished":"2021-12-31T09:50:34+00:00","dateModified":"2021-12-31T10:01:59+00:00","author":{"@id":"https:\/\/suomenkuvalehti.fi\/kirjailijanpaivakirja\/#\/schema\/person\/ca2dfd9d508d8c675e07b3c099fc789b"},"description":"Vuoden kirjat -listalleni en pyrik\u00e4\u00e4n etsim\u00e4\u00e4n kirjoja, jotka ehk\u00e4 saattaisivat olla mielest\u00e4ni vuoden parhaita, vaan kirjoja, joiden lukemisen tai kuuntelemisen muistan ja jonka liit\u00e4n ehk\u00e4 tulevaisuudessakin juuri vuoteen 2021.","breadcrumb":{"@id":"https:\/\/suomenkuvalehti.fi\/kirjailijanpaivakirja\/nama-kirjat-jaivat-mieleen-vuodelta-2021\/#breadcrumb"},"inLanguage":"fi","potentialAction":[{"@type":"ReadAction","target":["https:\/\/suomenkuvalehti.fi\/kirjailijanpaivakirja\/nama-kirjat-jaivat-mieleen-vuodelta-2021\/"]}]},{"@type":"ImageObject","inLanguage":"fi","@id":"https:\/\/suomenkuvalehti.fi\/kirjailijanpaivakirja\/nama-kirjat-jaivat-mieleen-vuodelta-2021\/#primaryimage","url":"https:\/\/suomenkuvalehti.fi\/kirjailijanpaivakirja\/wp-content\/uploads\/sites\/21\/2021\/03\/dsc_0072-scaled.jpg","contentUrl":"https:\/\/suomenkuvalehti.fi\/kirjailijanpaivakirja\/wp-content\/uploads\/sites\/21\/2021\/03\/dsc_0072-scaled.jpg","width":1920,"height":2560,"caption":"Kutuniva lauantaina 20. maaliskuuta, mukana my\u00f6s Arktiksessa mainitut joutsenet."},{"@type":"BreadcrumbList","@id":"https:\/\/suomenkuvalehti.fi\/kirjailijanpaivakirja\/nama-kirjat-jaivat-mieleen-vuodelta-2021\/#breadcrumb","itemListElement":[{"@type":"ListItem","position":1,"name":"Home","item":"https:\/\/suomenkuvalehti.fi\/kirjailijanpaivakirja\/"},{"@type":"ListItem","position":2,"name":"N\u00e4m\u00e4 kirjat j\u00e4iv\u00e4t mieleen vuodelta 2021"}]},{"@type":"WebSite","@id":"https:\/\/suomenkuvalehti.fi\/kirjailijanpaivakirja\/#website","url":"https:\/\/suomenkuvalehti.fi\/kirjailijanpaivakirja\/","name":"Kirjailijan p\u00e4iv\u00e4kirja","description":"Proosakirjailijan arkea ja kirjallisuuden ajankohtaisia aiheita.","potentialAction":[{"@type":"SearchAction","target":{"@type":"EntryPoint","urlTemplate":"https:\/\/suomenkuvalehti.fi\/haku\/?q={search_term_string}"},"query-input":{"@type":"PropertyValueSpecification","valueRequired":true,"valueName":"search_term_string"}}],"inLanguage":"fi"},{"@type":"Person","@id":"https:\/\/suomenkuvalehti.fi\/kirjailijanpaivakirja\/#\/schema\/person\/ca2dfd9d508d8c675e07b3c099fc789b","name":"Karo H\u00e4m\u00e4l\u00e4inen","image":{"@type":"ImageObject","inLanguage":"fi","@id":"https:\/\/suomenkuvalehti.fi\/kirjailijanpaivakirja\/#\/schema\/person\/image\/","url":"https:\/\/suomenkuvalehti.fi\/kirjailijanpaivakirja\/wp-content\/uploads\/sites\/21\/2022\/04\/hamalainen_karo06-1-150x150.jpg","contentUrl":"https:\/\/suomenkuvalehti.fi\/kirjailijanpaivakirja\/wp-content\/uploads\/sites\/21\/2022\/04\/hamalainen_karo06-1-150x150.jpg","caption":"Karo H\u00e4m\u00e4l\u00e4inen"},"description":"Karo H\u00e4m\u00e4l\u00e4inen on kirjailija ja talouteen erikoistunut vapaa toimittaja."}]}},"_links":{"self":[{"href":"https:\/\/suomenkuvalehti.fi\/kirjailijanpaivakirja\/wp-json\/wp\/v2\/posts\/2229","targetHints":{"allow":["GET"]}}],"collection":[{"href":"https:\/\/suomenkuvalehti.fi\/kirjailijanpaivakirja\/wp-json\/wp\/v2\/posts"}],"about":[{"href":"https:\/\/suomenkuvalehti.fi\/kirjailijanpaivakirja\/wp-json\/wp\/v2\/types\/post"}],"author":[{"embeddable":true,"href":"https:\/\/suomenkuvalehti.fi\/kirjailijanpaivakirja\/wp-json\/wp\/v2\/users\/129"}],"replies":[{"embeddable":true,"href":"https:\/\/suomenkuvalehti.fi\/kirjailijanpaivakirja\/wp-json\/wp\/v2\/comments?post=2229"}],"version-history":[{"count":4,"href":"https:\/\/suomenkuvalehti.fi\/kirjailijanpaivakirja\/wp-json\/wp\/v2\/posts\/2229\/revisions"}],"predecessor-version":[{"id":2234,"href":"https:\/\/suomenkuvalehti.fi\/kirjailijanpaivakirja\/wp-json\/wp\/v2\/posts\/2229\/revisions\/2234"}],"wp:featuredmedia":[{"embeddable":true,"href":"https:\/\/suomenkuvalehti.fi\/kirjailijanpaivakirja\/wp-json\/wp\/v2\/media\/2041"}],"wp:attachment":[{"href":"https:\/\/suomenkuvalehti.fi\/kirjailijanpaivakirja\/wp-json\/wp\/v2\/media?parent=2229"}],"wp:term":[{"taxonomy":"category","embeddable":true,"href":"https:\/\/suomenkuvalehti.fi\/kirjailijanpaivakirja\/wp-json\/wp\/v2\/categories?post=2229"},{"taxonomy":"post_tag","embeddable":true,"href":"https:\/\/suomenkuvalehti.fi\/kirjailijanpaivakirja\/wp-json\/wp\/v2\/tags?post=2229"}],"curies":[{"name":"wp","href":"https:\/\/api.w.org\/{rel}","templated":true}]}}