{"id":2216,"date":"2021-11-23T08:31:07","date_gmt":"2021-11-23T06:31:07","guid":{"rendered":"https:\/\/suomenkuvalehti.fi\/kirjailijanpaivakirja\/?p=2216"},"modified":"2021-11-23T08:31:07","modified_gmt":"2021-11-23T06:31:07","slug":"kadehdittavan-luova-risto-isomaki-ajattelee-suomen-puolustussuunnitelmat-uusiksi","status":"publish","type":"post","link":"https:\/\/suomenkuvalehti.fi\/kirjailijanpaivakirja\/kadehdittavan-luova-risto-isomaki-ajattelee-suomen-puolustussuunnitelmat-uusiksi\/","title":{"rendered":"Kadehdittavan luova Risto Isom\u00e4ki ajattelee Suomen puolustussuunnitelmat uusiksi"},"content":{"rendered":"<figure class=\"alignleft size-medium is-resized wp-block-image\">\n  <div class=\"wp-block-image__inner-container\">\n    <a href='https:\/\/suomenkuvalehti.fi\/kirjailijanpaivakirja\/wp-content\/uploads\/sites\/21\/2021\/11\/risto-kuva-eemeli-nattinen-1.jpg'><img loading=\"lazy\" decoding=\"async\" src=\"https:\/\/suomenkuvalehti.fi\/kirjailijanpaivakirja\/wp-content\/uploads\/sites\/21\/2021\/11\/risto-kuva-eemeli-nattinen-484x600-1-242x300.jpg\" alt=\"\" class=\"wp-image-2217\" width=\"242\" height=\"300\" style=\"--aspect-ratio: 0.81\" srcset=\"https:\/\/suomenkuvalehti.fi\/kirjailijanpaivakirja\/wp-content\/uploads\/sites\/21\/2021\/11\/risto-kuva-eemeli-nattinen-484x600-1-242x300.jpg 242w, https:\/\/suomenkuvalehti.fi\/kirjailijanpaivakirja\/wp-content\/uploads\/sites\/21\/2021\/11\/risto-kuva-eemeli-nattinen-484x600-1.jpg 484w\" sizes=\"auto, (max-width: 242px) 100vw, 242px\" \/><\/a>    <figcaption class=\"wp-block-image__figcaption\">\n      Risto Isom\u00e4ki      <span class='wp-block-image__copyright'>&copy; Eemeli N\u00e4ttinen \/ Into<\/span>    <\/figcaption>\n      <\/div>\n<\/figure>\n\n\n<p><strong><span class=\"capitalized\">Risto Isom\u00e4k<\/span>i<\/strong> on luultavasti luovin tuntemani henkil\u00f6. Isom\u00e4en luovuus ilmenee h\u00e4nen ihailtavassa ja kadehdittavassa kyvyss\u00e4\u00e4n yhdistell\u00e4 asioita, oivaltaa ja rakentaa teorioita. Kaiken lis\u00e4ksi Isom\u00e4ki (s. 1961) tuntuu olevan kyltym\u00e4t\u00f6n kiinnostunut kaikesta, oli se sitten evoluutiobiologiaa, aseteknologiaa, mets\u00e4nkasvatusta tai laivanrakennusta.<\/p>\n\n\n\n<p>Jos olisin suuryhti\u00f6n johtaja, palkkaisin Isom\u00e4en v\u00e4litt\u00f6m\u00e4sti kuukaudeksi tai kahdeksi konsultiksi seitsennumeroisella kertakorvauksella toimeksiantona: Tuota ideoita!<\/p>\n\n\n\n<p>Yhti\u00f6iden omat organisaatiot tapaavat olla taitavia ideoiden tappamisessa, ja etenkin ulkoa tulleista ehdotuksista l\u00f6ydet\u00e4\u00e4n helposti kosolti arvosteltavaa ja syit\u00e4, joiden vuoksi ne eiv\u00e4t toimisi k\u00e4yt\u00e4nn\u00f6ss\u00e4 tai ainakaan t\u00e4ss\u00e4 kyseisess\u00e4 yhti\u00f6ss\u00e4. Siksi virheinvestointien riski pysyisi pienen\u00e4, vaikka konsultti villiintyisi.<\/p>\n\n\n\n<p>Veikkaan, ett\u00e4 v\u00e4hint\u00e4\u00e4n yksi Isom\u00e4en konsulttikeikan ideoista perustuisi tavalla tai toisella piioksidiaerogeeliin. Se tuntuu olevan Isom\u00e4en suosikkiaine, jonka ominaisuuksia h\u00e4n on esitellyt kirjoissaan jo aiemmin.<\/p>\n\n\n\n<p>&nbsp;<\/p>\n\n\n\n<p><span class=\"capitalized\">Isom\u00e4en<\/span> tapa olla maailmassa heijastuu my\u00f6s h\u00e4nen trillereihins\u00e4. <em>Toimisiko, jos kirjoittaisi n\u00e4in? T\u00e4h\u00e4n vaaditaan takaa-ajokohtaus, miten sellainen tehd\u00e4\u00e4n?<\/em><\/p>\n\n\n\n<p>Genren\u00e4 trilleri ei ole erityisen uutta luova, eik\u00e4 Isom\u00e4ki ole lajityypin esteettinen uudistaja. P\u00e4invastoin joissain kohdin h\u00e4n tuntuu parodioivan lajia, kuten korostaessaan p\u00e4\u00e4henkil\u00f6ns\u00e4 Lauri Nurmen (kyll\u00e4, toimittajan t\u00e4yskaima, mille romaanissa vitsaillaankin) ritarillisuutta ja saattaessaan Nurmen tilanteisiin, joissa h\u00e4n joutuu tekem\u00e4\u00e4n ritarillisia valintoja.<\/p>\n\n\n\n<p>Samoin kuin James Bond -elokuvat onnistuvat yht\u00e4 aikaa olemaan t\u00e4ysipainoisia trillereit\u00e4 ett\u00e4 hekottelemaan itselleen, niin my\u00f6s Isom\u00e4en kirjat.<\/p>\n\n\n\n<p>&nbsp;<\/p>\n\n\n\n<p><span class=\"capitalized\">Kaunokirjoissaan<\/span> Risto Isom\u00e4en suuri ansio siin\u00e4, kuinka h\u00e4n tuo trilleriin usein kuuluvan tietoaineksen osaksi kaunokirjallista kokonaisuutta. Tietoaineksen lis\u00e4ksi Isom\u00e4ki esittelee kiinnostavia teorioita, jollaiset ovat tuttuja varsinkin vakoilu- ja salaliittotrillereist\u00e4.<\/p>\n\n\n\n<p>L\u00e4hitulevaisuuteen sijoittuvassa&nbsp;<em>Atlantin kuningattaressa<\/em> (Into 2021) pelastetaan maailmaa ilmastokatastrofilta ilman ett\u00e4 teos olisi varsinaisesti cli-tri eli ilmastotrilleri. Romaanissa taistellaan moderneja merirosvoja vastaan viime vuosisadan Afrikka-eksotiikkaa nykyhetkeen p\u00e4ivitt\u00e4en.<\/p>\n\n\n\n<p>Vaikka Lauri Nurmi ei en\u00e4\u00e4 ty\u00f6skentelek\u00e4\u00e4n CIA:ssa, h\u00e4nen kontaktinsa ovat korkeatasoisia ja teht\u00e4v\u00e4t maailman pelastamisen luokkaa. Kuvaavaa on, ett\u00e4 fossiilienergiayhti\u00f6iden johtajien systemaattiset murhat \u2013 yksikin suuryhti\u00f6n pomon murha riitt\u00e4isi paksun dekkarin aiheeksi \u2013 ovat vain <em>Atlantin kuningattaren <\/em>sivujuoni.<\/p>\n\n\n\n<p>&nbsp;<\/p>\n\n\n\n<p><span class=\"capitalized\">Teoksen<\/span> alkupuolella Isom\u00e4ki panee Lauri Nurmen pelaamaan sotastrategiasimulaatiopeli\u00e4 suomalaista kenraalia ja everstiluutnanttia vastaan.<\/p>\n\n\n\n<p>Kohtaus on eritt\u00e4in kiehtova, enk\u00e4 spoilaa Nurmen maanpuolustusstrategiaa t\u00e4ss\u00e4, sill\u00e4 Isom\u00e4ki osaa selitt\u00e4\u00e4 sen nyanssit paljon paremmin kuin mihin pystyisin. Kohtaus tuntuu kovin irralliselta romaanin muista tapahtumista.<\/p>\n\n\n\n<p>Selitys l\u00f6ytyy teoksen lopusta, jonne kirjailija on kirjoittanut &#8221;Muutama j\u00e4lkihuomautus&#8221; -nimell\u00e4 olevat j\u00e4lkisanat. Muutamilla huomautuksilla on mittaa 25 tihe\u00e4\u00e4n painettua sivua, noin 1\/16 romaanin pituudesta.<\/p>\n\n\n\n<p>Kehuttuaan Suomen hallituksen kes\u00e4ist\u00e4 turvetuotantoa leikkaavaa p\u00e4\u00e4t\u00f6st\u00e4 h\u00e4n siirtyy arvostelemaan voimakkaasti HX-h\u00e4vitt\u00e4j\u00e4hanketta. Romaanin kohtaus on saanut toimia t\u00e4m\u00e4n saarnan virittimen\u00e4 ja kaunokirjallisena perusteluna.<\/p>\n\n\n\n<p>&#8221;Samalla tavalla kuin panssarilaivat [toisen maailmansodan kynnyksell\u00e4], h\u00e4vitt\u00e4j\u00e4hankinta on valmistautumista menneen maailman sotiin&#8221;, h\u00e4n kirjoittaa.<\/p>\n\n\n\n<p>&#8221;Kaikissa viime vuosikymmenen sodissa ilmatorjuntaohjukset ovat pudottaneet 97\u2013100 prosenttia kaikista alas tulleista koneista, h\u00e4vitt\u00e4j\u00e4t 0\u20133 prosenttia. H\u00e4vitt\u00e4j\u00e4koneista ei ole ollut yhdess\u00e4k\u00e4\u00e4n viime vuosikymmenien sodassa ollut mink\u00e4\u00e4nlaista hy\u00f6ty\u00e4 alivoimaiselle osapuolelle. Ylivoimainen osapuoli on kyll\u00e4 pystynyt k\u00e4ytt\u00e4m\u00e4\u00e4n niit\u00e4 niin sanottuina rynn\u00e4kk\u00f6h\u00e4vitt\u00e4jin\u00e4, mutta jopa h\u00e4kellytt\u00e4v\u00e4n vaatimattomalla menestyksell\u00e4. Alivoimaisen osapuolen koneet on vihollisuuksien alkaessa aina tuhottu maahan tai niit\u00e4 ei ole edes yritetty saada ilmaan.&#8221;<\/p>\n\n\n\n<p>&nbsp;<\/p>\n\n\n\n<p><span class=\"capitalized\">Risto Isom\u00e4en<\/span> ajatusten kanssa ei tarvitse olla samaa mielt\u00e4 tai uskoa niiden toteutuskelpoisuuteen voidakseen nauttia h\u00e4nen oivaltavuudestaan.<\/p>\n\n\n\n<p>Isom\u00e4ki on itsen\u00e4inen ajattelija, joka ei toistele mink\u00e4\u00e4n puolueen liturgiaa ja jonka ei tarvitse kalastella mink\u00e4\u00e4n eturyhm\u00e4n suosiota. H\u00e4n ampuu tasaisesti ja hykerrytt\u00e4v\u00e4sti joka suuntaan. Ter\u00e4v\u00e4sti mutta lempe\u00e4sti.<\/p>\n\n\n","protected":false},"excerpt":{"rendered":"<p>Risto Isom\u00e4ki on luultavasti luovin tuntemani henkil\u00f6. Isom\u00e4en luovuus ilmenee h\u00e4nen ihailtavassa ja kadehdittavassa kyvyss\u00e4\u00e4n yhdistell\u00e4 asioita, oivaltaa ja rakentaa teorioita. Kaiken lis\u00e4ksi Isom\u00e4ki (s. 1961) tuntuu olevan kyltym\u00e4t\u00f6n<br \/>\nkiinnostun&hellip;<\/p>\n","protected":false},"author":129,"featured_media":2217,"comment_status":"open","ping_status":"open","sticky":false,"template":"","format":"standard","meta":{"_acf_changed":false,"asauth_required_access_level":3,"asauth_cansharepaid":"true","om_header_attributes":[],"footnotes":"","om_featured_image_focal_point":[],"om_primary_tag":0,"om_contributors":[],"om_co_authors":[],"beyondwords_generate_audio":"","beyondwords_project_id":"","beyondwords_content_id":"","beyondwords_preview_token":"","beyondwords_player_content":"","beyondwords_player_style":"","beyondwords_language_code":"","beyondwords_language_id":"","beyondwords_title_voice_id":"","beyondwords_body_voice_id":"","beyondwords_summary_voice_id":"","beyondwords_error_message":"","beyondwords_disabled":"","beyondwords_delete_content":"","beyondwords_podcast_id":"","beyondwords_hash":"","publish_post_to_speechkit":"","speechkit_hash":"","speechkit_generate_audio":"","speechkit_project_id":"","speechkit_podcast_id":"","speechkit_error_message":"","speechkit_disabled":"","speechkit_access_key":"","speechkit_error":"","speechkit_info":"","speechkit_response":"","speechkit_retries":"","speechkit_status":"","speechkit_updated_at":"","_speechkit_link":"","_speechkit_text":""},"categories":[1],"tags":[1344,997,649],"class_list":["post-2216","post","type-post","status-publish","format-standard","has-post-thumbnail","hentry","category-kirjailijan-paivakirja","tag-risto-isomaki","tag-scifi","tag-trilleri"],"om_views":null,"acf":{"tuuma_off":false,"tuuma_kysymys":"","tuuma_vastaus":""},"asauth":{"required_access_level":1,"share_token":"","is_paid":false},"yoast_head":"<!-- This site is optimized with the Yoast SEO plugin v26.4 - https:\/\/yoast.com\/wordpress\/plugins\/seo\/ -->\n<title>Kadehdittavan luova Risto Isom\u00e4ki ajattelee Suomen puolustussuunnitelmat uusiksi - Kirjailijan p\u00e4iv\u00e4kirja<\/title>\n<meta name=\"robots\" content=\"index, follow, max-snippet:-1, max-image-preview:large, max-video-preview:-1\" \/>\n<link rel=\"canonical\" href=\"https:\/\/suomenkuvalehti.fi\/kirjailijanpaivakirja\/kadehdittavan-luova-risto-isomaki-ajattelee-suomen-puolustussuunnitelmat-uusiksi\/\" \/>\n<meta property=\"og:locale\" content=\"fi_FI\" \/>\n<meta property=\"og:type\" content=\"article\" \/>\n<meta property=\"og:title\" content=\"Kadehdittavan luova Risto Isom\u00e4ki ajattelee Suomen puolustussuunnitelmat uusiksi - Kirjailijan p\u00e4iv\u00e4kirja\" \/>\n<meta property=\"og:description\" content=\"Risto Isom\u00e4ki on luultavasti luovin tuntemani henkil\u00f6. Isom\u00e4en luovuus ilmenee h\u00e4nen ihailtavassa ja kadehdittavassa kyvyss\u00e4\u00e4n yhdistell\u00e4 asioita, oivaltaa ja rakentaa teorioita. Kaiken lis\u00e4ksi Isom\u00e4ki (s. 1961) tuntuu olevan kyltym\u00e4t\u00f6n kiinnostun&hellip;\" \/>\n<meta property=\"og:url\" content=\"https:\/\/suomenkuvalehti.fi\/kirjailijanpaivakirja\/kadehdittavan-luova-risto-isomaki-ajattelee-suomen-puolustussuunnitelmat-uusiksi\/\" \/>\n<meta property=\"og:site_name\" content=\"Kirjailijan p\u00e4iv\u00e4kirja\" \/>\n<meta property=\"article:published_time\" content=\"2021-11-23T06:31:07+00:00\" \/>\n<meta property=\"og:image\" content=\"https:\/\/suomenkuvalehti.fi\/kirjailijanpaivakirja\/wp-content\/uploads\/sites\/21\/2021\/11\/risto-kuva-eemeli-nattinen-484x600-1.jpg\" \/>\n\t<meta property=\"og:image:width\" content=\"484\" \/>\n\t<meta property=\"og:image:height\" content=\"600\" \/>\n\t<meta property=\"og:image:type\" content=\"image\/jpeg\" \/>\n<meta name=\"author\" content=\"Karo H\u00e4m\u00e4l\u00e4inen\" \/>\n<meta name=\"twitter:card\" content=\"summary_large_image\" \/>\n<meta name=\"twitter:label1\" content=\"Written by\" \/>\n\t<meta name=\"twitter:data1\" content=\"Karo H\u00e4m\u00e4l\u00e4inen\" \/>\n\t<meta name=\"twitter:label2\" content=\"Est. reading time\" \/>\n\t<meta name=\"twitter:data2\" content=\"3 minuuttia\" \/>\n<script type=\"application\/ld+json\" class=\"yoast-schema-graph\">{\"@context\":\"https:\/\/schema.org\",\"@graph\":[{\"@type\":\"WebPage\",\"@id\":\"https:\/\/suomenkuvalehti.fi\/kirjailijanpaivakirja\/kadehdittavan-luova-risto-isomaki-ajattelee-suomen-puolustussuunnitelmat-uusiksi\/\",\"url\":\"https:\/\/suomenkuvalehti.fi\/kirjailijanpaivakirja\/kadehdittavan-luova-risto-isomaki-ajattelee-suomen-puolustussuunnitelmat-uusiksi\/\",\"name\":\"Kadehdittavan luova Risto Isom\u00e4ki ajattelee Suomen puolustussuunnitelmat uusiksi - Kirjailijan p\u00e4iv\u00e4kirja\",\"isPartOf\":{\"@id\":\"https:\/\/suomenkuvalehti.fi\/kirjailijanpaivakirja\/#website\"},\"primaryImageOfPage\":{\"@id\":\"https:\/\/suomenkuvalehti.fi\/kirjailijanpaivakirja\/kadehdittavan-luova-risto-isomaki-ajattelee-suomen-puolustussuunnitelmat-uusiksi\/#primaryimage\"},\"image\":{\"@id\":\"https:\/\/suomenkuvalehti.fi\/kirjailijanpaivakirja\/kadehdittavan-luova-risto-isomaki-ajattelee-suomen-puolustussuunnitelmat-uusiksi\/#primaryimage\"},\"thumbnailUrl\":\"https:\/\/suomenkuvalehti.fi\/kirjailijanpaivakirja\/wp-content\/uploads\/sites\/21\/2021\/11\/risto-kuva-eemeli-nattinen-484x600-1.jpg\",\"datePublished\":\"2021-11-23T06:31:07+00:00\",\"author\":{\"@id\":\"https:\/\/suomenkuvalehti.fi\/kirjailijanpaivakirja\/#\/schema\/person\/ca2dfd9d508d8c675e07b3c099fc789b\"},\"breadcrumb\":{\"@id\":\"https:\/\/suomenkuvalehti.fi\/kirjailijanpaivakirja\/kadehdittavan-luova-risto-isomaki-ajattelee-suomen-puolustussuunnitelmat-uusiksi\/#breadcrumb\"},\"inLanguage\":\"fi\",\"potentialAction\":[{\"@type\":\"ReadAction\",\"target\":[\"https:\/\/suomenkuvalehti.fi\/kirjailijanpaivakirja\/kadehdittavan-luova-risto-isomaki-ajattelee-suomen-puolustussuunnitelmat-uusiksi\/\"]}]},{\"@type\":\"ImageObject\",\"inLanguage\":\"fi\",\"@id\":\"https:\/\/suomenkuvalehti.fi\/kirjailijanpaivakirja\/kadehdittavan-luova-risto-isomaki-ajattelee-suomen-puolustussuunnitelmat-uusiksi\/#primaryimage\",\"url\":\"https:\/\/suomenkuvalehti.fi\/kirjailijanpaivakirja\/wp-content\/uploads\/sites\/21\/2021\/11\/risto-kuva-eemeli-nattinen-484x600-1.jpg\",\"contentUrl\":\"https:\/\/suomenkuvalehti.fi\/kirjailijanpaivakirja\/wp-content\/uploads\/sites\/21\/2021\/11\/risto-kuva-eemeli-nattinen-484x600-1.jpg\",\"width\":484,\"height\":600,\"caption\":\"Risto Isom\u00e4ki\"},{\"@type\":\"BreadcrumbList\",\"@id\":\"https:\/\/suomenkuvalehti.fi\/kirjailijanpaivakirja\/kadehdittavan-luova-risto-isomaki-ajattelee-suomen-puolustussuunnitelmat-uusiksi\/#breadcrumb\",\"itemListElement\":[{\"@type\":\"ListItem\",\"position\":1,\"name\":\"Home\",\"item\":\"https:\/\/suomenkuvalehti.fi\/kirjailijanpaivakirja\/\"},{\"@type\":\"ListItem\",\"position\":2,\"name\":\"Kadehdittavan luova Risto Isom\u00e4ki ajattelee Suomen puolustussuunnitelmat uusiksi\"}]},{\"@type\":\"WebSite\",\"@id\":\"https:\/\/suomenkuvalehti.fi\/kirjailijanpaivakirja\/#website\",\"url\":\"https:\/\/suomenkuvalehti.fi\/kirjailijanpaivakirja\/\",\"name\":\"Kirjailijan p\u00e4iv\u00e4kirja\",\"description\":\"Proosakirjailijan arkea ja kirjallisuuden ajankohtaisia aiheita.\",\"potentialAction\":[{\"@type\":\"SearchAction\",\"target\":{\"@type\":\"EntryPoint\",\"urlTemplate\":\"https:\/\/suomenkuvalehti.fi\/haku\/?q={search_term_string}\"},\"query-input\":{\"@type\":\"PropertyValueSpecification\",\"valueRequired\":true,\"valueName\":\"search_term_string\"}}],\"inLanguage\":\"fi\"},{\"@type\":\"Person\",\"@id\":\"https:\/\/suomenkuvalehti.fi\/kirjailijanpaivakirja\/#\/schema\/person\/ca2dfd9d508d8c675e07b3c099fc789b\",\"name\":\"Karo H\u00e4m\u00e4l\u00e4inen\",\"image\":{\"@type\":\"ImageObject\",\"inLanguage\":\"fi\",\"@id\":\"https:\/\/suomenkuvalehti.fi\/kirjailijanpaivakirja\/#\/schema\/person\/image\/\",\"url\":\"https:\/\/suomenkuvalehti.fi\/kirjailijanpaivakirja\/wp-content\/uploads\/sites\/21\/2022\/04\/hamalainen_karo06-1-150x150.jpg\",\"contentUrl\":\"https:\/\/suomenkuvalehti.fi\/kirjailijanpaivakirja\/wp-content\/uploads\/sites\/21\/2022\/04\/hamalainen_karo06-1-150x150.jpg\",\"caption\":\"Karo H\u00e4m\u00e4l\u00e4inen\"},\"description\":\"Karo H\u00e4m\u00e4l\u00e4inen on kirjailija ja talouteen erikoistunut vapaa toimittaja.\"}]}<\/script>\n<!-- \/ Yoast SEO plugin. -->","yoast_head_json":{"title":"Kadehdittavan luova Risto Isom\u00e4ki ajattelee Suomen puolustussuunnitelmat uusiksi - Kirjailijan p\u00e4iv\u00e4kirja","robots":{"index":"index","follow":"follow","max-snippet":"max-snippet:-1","max-image-preview":"max-image-preview:large","max-video-preview":"max-video-preview:-1"},"canonical":"https:\/\/suomenkuvalehti.fi\/kirjailijanpaivakirja\/kadehdittavan-luova-risto-isomaki-ajattelee-suomen-puolustussuunnitelmat-uusiksi\/","og_locale":"fi_FI","og_type":"article","og_title":"Kadehdittavan luova Risto Isom\u00e4ki ajattelee Suomen puolustussuunnitelmat uusiksi - Kirjailijan p\u00e4iv\u00e4kirja","og_description":"Risto Isom\u00e4ki on luultavasti luovin tuntemani henkil\u00f6. Isom\u00e4en luovuus ilmenee h\u00e4nen ihailtavassa ja kadehdittavassa kyvyss\u00e4\u00e4n yhdistell\u00e4 asioita, oivaltaa ja rakentaa teorioita. Kaiken lis\u00e4ksi Isom\u00e4ki (s. 1961) tuntuu olevan kyltym\u00e4t\u00f6n kiinnostun&hellip;","og_url":"https:\/\/suomenkuvalehti.fi\/kirjailijanpaivakirja\/kadehdittavan-luova-risto-isomaki-ajattelee-suomen-puolustussuunnitelmat-uusiksi\/","og_site_name":"Kirjailijan p\u00e4iv\u00e4kirja","article_published_time":"2021-11-23T06:31:07+00:00","og_image":[{"width":484,"height":600,"url":"https:\/\/suomenkuvalehti.fi\/kirjailijanpaivakirja\/wp-content\/uploads\/sites\/21\/2021\/11\/risto-kuva-eemeli-nattinen-484x600-1.jpg","type":"image\/jpeg"}],"author":"Karo H\u00e4m\u00e4l\u00e4inen","twitter_card":"summary_large_image","twitter_misc":{"Written by":"Karo H\u00e4m\u00e4l\u00e4inen","Est. reading time":"3 minuuttia"},"schema":{"@context":"https:\/\/schema.org","@graph":[{"@type":"WebPage","@id":"https:\/\/suomenkuvalehti.fi\/kirjailijanpaivakirja\/kadehdittavan-luova-risto-isomaki-ajattelee-suomen-puolustussuunnitelmat-uusiksi\/","url":"https:\/\/suomenkuvalehti.fi\/kirjailijanpaivakirja\/kadehdittavan-luova-risto-isomaki-ajattelee-suomen-puolustussuunnitelmat-uusiksi\/","name":"Kadehdittavan luova Risto Isom\u00e4ki ajattelee Suomen puolustussuunnitelmat uusiksi - Kirjailijan p\u00e4iv\u00e4kirja","isPartOf":{"@id":"https:\/\/suomenkuvalehti.fi\/kirjailijanpaivakirja\/#website"},"primaryImageOfPage":{"@id":"https:\/\/suomenkuvalehti.fi\/kirjailijanpaivakirja\/kadehdittavan-luova-risto-isomaki-ajattelee-suomen-puolustussuunnitelmat-uusiksi\/#primaryimage"},"image":{"@id":"https:\/\/suomenkuvalehti.fi\/kirjailijanpaivakirja\/kadehdittavan-luova-risto-isomaki-ajattelee-suomen-puolustussuunnitelmat-uusiksi\/#primaryimage"},"thumbnailUrl":"https:\/\/suomenkuvalehti.fi\/kirjailijanpaivakirja\/wp-content\/uploads\/sites\/21\/2021\/11\/risto-kuva-eemeli-nattinen-484x600-1.jpg","datePublished":"2021-11-23T06:31:07+00:00","author":{"@id":"https:\/\/suomenkuvalehti.fi\/kirjailijanpaivakirja\/#\/schema\/person\/ca2dfd9d508d8c675e07b3c099fc789b"},"breadcrumb":{"@id":"https:\/\/suomenkuvalehti.fi\/kirjailijanpaivakirja\/kadehdittavan-luova-risto-isomaki-ajattelee-suomen-puolustussuunnitelmat-uusiksi\/#breadcrumb"},"inLanguage":"fi","potentialAction":[{"@type":"ReadAction","target":["https:\/\/suomenkuvalehti.fi\/kirjailijanpaivakirja\/kadehdittavan-luova-risto-isomaki-ajattelee-suomen-puolustussuunnitelmat-uusiksi\/"]}]},{"@type":"ImageObject","inLanguage":"fi","@id":"https:\/\/suomenkuvalehti.fi\/kirjailijanpaivakirja\/kadehdittavan-luova-risto-isomaki-ajattelee-suomen-puolustussuunnitelmat-uusiksi\/#primaryimage","url":"https:\/\/suomenkuvalehti.fi\/kirjailijanpaivakirja\/wp-content\/uploads\/sites\/21\/2021\/11\/risto-kuva-eemeli-nattinen-484x600-1.jpg","contentUrl":"https:\/\/suomenkuvalehti.fi\/kirjailijanpaivakirja\/wp-content\/uploads\/sites\/21\/2021\/11\/risto-kuva-eemeli-nattinen-484x600-1.jpg","width":484,"height":600,"caption":"Risto Isom\u00e4ki"},{"@type":"BreadcrumbList","@id":"https:\/\/suomenkuvalehti.fi\/kirjailijanpaivakirja\/kadehdittavan-luova-risto-isomaki-ajattelee-suomen-puolustussuunnitelmat-uusiksi\/#breadcrumb","itemListElement":[{"@type":"ListItem","position":1,"name":"Home","item":"https:\/\/suomenkuvalehti.fi\/kirjailijanpaivakirja\/"},{"@type":"ListItem","position":2,"name":"Kadehdittavan luova Risto Isom\u00e4ki ajattelee Suomen puolustussuunnitelmat uusiksi"}]},{"@type":"WebSite","@id":"https:\/\/suomenkuvalehti.fi\/kirjailijanpaivakirja\/#website","url":"https:\/\/suomenkuvalehti.fi\/kirjailijanpaivakirja\/","name":"Kirjailijan p\u00e4iv\u00e4kirja","description":"Proosakirjailijan arkea ja kirjallisuuden ajankohtaisia aiheita.","potentialAction":[{"@type":"SearchAction","target":{"@type":"EntryPoint","urlTemplate":"https:\/\/suomenkuvalehti.fi\/haku\/?q={search_term_string}"},"query-input":{"@type":"PropertyValueSpecification","valueRequired":true,"valueName":"search_term_string"}}],"inLanguage":"fi"},{"@type":"Person","@id":"https:\/\/suomenkuvalehti.fi\/kirjailijanpaivakirja\/#\/schema\/person\/ca2dfd9d508d8c675e07b3c099fc789b","name":"Karo H\u00e4m\u00e4l\u00e4inen","image":{"@type":"ImageObject","inLanguage":"fi","@id":"https:\/\/suomenkuvalehti.fi\/kirjailijanpaivakirja\/#\/schema\/person\/image\/","url":"https:\/\/suomenkuvalehti.fi\/kirjailijanpaivakirja\/wp-content\/uploads\/sites\/21\/2022\/04\/hamalainen_karo06-1-150x150.jpg","contentUrl":"https:\/\/suomenkuvalehti.fi\/kirjailijanpaivakirja\/wp-content\/uploads\/sites\/21\/2022\/04\/hamalainen_karo06-1-150x150.jpg","caption":"Karo H\u00e4m\u00e4l\u00e4inen"},"description":"Karo H\u00e4m\u00e4l\u00e4inen on kirjailija ja talouteen erikoistunut vapaa toimittaja."}]}},"_links":{"self":[{"href":"https:\/\/suomenkuvalehti.fi\/kirjailijanpaivakirja\/wp-json\/wp\/v2\/posts\/2216","targetHints":{"allow":["GET"]}}],"collection":[{"href":"https:\/\/suomenkuvalehti.fi\/kirjailijanpaivakirja\/wp-json\/wp\/v2\/posts"}],"about":[{"href":"https:\/\/suomenkuvalehti.fi\/kirjailijanpaivakirja\/wp-json\/wp\/v2\/types\/post"}],"author":[{"embeddable":true,"href":"https:\/\/suomenkuvalehti.fi\/kirjailijanpaivakirja\/wp-json\/wp\/v2\/users\/129"}],"replies":[{"embeddable":true,"href":"https:\/\/suomenkuvalehti.fi\/kirjailijanpaivakirja\/wp-json\/wp\/v2\/comments?post=2216"}],"version-history":[{"count":1,"href":"https:\/\/suomenkuvalehti.fi\/kirjailijanpaivakirja\/wp-json\/wp\/v2\/posts\/2216\/revisions"}],"predecessor-version":[{"id":2218,"href":"https:\/\/suomenkuvalehti.fi\/kirjailijanpaivakirja\/wp-json\/wp\/v2\/posts\/2216\/revisions\/2218"}],"wp:featuredmedia":[{"embeddable":true,"href":"https:\/\/suomenkuvalehti.fi\/kirjailijanpaivakirja\/wp-json\/wp\/v2\/media\/2217"}],"wp:attachment":[{"href":"https:\/\/suomenkuvalehti.fi\/kirjailijanpaivakirja\/wp-json\/wp\/v2\/media?parent=2216"}],"wp:term":[{"taxonomy":"category","embeddable":true,"href":"https:\/\/suomenkuvalehti.fi\/kirjailijanpaivakirja\/wp-json\/wp\/v2\/categories?post=2216"},{"taxonomy":"post_tag","embeddable":true,"href":"https:\/\/suomenkuvalehti.fi\/kirjailijanpaivakirja\/wp-json\/wp\/v2\/tags?post=2216"}],"curies":[{"name":"wp","href":"https:\/\/api.w.org\/{rel}","templated":true}]}}