{"id":2114,"date":"2021-07-20T10:13:48","date_gmt":"2021-07-20T07:13:48","guid":{"rendered":"https:\/\/suomenkuvalehti.fi\/kirjailijanpaivakirja\/?p=2114"},"modified":"2021-07-20T12:53:53","modified_gmt":"2021-07-20T09:53:53","slug":"kuukauden-lukija-markus-leikola-kahdeksanvuotiaalle-itselleen-tietosanakirjaa-ei-tarvitse-lukea-kannesta-kanteen","status":"publish","type":"post","link":"https:\/\/suomenkuvalehti.fi\/kirjailijanpaivakirja\/kuukauden-lukija-markus-leikola-kahdeksanvuotiaalle-itselleen-tietosanakirjaa-ei-tarvitse-lukea-kannesta-kanteen\/","title":{"rendered":"Kuukauden lukija Markus Leikola kahdeksanvuotiaalle itselleen: &#8221;Tietosanakirjaa ei tarvitse lukea kannesta kanteen&#8221;"},"content":{"rendered":"<figure class=\"alignleft size-medium wp-block-image\">\n  <div class=\"wp-block-image__inner-container\">\n    <a href=\"https:\/\/suomenkuvalehti.fi\/kirjailijanpaivakirja\/wp-content\/uploads\/sites\/21\/2021\/07\/leikola_markus2016_02-1.jpg\"><img loading=\"lazy\" decoding=\"async\" src=\"https:\/\/suomenkuvalehti.fi\/kirjailijanpaivakirja\/wp-content\/uploads\/sites\/21\/2021\/07\/leikola_markus2016_02-1-300x200.jpg\" alt=\"\" class=\"wp-image-2123\" width=\"1728\" height=\"1152\" style=\"--aspect-ratio: 1.5\" srcset=\"https:\/\/suomenkuvalehti.fi\/kirjailijanpaivakirja\/wp-content\/uploads\/sites\/21\/2021\/07\/leikola_markus2016_02-1-300x200.jpg 300w, https:\/\/suomenkuvalehti.fi\/kirjailijanpaivakirja\/wp-content\/uploads\/sites\/21\/2021\/07\/leikola_markus2016_02-1-1024x683.jpg 1024w, https:\/\/suomenkuvalehti.fi\/kirjailijanpaivakirja\/wp-content\/uploads\/sites\/21\/2021\/07\/leikola_markus2016_02-1-768x512.jpg 768w, https:\/\/suomenkuvalehti.fi\/kirjailijanpaivakirja\/wp-content\/uploads\/sites\/21\/2021\/07\/leikola_markus2016_02-1-1536x1024.jpg 1536w, https:\/\/suomenkuvalehti.fi\/kirjailijanpaivakirja\/wp-content\/uploads\/sites\/21\/2021\/07\/leikola_markus2016_02-1.jpg 1728w\" sizes=\"auto, (max-width: 1728px) 100vw, 1728px\" \/><\/a>    <figcaption class=\"wp-block-image__figcaption\">\n      Markus Leikola.      <span class='wp-block-image__copyright'>&copy; Jaakko Martikainen \/ WSOY<\/span>    <\/figcaption>\n      <\/div>\n<\/figure>\n\n\n<p><strong>Mink\u00e4 kirjan olet lukenut viimeksi, kirjailija Markus Leikola?<\/strong><\/p>\n\n\n\n<p>&#8221;Kes\u00e4lukemisenani on p\u00e4\u00e4asiassa edellisen ja sit\u00e4 edellisen talven aikana ilmestyneit\u00e4 kotimaisia. Nyt sain juuri loppuun Joonas Kallosen esikoisen, Giljotiinin &#8211; tiiviiksi rakennettu romaani, minun makuuni hieman liiankin teoreettinen rakenne, mutta ilman muuta sellainen, joka kustantajien p\u00f6yd\u00e4ll\u00e4 erottuu joukosta ja panee odottamaan mielenkiinnolla h\u00e4nen toisinkoistaan.&#8221;<\/p>\n\n\n\n<p><strong>Luetko enemm\u00e4n tieto- vai kaunokirjallisuutta?<\/strong><\/p>\n\n\n\n<p>&#8221;Taustaty\u00f6ss\u00e4 omiin teoksiin olen tietokirjallisuuden suurkuluttaja, joten muu nonfiktion lukeminen j\u00e4\u00e4 liian v\u00e4h\u00e4lle &#8211; eli omaehtoinen lukeminen painottuu taas vahvasti kaunoon. Ja molemmissa olen yritt\u00e4nyt opetella my\u00f6s selailemaan; kaikkea ei pysty eik\u00e4 tarvitse lukea perin pohjin.&#8221;<\/p>\n\n\n\n<p><strong>Kuunteletko \u00e4\u00e4nikirjoja?<\/strong><\/p>\n\n\n\n<p>&#8221;Olen \u00e4\u00e4nikirjanoviisi viel\u00e4, kokeilut ovat rajoittuneet toistaiseksi ty\u00f6tarpeisiin Amazonin e-kirjojen \u00e4\u00e4niversioihin.&#8221;<\/p>\n\n\n\n<p><strong>Mit\u00e4 olet viimeksi oppinut kirjasta?<\/strong><\/p>\n\n\n\n<p>&#8221;Kirjoista oppiminen varmaan jakautuu kahtia: toisaalta niit\u00e4 tarkastelee ihan teknisesti k\u00e4sity\u00f6taidon n\u00e4k\u00f6kulmasta, toisaalta kirja, joka j\u00e4tt\u00e4\u00e4 j\u00e4ljen, kertoo aina jotakin olennaista ihmisen\u00e4 olemisesta. Viimeksi kev\u00e4\u00e4ll\u00e4 Kiinan holistisesta internet-j\u00e4rjestelm\u00e4st\u00e4.&#8221;<\/p>\n\n\n\n<p><strong>Jos saisit antaa yhden kirjan 18-vuotiaalle itsellesi, mink\u00e4 kirjan antaisit ja mit\u00e4 sanoisit sen ojentaessasi?<\/strong><\/p>\n\n\n\n<p>&#8221;T\u00e4m\u00e4 kysymys muistuttaa kiusallisesti kaikista niist\u00e4 tuolloin luetuista k\u00e4\u00e4nn\u00f6skirjoista ja klassikoista, jotka pit\u00e4isi nyt lukea uudestaan! Mutta kaikki ne ven\u00e4l\u00e4iset klassikot, joita en ollut silloin enk\u00e4 ole viel\u00e4k\u00e4\u00e4n lukenut, Sodasta ja rauhasta alkaen, ankaralla ev\u00e4styksell\u00e4: &#8217;\u00c4l\u00e4 j\u00e4t\u00e4 n\u00e4it\u00e4 odottamaan parempaa hetke\u00e4!&#8217; 8-vuotiaalle itselleni sen sijaan sanoisin, ett\u00e4 tietosanakirjan ensimm\u00e4ist\u00e4 osaa ei tarvitse lukea kannesta kanteen (eik\u00e4 muitakaan osia).&#8221;<\/p>\n\n\n\n<p><strong>Jos l\u00e4htisit lomalle paratiisisaarelle ja matkalaukkuun mahtuisi vain yksi kirja, mink\u00e4 ottaisit?<\/strong><\/p>\n\n\n\n<p>&#8221;Shakespearen kootut teokset.&#8221;<\/p>\n\n\n\n<p><strong>Mit\u00e4 sinulla on parhaillaan ty\u00f6n alla?<\/strong><\/p>\n\n\n\n<p>&#8221;Viime vuoden kes\u00e4loma ja hyvin irti melkein kaikesta. Elokuu alkaa novellin uudella kirjoituskierroksella ja jatkuu draamalla, syyskuussa paluu tiiliskiviproosan pariin jne. eli portfoliomeininki.&#8221;<\/p>\n\n\n","protected":false},"excerpt":{"rendered":"<p>Mink\u00e4 kirjan olet lukenut viimeksi, kirjailija Markus Leikola? &#8221;Kes\u00e4lukemisenani on p\u00e4\u00e4asiassa edellisen ja sit\u00e4 edellisen talven aikana ilmestyneit\u00e4 kotimaisia. Nyt sain juuri loppuun Joonas<br \/>\nKallo&hellip;<\/p>\n","protected":false},"author":129,"featured_media":2123,"comment_status":"open","ping_status":"open","sticky":false,"template":"","format":"standard","meta":{"_acf_changed":false,"asauth_required_access_level":3,"asauth_cansharepaid":"true","om_header_attributes":[],"footnotes":"","om_featured_image_focal_point":[],"om_primary_tag":0,"om_contributors":[],"om_co_authors":[],"beyondwords_generate_audio":"","beyondwords_project_id":"","beyondwords_content_id":"","beyondwords_preview_token":"","beyondwords_player_content":"","beyondwords_player_style":"","beyondwords_language_code":"","beyondwords_language_id":"","beyondwords_title_voice_id":"","beyondwords_body_voice_id":"","beyondwords_summary_voice_id":"","beyondwords_error_message":"","beyondwords_disabled":"","beyondwords_delete_content":"","beyondwords_podcast_id":"","beyondwords_hash":"","publish_post_to_speechkit":"","speechkit_hash":"","speechkit_generate_audio":"","speechkit_project_id":"","speechkit_podcast_id":"","speechkit_error_message":"","speechkit_disabled":"","speechkit_access_key":"","speechkit_error":"","speechkit_info":"","speechkit_response":"","speechkit_retries":"","speechkit_status":"","speechkit_updated_at":"","_speechkit_link":"","_speechkit_text":""},"categories":[1],"tags":[1516,428],"class_list":["post-2114","post","type-post","status-publish","format-standard","has-post-thumbnail","hentry","category-kirjailijan-paivakirja","tag-kuukauden-lukija","tag-markus-leikola"],"om_views":null,"acf":{"tuuma_off":false,"tuuma_kysymys":"","tuuma_vastaus":""},"asauth":{"required_access_level":1,"share_token":"","is_paid":false},"yoast_head":"<!-- This site is optimized with the Yoast SEO plugin v26.4 - https:\/\/yoast.com\/wordpress\/plugins\/seo\/ -->\n<title>Kuukauden lukija Markus Leikola kahdeksanvuotiaalle itselleen: &quot;Tietosanakirjaa ei tarvitse lukea kannesta kanteen&quot; - Kirjailijan p\u00e4iv\u00e4kirja<\/title>\n<meta name=\"description\" content=\"&quot;Taustaty\u00f6ss\u00e4 omiin teoksiin olen tietokirjallisuuden suurkuluttaja, joten muu nonfiktion lukeminen j\u00e4\u00e4 liian v\u00e4h\u00e4lle - eli omaehtoinen lukeminen painottuu taas vahvasti kaunoon. Ja molemmissa olen yritt\u00e4nyt opetella my\u00f6s selailemaan; kaikkea ei pysty eik\u00e4 tarvitse lukea perin pohjin.&quot;\" \/>\n<meta name=\"robots\" content=\"index, follow, max-snippet:-1, max-image-preview:large, max-video-preview:-1\" \/>\n<link rel=\"canonical\" href=\"https:\/\/suomenkuvalehti.fi\/kirjailijanpaivakirja\/kuukauden-lukija-markus-leikola-kahdeksanvuotiaalle-itselleen-tietosanakirjaa-ei-tarvitse-lukea-kannesta-kanteen\/\" \/>\n<meta property=\"og:locale\" content=\"fi_FI\" \/>\n<meta property=\"og:type\" content=\"article\" \/>\n<meta property=\"og:title\" content=\"Kuukauden lukija Markus Leikola kahdeksanvuotiaalle itselleen: &quot;Tietosanakirjaa ei tarvitse lukea kannesta kanteen&quot; - Kirjailijan p\u00e4iv\u00e4kirja\" \/>\n<meta property=\"og:description\" content=\"&quot;Taustaty\u00f6ss\u00e4 omiin teoksiin olen tietokirjallisuuden suurkuluttaja, joten muu nonfiktion lukeminen j\u00e4\u00e4 liian v\u00e4h\u00e4lle - eli omaehtoinen lukeminen painottuu taas vahvasti kaunoon. Ja molemmissa olen yritt\u00e4nyt opetella my\u00f6s selailemaan; kaikkea ei pysty eik\u00e4 tarvitse lukea perin pohjin.&quot;\" \/>\n<meta property=\"og:url\" content=\"https:\/\/suomenkuvalehti.fi\/kirjailijanpaivakirja\/kuukauden-lukija-markus-leikola-kahdeksanvuotiaalle-itselleen-tietosanakirjaa-ei-tarvitse-lukea-kannesta-kanteen\/\" \/>\n<meta property=\"og:site_name\" content=\"Kirjailijan p\u00e4iv\u00e4kirja\" \/>\n<meta property=\"article:published_time\" content=\"2021-07-20T07:13:48+00:00\" \/>\n<meta property=\"article:modified_time\" content=\"2021-07-20T09:53:53+00:00\" \/>\n<meta property=\"og:image\" content=\"https:\/\/suomenkuvalehti.fi\/kirjailijanpaivakirja\/wp-content\/uploads\/sites\/21\/2021\/07\/leikola_markus2016_02-1.jpg\" \/>\n\t<meta property=\"og:image:width\" content=\"1728\" \/>\n\t<meta property=\"og:image:height\" content=\"1152\" \/>\n\t<meta property=\"og:image:type\" content=\"image\/jpeg\" \/>\n<meta name=\"author\" content=\"Karo H\u00e4m\u00e4l\u00e4inen\" \/>\n<meta name=\"twitter:card\" content=\"summary_large_image\" \/>\n<meta name=\"twitter:label1\" content=\"Written by\" \/>\n\t<meta name=\"twitter:data1\" content=\"Karo H\u00e4m\u00e4l\u00e4inen\" \/>\n\t<meta name=\"twitter:label2\" content=\"Est. reading time\" \/>\n\t<meta name=\"twitter:data2\" content=\"2 minuuttia\" \/>\n<script type=\"application\/ld+json\" class=\"yoast-schema-graph\">{\"@context\":\"https:\/\/schema.org\",\"@graph\":[{\"@type\":\"WebPage\",\"@id\":\"https:\/\/suomenkuvalehti.fi\/kirjailijanpaivakirja\/kuukauden-lukija-markus-leikola-kahdeksanvuotiaalle-itselleen-tietosanakirjaa-ei-tarvitse-lukea-kannesta-kanteen\/\",\"url\":\"https:\/\/suomenkuvalehti.fi\/kirjailijanpaivakirja\/kuukauden-lukija-markus-leikola-kahdeksanvuotiaalle-itselleen-tietosanakirjaa-ei-tarvitse-lukea-kannesta-kanteen\/\",\"name\":\"Kuukauden lukija Markus Leikola kahdeksanvuotiaalle itselleen: \\\"Tietosanakirjaa ei tarvitse lukea kannesta kanteen\\\" - Kirjailijan p\u00e4iv\u00e4kirja\",\"isPartOf\":{\"@id\":\"https:\/\/suomenkuvalehti.fi\/kirjailijanpaivakirja\/#website\"},\"primaryImageOfPage\":{\"@id\":\"https:\/\/suomenkuvalehti.fi\/kirjailijanpaivakirja\/kuukauden-lukija-markus-leikola-kahdeksanvuotiaalle-itselleen-tietosanakirjaa-ei-tarvitse-lukea-kannesta-kanteen\/#primaryimage\"},\"image\":{\"@id\":\"https:\/\/suomenkuvalehti.fi\/kirjailijanpaivakirja\/kuukauden-lukija-markus-leikola-kahdeksanvuotiaalle-itselleen-tietosanakirjaa-ei-tarvitse-lukea-kannesta-kanteen\/#primaryimage\"},\"thumbnailUrl\":\"https:\/\/suomenkuvalehti.fi\/kirjailijanpaivakirja\/wp-content\/uploads\/sites\/21\/2021\/07\/leikola_markus2016_02-1.jpg\",\"datePublished\":\"2021-07-20T07:13:48+00:00\",\"dateModified\":\"2021-07-20T09:53:53+00:00\",\"author\":{\"@id\":\"https:\/\/suomenkuvalehti.fi\/kirjailijanpaivakirja\/#\/schema\/person\/ca2dfd9d508d8c675e07b3c099fc789b\"},\"description\":\"\\\"Taustaty\u00f6ss\u00e4 omiin teoksiin olen tietokirjallisuuden suurkuluttaja, joten muu nonfiktion lukeminen j\u00e4\u00e4 liian v\u00e4h\u00e4lle - eli omaehtoinen lukeminen painottuu taas vahvasti kaunoon. Ja molemmissa olen yritt\u00e4nyt opetella my\u00f6s selailemaan; kaikkea ei pysty eik\u00e4 tarvitse lukea perin pohjin.\\\"\",\"breadcrumb\":{\"@id\":\"https:\/\/suomenkuvalehti.fi\/kirjailijanpaivakirja\/kuukauden-lukija-markus-leikola-kahdeksanvuotiaalle-itselleen-tietosanakirjaa-ei-tarvitse-lukea-kannesta-kanteen\/#breadcrumb\"},\"inLanguage\":\"fi\",\"potentialAction\":[{\"@type\":\"ReadAction\",\"target\":[\"https:\/\/suomenkuvalehti.fi\/kirjailijanpaivakirja\/kuukauden-lukija-markus-leikola-kahdeksanvuotiaalle-itselleen-tietosanakirjaa-ei-tarvitse-lukea-kannesta-kanteen\/\"]}]},{\"@type\":\"ImageObject\",\"inLanguage\":\"fi\",\"@id\":\"https:\/\/suomenkuvalehti.fi\/kirjailijanpaivakirja\/kuukauden-lukija-markus-leikola-kahdeksanvuotiaalle-itselleen-tietosanakirjaa-ei-tarvitse-lukea-kannesta-kanteen\/#primaryimage\",\"url\":\"https:\/\/suomenkuvalehti.fi\/kirjailijanpaivakirja\/wp-content\/uploads\/sites\/21\/2021\/07\/leikola_markus2016_02-1.jpg\",\"contentUrl\":\"https:\/\/suomenkuvalehti.fi\/kirjailijanpaivakirja\/wp-content\/uploads\/sites\/21\/2021\/07\/leikola_markus2016_02-1.jpg\",\"width\":1728,\"height\":1152,\"caption\":\"Markus Leikola.\"},{\"@type\":\"BreadcrumbList\",\"@id\":\"https:\/\/suomenkuvalehti.fi\/kirjailijanpaivakirja\/kuukauden-lukija-markus-leikola-kahdeksanvuotiaalle-itselleen-tietosanakirjaa-ei-tarvitse-lukea-kannesta-kanteen\/#breadcrumb\",\"itemListElement\":[{\"@type\":\"ListItem\",\"position\":1,\"name\":\"Home\",\"item\":\"https:\/\/suomenkuvalehti.fi\/kirjailijanpaivakirja\/\"},{\"@type\":\"ListItem\",\"position\":2,\"name\":\"Kuukauden lukija Markus Leikola kahdeksanvuotiaalle itselleen: &#8221;Tietosanakirjaa ei tarvitse lukea kannesta kanteen&#8221;\"}]},{\"@type\":\"WebSite\",\"@id\":\"https:\/\/suomenkuvalehti.fi\/kirjailijanpaivakirja\/#website\",\"url\":\"https:\/\/suomenkuvalehti.fi\/kirjailijanpaivakirja\/\",\"name\":\"Kirjailijan p\u00e4iv\u00e4kirja\",\"description\":\"Proosakirjailijan arkea ja kirjallisuuden ajankohtaisia aiheita.\",\"potentialAction\":[{\"@type\":\"SearchAction\",\"target\":{\"@type\":\"EntryPoint\",\"urlTemplate\":\"https:\/\/suomenkuvalehti.fi\/haku\/?q={search_term_string}\"},\"query-input\":{\"@type\":\"PropertyValueSpecification\",\"valueRequired\":true,\"valueName\":\"search_term_string\"}}],\"inLanguage\":\"fi\"},{\"@type\":\"Person\",\"@id\":\"https:\/\/suomenkuvalehti.fi\/kirjailijanpaivakirja\/#\/schema\/person\/ca2dfd9d508d8c675e07b3c099fc789b\",\"name\":\"Karo H\u00e4m\u00e4l\u00e4inen\",\"image\":{\"@type\":\"ImageObject\",\"inLanguage\":\"fi\",\"@id\":\"https:\/\/suomenkuvalehti.fi\/kirjailijanpaivakirja\/#\/schema\/person\/image\/\",\"url\":\"https:\/\/suomenkuvalehti.fi\/kirjailijanpaivakirja\/wp-content\/uploads\/sites\/21\/2022\/04\/hamalainen_karo06-1-150x150.jpg\",\"contentUrl\":\"https:\/\/suomenkuvalehti.fi\/kirjailijanpaivakirja\/wp-content\/uploads\/sites\/21\/2022\/04\/hamalainen_karo06-1-150x150.jpg\",\"caption\":\"Karo H\u00e4m\u00e4l\u00e4inen\"},\"description\":\"Karo H\u00e4m\u00e4l\u00e4inen on kirjailija ja talouteen erikoistunut vapaa toimittaja.\"}]}<\/script>\n<!-- \/ Yoast SEO plugin. -->","yoast_head_json":{"title":"Kuukauden lukija Markus Leikola kahdeksanvuotiaalle itselleen: \"Tietosanakirjaa ei tarvitse lukea kannesta kanteen\" - Kirjailijan p\u00e4iv\u00e4kirja","description":"\"Taustaty\u00f6ss\u00e4 omiin teoksiin olen tietokirjallisuuden suurkuluttaja, joten muu nonfiktion lukeminen j\u00e4\u00e4 liian v\u00e4h\u00e4lle - eli omaehtoinen lukeminen painottuu taas vahvasti kaunoon. Ja molemmissa olen yritt\u00e4nyt opetella my\u00f6s selailemaan; kaikkea ei pysty eik\u00e4 tarvitse lukea perin pohjin.\"","robots":{"index":"index","follow":"follow","max-snippet":"max-snippet:-1","max-image-preview":"max-image-preview:large","max-video-preview":"max-video-preview:-1"},"canonical":"https:\/\/suomenkuvalehti.fi\/kirjailijanpaivakirja\/kuukauden-lukija-markus-leikola-kahdeksanvuotiaalle-itselleen-tietosanakirjaa-ei-tarvitse-lukea-kannesta-kanteen\/","og_locale":"fi_FI","og_type":"article","og_title":"Kuukauden lukija Markus Leikola kahdeksanvuotiaalle itselleen: \"Tietosanakirjaa ei tarvitse lukea kannesta kanteen\" - Kirjailijan p\u00e4iv\u00e4kirja","og_description":"\"Taustaty\u00f6ss\u00e4 omiin teoksiin olen tietokirjallisuuden suurkuluttaja, joten muu nonfiktion lukeminen j\u00e4\u00e4 liian v\u00e4h\u00e4lle - eli omaehtoinen lukeminen painottuu taas vahvasti kaunoon. Ja molemmissa olen yritt\u00e4nyt opetella my\u00f6s selailemaan; kaikkea ei pysty eik\u00e4 tarvitse lukea perin pohjin.\"","og_url":"https:\/\/suomenkuvalehti.fi\/kirjailijanpaivakirja\/kuukauden-lukija-markus-leikola-kahdeksanvuotiaalle-itselleen-tietosanakirjaa-ei-tarvitse-lukea-kannesta-kanteen\/","og_site_name":"Kirjailijan p\u00e4iv\u00e4kirja","article_published_time":"2021-07-20T07:13:48+00:00","article_modified_time":"2021-07-20T09:53:53+00:00","og_image":[{"width":1728,"height":1152,"url":"https:\/\/suomenkuvalehti.fi\/kirjailijanpaivakirja\/wp-content\/uploads\/sites\/21\/2021\/07\/leikola_markus2016_02-1.jpg","type":"image\/jpeg"}],"author":"Karo H\u00e4m\u00e4l\u00e4inen","twitter_card":"summary_large_image","twitter_misc":{"Written by":"Karo H\u00e4m\u00e4l\u00e4inen","Est. reading time":"2 minuuttia"},"schema":{"@context":"https:\/\/schema.org","@graph":[{"@type":"WebPage","@id":"https:\/\/suomenkuvalehti.fi\/kirjailijanpaivakirja\/kuukauden-lukija-markus-leikola-kahdeksanvuotiaalle-itselleen-tietosanakirjaa-ei-tarvitse-lukea-kannesta-kanteen\/","url":"https:\/\/suomenkuvalehti.fi\/kirjailijanpaivakirja\/kuukauden-lukija-markus-leikola-kahdeksanvuotiaalle-itselleen-tietosanakirjaa-ei-tarvitse-lukea-kannesta-kanteen\/","name":"Kuukauden lukija Markus Leikola kahdeksanvuotiaalle itselleen: \"Tietosanakirjaa ei tarvitse lukea kannesta kanteen\" - Kirjailijan p\u00e4iv\u00e4kirja","isPartOf":{"@id":"https:\/\/suomenkuvalehti.fi\/kirjailijanpaivakirja\/#website"},"primaryImageOfPage":{"@id":"https:\/\/suomenkuvalehti.fi\/kirjailijanpaivakirja\/kuukauden-lukija-markus-leikola-kahdeksanvuotiaalle-itselleen-tietosanakirjaa-ei-tarvitse-lukea-kannesta-kanteen\/#primaryimage"},"image":{"@id":"https:\/\/suomenkuvalehti.fi\/kirjailijanpaivakirja\/kuukauden-lukija-markus-leikola-kahdeksanvuotiaalle-itselleen-tietosanakirjaa-ei-tarvitse-lukea-kannesta-kanteen\/#primaryimage"},"thumbnailUrl":"https:\/\/suomenkuvalehti.fi\/kirjailijanpaivakirja\/wp-content\/uploads\/sites\/21\/2021\/07\/leikola_markus2016_02-1.jpg","datePublished":"2021-07-20T07:13:48+00:00","dateModified":"2021-07-20T09:53:53+00:00","author":{"@id":"https:\/\/suomenkuvalehti.fi\/kirjailijanpaivakirja\/#\/schema\/person\/ca2dfd9d508d8c675e07b3c099fc789b"},"description":"\"Taustaty\u00f6ss\u00e4 omiin teoksiin olen tietokirjallisuuden suurkuluttaja, joten muu nonfiktion lukeminen j\u00e4\u00e4 liian v\u00e4h\u00e4lle - eli omaehtoinen lukeminen painottuu taas vahvasti kaunoon. Ja molemmissa olen yritt\u00e4nyt opetella my\u00f6s selailemaan; kaikkea ei pysty eik\u00e4 tarvitse lukea perin pohjin.\"","breadcrumb":{"@id":"https:\/\/suomenkuvalehti.fi\/kirjailijanpaivakirja\/kuukauden-lukija-markus-leikola-kahdeksanvuotiaalle-itselleen-tietosanakirjaa-ei-tarvitse-lukea-kannesta-kanteen\/#breadcrumb"},"inLanguage":"fi","potentialAction":[{"@type":"ReadAction","target":["https:\/\/suomenkuvalehti.fi\/kirjailijanpaivakirja\/kuukauden-lukija-markus-leikola-kahdeksanvuotiaalle-itselleen-tietosanakirjaa-ei-tarvitse-lukea-kannesta-kanteen\/"]}]},{"@type":"ImageObject","inLanguage":"fi","@id":"https:\/\/suomenkuvalehti.fi\/kirjailijanpaivakirja\/kuukauden-lukija-markus-leikola-kahdeksanvuotiaalle-itselleen-tietosanakirjaa-ei-tarvitse-lukea-kannesta-kanteen\/#primaryimage","url":"https:\/\/suomenkuvalehti.fi\/kirjailijanpaivakirja\/wp-content\/uploads\/sites\/21\/2021\/07\/leikola_markus2016_02-1.jpg","contentUrl":"https:\/\/suomenkuvalehti.fi\/kirjailijanpaivakirja\/wp-content\/uploads\/sites\/21\/2021\/07\/leikola_markus2016_02-1.jpg","width":1728,"height":1152,"caption":"Markus Leikola."},{"@type":"BreadcrumbList","@id":"https:\/\/suomenkuvalehti.fi\/kirjailijanpaivakirja\/kuukauden-lukija-markus-leikola-kahdeksanvuotiaalle-itselleen-tietosanakirjaa-ei-tarvitse-lukea-kannesta-kanteen\/#breadcrumb","itemListElement":[{"@type":"ListItem","position":1,"name":"Home","item":"https:\/\/suomenkuvalehti.fi\/kirjailijanpaivakirja\/"},{"@type":"ListItem","position":2,"name":"Kuukauden lukija Markus Leikola kahdeksanvuotiaalle itselleen: &#8221;Tietosanakirjaa ei tarvitse lukea kannesta kanteen&#8221;"}]},{"@type":"WebSite","@id":"https:\/\/suomenkuvalehti.fi\/kirjailijanpaivakirja\/#website","url":"https:\/\/suomenkuvalehti.fi\/kirjailijanpaivakirja\/","name":"Kirjailijan p\u00e4iv\u00e4kirja","description":"Proosakirjailijan arkea ja kirjallisuuden ajankohtaisia aiheita.","potentialAction":[{"@type":"SearchAction","target":{"@type":"EntryPoint","urlTemplate":"https:\/\/suomenkuvalehti.fi\/haku\/?q={search_term_string}"},"query-input":{"@type":"PropertyValueSpecification","valueRequired":true,"valueName":"search_term_string"}}],"inLanguage":"fi"},{"@type":"Person","@id":"https:\/\/suomenkuvalehti.fi\/kirjailijanpaivakirja\/#\/schema\/person\/ca2dfd9d508d8c675e07b3c099fc789b","name":"Karo H\u00e4m\u00e4l\u00e4inen","image":{"@type":"ImageObject","inLanguage":"fi","@id":"https:\/\/suomenkuvalehti.fi\/kirjailijanpaivakirja\/#\/schema\/person\/image\/","url":"https:\/\/suomenkuvalehti.fi\/kirjailijanpaivakirja\/wp-content\/uploads\/sites\/21\/2022\/04\/hamalainen_karo06-1-150x150.jpg","contentUrl":"https:\/\/suomenkuvalehti.fi\/kirjailijanpaivakirja\/wp-content\/uploads\/sites\/21\/2022\/04\/hamalainen_karo06-1-150x150.jpg","caption":"Karo H\u00e4m\u00e4l\u00e4inen"},"description":"Karo H\u00e4m\u00e4l\u00e4inen on kirjailija ja talouteen erikoistunut vapaa toimittaja."}]}},"_links":{"self":[{"href":"https:\/\/suomenkuvalehti.fi\/kirjailijanpaivakirja\/wp-json\/wp\/v2\/posts\/2114","targetHints":{"allow":["GET"]}}],"collection":[{"href":"https:\/\/suomenkuvalehti.fi\/kirjailijanpaivakirja\/wp-json\/wp\/v2\/posts"}],"about":[{"href":"https:\/\/suomenkuvalehti.fi\/kirjailijanpaivakirja\/wp-json\/wp\/v2\/types\/post"}],"author":[{"embeddable":true,"href":"https:\/\/suomenkuvalehti.fi\/kirjailijanpaivakirja\/wp-json\/wp\/v2\/users\/129"}],"replies":[{"embeddable":true,"href":"https:\/\/suomenkuvalehti.fi\/kirjailijanpaivakirja\/wp-json\/wp\/v2\/comments?post=2114"}],"version-history":[{"count":10,"href":"https:\/\/suomenkuvalehti.fi\/kirjailijanpaivakirja\/wp-json\/wp\/v2\/posts\/2114\/revisions"}],"predecessor-version":[{"id":2128,"href":"https:\/\/suomenkuvalehti.fi\/kirjailijanpaivakirja\/wp-json\/wp\/v2\/posts\/2114\/revisions\/2128"}],"wp:featuredmedia":[{"embeddable":true,"href":"https:\/\/suomenkuvalehti.fi\/kirjailijanpaivakirja\/wp-json\/wp\/v2\/media\/2123"}],"wp:attachment":[{"href":"https:\/\/suomenkuvalehti.fi\/kirjailijanpaivakirja\/wp-json\/wp\/v2\/media?parent=2114"}],"wp:term":[{"taxonomy":"category","embeddable":true,"href":"https:\/\/suomenkuvalehti.fi\/kirjailijanpaivakirja\/wp-json\/wp\/v2\/categories?post=2114"},{"taxonomy":"post_tag","embeddable":true,"href":"https:\/\/suomenkuvalehti.fi\/kirjailijanpaivakirja\/wp-json\/wp\/v2\/tags?post=2114"}],"curies":[{"name":"wp","href":"https:\/\/api.w.org\/{rel}","templated":true}]}}