{"id":2047,"date":"2021-03-29T10:32:30","date_gmt":"2021-03-29T07:32:30","guid":{"rendered":"https:\/\/suomenkuvalehti.fi\/kirjailijanpaivakirja\/?p=2047"},"modified":"2021-03-29T10:38:07","modified_gmt":"2021-03-29T07:38:07","slug":"petteri-taalas-kirjoitti-kirjan-jollaista-olisin-toivonut-jos-olisin-ymmartanyt-sen-olevan-mahdollista","status":"publish","type":"post","link":"https:\/\/suomenkuvalehti.fi\/kirjailijanpaivakirja\/petteri-taalas-kirjoitti-kirjan-jollaista-olisin-toivonut-jos-olisin-ymmartanyt-sen-olevan-mahdollista\/","title":{"rendered":"Petteri Taalas kirjoitti kirjan, jollaista olisin toivonut, jos olisin ymm\u00e4rt\u00e4nyt sen olevan mahdollista"},"content":{"rendered":"<figure class=\"alignleft size-medium wp-block-image\">\n  <div class=\"wp-block-image__inner-container\">\n    <a href='https:\/\/suomenkuvalehti.fi\/kirjailijanpaivakirja\/wp-content\/uploads\/sites\/21\/2021\/03\/taalas_petteri_2020_02.jpg'><img loading=\"lazy\" decoding=\"async\" src=\"https:\/\/suomenkuvalehti.fi\/kirjailijanpaivakirja\/wp-content\/uploads\/sites\/21\/2021\/03\/taalas_petteri_2020_02-300x200.jpg\" alt=\"\" class=\"wp-image-2048\" width=\"2560\" height=\"1707\" style=\"--aspect-ratio: 1.5\" srcset=\"https:\/\/suomenkuvalehti.fi\/kirjailijanpaivakirja\/wp-content\/uploads\/sites\/21\/2021\/03\/taalas_petteri_2020_02-300x200.jpg 300w, https:\/\/suomenkuvalehti.fi\/kirjailijanpaivakirja\/wp-content\/uploads\/sites\/21\/2021\/03\/taalas_petteri_2020_02-1024x683.jpg 1024w, https:\/\/suomenkuvalehti.fi\/kirjailijanpaivakirja\/wp-content\/uploads\/sites\/21\/2021\/03\/taalas_petteri_2020_02-768x512.jpg 768w, https:\/\/suomenkuvalehti.fi\/kirjailijanpaivakirja\/wp-content\/uploads\/sites\/21\/2021\/03\/taalas_petteri_2020_02-1536x1024.jpg 1536w, https:\/\/suomenkuvalehti.fi\/kirjailijanpaivakirja\/wp-content\/uploads\/sites\/21\/2021\/03\/taalas_petteri_2020_02-2048x1366.jpg 2048w, https:\/\/suomenkuvalehti.fi\/kirjailijanpaivakirja\/wp-content\/uploads\/sites\/21\/2021\/03\/taalas_petteri_2020_02-630x420.jpg 630w\" sizes=\"auto, (max-width: 2560px) 100vw, 2560px\" \/><\/a>    <figcaption class=\"wp-block-image__figcaption\">\n      Petteri Taalas.      <span class='wp-block-image__copyright'>&copy; Markko Taina \/ Tammi.<\/span>    <\/figcaption>\n      <\/div>\n<\/figure>\n\n\n<p><span class=\"capitalized\">Oletan<\/span> ajatuksen syntyneen Tammessa: pyydet\u00e4\u00e4np\u00e4 Maailman ilmatieteen laitoksen p\u00e4\u00e4sihteerilt\u00e4 <strong>Petteri Taalakselta<\/strong> yleistajuinen tietokirja ilmastonmuutoksesta.<\/p>\n\n\n\n<p>Jos n\u00e4in on, kiitos niille, jotka idean saivat ja panivat toimeksi. Kiitos my\u00f6s Petteri Taalakselle, ett\u00e4 h\u00e4n tarttui ehdotukseen.<\/p>\n\n\n\n<p><em>Ilmastonmuutos ilmastotieteilij\u00e4n silmin<\/em> (Tammi 2021) on nimitt\u00e4in juuri sellainen kirja, jota olisin voinut toivoa, jos edes olisin ymm\u00e4rt\u00e4nyt sen olevan mahdollinen.<\/p>\n\n\n\n<p>&nbsp;<\/p>\n\n\n\n<p><span class=\"capitalized\">Ilmastonmuutos<\/span> her\u00e4tt\u00e4\u00e4 tunteita ja kirvoittaa ylily\u00f6v\u00e4\u00e4 kommentointia. Dystopiamaalailut ja n\u00e4ytt\u00e4v\u00e4t tempaukset ker\u00e4\u00e4v\u00e4t huomiota, ja toisaalla osa j\u00e4\u00e4r\u00e4p\u00e4isesti kiist\u00e4\u00e4 ilmiselv\u00e4t tutkimustulokset.<\/p>\n\n\n\n<p>Tiedotusv\u00e4lineet kohdistavat huomion usein yhteen detaljiin kerralla, mutta kokonaiskuvan saaminen edellytt\u00e4\u00e4 monimutkaisen systeemin hallitsemista ja luonnontieteiden lis\u00e4ksi talouden ja politiikan toimintamekanismien ymm\u00e4rt\u00e4mist\u00e4.<\/p>\n\n\n\n<p>Eik\u00f6 joku neutraali asiantuntija voisi kertoa, mist\u00e4 tiedeyhteis\u00f6ss\u00e4 vallitsee jonkinmoinen konsensus ja mitk\u00e4 asiat ovat olennaisia ilmastonmuutoksen hillinn\u00e4n kannalta? Voisiko joku ryhty\u00e4 ilmastomentorikseni?<\/p>\n\n\n\n<p>&nbsp;<\/p>\n\n\n\n<p><span class=\"capitalized\">Vuonna 1993<\/span> meteorologiasta v\u00e4itellyt, pitk\u00e4\u00e4n Ilmatieteen laitoksen johtajan ty\u00f6skennellyt ja YK-uralle p\u00e4\u00e4tynyt Taalas on t\u00e4h\u00e4n teht\u00e4v\u00e4\u00e4n enemm\u00e4n kuin osuva henkil\u00f6. Maailman ilmatieteen laitos on luultavasti maailman paras paikka saada aiheeseen liittyv\u00e4\u00e4 tietoa tuoreeltaan ja kattavasti.<\/p>\n\n\n\n<p>Samalla positio v\u00e4ist\u00e4m\u00e4tt\u00e4 tekee spesialistista aiheen suhteen generalistin, mik\u00e4 t\u00e4ss\u00e4 tapauksessa tarkoittaa mahdollisuutta kokonaisn\u00e4kemykseen, jota esimerkiksi omat tutkimusintressit eiv\u00e4t vinouta.<\/p>\n\n\n\n<p>Kirjassaan Taalas kuljettaa mukana omaa henkil\u00f6historiaansa ja ty\u00f6uraansa ja siten samalla tuo esiin sen, kuinka suhtautuminen ilmastokysymyksiin on muuttunut vuosikymmenten varrella. Se puolestaan muistuttaa siit\u00e4, kuinka paljon tarkastelukulma vaikuttaa siihen, mit\u00e4 n\u00e4kee.<\/p>\n\n\n\n<p>Eik\u00e4 t\u00e4m\u00e4k\u00e4\u00e4n kirja voi olla lopullinen tai yksinomainen totuus alati muuttuvasta tarkastelukohteesta vaan kokeneen asiantuntijan punnittu mutta subjektiivinen n\u00e4kemys.<\/p>\n\n\n\n<p>&nbsp;<\/p>\n\n\n\n<p><span class=\"capitalized\">Mieleeni<\/span> ei ole j\u00e4\u00e4nyt, ett\u00e4 vuoden 2010 kes\u00e4 olisi ollut poikkeuksellisen l\u00e4mmin. Varmaankin kirjoitin silloin niin tiiviisti <em>Erottaja<\/em>-finanssitrillerini k\u00e4sikirjoitusta, etten kiinnitt\u00e4nyt s\u00e4\u00e4tilaan huomiota.<\/p>\n\n\n\n<p>Joka tapauksessa kes\u00e4n 2010 helleaallon lasketaan aiheuttaneen Suomessa hein\u00e4kuussa noin 500 ihmisen menehtymisen kuumuuteen.<\/p>\n\n\n\n<p>Lukua voi verrata siihen, ett\u00e4 koronavirukseen on Suomessa kuollut kuluneen vuoden aikana noin 800 henkil\u00f6\u00e4.<\/p>\n\n\n\n<p>&#8221;[Korona-]pandemian vaikutukset ovat lyhytaikaisia verrattuna ilmastonmuutoksen torjunnassa ep\u00e4onnistumiseen, joka uhkaa tuottaa satojen vuosien iskun maailmantalouteen ja johtaa useata kertaluokkaa suurempaan kuolleisuuden lis\u00e4ykseen ja hyvinvoinnin laskuun. My\u00f6s planeettamme biosf\u00e4\u00e4ri\u00e4 uhkaavat mullistukset ovat dramaattisia&#8221;, Taalas kirjoittaa.<\/p>\n\n\n\n<p>&nbsp;<\/p>\n\n\n\n<p><span class=\"capitalized\">S\u00e4\u00e4n \u00e4\u00e4ri-ilmi\u00f6t<\/span> ovat kasvussa, mik\u00e4 n\u00e4kyy esimerkiksi j\u00e4lleenvakuuttajien arvioissa. Vaikka \u00e4\u00e4ris\u00e4it\u00e4 ei pystyt\u00e4 est\u00e4m\u00e4\u00e4n eik\u00e4 hallitsemaan, s\u00e4\u00e4palveluiden kehitt\u00e4minen ja varautuminen ovat pienent\u00e4neet kuolonuhrien m\u00e4\u00e4r\u00e4\u00e4.<\/p>\n\n\n\n<p>Vuosien 1955\u20131975 v\u00e4lisen\u00e4 aikana s\u00e4\u00e4katastrofien vuoksi kuoli keskim\u00e4\u00e4rin yli 200 000 henkil\u00f6\u00e4 vuodessa, kun viime vuosikymmenten aikana kuolleisuus on ollut 200 000\u2013300 000 uhria vuosikymmeness\u00e4 eli keskim\u00e4\u00e4rin 20 000\u201330 000 ihmist\u00e4 vuodessa.<\/p>\n\n\n\n<p>&nbsp;<\/p>\n\n\n\n<p><span class=\"capitalized\">&#8221;Nykymenon<\/span> jatkuminen olisi katastrofaalista, enk\u00e4 usko sit\u00e4 kenenk\u00e4\u00e4n t\u00e4ysj\u00e4rkisen planeettamme asukkaan haluavan&#8221;, Taalas kirjoittaa teoksensa viimeisess\u00e4 luvussa pohjustuksena sille, mit\u00e4 pit\u00e4isi tehd\u00e4.<\/p>\n\n\n\n<p>Koska yritykset ovat ilmastokysymyksiss\u00e4 avainroolissa, niille on luotava stabiili investointin\u00e4kym\u00e4. Ei saisi olla ep\u00e4tervett\u00e4 kilpailua maiden tai lains\u00e4\u00e4d\u00e4nn\u00f6llisten yksikk\u00f6jen v\u00e4lill\u00e4.<\/p>\n\n\n\n<p>Ylip\u00e4\u00e4t\u00e4\u00e4n ilmasto on globaali kysymys. Siksi vaikkapa Suomen metsi\u00e4 ei voi ajatella vain Suomen vaan koko maailman kannalta.<\/p>\n\n\n\n<p>Taalas my\u00f6s arvostelee ilmastonmuutoskeskustelua laskutaidottomuudesta.<\/p>\n\n\n\n<p>&#8221;Ruokavalion, lapsiluvun, metsien ja lentoliikenteen merkitys on t\u00e4rke\u00e4 arvottaa niit\u00e4 kuvaavilla luvuilla ja ottaa huomioon koko p\u00e4\u00e4st\u00f6jen v\u00e4hent\u00e4misen kirjo&#8221;, h\u00e4n kirjoittaa ja jatkaa, ett\u00e4 ilmastomuutoksen kannalta keskeisin kysymys on fossiilisten polttoaineiden k\u00e4ytt\u00f6, siis niist\u00e4 luopuminen.<\/p>\n\n\n","protected":false},"excerpt":{"rendered":"<p>Oletan ajatuksen syntyneen Tammessa: pyydet\u00e4\u00e4np\u00e4 Maailman ilmatieteen laitoksen p\u00e4\u00e4sihteerilt\u00e4 Petteri Taalakselta yleistajuinen tietokirja ilmastonmuutoksesta. Jos n\u00e4in on, kiitos niille, jotka idean saivat ja panivat<br \/>\ntoimek&hellip;<\/p>\n","protected":false},"author":129,"featured_media":2048,"comment_status":"open","ping_status":"open","sticky":false,"template":"","format":"standard","meta":{"_acf_changed":false,"asauth_required_access_level":3,"asauth_cansharepaid":"true","om_header_attributes":[],"footnotes":"","om_featured_image_focal_point":[],"om_primary_tag":0,"om_contributors":[],"om_co_authors":[],"beyondwords_generate_audio":"","beyondwords_project_id":"","beyondwords_content_id":"","beyondwords_preview_token":"","beyondwords_player_content":"","beyondwords_player_style":"","beyondwords_language_code":"","beyondwords_language_id":"","beyondwords_title_voice_id":"","beyondwords_body_voice_id":"","beyondwords_summary_voice_id":"","beyondwords_error_message":"","beyondwords_disabled":"","beyondwords_delete_content":"","beyondwords_podcast_id":"","beyondwords_hash":"","publish_post_to_speechkit":"","speechkit_hash":"","speechkit_generate_audio":"","speechkit_project_id":"","speechkit_podcast_id":"","speechkit_error_message":"","speechkit_disabled":"","speechkit_access_key":"","speechkit_error":"","speechkit_info":"","speechkit_response":"","speechkit_retries":"","speechkit_status":"","speechkit_updated_at":"","_speechkit_link":"","_speechkit_text":""},"categories":[1],"tags":[1343,1489],"class_list":["post-2047","post","type-post","status-publish","format-standard","has-post-thumbnail","hentry","category-kirjailijan-paivakirja","tag-ilmastonmuutos","tag-petteri-taalas"],"om_views":null,"acf":{"tuuma_off":false,"tuuma_kysymys":"","tuuma_vastaus":""},"asauth":{"required_access_level":1,"share_token":"","is_paid":false},"yoast_head":"<!-- This site is optimized with the Yoast SEO plugin v26.4 - https:\/\/yoast.com\/wordpress\/plugins\/seo\/ -->\n<title>Petteri Taalas kirjoitti kirjan, jollaista olisin toivonut, jos olisin ymm\u00e4rt\u00e4nyt sen olevan mahdollista - Kirjailijan p\u00e4iv\u00e4kirja<\/title>\n<meta name=\"description\" content=\"&quot;Nykymenon jatkuminen olisi katastrofaalista, enk\u00e4 usko sit\u00e4 kenenk\u00e4\u00e4n t\u00e4ysj\u00e4rkisen planeettamme asukkaan haluavan&quot;, Petteri Taalas kirjoittaa.\" \/>\n<meta name=\"robots\" content=\"index, follow, max-snippet:-1, max-image-preview:large, max-video-preview:-1\" \/>\n<link rel=\"canonical\" href=\"https:\/\/suomenkuvalehti.fi\/kirjailijanpaivakirja\/petteri-taalas-kirjoitti-kirjan-jollaista-olisin-toivonut-jos-olisin-ymmartanyt-sen-olevan-mahdollista\/\" \/>\n<meta property=\"og:locale\" content=\"fi_FI\" \/>\n<meta property=\"og:type\" content=\"article\" \/>\n<meta property=\"og:title\" content=\"Petteri Taalas kirjoitti kirjan, jollaista olisin toivonut, jos olisin ymm\u00e4rt\u00e4nyt sen olevan mahdollista - Kirjailijan p\u00e4iv\u00e4kirja\" \/>\n<meta property=\"og:description\" content=\"&quot;Nykymenon jatkuminen olisi katastrofaalista, enk\u00e4 usko sit\u00e4 kenenk\u00e4\u00e4n t\u00e4ysj\u00e4rkisen planeettamme asukkaan haluavan&quot;, Petteri Taalas kirjoittaa.\" \/>\n<meta property=\"og:url\" content=\"https:\/\/suomenkuvalehti.fi\/kirjailijanpaivakirja\/petteri-taalas-kirjoitti-kirjan-jollaista-olisin-toivonut-jos-olisin-ymmartanyt-sen-olevan-mahdollista\/\" \/>\n<meta property=\"og:site_name\" content=\"Kirjailijan p\u00e4iv\u00e4kirja\" \/>\n<meta property=\"article:published_time\" content=\"2021-03-29T07:32:30+00:00\" \/>\n<meta property=\"article:modified_time\" content=\"2021-03-29T07:38:07+00:00\" \/>\n<meta property=\"og:image\" content=\"https:\/\/suomenkuvalehti.fi\/kirjailijanpaivakirja\/wp-content\/uploads\/sites\/21\/2021\/03\/taalas_petteri_2020_02-scaled.jpg\" \/>\n\t<meta property=\"og:image:width\" content=\"2560\" \/>\n\t<meta property=\"og:image:height\" content=\"1707\" \/>\n\t<meta property=\"og:image:type\" content=\"image\/jpeg\" \/>\n<meta name=\"author\" content=\"Karo H\u00e4m\u00e4l\u00e4inen\" \/>\n<meta name=\"twitter:card\" content=\"summary_large_image\" \/>\n<meta name=\"twitter:label1\" content=\"Written by\" \/>\n\t<meta name=\"twitter:data1\" content=\"Karo H\u00e4m\u00e4l\u00e4inen\" \/>\n\t<meta name=\"twitter:label2\" content=\"Est. reading time\" \/>\n\t<meta name=\"twitter:data2\" content=\"3 minuuttia\" \/>\n<script type=\"application\/ld+json\" class=\"yoast-schema-graph\">{\"@context\":\"https:\/\/schema.org\",\"@graph\":[{\"@type\":\"WebPage\",\"@id\":\"https:\/\/suomenkuvalehti.fi\/kirjailijanpaivakirja\/petteri-taalas-kirjoitti-kirjan-jollaista-olisin-toivonut-jos-olisin-ymmartanyt-sen-olevan-mahdollista\/\",\"url\":\"https:\/\/suomenkuvalehti.fi\/kirjailijanpaivakirja\/petteri-taalas-kirjoitti-kirjan-jollaista-olisin-toivonut-jos-olisin-ymmartanyt-sen-olevan-mahdollista\/\",\"name\":\"Petteri Taalas kirjoitti kirjan, jollaista olisin toivonut, jos olisin ymm\u00e4rt\u00e4nyt sen olevan mahdollista - Kirjailijan p\u00e4iv\u00e4kirja\",\"isPartOf\":{\"@id\":\"https:\/\/suomenkuvalehti.fi\/kirjailijanpaivakirja\/#website\"},\"primaryImageOfPage\":{\"@id\":\"https:\/\/suomenkuvalehti.fi\/kirjailijanpaivakirja\/petteri-taalas-kirjoitti-kirjan-jollaista-olisin-toivonut-jos-olisin-ymmartanyt-sen-olevan-mahdollista\/#primaryimage\"},\"image\":{\"@id\":\"https:\/\/suomenkuvalehti.fi\/kirjailijanpaivakirja\/petteri-taalas-kirjoitti-kirjan-jollaista-olisin-toivonut-jos-olisin-ymmartanyt-sen-olevan-mahdollista\/#primaryimage\"},\"thumbnailUrl\":\"https:\/\/suomenkuvalehti.fi\/kirjailijanpaivakirja\/wp-content\/uploads\/sites\/21\/2021\/03\/taalas_petteri_2020_02-scaled.jpg\",\"datePublished\":\"2021-03-29T07:32:30+00:00\",\"dateModified\":\"2021-03-29T07:38:07+00:00\",\"author\":{\"@id\":\"https:\/\/suomenkuvalehti.fi\/kirjailijanpaivakirja\/#\/schema\/person\/ca2dfd9d508d8c675e07b3c099fc789b\"},\"description\":\"\\\"Nykymenon jatkuminen olisi katastrofaalista, enk\u00e4 usko sit\u00e4 kenenk\u00e4\u00e4n t\u00e4ysj\u00e4rkisen planeettamme asukkaan haluavan\\\", Petteri Taalas kirjoittaa.\",\"breadcrumb\":{\"@id\":\"https:\/\/suomenkuvalehti.fi\/kirjailijanpaivakirja\/petteri-taalas-kirjoitti-kirjan-jollaista-olisin-toivonut-jos-olisin-ymmartanyt-sen-olevan-mahdollista\/#breadcrumb\"},\"inLanguage\":\"fi\",\"potentialAction\":[{\"@type\":\"ReadAction\",\"target\":[\"https:\/\/suomenkuvalehti.fi\/kirjailijanpaivakirja\/petteri-taalas-kirjoitti-kirjan-jollaista-olisin-toivonut-jos-olisin-ymmartanyt-sen-olevan-mahdollista\/\"]}]},{\"@type\":\"ImageObject\",\"inLanguage\":\"fi\",\"@id\":\"https:\/\/suomenkuvalehti.fi\/kirjailijanpaivakirja\/petteri-taalas-kirjoitti-kirjan-jollaista-olisin-toivonut-jos-olisin-ymmartanyt-sen-olevan-mahdollista\/#primaryimage\",\"url\":\"https:\/\/suomenkuvalehti.fi\/kirjailijanpaivakirja\/wp-content\/uploads\/sites\/21\/2021\/03\/taalas_petteri_2020_02-scaled.jpg\",\"contentUrl\":\"https:\/\/suomenkuvalehti.fi\/kirjailijanpaivakirja\/wp-content\/uploads\/sites\/21\/2021\/03\/taalas_petteri_2020_02-scaled.jpg\",\"width\":2560,\"height\":1707,\"caption\":\"Petteri Taalas.\"},{\"@type\":\"BreadcrumbList\",\"@id\":\"https:\/\/suomenkuvalehti.fi\/kirjailijanpaivakirja\/petteri-taalas-kirjoitti-kirjan-jollaista-olisin-toivonut-jos-olisin-ymmartanyt-sen-olevan-mahdollista\/#breadcrumb\",\"itemListElement\":[{\"@type\":\"ListItem\",\"position\":1,\"name\":\"Home\",\"item\":\"https:\/\/suomenkuvalehti.fi\/kirjailijanpaivakirja\/\"},{\"@type\":\"ListItem\",\"position\":2,\"name\":\"Petteri Taalas kirjoitti kirjan, jollaista olisin toivonut, jos olisin ymm\u00e4rt\u00e4nyt sen olevan mahdollista\"}]},{\"@type\":\"WebSite\",\"@id\":\"https:\/\/suomenkuvalehti.fi\/kirjailijanpaivakirja\/#website\",\"url\":\"https:\/\/suomenkuvalehti.fi\/kirjailijanpaivakirja\/\",\"name\":\"Kirjailijan p\u00e4iv\u00e4kirja\",\"description\":\"Proosakirjailijan arkea ja kirjallisuuden ajankohtaisia aiheita.\",\"potentialAction\":[{\"@type\":\"SearchAction\",\"target\":{\"@type\":\"EntryPoint\",\"urlTemplate\":\"https:\/\/suomenkuvalehti.fi\/haku\/?q={search_term_string}\"},\"query-input\":{\"@type\":\"PropertyValueSpecification\",\"valueRequired\":true,\"valueName\":\"search_term_string\"}}],\"inLanguage\":\"fi\"},{\"@type\":\"Person\",\"@id\":\"https:\/\/suomenkuvalehti.fi\/kirjailijanpaivakirja\/#\/schema\/person\/ca2dfd9d508d8c675e07b3c099fc789b\",\"name\":\"Karo H\u00e4m\u00e4l\u00e4inen\",\"image\":{\"@type\":\"ImageObject\",\"inLanguage\":\"fi\",\"@id\":\"https:\/\/suomenkuvalehti.fi\/kirjailijanpaivakirja\/#\/schema\/person\/image\/\",\"url\":\"https:\/\/suomenkuvalehti.fi\/kirjailijanpaivakirja\/wp-content\/uploads\/sites\/21\/2022\/04\/hamalainen_karo06-1-150x150.jpg\",\"contentUrl\":\"https:\/\/suomenkuvalehti.fi\/kirjailijanpaivakirja\/wp-content\/uploads\/sites\/21\/2022\/04\/hamalainen_karo06-1-150x150.jpg\",\"caption\":\"Karo H\u00e4m\u00e4l\u00e4inen\"},\"description\":\"Karo H\u00e4m\u00e4l\u00e4inen on kirjailija ja talouteen erikoistunut vapaa toimittaja.\"}]}<\/script>\n<!-- \/ Yoast SEO plugin. -->","yoast_head_json":{"title":"Petteri Taalas kirjoitti kirjan, jollaista olisin toivonut, jos olisin ymm\u00e4rt\u00e4nyt sen olevan mahdollista - Kirjailijan p\u00e4iv\u00e4kirja","description":"\"Nykymenon jatkuminen olisi katastrofaalista, enk\u00e4 usko sit\u00e4 kenenk\u00e4\u00e4n t\u00e4ysj\u00e4rkisen planeettamme asukkaan haluavan\", Petteri Taalas kirjoittaa.","robots":{"index":"index","follow":"follow","max-snippet":"max-snippet:-1","max-image-preview":"max-image-preview:large","max-video-preview":"max-video-preview:-1"},"canonical":"https:\/\/suomenkuvalehti.fi\/kirjailijanpaivakirja\/petteri-taalas-kirjoitti-kirjan-jollaista-olisin-toivonut-jos-olisin-ymmartanyt-sen-olevan-mahdollista\/","og_locale":"fi_FI","og_type":"article","og_title":"Petteri Taalas kirjoitti kirjan, jollaista olisin toivonut, jos olisin ymm\u00e4rt\u00e4nyt sen olevan mahdollista - Kirjailijan p\u00e4iv\u00e4kirja","og_description":"\"Nykymenon jatkuminen olisi katastrofaalista, enk\u00e4 usko sit\u00e4 kenenk\u00e4\u00e4n t\u00e4ysj\u00e4rkisen planeettamme asukkaan haluavan\", Petteri Taalas kirjoittaa.","og_url":"https:\/\/suomenkuvalehti.fi\/kirjailijanpaivakirja\/petteri-taalas-kirjoitti-kirjan-jollaista-olisin-toivonut-jos-olisin-ymmartanyt-sen-olevan-mahdollista\/","og_site_name":"Kirjailijan p\u00e4iv\u00e4kirja","article_published_time":"2021-03-29T07:32:30+00:00","article_modified_time":"2021-03-29T07:38:07+00:00","og_image":[{"width":2560,"height":1707,"url":"https:\/\/suomenkuvalehti.fi\/kirjailijanpaivakirja\/wp-content\/uploads\/sites\/21\/2021\/03\/taalas_petteri_2020_02-scaled.jpg","type":"image\/jpeg"}],"author":"Karo H\u00e4m\u00e4l\u00e4inen","twitter_card":"summary_large_image","twitter_misc":{"Written by":"Karo H\u00e4m\u00e4l\u00e4inen","Est. reading time":"3 minuuttia"},"schema":{"@context":"https:\/\/schema.org","@graph":[{"@type":"WebPage","@id":"https:\/\/suomenkuvalehti.fi\/kirjailijanpaivakirja\/petteri-taalas-kirjoitti-kirjan-jollaista-olisin-toivonut-jos-olisin-ymmartanyt-sen-olevan-mahdollista\/","url":"https:\/\/suomenkuvalehti.fi\/kirjailijanpaivakirja\/petteri-taalas-kirjoitti-kirjan-jollaista-olisin-toivonut-jos-olisin-ymmartanyt-sen-olevan-mahdollista\/","name":"Petteri Taalas kirjoitti kirjan, jollaista olisin toivonut, jos olisin ymm\u00e4rt\u00e4nyt sen olevan mahdollista - Kirjailijan p\u00e4iv\u00e4kirja","isPartOf":{"@id":"https:\/\/suomenkuvalehti.fi\/kirjailijanpaivakirja\/#website"},"primaryImageOfPage":{"@id":"https:\/\/suomenkuvalehti.fi\/kirjailijanpaivakirja\/petteri-taalas-kirjoitti-kirjan-jollaista-olisin-toivonut-jos-olisin-ymmartanyt-sen-olevan-mahdollista\/#primaryimage"},"image":{"@id":"https:\/\/suomenkuvalehti.fi\/kirjailijanpaivakirja\/petteri-taalas-kirjoitti-kirjan-jollaista-olisin-toivonut-jos-olisin-ymmartanyt-sen-olevan-mahdollista\/#primaryimage"},"thumbnailUrl":"https:\/\/suomenkuvalehti.fi\/kirjailijanpaivakirja\/wp-content\/uploads\/sites\/21\/2021\/03\/taalas_petteri_2020_02-scaled.jpg","datePublished":"2021-03-29T07:32:30+00:00","dateModified":"2021-03-29T07:38:07+00:00","author":{"@id":"https:\/\/suomenkuvalehti.fi\/kirjailijanpaivakirja\/#\/schema\/person\/ca2dfd9d508d8c675e07b3c099fc789b"},"description":"\"Nykymenon jatkuminen olisi katastrofaalista, enk\u00e4 usko sit\u00e4 kenenk\u00e4\u00e4n t\u00e4ysj\u00e4rkisen planeettamme asukkaan haluavan\", Petteri Taalas kirjoittaa.","breadcrumb":{"@id":"https:\/\/suomenkuvalehti.fi\/kirjailijanpaivakirja\/petteri-taalas-kirjoitti-kirjan-jollaista-olisin-toivonut-jos-olisin-ymmartanyt-sen-olevan-mahdollista\/#breadcrumb"},"inLanguage":"fi","potentialAction":[{"@type":"ReadAction","target":["https:\/\/suomenkuvalehti.fi\/kirjailijanpaivakirja\/petteri-taalas-kirjoitti-kirjan-jollaista-olisin-toivonut-jos-olisin-ymmartanyt-sen-olevan-mahdollista\/"]}]},{"@type":"ImageObject","inLanguage":"fi","@id":"https:\/\/suomenkuvalehti.fi\/kirjailijanpaivakirja\/petteri-taalas-kirjoitti-kirjan-jollaista-olisin-toivonut-jos-olisin-ymmartanyt-sen-olevan-mahdollista\/#primaryimage","url":"https:\/\/suomenkuvalehti.fi\/kirjailijanpaivakirja\/wp-content\/uploads\/sites\/21\/2021\/03\/taalas_petteri_2020_02-scaled.jpg","contentUrl":"https:\/\/suomenkuvalehti.fi\/kirjailijanpaivakirja\/wp-content\/uploads\/sites\/21\/2021\/03\/taalas_petteri_2020_02-scaled.jpg","width":2560,"height":1707,"caption":"Petteri Taalas."},{"@type":"BreadcrumbList","@id":"https:\/\/suomenkuvalehti.fi\/kirjailijanpaivakirja\/petteri-taalas-kirjoitti-kirjan-jollaista-olisin-toivonut-jos-olisin-ymmartanyt-sen-olevan-mahdollista\/#breadcrumb","itemListElement":[{"@type":"ListItem","position":1,"name":"Home","item":"https:\/\/suomenkuvalehti.fi\/kirjailijanpaivakirja\/"},{"@type":"ListItem","position":2,"name":"Petteri Taalas kirjoitti kirjan, jollaista olisin toivonut, jos olisin ymm\u00e4rt\u00e4nyt sen olevan mahdollista"}]},{"@type":"WebSite","@id":"https:\/\/suomenkuvalehti.fi\/kirjailijanpaivakirja\/#website","url":"https:\/\/suomenkuvalehti.fi\/kirjailijanpaivakirja\/","name":"Kirjailijan p\u00e4iv\u00e4kirja","description":"Proosakirjailijan arkea ja kirjallisuuden ajankohtaisia aiheita.","potentialAction":[{"@type":"SearchAction","target":{"@type":"EntryPoint","urlTemplate":"https:\/\/suomenkuvalehti.fi\/haku\/?q={search_term_string}"},"query-input":{"@type":"PropertyValueSpecification","valueRequired":true,"valueName":"search_term_string"}}],"inLanguage":"fi"},{"@type":"Person","@id":"https:\/\/suomenkuvalehti.fi\/kirjailijanpaivakirja\/#\/schema\/person\/ca2dfd9d508d8c675e07b3c099fc789b","name":"Karo H\u00e4m\u00e4l\u00e4inen","image":{"@type":"ImageObject","inLanguage":"fi","@id":"https:\/\/suomenkuvalehti.fi\/kirjailijanpaivakirja\/#\/schema\/person\/image\/","url":"https:\/\/suomenkuvalehti.fi\/kirjailijanpaivakirja\/wp-content\/uploads\/sites\/21\/2022\/04\/hamalainen_karo06-1-150x150.jpg","contentUrl":"https:\/\/suomenkuvalehti.fi\/kirjailijanpaivakirja\/wp-content\/uploads\/sites\/21\/2022\/04\/hamalainen_karo06-1-150x150.jpg","caption":"Karo H\u00e4m\u00e4l\u00e4inen"},"description":"Karo H\u00e4m\u00e4l\u00e4inen on kirjailija ja talouteen erikoistunut vapaa toimittaja."}]}},"_links":{"self":[{"href":"https:\/\/suomenkuvalehti.fi\/kirjailijanpaivakirja\/wp-json\/wp\/v2\/posts\/2047","targetHints":{"allow":["GET"]}}],"collection":[{"href":"https:\/\/suomenkuvalehti.fi\/kirjailijanpaivakirja\/wp-json\/wp\/v2\/posts"}],"about":[{"href":"https:\/\/suomenkuvalehti.fi\/kirjailijanpaivakirja\/wp-json\/wp\/v2\/types\/post"}],"author":[{"embeddable":true,"href":"https:\/\/suomenkuvalehti.fi\/kirjailijanpaivakirja\/wp-json\/wp\/v2\/users\/129"}],"replies":[{"embeddable":true,"href":"https:\/\/suomenkuvalehti.fi\/kirjailijanpaivakirja\/wp-json\/wp\/v2\/comments?post=2047"}],"version-history":[{"count":3,"href":"https:\/\/suomenkuvalehti.fi\/kirjailijanpaivakirja\/wp-json\/wp\/v2\/posts\/2047\/revisions"}],"predecessor-version":[{"id":2051,"href":"https:\/\/suomenkuvalehti.fi\/kirjailijanpaivakirja\/wp-json\/wp\/v2\/posts\/2047\/revisions\/2051"}],"wp:featuredmedia":[{"embeddable":true,"href":"https:\/\/suomenkuvalehti.fi\/kirjailijanpaivakirja\/wp-json\/wp\/v2\/media\/2048"}],"wp:attachment":[{"href":"https:\/\/suomenkuvalehti.fi\/kirjailijanpaivakirja\/wp-json\/wp\/v2\/media?parent=2047"}],"wp:term":[{"taxonomy":"category","embeddable":true,"href":"https:\/\/suomenkuvalehti.fi\/kirjailijanpaivakirja\/wp-json\/wp\/v2\/categories?post=2047"},{"taxonomy":"post_tag","embeddable":true,"href":"https:\/\/suomenkuvalehti.fi\/kirjailijanpaivakirja\/wp-json\/wp\/v2\/tags?post=2047"}],"curies":[{"name":"wp","href":"https:\/\/api.w.org\/{rel}","templated":true}]}}