{"id":2040,"date":"2021-03-25T13:59:32","date_gmt":"2021-03-25T11:59:32","guid":{"rendered":"https:\/\/suomenkuvalehti.fi\/kirjailijanpaivakirja\/?p=2040"},"modified":"2021-03-25T14:08:02","modified_gmt":"2021-03-25T12:08:02","slug":"mansikat-ripottelevat-arktisille-alueille-sivilisaation-hilsetta","status":"publish","type":"post","link":"https:\/\/suomenkuvalehti.fi\/kirjailijanpaivakirja\/mansikat-ripottelevat-arktisille-alueille-sivilisaation-hilsetta\/","title":{"rendered":"Mansikat ripottelevat arktisille alueille sivilisaation hilsett\u00e4"},"content":{"rendered":"<figure class=\"alignleft size-medium is-resized wp-block-image\">\n  <div class=\"wp-block-image__inner-container\">\n    <a href='https:\/\/suomenkuvalehti.fi\/kirjailijanpaivakirja\/wp-content\/uploads\/sites\/21\/2021\/03\/dsc_0072.jpg'><img loading=\"lazy\" decoding=\"async\" src=\"https:\/\/suomenkuvalehti.fi\/kirjailijanpaivakirja\/wp-content\/uploads\/sites\/21\/2021\/03\/dsc_0072-225x300.jpg\" alt=\"\" class=\"wp-image-2041\" width=\"225\" height=\"300\" style=\"--aspect-ratio: 0.75\" srcset=\"https:\/\/suomenkuvalehti.fi\/kirjailijanpaivakirja\/wp-content\/uploads\/sites\/21\/2021\/03\/dsc_0072-225x300.jpg 225w, https:\/\/suomenkuvalehti.fi\/kirjailijanpaivakirja\/wp-content\/uploads\/sites\/21\/2021\/03\/dsc_0072-768x1024.jpg 768w, https:\/\/suomenkuvalehti.fi\/kirjailijanpaivakirja\/wp-content\/uploads\/sites\/21\/2021\/03\/dsc_0072-1152x1536.jpg 1152w, https:\/\/suomenkuvalehti.fi\/kirjailijanpaivakirja\/wp-content\/uploads\/sites\/21\/2021\/03\/dsc_0072-1536x2048.jpg 1536w, https:\/\/suomenkuvalehti.fi\/kirjailijanpaivakirja\/wp-content\/uploads\/sites\/21\/2021\/03\/dsc_0072-300x400.jpg 300w, https:\/\/suomenkuvalehti.fi\/kirjailijanpaivakirja\/wp-content\/uploads\/sites\/21\/2021\/03\/dsc_0072-630x840.jpg 630w, https:\/\/suomenkuvalehti.fi\/kirjailijanpaivakirja\/wp-content\/uploads\/sites\/21\/2021\/03\/dsc_0072-scaled.jpg 1920w\" sizes=\"auto, (max-width: 225px) 100vw, 225px\" \/><\/a>    <figcaption class=\"wp-block-image__figcaption\">\n      Kutuniva lauantaina 20. maaliskuuta, mukana my\u00f6s joutsenet.      <span class='wp-block-image__copyright'>&copy; Karo H\u00e4m\u00e4l\u00e4inen<\/span>    <\/figcaption>\n      <\/div>\n<\/figure>\n\n\n<p><span class=\"capitalized\">Latu p\u00e4\u00e4ttyy<\/span> kaarevareunaiseen nietokseen, joka on kaunis niin kuin se olisi rakennettu kieli keskell\u00e4 suuta, poistuttu varovaisesti ja hengitt\u00e4m\u00e4tt\u00e4 takavasemmalle ja j\u00e4tetty hiiht\u00e4j\u00e4n ihmetelt\u00e4v\u00e4ksi.<\/p>\n\n\n\n<p>Sen toisella puolen latu-ura jatkuu lumettuneena p\u00e4\u00e4ty\u00e4kseen uuteen nietokseen.<\/p>\n\n\n\n<p>Kekojen rakentaja on enn\u00e4tt\u00e4nyt tehd\u00e4 tarkkuutta vaativan ty\u00f6ns\u00e4, vaikka hiihdin samaa latua toiseen suuntaan vain kymmenen minuuttia sitten ja minun j\u00e4lkeeni sit\u00e4 pitkin tuli viel\u00e4 kolmen hiiht\u00e4j\u00e4n seurue.<\/p>\n\n\n\n<p>Kaakosta kahdeksan metri\u00e4 sekunnissa puhaltava tuuli valitsee suota peitt\u00e4v\u00e4st\u00e4 lumesta tarkoituksiinsa sopivat kiteet ja kiid\u00e4tt\u00e4\u00e4 ne ladulle. Luonto valtaa ihmisen luoman ladun, osoittaa, kuka hallitsee t\u00e4t\u00e4 Muonion keskustan ja Olostunturin v\u00e4list\u00e4 suoraa.<\/p>\n\n\n\n<p>&nbsp;<\/p>\n\n\n\n<p><span class=\"capitalized\">Ehk\u00e4 ajatuksen<\/span>i eiv\u00e4t olisi aivan noin korkealentoiset, jollen kuuntelisi hiiht\u00e4ess\u00e4ni<strong> Ville-Juhani Sutisen<\/strong> <em>Arktista<\/em> (luk. <strong>Markus Niemi<\/strong>, Like 2021), jossa Sutinen matkailee Suomen, Norjan, Gr\u00f6nlannin ja Ven\u00e4j\u00e4n arktisilla seuduilla ja kirjaa oivaltavia havaintoja.<\/p>\n\n\n\n<p>Yksi Sutisen teemoista on luonnon ja sivilisaation vastakkainasettelu tai yhteiselo. Arktiksella tuntuu poikkeuksellisen selv\u00e4sti n\u00e4kyv\u00e4n ihmisen \u2013 taas liioitellusti ilmaistuna \u2013 halu kesytt\u00e4\u00e4 luonto. Kauas pohjoiseen levitet\u00e4\u00e4n sivilisaation merkkej\u00e4 kuten rakennuksia ja laitteita. Ne joutuvat \u2013 kliseill\u00e4 jatkaen \u2013 luonnon armoille.<\/p>\n\n\n\n<p>Satunnaisen Lapin-matkailijan havainnoksi saattaa riitt\u00e4\u00e4 Rovaniemen ja Kittil\u00e4n v\u00e4lill\u00e4 olevien puutalojen tuulenpieksem\u00e4 maalipinta, vaikka luontoa enemm\u00e4n se kertoo k\u00f6yhyydest\u00e4.<\/p>\n\n\n\n<p>Kaluston vieminen jumalan sel\u00e4n taakse on kallista, ja viel\u00e4 kalliimpaa tuntuu olevan sen vieminen pois.<\/p>\n\n\n\n<p>&nbsp;<\/p>\n\n\n\n<p><span class=\"capitalized\">Mansikat ovat<\/span> Sutisen avainhavainto. H\u00e4n ihmettelee, miksi gr\u00f6nlantilaisessa marketissa myyd\u00e4\u00e4n tuoreita mansikoita.<\/p>\n\n\n\n<p>&#8221;On aikoja, jolloin kaupasta on loppu miltei kaikki. Hyllyt ovat tyhjill\u00e4\u00e4n, mutta yht\u00e4 asiaa on aina saatavilla: tuoreita mansikoita&#8221;, h\u00e4nelle vastataan.<\/p>\n\n\n\n<p>Selitys mansikoiden alituiselle tarjonnalle on yhtaikaa looginen ja perverssi. Tuoreita mansikoita on hyllyill\u00e4, koska juuri kukaan ei halua ostaa niit\u00e4. Jos muu loppuu, turvaudutaan tuoreisiin mansikoihin!<\/p>\n\n\n\n<p>Tuoreiden mansikoiden saatavuus koskee yht\u00e4 lailla Suomea. Ei niiden rahtaamisessa t\u00e4nne \u2013 vaikkapa Muonion S-marketiin (21 kilometrin hiihtomatkan p\u00e4\u00e4h\u00e4n t\u00e4m\u00e4nviikkoisesta majapaikastani, joten voisin k\u00e4yd\u00e4 ostamassa niit\u00e4 ja vied\u00e4 iltapalalle juoksuliivin reppuosassa) \u2013 ole yht\u00e4\u00e4n enemp\u00e4\u00e4 j\u00e4rke\u00e4, mutta Suomessa on tottunut siihen, ett\u00e4 niin globaali kauppa toimii.<\/p>\n\n\n\n<p>&#8221;Mansikoilla tuntuu olevan Gr\u00f6nlannissa tavallistakin suurempi symboliarvo. \u2013\u2013 Mansikat osoittavat paikallisilla ja matkailijoille, ja matkailijoiden kuvitteellisen heijastuspinnan kautta taas paikallisille, ett\u00e4 Gr\u00f6nlanti ja Kangerlussuaq eiv\u00e4t ole mitenk\u00e4\u00e4n omituisia. T\u00e4m\u00e4 keksitty kyl\u00e4 on osa muuta maailmaa, vaikka sattuukin sijaitsemaan maailman laidalla valtavan j\u00e4\u00e4m\u00f6hk\u00e4leen kyljess\u00e4. Mansikat sen todistavat!&#8221; Sutinen kirjoittaa ja jatkaa: &#8221;Samalla niiden vertauskuvallisen merkityksen liioittelu todistaa, ett\u00e4 asia on oikeastaan p\u00e4invastoin.&#8221;<\/p>\n\n\n\n<p>&nbsp;<\/p>\n\n\n\n<p><span class=\"capitalized\">Sutinen<\/span> kuljettaa esseiss\u00e4\u00e4n arktisiin paikkoihin paremmin kuin keskim\u00e4\u00e4r\u00e4inen lomaopas. H\u00e4nen matkansa alkaa Jerisj\u00e4rven rannalta, vieraskirjan mukaan samasta m\u00f6kist\u00e4, jossa olen viett\u00e4nyt hiihto- ja et\u00e4ty\u00f6viikkoa.<\/p>\n\n\n\n<p>Vinkin Sutisen kirjasta sain \u00c4k\u00e4slompolon laduilla tapaamaltani <em>Parnasson<\/em> ja <em>Suomen Kuvalehden<\/em> kriitikolta <strong>Outi Hyt\u00f6selt\u00e4<\/strong>, joka oli juuri lukenut sen. Niin pienet ovat piirit pohjoisen napapiirin pohjoispuolella.<\/p>\n\n\n\n<p><em>Arktiksen<\/em> J\u00e4lkisanassa Sutinen kertoo Jerisj\u00e4rvess\u00e4 Kutunivan kyljess\u00e4 pesivist\u00e4 joutsenista. Kuuntelen j\u00e4lkisanat l\u00e4ht\u00f6p\u00e4iv\u00e4n aamuna h\u00f6lkk\u00e4lenkill\u00e4. Sutisen kirjassa joutsenia on kolme: pariskunta ja yksi poikanen.<\/p>\n\n\n\n<p>T\u00e4n\u00e4 talvena joutsenia on ollut nelj\u00e4.<\/p>\n\n\n\n<p>Paluumatkalla otan joutsenet mukaan valokuvaan, koska Sutinen on sanoillaan maalannut niihin omaa viatonta ihmettely\u00e4ni enemm\u00e4n merkityksi\u00e4.<\/p>\n\n\n","protected":false},"excerpt":{"rendered":"<p>Latu p\u00e4\u00e4ttyy kaarevareunaiseen nietokseen, joka on kaunis niin kuin se olisi rakennettu kieli keskell\u00e4 suuta, poistuttu varovaisesti ja hengitt\u00e4m\u00e4tt\u00e4 takavasemmalle ja j\u00e4tetty hiiht\u00e4j\u00e4n ihmetelt\u00e4v\u00e4ksi. Sen toisella puolen latu-ura jatkuu lumettuneena<br \/>\np\u00e4\u00e4ty\u00e4ksee&hellip;<\/p>\n","protected":false},"author":129,"featured_media":2041,"comment_status":"open","ping_status":"open","sticky":false,"template":"","format":"standard","meta":{"_acf_changed":false,"asauth_required_access_level":3,"asauth_cansharepaid":"true","om_header_attributes":[],"footnotes":"","om_featured_image_focal_point":[],"om_primary_tag":0,"om_contributors":[],"om_co_authors":[],"beyondwords_generate_audio":"","beyondwords_project_id":"","beyondwords_content_id":"","beyondwords_preview_token":"","beyondwords_player_content":"","beyondwords_player_style":"","beyondwords_language_code":"","beyondwords_language_id":"","beyondwords_title_voice_id":"","beyondwords_body_voice_id":"","beyondwords_summary_voice_id":"","beyondwords_error_message":"","beyondwords_disabled":"","beyondwords_delete_content":"","beyondwords_podcast_id":"","beyondwords_hash":"","publish_post_to_speechkit":"","speechkit_hash":"","speechkit_generate_audio":"","speechkit_project_id":"","speechkit_podcast_id":"","speechkit_error_message":"","speechkit_disabled":"","speechkit_access_key":"","speechkit_error":"","speechkit_info":"","speechkit_response":"","speechkit_retries":"","speechkit_status":"","speechkit_updated_at":"","_speechkit_link":"","_speechkit_text":""},"categories":[1],"tags":[1487,1488,1486],"class_list":["post-2040","post","type-post","status-publish","format-standard","has-post-thumbnail","hentry","category-kirjailijan-paivakirja","tag-arktis","tag-jerisjarvi","tag-ville-juhani-sutinen"],"om_views":null,"acf":{"tuuma_off":false,"tuuma_kysymys":"","tuuma_vastaus":""},"asauth":{"required_access_level":1,"share_token":"","is_paid":false},"yoast_head":"<!-- This site is optimized with the Yoast SEO plugin v26.4 - https:\/\/yoast.com\/wordpress\/plugins\/seo\/ -->\n<title>Mansikat ripottelevat arktisille alueille sivilisaation hilsett\u00e4 - Kirjailijan p\u00e4iv\u00e4kirja<\/title>\n<meta name=\"description\" content=\"&quot;On aikoja, jolloin kaupasta on loppu miltei kaikki. Hyllyt ovat tyhjill\u00e4\u00e4n, mutta yht\u00e4 asiaa on aina saatavilla: tuoreita mansikoita.&quot;\" \/>\n<meta name=\"robots\" content=\"index, follow, max-snippet:-1, max-image-preview:large, max-video-preview:-1\" \/>\n<link rel=\"canonical\" href=\"https:\/\/suomenkuvalehti.fi\/kirjailijanpaivakirja\/mansikat-ripottelevat-arktisille-alueille-sivilisaation-hilsetta\/\" \/>\n<meta property=\"og:locale\" content=\"fi_FI\" \/>\n<meta property=\"og:type\" content=\"article\" \/>\n<meta property=\"og:title\" content=\"Mansikat ripottelevat arktisille alueille sivilisaation hilsett\u00e4 - Kirjailijan p\u00e4iv\u00e4kirja\" \/>\n<meta property=\"og:description\" content=\"&quot;On aikoja, jolloin kaupasta on loppu miltei kaikki. Hyllyt ovat tyhjill\u00e4\u00e4n, mutta yht\u00e4 asiaa on aina saatavilla: tuoreita mansikoita.&quot;\" \/>\n<meta property=\"og:url\" content=\"https:\/\/suomenkuvalehti.fi\/kirjailijanpaivakirja\/mansikat-ripottelevat-arktisille-alueille-sivilisaation-hilsetta\/\" \/>\n<meta property=\"og:site_name\" content=\"Kirjailijan p\u00e4iv\u00e4kirja\" \/>\n<meta property=\"article:published_time\" content=\"2021-03-25T11:59:32+00:00\" \/>\n<meta property=\"article:modified_time\" content=\"2021-03-25T12:08:02+00:00\" \/>\n<meta property=\"og:image\" content=\"https:\/\/suomenkuvalehti.fi\/kirjailijanpaivakirja\/wp-content\/uploads\/sites\/21\/2021\/03\/dsc_0072-scaled.jpg\" \/>\n\t<meta property=\"og:image:width\" content=\"1920\" \/>\n\t<meta property=\"og:image:height\" content=\"2560\" \/>\n\t<meta property=\"og:image:type\" content=\"image\/jpeg\" \/>\n<meta name=\"author\" content=\"Karo H\u00e4m\u00e4l\u00e4inen\" \/>\n<meta name=\"twitter:card\" content=\"summary_large_image\" \/>\n<meta name=\"twitter:label1\" content=\"Written by\" \/>\n\t<meta name=\"twitter:data1\" content=\"Karo H\u00e4m\u00e4l\u00e4inen\" \/>\n\t<meta name=\"twitter:label2\" content=\"Est. reading time\" \/>\n\t<meta name=\"twitter:data2\" content=\"3 minuuttia\" \/>\n<script type=\"application\/ld+json\" class=\"yoast-schema-graph\">{\"@context\":\"https:\/\/schema.org\",\"@graph\":[{\"@type\":\"WebPage\",\"@id\":\"https:\/\/suomenkuvalehti.fi\/kirjailijanpaivakirja\/mansikat-ripottelevat-arktisille-alueille-sivilisaation-hilsetta\/\",\"url\":\"https:\/\/suomenkuvalehti.fi\/kirjailijanpaivakirja\/mansikat-ripottelevat-arktisille-alueille-sivilisaation-hilsetta\/\",\"name\":\"Mansikat ripottelevat arktisille alueille sivilisaation hilsett\u00e4 - Kirjailijan p\u00e4iv\u00e4kirja\",\"isPartOf\":{\"@id\":\"https:\/\/suomenkuvalehti.fi\/kirjailijanpaivakirja\/#website\"},\"primaryImageOfPage\":{\"@id\":\"https:\/\/suomenkuvalehti.fi\/kirjailijanpaivakirja\/mansikat-ripottelevat-arktisille-alueille-sivilisaation-hilsetta\/#primaryimage\"},\"image\":{\"@id\":\"https:\/\/suomenkuvalehti.fi\/kirjailijanpaivakirja\/mansikat-ripottelevat-arktisille-alueille-sivilisaation-hilsetta\/#primaryimage\"},\"thumbnailUrl\":\"https:\/\/suomenkuvalehti.fi\/kirjailijanpaivakirja\/wp-content\/uploads\/sites\/21\/2021\/03\/dsc_0072-scaled.jpg\",\"datePublished\":\"2021-03-25T11:59:32+00:00\",\"dateModified\":\"2021-03-25T12:08:02+00:00\",\"author\":{\"@id\":\"https:\/\/suomenkuvalehti.fi\/kirjailijanpaivakirja\/#\/schema\/person\/ca2dfd9d508d8c675e07b3c099fc789b\"},\"description\":\"\\\"On aikoja, jolloin kaupasta on loppu miltei kaikki. Hyllyt ovat tyhjill\u00e4\u00e4n, mutta yht\u00e4 asiaa on aina saatavilla: tuoreita mansikoita.\\\"\",\"breadcrumb\":{\"@id\":\"https:\/\/suomenkuvalehti.fi\/kirjailijanpaivakirja\/mansikat-ripottelevat-arktisille-alueille-sivilisaation-hilsetta\/#breadcrumb\"},\"inLanguage\":\"fi\",\"potentialAction\":[{\"@type\":\"ReadAction\",\"target\":[\"https:\/\/suomenkuvalehti.fi\/kirjailijanpaivakirja\/mansikat-ripottelevat-arktisille-alueille-sivilisaation-hilsetta\/\"]}]},{\"@type\":\"ImageObject\",\"inLanguage\":\"fi\",\"@id\":\"https:\/\/suomenkuvalehti.fi\/kirjailijanpaivakirja\/mansikat-ripottelevat-arktisille-alueille-sivilisaation-hilsetta\/#primaryimage\",\"url\":\"https:\/\/suomenkuvalehti.fi\/kirjailijanpaivakirja\/wp-content\/uploads\/sites\/21\/2021\/03\/dsc_0072-scaled.jpg\",\"contentUrl\":\"https:\/\/suomenkuvalehti.fi\/kirjailijanpaivakirja\/wp-content\/uploads\/sites\/21\/2021\/03\/dsc_0072-scaled.jpg\",\"width\":1920,\"height\":2560,\"caption\":\"Kutuniva lauantaina 20. maaliskuuta, mukana my\u00f6s Arktiksessa mainitut joutsenet.\"},{\"@type\":\"BreadcrumbList\",\"@id\":\"https:\/\/suomenkuvalehti.fi\/kirjailijanpaivakirja\/mansikat-ripottelevat-arktisille-alueille-sivilisaation-hilsetta\/#breadcrumb\",\"itemListElement\":[{\"@type\":\"ListItem\",\"position\":1,\"name\":\"Home\",\"item\":\"https:\/\/suomenkuvalehti.fi\/kirjailijanpaivakirja\/\"},{\"@type\":\"ListItem\",\"position\":2,\"name\":\"Mansikat ripottelevat arktisille alueille sivilisaation hilsett\u00e4\"}]},{\"@type\":\"WebSite\",\"@id\":\"https:\/\/suomenkuvalehti.fi\/kirjailijanpaivakirja\/#website\",\"url\":\"https:\/\/suomenkuvalehti.fi\/kirjailijanpaivakirja\/\",\"name\":\"Kirjailijan p\u00e4iv\u00e4kirja\",\"description\":\"Proosakirjailijan arkea ja kirjallisuuden ajankohtaisia aiheita.\",\"potentialAction\":[{\"@type\":\"SearchAction\",\"target\":{\"@type\":\"EntryPoint\",\"urlTemplate\":\"https:\/\/suomenkuvalehti.fi\/haku\/?q={search_term_string}\"},\"query-input\":{\"@type\":\"PropertyValueSpecification\",\"valueRequired\":true,\"valueName\":\"search_term_string\"}}],\"inLanguage\":\"fi\"},{\"@type\":\"Person\",\"@id\":\"https:\/\/suomenkuvalehti.fi\/kirjailijanpaivakirja\/#\/schema\/person\/ca2dfd9d508d8c675e07b3c099fc789b\",\"name\":\"Karo H\u00e4m\u00e4l\u00e4inen\",\"image\":{\"@type\":\"ImageObject\",\"inLanguage\":\"fi\",\"@id\":\"https:\/\/suomenkuvalehti.fi\/kirjailijanpaivakirja\/#\/schema\/person\/image\/\",\"url\":\"https:\/\/suomenkuvalehti.fi\/kirjailijanpaivakirja\/wp-content\/uploads\/sites\/21\/2022\/04\/hamalainen_karo06-1-150x150.jpg\",\"contentUrl\":\"https:\/\/suomenkuvalehti.fi\/kirjailijanpaivakirja\/wp-content\/uploads\/sites\/21\/2022\/04\/hamalainen_karo06-1-150x150.jpg\",\"caption\":\"Karo H\u00e4m\u00e4l\u00e4inen\"},\"description\":\"Karo H\u00e4m\u00e4l\u00e4inen on kirjailija ja talouteen erikoistunut vapaa toimittaja.\"}]}<\/script>\n<!-- \/ Yoast SEO plugin. -->","yoast_head_json":{"title":"Mansikat ripottelevat arktisille alueille sivilisaation hilsett\u00e4 - Kirjailijan p\u00e4iv\u00e4kirja","description":"\"On aikoja, jolloin kaupasta on loppu miltei kaikki. Hyllyt ovat tyhjill\u00e4\u00e4n, mutta yht\u00e4 asiaa on aina saatavilla: tuoreita mansikoita.\"","robots":{"index":"index","follow":"follow","max-snippet":"max-snippet:-1","max-image-preview":"max-image-preview:large","max-video-preview":"max-video-preview:-1"},"canonical":"https:\/\/suomenkuvalehti.fi\/kirjailijanpaivakirja\/mansikat-ripottelevat-arktisille-alueille-sivilisaation-hilsetta\/","og_locale":"fi_FI","og_type":"article","og_title":"Mansikat ripottelevat arktisille alueille sivilisaation hilsett\u00e4 - Kirjailijan p\u00e4iv\u00e4kirja","og_description":"\"On aikoja, jolloin kaupasta on loppu miltei kaikki. Hyllyt ovat tyhjill\u00e4\u00e4n, mutta yht\u00e4 asiaa on aina saatavilla: tuoreita mansikoita.\"","og_url":"https:\/\/suomenkuvalehti.fi\/kirjailijanpaivakirja\/mansikat-ripottelevat-arktisille-alueille-sivilisaation-hilsetta\/","og_site_name":"Kirjailijan p\u00e4iv\u00e4kirja","article_published_time":"2021-03-25T11:59:32+00:00","article_modified_time":"2021-03-25T12:08:02+00:00","og_image":[{"width":1920,"height":2560,"url":"https:\/\/suomenkuvalehti.fi\/kirjailijanpaivakirja\/wp-content\/uploads\/sites\/21\/2021\/03\/dsc_0072-scaled.jpg","type":"image\/jpeg"}],"author":"Karo H\u00e4m\u00e4l\u00e4inen","twitter_card":"summary_large_image","twitter_misc":{"Written by":"Karo H\u00e4m\u00e4l\u00e4inen","Est. reading time":"3 minuuttia"},"schema":{"@context":"https:\/\/schema.org","@graph":[{"@type":"WebPage","@id":"https:\/\/suomenkuvalehti.fi\/kirjailijanpaivakirja\/mansikat-ripottelevat-arktisille-alueille-sivilisaation-hilsetta\/","url":"https:\/\/suomenkuvalehti.fi\/kirjailijanpaivakirja\/mansikat-ripottelevat-arktisille-alueille-sivilisaation-hilsetta\/","name":"Mansikat ripottelevat arktisille alueille sivilisaation hilsett\u00e4 - Kirjailijan p\u00e4iv\u00e4kirja","isPartOf":{"@id":"https:\/\/suomenkuvalehti.fi\/kirjailijanpaivakirja\/#website"},"primaryImageOfPage":{"@id":"https:\/\/suomenkuvalehti.fi\/kirjailijanpaivakirja\/mansikat-ripottelevat-arktisille-alueille-sivilisaation-hilsetta\/#primaryimage"},"image":{"@id":"https:\/\/suomenkuvalehti.fi\/kirjailijanpaivakirja\/mansikat-ripottelevat-arktisille-alueille-sivilisaation-hilsetta\/#primaryimage"},"thumbnailUrl":"https:\/\/suomenkuvalehti.fi\/kirjailijanpaivakirja\/wp-content\/uploads\/sites\/21\/2021\/03\/dsc_0072-scaled.jpg","datePublished":"2021-03-25T11:59:32+00:00","dateModified":"2021-03-25T12:08:02+00:00","author":{"@id":"https:\/\/suomenkuvalehti.fi\/kirjailijanpaivakirja\/#\/schema\/person\/ca2dfd9d508d8c675e07b3c099fc789b"},"description":"\"On aikoja, jolloin kaupasta on loppu miltei kaikki. Hyllyt ovat tyhjill\u00e4\u00e4n, mutta yht\u00e4 asiaa on aina saatavilla: tuoreita mansikoita.\"","breadcrumb":{"@id":"https:\/\/suomenkuvalehti.fi\/kirjailijanpaivakirja\/mansikat-ripottelevat-arktisille-alueille-sivilisaation-hilsetta\/#breadcrumb"},"inLanguage":"fi","potentialAction":[{"@type":"ReadAction","target":["https:\/\/suomenkuvalehti.fi\/kirjailijanpaivakirja\/mansikat-ripottelevat-arktisille-alueille-sivilisaation-hilsetta\/"]}]},{"@type":"ImageObject","inLanguage":"fi","@id":"https:\/\/suomenkuvalehti.fi\/kirjailijanpaivakirja\/mansikat-ripottelevat-arktisille-alueille-sivilisaation-hilsetta\/#primaryimage","url":"https:\/\/suomenkuvalehti.fi\/kirjailijanpaivakirja\/wp-content\/uploads\/sites\/21\/2021\/03\/dsc_0072-scaled.jpg","contentUrl":"https:\/\/suomenkuvalehti.fi\/kirjailijanpaivakirja\/wp-content\/uploads\/sites\/21\/2021\/03\/dsc_0072-scaled.jpg","width":1920,"height":2560,"caption":"Kutuniva lauantaina 20. maaliskuuta, mukana my\u00f6s Arktiksessa mainitut joutsenet."},{"@type":"BreadcrumbList","@id":"https:\/\/suomenkuvalehti.fi\/kirjailijanpaivakirja\/mansikat-ripottelevat-arktisille-alueille-sivilisaation-hilsetta\/#breadcrumb","itemListElement":[{"@type":"ListItem","position":1,"name":"Home","item":"https:\/\/suomenkuvalehti.fi\/kirjailijanpaivakirja\/"},{"@type":"ListItem","position":2,"name":"Mansikat ripottelevat arktisille alueille sivilisaation hilsett\u00e4"}]},{"@type":"WebSite","@id":"https:\/\/suomenkuvalehti.fi\/kirjailijanpaivakirja\/#website","url":"https:\/\/suomenkuvalehti.fi\/kirjailijanpaivakirja\/","name":"Kirjailijan p\u00e4iv\u00e4kirja","description":"Proosakirjailijan arkea ja kirjallisuuden ajankohtaisia aiheita.","potentialAction":[{"@type":"SearchAction","target":{"@type":"EntryPoint","urlTemplate":"https:\/\/suomenkuvalehti.fi\/haku\/?q={search_term_string}"},"query-input":{"@type":"PropertyValueSpecification","valueRequired":true,"valueName":"search_term_string"}}],"inLanguage":"fi"},{"@type":"Person","@id":"https:\/\/suomenkuvalehti.fi\/kirjailijanpaivakirja\/#\/schema\/person\/ca2dfd9d508d8c675e07b3c099fc789b","name":"Karo H\u00e4m\u00e4l\u00e4inen","image":{"@type":"ImageObject","inLanguage":"fi","@id":"https:\/\/suomenkuvalehti.fi\/kirjailijanpaivakirja\/#\/schema\/person\/image\/","url":"https:\/\/suomenkuvalehti.fi\/kirjailijanpaivakirja\/wp-content\/uploads\/sites\/21\/2022\/04\/hamalainen_karo06-1-150x150.jpg","contentUrl":"https:\/\/suomenkuvalehti.fi\/kirjailijanpaivakirja\/wp-content\/uploads\/sites\/21\/2022\/04\/hamalainen_karo06-1-150x150.jpg","caption":"Karo H\u00e4m\u00e4l\u00e4inen"},"description":"Karo H\u00e4m\u00e4l\u00e4inen on kirjailija ja talouteen erikoistunut vapaa toimittaja."}]}},"_links":{"self":[{"href":"https:\/\/suomenkuvalehti.fi\/kirjailijanpaivakirja\/wp-json\/wp\/v2\/posts\/2040","targetHints":{"allow":["GET"]}}],"collection":[{"href":"https:\/\/suomenkuvalehti.fi\/kirjailijanpaivakirja\/wp-json\/wp\/v2\/posts"}],"about":[{"href":"https:\/\/suomenkuvalehti.fi\/kirjailijanpaivakirja\/wp-json\/wp\/v2\/types\/post"}],"author":[{"embeddable":true,"href":"https:\/\/suomenkuvalehti.fi\/kirjailijanpaivakirja\/wp-json\/wp\/v2\/users\/129"}],"replies":[{"embeddable":true,"href":"https:\/\/suomenkuvalehti.fi\/kirjailijanpaivakirja\/wp-json\/wp\/v2\/comments?post=2040"}],"version-history":[{"count":5,"href":"https:\/\/suomenkuvalehti.fi\/kirjailijanpaivakirja\/wp-json\/wp\/v2\/posts\/2040\/revisions"}],"predecessor-version":[{"id":2046,"href":"https:\/\/suomenkuvalehti.fi\/kirjailijanpaivakirja\/wp-json\/wp\/v2\/posts\/2040\/revisions\/2046"}],"wp:featuredmedia":[{"embeddable":true,"href":"https:\/\/suomenkuvalehti.fi\/kirjailijanpaivakirja\/wp-json\/wp\/v2\/media\/2041"}],"wp:attachment":[{"href":"https:\/\/suomenkuvalehti.fi\/kirjailijanpaivakirja\/wp-json\/wp\/v2\/media?parent=2040"}],"wp:term":[{"taxonomy":"category","embeddable":true,"href":"https:\/\/suomenkuvalehti.fi\/kirjailijanpaivakirja\/wp-json\/wp\/v2\/categories?post=2040"},{"taxonomy":"post_tag","embeddable":true,"href":"https:\/\/suomenkuvalehti.fi\/kirjailijanpaivakirja\/wp-json\/wp\/v2\/tags?post=2040"}],"curies":[{"name":"wp","href":"https:\/\/api.w.org\/{rel}","templated":true}]}}