{"id":196,"date":"2014-09-05T20:54:40","date_gmt":"2014-09-05T17:54:40","guid":{"rendered":"https:\/\/suomenkuvalehti.fi\/kirjailijanpaivakirja\/?p=196"},"modified":"2014-09-05T21:28:31","modified_gmt":"2014-09-05T18:28:31","slug":"kirjasta-tuotantokaudeksi","status":"publish","type":"post","link":"https:\/\/suomenkuvalehti.fi\/kirjailijanpaivakirja\/kirjasta-tuotantokaudeksi\/","title":{"rendered":"Kirjasta tuotantokaudeksi"},"content":{"rendered":"\n<p>Reilu vuosi sitten kev\u00e4\u00e4ll\u00e4 Facebookissa ja Twitteriss\u00e4 alkoi levit\u00e4 huhuja uudesta kirjasta, joka sis\u00e4lt\u00e4isi yritt\u00e4j\u00e4tarinoita. Sen toinen tekij\u00e4, kirjoittaja, oli yst\u00e4v\u00e4ni Terho Puustinen, kokenut ja palkittu journalisti. Seurasin ilmi\u00f6n levi\u00e4mist\u00e4 kiinnostuneena. T\u00e4ss\u00e4 tunnuttiin tekev\u00e4n jotain aivan toisella tavalla kuin yleens\u00e4 kirjoja markkinoitaessa. Ilmi\u00f6 syttyi ja levisi.<\/p>\n\n\n\n<p><em>Taivas+Helvetti<\/em>-kirjan ilmestymisen aikaan viime vuoden toukokuussa olin Edinburghissa viimeistelem\u00e4ss\u00e4 romaaniani, joten en n\u00e4hnyt kirjan lanseeraustapahtumia paikan p\u00e4\u00e4ll\u00e4, mutta kes\u00e4n ja syksyn aikana Akateemisessa kirjakaupassa k\u00e4ydess\u00e4ni ihmettelin oranssikantisen teoksen keikkumista myydyimpien tietokirjojen ykk\u00f6sen\u00e4.<\/p>\n\n\n\n<p>Hieman tutkimalla <em>Taivas+Helvetti<\/em> osoittautui teokseksi ja teoksi, joka oli ohittanut perinteisen kirjanmyyntikoneiston. Kirja oli tavoittanut kosolti ihmisi\u00e4, jotka eiv\u00e4t v\u00e4ltt\u00e4m\u00e4tt\u00e4 muuten ostaisi kirjoja mutta joille kirjan ostaminen on helppo p\u00e4\u00e4t\u00f6s, kun he tiet\u00e4v\u00e4t, mit\u00e4 haluavat. Lis\u00e4ksi T+H:hon liittyi hyv\u00e4ntekev\u00e4isyysulottuvuus: jokaista myyty\u00e4 kirjaa kohden kirjan kustantaja Mika M\u00e4kel\u00e4inen lupasi lahjoittaa toisen kirjan vasta valmistuneelle nuorelle. M\u00e4kel\u00e4inen ei myynyt kirjaa vaan lupausta paremmasta Suomesta.<\/p>\n\n\n\n<p>Kun viime vuoden loppupuolella Mika M\u00e4kel\u00e4inen otti yhteytt\u00e4 Twitterin kautta ja ehdotti tapaamista, aavistelin hieman, mik\u00e4 voisi olla yhteydenoton syy. Kyll\u00e4. Mika kysyi minua kirjoittamaan kirjalle jatkoa, sill\u00e4 Terho ei hyv\u00e4\u00e4n vauhtiin p\u00e4\u00e4sseen yritt\u00e4j\u00e4ntoimintansa vuoksi enn\u00e4tt\u00e4isi kirjoittaa toista osaa.<\/p>\n\n\n\n<p>Mietin hetken. Olin juuri j\u00e4\u00e4nyt vapaaksi toimittajaksi osin juuri siksi, ett\u00e4 voisin kirjoittaa laajempia juttuja toimitusp\u00e4\u00e4llik\u00f6n ty\u00f6n jatkuvan organisoimisen ja palaverihelvettien sijaan. T\u00e4ss\u00e4h\u00e4n sit\u00e4 ty\u00f6t\u00e4 olisi tarjolla, hanke, joka mahdollistaisi syventymisen ja jossa saisi kokeilla erilaisia kerronnan keinoja. Emmin yhdest\u00e4 syyst\u00e4. Terho oli kirjoittanut syd\u00e4meenk\u00e4yvi\u00e4 tarinoita ja Mika sytytt\u00e4nyt ilmi\u00f6n. Jatko-osa on aina jatko-osa. Miksi l\u00e4htisin ep\u00e4onnistumaan?<\/p>\n\n\n\n<p>Mietin lis\u00e4\u00e4. Eih\u00e4n kirjojen tekeminen ole kilpailua. Terhon tekem\u00e4n erinomaisen ty\u00f6n pohjalta pystyisi ponnistamaan kohti omaa parasta. Sit\u00e4 paitsi minua kiinnosti aivan valtavasti, kuinka menestynyt sarjayritt\u00e4j\u00e4 teki temppunsa ja ajoi lanalla perinteisten kirjabisneksen toimintamallien yli. L\u00e4hdin mukaan, ja pian sovittiin ensimm\u00e4iset haastattelut.<\/p>\n\n\n\n<p>Ensimm\u00e4iseksi haastattelimme Pihlajalinnan perustajaa Mikko Wir\u00e9ni\u00e4. Pihlajalinnan neuvotteluhuoneessa Tampereen Kehr\u00e4saaressa Wir\u00e9n kertoi lapsuudestaan alkoholisti-is\u00e4n perheess\u00e4 ja hukuttautumisestaan uintitreeneihin. H\u00e4n kertoi 21 x 400 metrin intervalliharjoituksista, yritt\u00e4j\u00e4nuransa sattumanvaraisesta alusta. H\u00e4n k\u00e4vi l\u00e4pi tiens\u00e4 deliriumiin ja tien siit\u00e4 ulos. Aistin h\u00e4nen n\u00e4ytt\u00e4misenhalunsa. Kunnianhimo rakentaa hyv\u00e4\u00e4 ty\u00f6paikkaa ja halu tehd\u00e4 asioita toisin kuin niit\u00e4 oli tavattu tehd\u00e4 huokuivat Wir\u00e9nist\u00e4.<\/p>\n\n\n\n<p>Wir\u00e9nin j\u00e4lkeen tehtiin kaksikymment\u00e4 muuta haastattelua; viimeiseksi k\u00e4vin Iisalmessa tapaamassa kaiutinvalmistaja Genelecin perustajaa Ilpo Martikaista. Martikaisen syv\u00e4n humaaniin \u00e4\u00e4neen oli hyv\u00e4 lopettaa kirjan tarinankeruu.<\/p>\n\n\n\n<p><em>Taivas+Helvetti Vol. 2 \u2013 Ilman toista ei ole toisen menestyst\u00e4<\/em> ilmestyi virallisesti t\u00e4n\u00e4\u00e4n. Julkistustilaisuus oli Tennispalatsin elokuvateatterin 703 henkil\u00f6\u00e4 vet\u00e4v\u00e4ss\u00e4 ykk\u00f6ssalissa. Kirjaa varten on tehty mahtipontinen traileri. Kirjassa esiintyvist\u00e4 yritt\u00e4jist\u00e4 St1:n perustaja Mika Anttonen ja vakavan onnettomuuden j\u00e4lkeen jaloilleen noussut entinen freestylehiiht\u00e4j\u00e4 Pekka Hyysalo kertoivat ajatuksiaan el\u00e4m\u00e4st\u00e4 ja yritt\u00e4misest\u00e4. Tilaisuus oli itse asiassa yksi kymmenest\u00e4 aluetapahtumasta: kiertue kiert\u00e4\u00e4 Suomen, ja samalla tavataan opiskelijoita.<\/p>\n\n\n\n<p>On selv\u00e4\u00e4, ett\u00e4 olisi v\u00e4h\u00e4ttely\u00e4 puhua en\u00e4\u00e4 kirjasta. Jo Mikan Audilla Suomea ristiin rastiin ajellessamme puheeseen vakiintui termi &#8221;tuotantokausi&#8221;. T+H on produktio, jonka yksi osa kirja on. Kirjaihmisen\u00e4 pid\u00e4n valtavasti ajatuksesta, ett\u00e4 kirja on kuitenkin tukijalka, se pyramidin pohjakivi, johon rakennelma nojaa.<\/p>\n\n\n\n<p>***<\/p>\n\n\n\n<p>Toisen tuotantokauden alaotsikko on &#8221;Ilman toista ei ole toisen menestyst\u00e4&#8221;. Teema nousi esiin haastatteluissa. Elmukelmutehtailija Peter Fredman yritt\u00e4\u00e4 yhdess\u00e4 veljens\u00e4 kanssa. Veljeksill\u00e4 on samaa melkein kaikki Lapin-m\u00f6kkien tunturia ja kuntosalia my\u00f6ten, ja lapsetkin k\u00e4yv\u00e4t samaa koulua. William Wolframin tarinassa korostuu sattumien kautta yhti\u00f6n ensimm\u00e4iseksi palkolliseksi rekrytoidun ty\u00f6ntekij\u00e4n merkitys. Marjo Miettinen kuvaa koskettavasti suhdettaan is\u00e4\u00e4ns\u00e4, Enston perustajaan Ensio Miettiseen. Ilpo Martikainen suutelee sanallisesti vaimoaan, joka on tukenut maailmaa myyntity\u00f6ss\u00e4 kiert\u00e4nytt\u00e4 miest\u00e4\u00e4n.<\/p>\n\n\n\n<p>On my\u00f6s niit\u00e4 toisia, jotka ovat toiminnallaan potkineet yritt\u00e4ji\u00e4 n\u00e4ytt\u00e4m\u00e4\u00e4n. Valion k\u00e4yt\u00f6s sai Raino Kukkosen puskemaan omaa yrityst\u00e4\u00e4n raivolla, johon h\u00e4n tuskin olisi yltynyt ilman \u00e4rsytyst\u00e4. Heikki Salmelaa tuntuu yh\u00e4 kiusaavan se, ett\u00e4 h\u00e4neen suhtauduttiin aikanaan halveksuen ja v\u00e4h\u00e4tellen: eih\u00e4n nakkikauppias tarvitse Turun kaupungilta tonttia toimitiloilleen. N\u00e4m\u00e4 vain muutamina esimerkkein\u00e4.<\/p>\n\n\n\n<p>Taivas+Helvetti-tuotanto on monen tekij\u00e4n ty\u00f6n tulos. Se on hanke, ei kirja. Se on syntynyt yhteisty\u00f6ll\u00e4, jolla on saatu aikaan yhteenlaskua suurempi lopputulos. Esimerkiksi Jussi Ratilaisen valokuvat ja Sissyn suunnittelijoiden tekem\u00e4 ulkoasu ovat t\u00e4rkeit\u00e4 osia, puhumattakaan kiertueiden ja markkinoinnin organisoijista, someulottuvuuden hoitajista ja niin edelleen.<\/p>\n\n\n\n<p>Aivan varmasti kustantajan eli Mikan raivossa on my\u00f6s n\u00e4ytt\u00e4misenhalua. H\u00e4n haluaa n\u00e4ytt\u00e4\u00e4, ett\u00e4 bisneskirjaa voi myyd\u00e4 60 000 kappaletta, koska sen pit\u00e4isi kaiken j\u00e4rjen mukaan olla mahdotonta. Siin\u00e4 on samaa kiehtovaa suuruudenhulluutta kuin kirjailijan ty\u00f6ss\u00e4. Ilmenemismuoto, mittakaava ja huomioarvo vain ovat toiset.<\/p>\n\n\n","protected":false},"excerpt":{"rendered":"<p>Reilu vuosi sitten kev\u00e4\u00e4ll\u00e4 Facebookissa ja Twitteriss\u00e4 alkoi levit\u00e4 huhuja uudesta kirjasta, joka sis\u00e4lt\u00e4isi yritt\u00e4j\u00e4tarinoita. Sen toinen tekij\u00e4, kirjoittaja, oli yst\u00e4v\u00e4ni Terho Puustinen, kokenut ja palkittu journalisti. Seurasin ilmi\u00f6n levi\u00e4mist\u00e4 kiinnostuneena. T\u00e4ss\u00e4 tunnuttiin<br \/>\ntekev\u00e4n jotain a&hellip;<\/p>\n","protected":false},"author":129,"featured_media":0,"comment_status":"open","ping_status":"open","sticky":false,"template":"","format":"standard","meta":{"_acf_changed":false,"asauth_required_access_level":3,"asauth_cansharepaid":"true","om_header_attributes":[],"footnotes":"","om_featured_image_focal_point":[],"om_primary_tag":0,"om_contributors":[],"om_co_authors":[],"beyondwords_generate_audio":"","beyondwords_project_id":"","beyondwords_content_id":"","beyondwords_preview_token":"","beyondwords_player_content":"","beyondwords_player_style":"","beyondwords_language_code":"","beyondwords_language_id":"","beyondwords_title_voice_id":"","beyondwords_body_voice_id":"","beyondwords_summary_voice_id":"","beyondwords_error_message":"","beyondwords_disabled":"","beyondwords_delete_content":"","beyondwords_podcast_id":"","beyondwords_hash":"","publish_post_to_speechkit":"","speechkit_hash":"","speechkit_generate_audio":"","speechkit_project_id":"","speechkit_podcast_id":"","speechkit_error_message":"","speechkit_disabled":"","speechkit_access_key":"","speechkit_error":"","speechkit_info":"","speechkit_response":"","speechkit_retries":"","speechkit_status":"","speechkit_updated_at":"","_speechkit_link":"","_speechkit_text":""},"categories":[1],"tags":[245,247,239,237,244,240,235,238,241,242,246,234,236,243],"class_list":["post-196","post","type-post","status-publish","format-standard","hentry","category-kirjailijan-paivakirja","tag-ensio-miettinen","tag-heikki-salmela","tag-ilpo-martikainen","tag-jussi-ratilainen","tag-marjo-miettinen","tag-mika-anttonen","tag-mika-makelainen","tag-mikko-wiren","tag-pekka-hyysalo","tag-peter-fredman","tag-raino-kukkonen","tag-taivashelvetti","tag-terho-puustinen","tag-william-wolfram"],"om_views":null,"acf":{"tuuma_off":false,"tuuma_kysymys":"","tuuma_vastaus":""},"asauth":{"required_access_level":1,"share_token":"","is_paid":false},"yoast_head":"<!-- This site is optimized with the Yoast SEO plugin v26.4 - https:\/\/yoast.com\/wordpress\/plugins\/seo\/ -->\n<title>Kirjasta tuotantokaudeksi - Kirjailijan p\u00e4iv\u00e4kirja<\/title>\n<meta name=\"robots\" content=\"index, follow, max-snippet:-1, max-image-preview:large, max-video-preview:-1\" \/>\n<link rel=\"canonical\" href=\"https:\/\/suomenkuvalehti.fi\/kirjailijanpaivakirja\/kirjasta-tuotantokaudeksi\/\" \/>\n<meta property=\"og:locale\" content=\"fi_FI\" \/>\n<meta property=\"og:type\" content=\"article\" \/>\n<meta property=\"og:title\" content=\"Kirjasta tuotantokaudeksi - Kirjailijan p\u00e4iv\u00e4kirja\" \/>\n<meta property=\"og:description\" content=\"Reilu vuosi sitten kev\u00e4\u00e4ll\u00e4 Facebookissa ja Twitteriss\u00e4 alkoi levit\u00e4 huhuja uudesta kirjasta, joka sis\u00e4lt\u00e4isi yritt\u00e4j\u00e4tarinoita. Sen toinen tekij\u00e4, kirjoittaja, oli yst\u00e4v\u00e4ni Terho Puustinen, kokenut ja palkittu journalisti. Seurasin ilmi\u00f6n levi\u00e4mist\u00e4 kiinnostuneena. T\u00e4ss\u00e4 tunnuttiin tekev\u00e4n jotain a&hellip;\" \/>\n<meta property=\"og:url\" content=\"https:\/\/suomenkuvalehti.fi\/kirjailijanpaivakirja\/kirjasta-tuotantokaudeksi\/\" \/>\n<meta property=\"og:site_name\" content=\"Kirjailijan p\u00e4iv\u00e4kirja\" \/>\n<meta property=\"article:published_time\" content=\"2014-09-05T17:54:40+00:00\" \/>\n<meta property=\"article:modified_time\" content=\"2014-09-05T18:28:31+00:00\" \/>\n<meta property=\"og:image\" content=\"https:\/\/suomenkuvalehti.fi\/kirjailijanpaivakirja\/wp-content\/uploads\/sites\/21\/2022\/04\/hamalainen_karo06-1-scaled.jpg\" \/>\n\t<meta property=\"og:image:width\" content=\"2560\" \/>\n\t<meta property=\"og:image:height\" content=\"1706\" \/>\n\t<meta property=\"og:image:type\" content=\"image\/jpeg\" \/>\n<meta name=\"author\" content=\"Karo H\u00e4m\u00e4l\u00e4inen\" \/>\n<meta name=\"twitter:card\" content=\"summary_large_image\" \/>\n<meta name=\"twitter:label1\" content=\"Written by\" \/>\n\t<meta name=\"twitter:data1\" content=\"Karo H\u00e4m\u00e4l\u00e4inen\" \/>\n\t<meta name=\"twitter:label2\" content=\"Est. reading time\" \/>\n\t<meta name=\"twitter:data2\" content=\"4 minuuttia\" \/>\n<script type=\"application\/ld+json\" class=\"yoast-schema-graph\">{\"@context\":\"https:\/\/schema.org\",\"@graph\":[{\"@type\":\"WebPage\",\"@id\":\"https:\/\/suomenkuvalehti.fi\/kirjailijanpaivakirja\/kirjasta-tuotantokaudeksi\/\",\"url\":\"https:\/\/suomenkuvalehti.fi\/kirjailijanpaivakirja\/kirjasta-tuotantokaudeksi\/\",\"name\":\"Kirjasta tuotantokaudeksi - Kirjailijan p\u00e4iv\u00e4kirja\",\"isPartOf\":{\"@id\":\"https:\/\/suomenkuvalehti.fi\/kirjailijanpaivakirja\/#website\"},\"datePublished\":\"2014-09-05T17:54:40+00:00\",\"dateModified\":\"2014-09-05T18:28:31+00:00\",\"author\":{\"@id\":\"https:\/\/suomenkuvalehti.fi\/kirjailijanpaivakirja\/#\/schema\/person\/ca2dfd9d508d8c675e07b3c099fc789b\"},\"breadcrumb\":{\"@id\":\"https:\/\/suomenkuvalehti.fi\/kirjailijanpaivakirja\/kirjasta-tuotantokaudeksi\/#breadcrumb\"},\"inLanguage\":\"fi\",\"potentialAction\":[{\"@type\":\"ReadAction\",\"target\":[\"https:\/\/suomenkuvalehti.fi\/kirjailijanpaivakirja\/kirjasta-tuotantokaudeksi\/\"]}]},{\"@type\":\"BreadcrumbList\",\"@id\":\"https:\/\/suomenkuvalehti.fi\/kirjailijanpaivakirja\/kirjasta-tuotantokaudeksi\/#breadcrumb\",\"itemListElement\":[{\"@type\":\"ListItem\",\"position\":1,\"name\":\"Home\",\"item\":\"https:\/\/suomenkuvalehti.fi\/kirjailijanpaivakirja\/\"},{\"@type\":\"ListItem\",\"position\":2,\"name\":\"Kirjasta tuotantokaudeksi\"}]},{\"@type\":\"WebSite\",\"@id\":\"https:\/\/suomenkuvalehti.fi\/kirjailijanpaivakirja\/#website\",\"url\":\"https:\/\/suomenkuvalehti.fi\/kirjailijanpaivakirja\/\",\"name\":\"Kirjailijan p\u00e4iv\u00e4kirja\",\"description\":\"Proosakirjailijan arkea ja kirjallisuuden ajankohtaisia aiheita.\",\"potentialAction\":[{\"@type\":\"SearchAction\",\"target\":{\"@type\":\"EntryPoint\",\"urlTemplate\":\"https:\/\/suomenkuvalehti.fi\/haku\/?q={search_term_string}\"},\"query-input\":{\"@type\":\"PropertyValueSpecification\",\"valueRequired\":true,\"valueName\":\"search_term_string\"}}],\"inLanguage\":\"fi\"},{\"@type\":\"Person\",\"@id\":\"https:\/\/suomenkuvalehti.fi\/kirjailijanpaivakirja\/#\/schema\/person\/ca2dfd9d508d8c675e07b3c099fc789b\",\"name\":\"Karo H\u00e4m\u00e4l\u00e4inen\",\"image\":{\"@type\":\"ImageObject\",\"inLanguage\":\"fi\",\"@id\":\"https:\/\/suomenkuvalehti.fi\/kirjailijanpaivakirja\/#\/schema\/person\/image\/\",\"url\":\"https:\/\/suomenkuvalehti.fi\/kirjailijanpaivakirja\/wp-content\/uploads\/sites\/21\/2022\/04\/hamalainen_karo06-1-150x150.jpg\",\"contentUrl\":\"https:\/\/suomenkuvalehti.fi\/kirjailijanpaivakirja\/wp-content\/uploads\/sites\/21\/2022\/04\/hamalainen_karo06-1-150x150.jpg\",\"caption\":\"Karo H\u00e4m\u00e4l\u00e4inen\"},\"description\":\"Karo H\u00e4m\u00e4l\u00e4inen on kirjailija ja talouteen erikoistunut vapaa toimittaja.\"}]}<\/script>\n<!-- \/ Yoast SEO plugin. -->","yoast_head_json":{"title":"Kirjasta tuotantokaudeksi - Kirjailijan p\u00e4iv\u00e4kirja","robots":{"index":"index","follow":"follow","max-snippet":"max-snippet:-1","max-image-preview":"max-image-preview:large","max-video-preview":"max-video-preview:-1"},"canonical":"https:\/\/suomenkuvalehti.fi\/kirjailijanpaivakirja\/kirjasta-tuotantokaudeksi\/","og_locale":"fi_FI","og_type":"article","og_title":"Kirjasta tuotantokaudeksi - Kirjailijan p\u00e4iv\u00e4kirja","og_description":"Reilu vuosi sitten kev\u00e4\u00e4ll\u00e4 Facebookissa ja Twitteriss\u00e4 alkoi levit\u00e4 huhuja uudesta kirjasta, joka sis\u00e4lt\u00e4isi yritt\u00e4j\u00e4tarinoita. Sen toinen tekij\u00e4, kirjoittaja, oli yst\u00e4v\u00e4ni Terho Puustinen, kokenut ja palkittu journalisti. Seurasin ilmi\u00f6n levi\u00e4mist\u00e4 kiinnostuneena. T\u00e4ss\u00e4 tunnuttiin tekev\u00e4n jotain a&hellip;","og_url":"https:\/\/suomenkuvalehti.fi\/kirjailijanpaivakirja\/kirjasta-tuotantokaudeksi\/","og_site_name":"Kirjailijan p\u00e4iv\u00e4kirja","article_published_time":"2014-09-05T17:54:40+00:00","article_modified_time":"2014-09-05T18:28:31+00:00","og_image":[{"width":2560,"height":1706,"url":"https:\/\/suomenkuvalehti.fi\/kirjailijanpaivakirja\/wp-content\/uploads\/sites\/21\/2022\/04\/hamalainen_karo06-1-scaled.jpg","type":"image\/jpeg"}],"author":"Karo H\u00e4m\u00e4l\u00e4inen","twitter_card":"summary_large_image","twitter_misc":{"Written by":"Karo H\u00e4m\u00e4l\u00e4inen","Est. reading time":"4 minuuttia"},"schema":{"@context":"https:\/\/schema.org","@graph":[{"@type":"WebPage","@id":"https:\/\/suomenkuvalehti.fi\/kirjailijanpaivakirja\/kirjasta-tuotantokaudeksi\/","url":"https:\/\/suomenkuvalehti.fi\/kirjailijanpaivakirja\/kirjasta-tuotantokaudeksi\/","name":"Kirjasta tuotantokaudeksi - Kirjailijan p\u00e4iv\u00e4kirja","isPartOf":{"@id":"https:\/\/suomenkuvalehti.fi\/kirjailijanpaivakirja\/#website"},"datePublished":"2014-09-05T17:54:40+00:00","dateModified":"2014-09-05T18:28:31+00:00","author":{"@id":"https:\/\/suomenkuvalehti.fi\/kirjailijanpaivakirja\/#\/schema\/person\/ca2dfd9d508d8c675e07b3c099fc789b"},"breadcrumb":{"@id":"https:\/\/suomenkuvalehti.fi\/kirjailijanpaivakirja\/kirjasta-tuotantokaudeksi\/#breadcrumb"},"inLanguage":"fi","potentialAction":[{"@type":"ReadAction","target":["https:\/\/suomenkuvalehti.fi\/kirjailijanpaivakirja\/kirjasta-tuotantokaudeksi\/"]}]},{"@type":"BreadcrumbList","@id":"https:\/\/suomenkuvalehti.fi\/kirjailijanpaivakirja\/kirjasta-tuotantokaudeksi\/#breadcrumb","itemListElement":[{"@type":"ListItem","position":1,"name":"Home","item":"https:\/\/suomenkuvalehti.fi\/kirjailijanpaivakirja\/"},{"@type":"ListItem","position":2,"name":"Kirjasta tuotantokaudeksi"}]},{"@type":"WebSite","@id":"https:\/\/suomenkuvalehti.fi\/kirjailijanpaivakirja\/#website","url":"https:\/\/suomenkuvalehti.fi\/kirjailijanpaivakirja\/","name":"Kirjailijan p\u00e4iv\u00e4kirja","description":"Proosakirjailijan arkea ja kirjallisuuden ajankohtaisia aiheita.","potentialAction":[{"@type":"SearchAction","target":{"@type":"EntryPoint","urlTemplate":"https:\/\/suomenkuvalehti.fi\/haku\/?q={search_term_string}"},"query-input":{"@type":"PropertyValueSpecification","valueRequired":true,"valueName":"search_term_string"}}],"inLanguage":"fi"},{"@type":"Person","@id":"https:\/\/suomenkuvalehti.fi\/kirjailijanpaivakirja\/#\/schema\/person\/ca2dfd9d508d8c675e07b3c099fc789b","name":"Karo H\u00e4m\u00e4l\u00e4inen","image":{"@type":"ImageObject","inLanguage":"fi","@id":"https:\/\/suomenkuvalehti.fi\/kirjailijanpaivakirja\/#\/schema\/person\/image\/","url":"https:\/\/suomenkuvalehti.fi\/kirjailijanpaivakirja\/wp-content\/uploads\/sites\/21\/2022\/04\/hamalainen_karo06-1-150x150.jpg","contentUrl":"https:\/\/suomenkuvalehti.fi\/kirjailijanpaivakirja\/wp-content\/uploads\/sites\/21\/2022\/04\/hamalainen_karo06-1-150x150.jpg","caption":"Karo H\u00e4m\u00e4l\u00e4inen"},"description":"Karo H\u00e4m\u00e4l\u00e4inen on kirjailija ja talouteen erikoistunut vapaa toimittaja."}]}},"_links":{"self":[{"href":"https:\/\/suomenkuvalehti.fi\/kirjailijanpaivakirja\/wp-json\/wp\/v2\/posts\/196","targetHints":{"allow":["GET"]}}],"collection":[{"href":"https:\/\/suomenkuvalehti.fi\/kirjailijanpaivakirja\/wp-json\/wp\/v2\/posts"}],"about":[{"href":"https:\/\/suomenkuvalehti.fi\/kirjailijanpaivakirja\/wp-json\/wp\/v2\/types\/post"}],"author":[{"embeddable":true,"href":"https:\/\/suomenkuvalehti.fi\/kirjailijanpaivakirja\/wp-json\/wp\/v2\/users\/129"}],"replies":[{"embeddable":true,"href":"https:\/\/suomenkuvalehti.fi\/kirjailijanpaivakirja\/wp-json\/wp\/v2\/comments?post=196"}],"version-history":[{"count":5,"href":"https:\/\/suomenkuvalehti.fi\/kirjailijanpaivakirja\/wp-json\/wp\/v2\/posts\/196\/revisions"}],"predecessor-version":[{"id":202,"href":"https:\/\/suomenkuvalehti.fi\/kirjailijanpaivakirja\/wp-json\/wp\/v2\/posts\/196\/revisions\/202"}],"wp:attachment":[{"href":"https:\/\/suomenkuvalehti.fi\/kirjailijanpaivakirja\/wp-json\/wp\/v2\/media?parent=196"}],"wp:term":[{"taxonomy":"category","embeddable":true,"href":"https:\/\/suomenkuvalehti.fi\/kirjailijanpaivakirja\/wp-json\/wp\/v2\/categories?post=196"},{"taxonomy":"post_tag","embeddable":true,"href":"https:\/\/suomenkuvalehti.fi\/kirjailijanpaivakirja\/wp-json\/wp\/v2\/tags?post=196"}],"curies":[{"name":"wp","href":"https:\/\/api.w.org\/{rel}","templated":true}]}}