{"id":1944,"date":"2020-11-25T12:38:47","date_gmt":"2020-11-25T10:38:47","guid":{"rendered":"https:\/\/suomenkuvalehti.fi\/kirjailijanpaivakirja\/?p=1944"},"modified":"2020-11-25T12:38:47","modified_gmt":"2020-11-25T10:38:47","slug":"saatosauva-heilahti-imperiumi-luhistui","status":"publish","type":"post","link":"https:\/\/suomenkuvalehti.fi\/kirjailijanpaivakirja\/saatosauva-heilahti-imperiumi-luhistui\/","title":{"rendered":"S\u00e4\u00e4t\u00f6sauva heilahti, imperiumi luhistui"},"content":{"rendered":"<figure class=\"alignleft size-medium is-resized wp-block-image\">\n  <div class=\"wp-block-image__inner-container\">\n    <a href='https:\/\/suomenkuvalehti.fi\/kirjailijanpaivakirja\/wp-content\/uploads\/sites\/21\/2020\/11\/plokhy.jpg'><img loading=\"lazy\" decoding=\"async\" src=\"https:\/\/suomenkuvalehti.fi\/kirjailijanpaivakirja\/wp-content\/uploads\/sites\/21\/2020\/11\/plokhy-206x300.jpg\" alt=\"\" class=\"wp-image-1945\" width=\"206\" height=\"300\" style=\"--aspect-ratio: 0.69\" srcset=\"https:\/\/suomenkuvalehti.fi\/kirjailijanpaivakirja\/wp-content\/uploads\/sites\/21\/2020\/11\/plokhy-206x300.jpg 206w, https:\/\/suomenkuvalehti.fi\/kirjailijanpaivakirja\/wp-content\/uploads\/sites\/21\/2020\/11\/plokhy-768x1116.jpg 768w, https:\/\/suomenkuvalehti.fi\/kirjailijanpaivakirja\/wp-content\/uploads\/sites\/21\/2020\/11\/plokhy-705x1024.jpg 705w, https:\/\/suomenkuvalehti.fi\/kirjailijanpaivakirja\/wp-content\/uploads\/sites\/21\/2020\/11\/plokhy-300x436.jpg 300w, https:\/\/suomenkuvalehti.fi\/kirjailijanpaivakirja\/wp-content\/uploads\/sites\/21\/2020\/11\/plokhy-630x915.jpg 630w, https:\/\/suomenkuvalehti.fi\/kirjailijanpaivakirja\/wp-content\/uploads\/sites\/21\/2020\/11\/plokhy.jpg 1772w\" sizes=\"auto, (max-width: 206px) 100vw, 206px\" \/><\/a>  <\/div>\n<\/figure>\n\n\n<p><span class=\"capitalized\">T\u0161ernobylin<\/span> ydinvoimalaonnettomuus huhtikuun 1986 lopulla on sukupolvikokemus, joka vaikutti v\u00e4litt\u00f6m\u00e4sti ja jonka vaikutukset tuntuvat yh\u00e4.<\/p>\n\n\n\n<p>Se saastutti maata asuinkelvottomaksi, tappoi ja sairastutti ihmisi\u00e4 ja pakotti suuria ihmisjoukkoja j\u00e4tt\u00e4m\u00e4\u00e4n kotinsa.<\/p>\n\n\n\n<p>Se her\u00e4tti konkreettisesti pelon ydinvoimaa kohtaan ja on johtanut pitk\u00e4kestoisiin ydinvoiman vastaisiin mielenosoituksiin ja vaikuttanut energiaratkaisuihin.<\/p>\n\n\n\n<p>Se kiihdytti Neuvostoliiton hajoamista.<\/p>\n\n\n\n<p>&nbsp;<\/p>\n\n\n\n<p><span class=\"capitalized\">Ukrainalais-yhdysvaltalainen<\/span> historioitsija <strong>Serhii Plokhy<\/strong> yhdist\u00e4\u00e4 teoksessaan <em>T\u0161ernobyl \u2013 Ydinkatastrofin historia<\/em> (suom. Seppo Raudaskoski, Otava 2020) yksitt\u00e4isten henkil\u00f6iden mikrohistorian maailman pinta-alalla mitattuna suurimman valtion tuhoon.<\/p>\n\n\n\n<p>Plokhy, jonka aiempaan tuotantoon kuuluvat muiden muassa teokset Neuvostoliiton synnyst\u00e4 ja sen vastapainoksi viimeisist\u00e4 p\u00e4ivist\u00e4 sek\u00e4 useita Ukrainan historiaa k\u00e4sittelevi\u00e4 teoksia, kuvaa teoksessaan hyyt\u00e4v\u00e4sti yksitt\u00e4isten toimijoiden kautta ep\u00e4terveen imperiumin toimintatapoja, jotka osaltaan johtivat katastrofiin ja osaltaan syvensiv\u00e4t sit\u00e4.<\/p>\n\n\n\n<p>H\u00e4n rakentaa kohtauksia ja vie ydinvoimalan tuhon keskelle ukrainalaisten arkea. H\u00e4n kohdistaa huomionsa milloin ydinvoimalan liepeill\u00e4 kalastaneisiin miehiin, milloin sammutust\u00f6it\u00e4 tehneisiin palomiehiin, milloin Neuvostoliiton kommunistisen puolueen p\u00e4\u00e4sihteeriin <strong>Mihail Gorbat\u0161oviin<\/strong>.<\/p>\n\n\n\n<p>&nbsp;<\/p>\n\n\n\n<p><span class=\"capitalized\">Nyttemmin<\/span> T\u0161ernobylist\u00e4 ja sen l\u00e4hialueista on tullut jonkinmoinen seikkailumatkakohde. Itsekin k\u00e4vin aivan vuosituhannen ensimm\u00e4isin\u00e4 vuosina kokemassa pelonsekaista ihmettely\u00e4 Valko-Ven\u00e4j\u00e4n ja Ukrainan rajaseudulla; juuri Valko-Ven\u00e4j\u00e4 k\u00e4rsi ydinkatastrofista suhteessa eniten.<\/p>\n\n\n\n<p>L\u00e4nsimaisten j\u00e4nnityksen etsij\u00f6iden ja kommunismin kauhistelijoiden turvalliseksi matkakohteeksi p\u00e4\u00e4tymisen lis\u00e4ksi T\u0161ernobyl on tullut viime vuosien uutisiin uuden suojakuoren rakentamisen my\u00f6t\u00e4. Euroopan j\u00e4lleenrakennus- ja kehityspankin johtama hanke viiv\u00e4styi ja muuttui kalliiksi niin kuin ydinvoimaloihin liittyvill\u00e4 hankkeilla tuntuu olevan tapana.<\/p>\n\n\n\n<p>Plokhy vertaa l\u00e4nsimaisten rahoittajien ja Ukrainan suhdetta perheeseen, jossa teini lupaa k\u00e4ytt\u00e4yty\u00e4 kunnolla, kunhan vain saa suurempaa viikkorahaa.<\/p>\n\n\n\n<p>Mekanismi uhkaa oikeastaan kaikkialla, miss\u00e4 valtion sis\u00e4ll\u00e4 tapahtuvalla toiminnalla on valtakunnan rajat ylitt\u00e4vi\u00e4 vaikutuksia.<\/p>\n\n\n\n<p>&nbsp;<\/p>\n\n\n","protected":false},"excerpt":{"rendered":"<p>T\u0161ernobylin ydinvoimalaonnettomuus huhtikuun 1986 lopulla on sukupolvikokemus, joka vaikutti v\u00e4litt\u00f6m\u00e4sti ja jonka vaikutukset tuntuvat yh\u00e4. Se saastutti maata asuinkelvottomaksi, tappoi ja sairastutti ihmisi\u00e4 ja pakotti suuria ihmisjoukkoja j\u00e4tt\u00e4m\u00e4\u00e4n kotinsa. Se her\u00e4tti<br \/>\nkonkreetti&hellip;<\/p>\n","protected":false},"author":129,"featured_media":1945,"comment_status":"open","ping_status":"open","sticky":false,"template":"","format":"standard","meta":{"_acf_changed":false,"asauth_required_access_level":3,"asauth_cansharepaid":"true","om_header_attributes":[],"footnotes":"","om_featured_image_focal_point":[],"om_primary_tag":0,"om_contributors":[],"om_co_authors":[],"beyondwords_generate_audio":"","beyondwords_project_id":"","beyondwords_content_id":"","beyondwords_preview_token":"","beyondwords_player_content":"","beyondwords_player_style":"","beyondwords_language_code":"","beyondwords_language_id":"","beyondwords_title_voice_id":"","beyondwords_body_voice_id":"","beyondwords_summary_voice_id":"","beyondwords_error_message":"","beyondwords_disabled":"","beyondwords_delete_content":"","beyondwords_podcast_id":"","beyondwords_hash":"","publish_post_to_speechkit":"","speechkit_hash":"","speechkit_generate_audio":"","speechkit_project_id":"","speechkit_podcast_id":"","speechkit_error_message":"","speechkit_disabled":"","speechkit_access_key":"","speechkit_error":"","speechkit_info":"","speechkit_response":"","speechkit_retries":"","speechkit_status":"","speechkit_updated_at":"","_speechkit_link":"","_speechkit_text":""},"categories":[1],"tags":[1454,1452,1453],"class_list":["post-1944","post","type-post","status-publish","format-standard","has-post-thumbnail","hentry","category-kirjailijan-paivakirja","tag-neuvostoliitto","tag-serhii-plokhy","tag-tsernobyl"],"om_views":null,"acf":{"tuuma_off":false,"tuuma_kysymys":"","tuuma_vastaus":""},"asauth":{"required_access_level":1,"share_token":"","is_paid":false},"yoast_head":"<!-- This site is optimized with the Yoast SEO plugin v26.4 - https:\/\/yoast.com\/wordpress\/plugins\/seo\/ -->\n<title>S\u00e4\u00e4t\u00f6sauva heilahti, imperiumi luhistui - Kirjailijan p\u00e4iv\u00e4kirja<\/title>\n<meta name=\"robots\" content=\"index, follow, max-snippet:-1, max-image-preview:large, max-video-preview:-1\" \/>\n<link rel=\"canonical\" href=\"https:\/\/suomenkuvalehti.fi\/kirjailijanpaivakirja\/saatosauva-heilahti-imperiumi-luhistui\/\" \/>\n<meta property=\"og:locale\" content=\"fi_FI\" \/>\n<meta property=\"og:type\" content=\"article\" \/>\n<meta property=\"og:title\" content=\"S\u00e4\u00e4t\u00f6sauva heilahti, imperiumi luhistui - Kirjailijan p\u00e4iv\u00e4kirja\" \/>\n<meta property=\"og:description\" content=\"T\u0161ernobylin ydinvoimalaonnettomuus huhtikuun 1986 lopulla on sukupolvikokemus, joka vaikutti v\u00e4litt\u00f6m\u00e4sti ja jonka vaikutukset tuntuvat yh\u00e4. Se saastutti maata asuinkelvottomaksi, tappoi ja sairastutti ihmisi\u00e4 ja pakotti suuria ihmisjoukkoja j\u00e4tt\u00e4m\u00e4\u00e4n kotinsa. Se her\u00e4tti konkreetti&hellip;\" \/>\n<meta property=\"og:url\" content=\"https:\/\/suomenkuvalehti.fi\/kirjailijanpaivakirja\/saatosauva-heilahti-imperiumi-luhistui\/\" \/>\n<meta property=\"og:site_name\" content=\"Kirjailijan p\u00e4iv\u00e4kirja\" \/>\n<meta property=\"article:published_time\" content=\"2020-11-25T10:38:47+00:00\" \/>\n<meta property=\"og:image\" content=\"https:\/\/suomenkuvalehti.fi\/kirjailijanpaivakirja\/wp-content\/uploads\/sites\/21\/2020\/11\/plokhy.jpg\" \/>\n\t<meta property=\"og:image:width\" content=\"1772\" \/>\n\t<meta property=\"og:image:height\" content=\"2575\" \/>\n\t<meta property=\"og:image:type\" content=\"image\/jpeg\" \/>\n<meta name=\"author\" content=\"Karo H\u00e4m\u00e4l\u00e4inen\" \/>\n<meta name=\"twitter:card\" content=\"summary_large_image\" \/>\n<meta name=\"twitter:label1\" content=\"Written by\" \/>\n\t<meta name=\"twitter:data1\" content=\"Karo H\u00e4m\u00e4l\u00e4inen\" \/>\n\t<meta name=\"twitter:label2\" content=\"Est. reading time\" \/>\n\t<meta name=\"twitter:data2\" content=\"1 minuutti\" \/>\n<script type=\"application\/ld+json\" class=\"yoast-schema-graph\">{\"@context\":\"https:\/\/schema.org\",\"@graph\":[{\"@type\":\"WebPage\",\"@id\":\"https:\/\/suomenkuvalehti.fi\/kirjailijanpaivakirja\/saatosauva-heilahti-imperiumi-luhistui\/\",\"url\":\"https:\/\/suomenkuvalehti.fi\/kirjailijanpaivakirja\/saatosauva-heilahti-imperiumi-luhistui\/\",\"name\":\"S\u00e4\u00e4t\u00f6sauva heilahti, imperiumi luhistui - Kirjailijan p\u00e4iv\u00e4kirja\",\"isPartOf\":{\"@id\":\"https:\/\/suomenkuvalehti.fi\/kirjailijanpaivakirja\/#website\"},\"primaryImageOfPage\":{\"@id\":\"https:\/\/suomenkuvalehti.fi\/kirjailijanpaivakirja\/saatosauva-heilahti-imperiumi-luhistui\/#primaryimage\"},\"image\":{\"@id\":\"https:\/\/suomenkuvalehti.fi\/kirjailijanpaivakirja\/saatosauva-heilahti-imperiumi-luhistui\/#primaryimage\"},\"thumbnailUrl\":\"https:\/\/suomenkuvalehti.fi\/kirjailijanpaivakirja\/wp-content\/uploads\/sites\/21\/2020\/11\/plokhy.jpg\",\"datePublished\":\"2020-11-25T10:38:47+00:00\",\"author\":{\"@id\":\"https:\/\/suomenkuvalehti.fi\/kirjailijanpaivakirja\/#\/schema\/person\/ca2dfd9d508d8c675e07b3c099fc789b\"},\"breadcrumb\":{\"@id\":\"https:\/\/suomenkuvalehti.fi\/kirjailijanpaivakirja\/saatosauva-heilahti-imperiumi-luhistui\/#breadcrumb\"},\"inLanguage\":\"fi\",\"potentialAction\":[{\"@type\":\"ReadAction\",\"target\":[\"https:\/\/suomenkuvalehti.fi\/kirjailijanpaivakirja\/saatosauva-heilahti-imperiumi-luhistui\/\"]}]},{\"@type\":\"ImageObject\",\"inLanguage\":\"fi\",\"@id\":\"https:\/\/suomenkuvalehti.fi\/kirjailijanpaivakirja\/saatosauva-heilahti-imperiumi-luhistui\/#primaryimage\",\"url\":\"https:\/\/suomenkuvalehti.fi\/kirjailijanpaivakirja\/wp-content\/uploads\/sites\/21\/2020\/11\/plokhy.jpg\",\"contentUrl\":\"https:\/\/suomenkuvalehti.fi\/kirjailijanpaivakirja\/wp-content\/uploads\/sites\/21\/2020\/11\/plokhy.jpg\",\"width\":1772,\"height\":2575},{\"@type\":\"BreadcrumbList\",\"@id\":\"https:\/\/suomenkuvalehti.fi\/kirjailijanpaivakirja\/saatosauva-heilahti-imperiumi-luhistui\/#breadcrumb\",\"itemListElement\":[{\"@type\":\"ListItem\",\"position\":1,\"name\":\"Home\",\"item\":\"https:\/\/suomenkuvalehti.fi\/kirjailijanpaivakirja\/\"},{\"@type\":\"ListItem\",\"position\":2,\"name\":\"S\u00e4\u00e4t\u00f6sauva heilahti, imperiumi luhistui\"}]},{\"@type\":\"WebSite\",\"@id\":\"https:\/\/suomenkuvalehti.fi\/kirjailijanpaivakirja\/#website\",\"url\":\"https:\/\/suomenkuvalehti.fi\/kirjailijanpaivakirja\/\",\"name\":\"Kirjailijan p\u00e4iv\u00e4kirja\",\"description\":\"Proosakirjailijan arkea ja kirjallisuuden ajankohtaisia aiheita.\",\"potentialAction\":[{\"@type\":\"SearchAction\",\"target\":{\"@type\":\"EntryPoint\",\"urlTemplate\":\"https:\/\/suomenkuvalehti.fi\/haku\/?q={search_term_string}\"},\"query-input\":{\"@type\":\"PropertyValueSpecification\",\"valueRequired\":true,\"valueName\":\"search_term_string\"}}],\"inLanguage\":\"fi\"},{\"@type\":\"Person\",\"@id\":\"https:\/\/suomenkuvalehti.fi\/kirjailijanpaivakirja\/#\/schema\/person\/ca2dfd9d508d8c675e07b3c099fc789b\",\"name\":\"Karo H\u00e4m\u00e4l\u00e4inen\",\"image\":{\"@type\":\"ImageObject\",\"inLanguage\":\"fi\",\"@id\":\"https:\/\/suomenkuvalehti.fi\/kirjailijanpaivakirja\/#\/schema\/person\/image\/\",\"url\":\"https:\/\/suomenkuvalehti.fi\/kirjailijanpaivakirja\/wp-content\/uploads\/sites\/21\/2022\/04\/hamalainen_karo06-1-150x150.jpg\",\"contentUrl\":\"https:\/\/suomenkuvalehti.fi\/kirjailijanpaivakirja\/wp-content\/uploads\/sites\/21\/2022\/04\/hamalainen_karo06-1-150x150.jpg\",\"caption\":\"Karo H\u00e4m\u00e4l\u00e4inen\"},\"description\":\"Karo H\u00e4m\u00e4l\u00e4inen on kirjailija ja talouteen erikoistunut vapaa toimittaja.\"}]}<\/script>\n<!-- \/ Yoast SEO plugin. -->","yoast_head_json":{"title":"S\u00e4\u00e4t\u00f6sauva heilahti, imperiumi luhistui - Kirjailijan p\u00e4iv\u00e4kirja","robots":{"index":"index","follow":"follow","max-snippet":"max-snippet:-1","max-image-preview":"max-image-preview:large","max-video-preview":"max-video-preview:-1"},"canonical":"https:\/\/suomenkuvalehti.fi\/kirjailijanpaivakirja\/saatosauva-heilahti-imperiumi-luhistui\/","og_locale":"fi_FI","og_type":"article","og_title":"S\u00e4\u00e4t\u00f6sauva heilahti, imperiumi luhistui - Kirjailijan p\u00e4iv\u00e4kirja","og_description":"T\u0161ernobylin ydinvoimalaonnettomuus huhtikuun 1986 lopulla on sukupolvikokemus, joka vaikutti v\u00e4litt\u00f6m\u00e4sti ja jonka vaikutukset tuntuvat yh\u00e4. Se saastutti maata asuinkelvottomaksi, tappoi ja sairastutti ihmisi\u00e4 ja pakotti suuria ihmisjoukkoja j\u00e4tt\u00e4m\u00e4\u00e4n kotinsa. Se her\u00e4tti konkreetti&hellip;","og_url":"https:\/\/suomenkuvalehti.fi\/kirjailijanpaivakirja\/saatosauva-heilahti-imperiumi-luhistui\/","og_site_name":"Kirjailijan p\u00e4iv\u00e4kirja","article_published_time":"2020-11-25T10:38:47+00:00","og_image":[{"width":1772,"height":2575,"url":"https:\/\/suomenkuvalehti.fi\/kirjailijanpaivakirja\/wp-content\/uploads\/sites\/21\/2020\/11\/plokhy.jpg","type":"image\/jpeg"}],"author":"Karo H\u00e4m\u00e4l\u00e4inen","twitter_card":"summary_large_image","twitter_misc":{"Written by":"Karo H\u00e4m\u00e4l\u00e4inen","Est. reading time":"1 minuutti"},"schema":{"@context":"https:\/\/schema.org","@graph":[{"@type":"WebPage","@id":"https:\/\/suomenkuvalehti.fi\/kirjailijanpaivakirja\/saatosauva-heilahti-imperiumi-luhistui\/","url":"https:\/\/suomenkuvalehti.fi\/kirjailijanpaivakirja\/saatosauva-heilahti-imperiumi-luhistui\/","name":"S\u00e4\u00e4t\u00f6sauva heilahti, imperiumi luhistui - Kirjailijan p\u00e4iv\u00e4kirja","isPartOf":{"@id":"https:\/\/suomenkuvalehti.fi\/kirjailijanpaivakirja\/#website"},"primaryImageOfPage":{"@id":"https:\/\/suomenkuvalehti.fi\/kirjailijanpaivakirja\/saatosauva-heilahti-imperiumi-luhistui\/#primaryimage"},"image":{"@id":"https:\/\/suomenkuvalehti.fi\/kirjailijanpaivakirja\/saatosauva-heilahti-imperiumi-luhistui\/#primaryimage"},"thumbnailUrl":"https:\/\/suomenkuvalehti.fi\/kirjailijanpaivakirja\/wp-content\/uploads\/sites\/21\/2020\/11\/plokhy.jpg","datePublished":"2020-11-25T10:38:47+00:00","author":{"@id":"https:\/\/suomenkuvalehti.fi\/kirjailijanpaivakirja\/#\/schema\/person\/ca2dfd9d508d8c675e07b3c099fc789b"},"breadcrumb":{"@id":"https:\/\/suomenkuvalehti.fi\/kirjailijanpaivakirja\/saatosauva-heilahti-imperiumi-luhistui\/#breadcrumb"},"inLanguage":"fi","potentialAction":[{"@type":"ReadAction","target":["https:\/\/suomenkuvalehti.fi\/kirjailijanpaivakirja\/saatosauva-heilahti-imperiumi-luhistui\/"]}]},{"@type":"ImageObject","inLanguage":"fi","@id":"https:\/\/suomenkuvalehti.fi\/kirjailijanpaivakirja\/saatosauva-heilahti-imperiumi-luhistui\/#primaryimage","url":"https:\/\/suomenkuvalehti.fi\/kirjailijanpaivakirja\/wp-content\/uploads\/sites\/21\/2020\/11\/plokhy.jpg","contentUrl":"https:\/\/suomenkuvalehti.fi\/kirjailijanpaivakirja\/wp-content\/uploads\/sites\/21\/2020\/11\/plokhy.jpg","width":1772,"height":2575},{"@type":"BreadcrumbList","@id":"https:\/\/suomenkuvalehti.fi\/kirjailijanpaivakirja\/saatosauva-heilahti-imperiumi-luhistui\/#breadcrumb","itemListElement":[{"@type":"ListItem","position":1,"name":"Home","item":"https:\/\/suomenkuvalehti.fi\/kirjailijanpaivakirja\/"},{"@type":"ListItem","position":2,"name":"S\u00e4\u00e4t\u00f6sauva heilahti, imperiumi luhistui"}]},{"@type":"WebSite","@id":"https:\/\/suomenkuvalehti.fi\/kirjailijanpaivakirja\/#website","url":"https:\/\/suomenkuvalehti.fi\/kirjailijanpaivakirja\/","name":"Kirjailijan p\u00e4iv\u00e4kirja","description":"Proosakirjailijan arkea ja kirjallisuuden ajankohtaisia aiheita.","potentialAction":[{"@type":"SearchAction","target":{"@type":"EntryPoint","urlTemplate":"https:\/\/suomenkuvalehti.fi\/haku\/?q={search_term_string}"},"query-input":{"@type":"PropertyValueSpecification","valueRequired":true,"valueName":"search_term_string"}}],"inLanguage":"fi"},{"@type":"Person","@id":"https:\/\/suomenkuvalehti.fi\/kirjailijanpaivakirja\/#\/schema\/person\/ca2dfd9d508d8c675e07b3c099fc789b","name":"Karo H\u00e4m\u00e4l\u00e4inen","image":{"@type":"ImageObject","inLanguage":"fi","@id":"https:\/\/suomenkuvalehti.fi\/kirjailijanpaivakirja\/#\/schema\/person\/image\/","url":"https:\/\/suomenkuvalehti.fi\/kirjailijanpaivakirja\/wp-content\/uploads\/sites\/21\/2022\/04\/hamalainen_karo06-1-150x150.jpg","contentUrl":"https:\/\/suomenkuvalehti.fi\/kirjailijanpaivakirja\/wp-content\/uploads\/sites\/21\/2022\/04\/hamalainen_karo06-1-150x150.jpg","caption":"Karo H\u00e4m\u00e4l\u00e4inen"},"description":"Karo H\u00e4m\u00e4l\u00e4inen on kirjailija ja talouteen erikoistunut vapaa toimittaja."}]}},"_links":{"self":[{"href":"https:\/\/suomenkuvalehti.fi\/kirjailijanpaivakirja\/wp-json\/wp\/v2\/posts\/1944","targetHints":{"allow":["GET"]}}],"collection":[{"href":"https:\/\/suomenkuvalehti.fi\/kirjailijanpaivakirja\/wp-json\/wp\/v2\/posts"}],"about":[{"href":"https:\/\/suomenkuvalehti.fi\/kirjailijanpaivakirja\/wp-json\/wp\/v2\/types\/post"}],"author":[{"embeddable":true,"href":"https:\/\/suomenkuvalehti.fi\/kirjailijanpaivakirja\/wp-json\/wp\/v2\/users\/129"}],"replies":[{"embeddable":true,"href":"https:\/\/suomenkuvalehti.fi\/kirjailijanpaivakirja\/wp-json\/wp\/v2\/comments?post=1944"}],"version-history":[{"count":1,"href":"https:\/\/suomenkuvalehti.fi\/kirjailijanpaivakirja\/wp-json\/wp\/v2\/posts\/1944\/revisions"}],"predecessor-version":[{"id":1946,"href":"https:\/\/suomenkuvalehti.fi\/kirjailijanpaivakirja\/wp-json\/wp\/v2\/posts\/1944\/revisions\/1946"}],"wp:featuredmedia":[{"embeddable":true,"href":"https:\/\/suomenkuvalehti.fi\/kirjailijanpaivakirja\/wp-json\/wp\/v2\/media\/1945"}],"wp:attachment":[{"href":"https:\/\/suomenkuvalehti.fi\/kirjailijanpaivakirja\/wp-json\/wp\/v2\/media?parent=1944"}],"wp:term":[{"taxonomy":"category","embeddable":true,"href":"https:\/\/suomenkuvalehti.fi\/kirjailijanpaivakirja\/wp-json\/wp\/v2\/categories?post=1944"},{"taxonomy":"post_tag","embeddable":true,"href":"https:\/\/suomenkuvalehti.fi\/kirjailijanpaivakirja\/wp-json\/wp\/v2\/tags?post=1944"}],"curies":[{"name":"wp","href":"https:\/\/api.w.org\/{rel}","templated":true}]}}