{"id":1930,"date":"2020-10-30T11:00:38","date_gmt":"2020-10-30T09:00:38","guid":{"rendered":"https:\/\/suomenkuvalehti.fi\/kirjailijanpaivakirja\/?p=1930"},"modified":"2020-10-30T11:00:38","modified_gmt":"2020-10-30T09:00:38","slug":"mita-marta-tikkasesta-saa-kirjoittaa","status":"publish","type":"post","link":"https:\/\/suomenkuvalehti.fi\/kirjailijanpaivakirja\/mita-marta-tikkasesta-saa-kirjoittaa\/","title":{"rendered":"Mit\u00e4 M\u00e4rta Tikkasesta saa kirjoittaa?"},"content":{"rendered":"<figure class=\"alignleft size-medium is-resized wp-block-image\">\n  <div class=\"wp-block-image__inner-container\">\n    <a href='https:\/\/suomenkuvalehti.fi\/kirjailijanpaivakirja\/wp-content\/uploads\/sites\/21\/2020\/10\/forlaget_holmstrom_tikkanen_highres009.jpg'><img loading=\"lazy\" decoding=\"async\" src=\"https:\/\/suomenkuvalehti.fi\/kirjailijanpaivakirja\/wp-content\/uploads\/sites\/21\/2020\/10\/forlaget_holmstrom_tikkanen_highres009-211x300.jpg\" alt=\"\" class=\"wp-image-1931\" width=\"211\" height=\"300\" style=\"--aspect-ratio: 0.7\" srcset=\"https:\/\/suomenkuvalehti.fi\/kirjailijanpaivakirja\/wp-content\/uploads\/sites\/21\/2020\/10\/forlaget_holmstrom_tikkanen_highres009-211x300.jpg 211w, https:\/\/suomenkuvalehti.fi\/kirjailijanpaivakirja\/wp-content\/uploads\/sites\/21\/2020\/10\/forlaget_holmstrom_tikkanen_highres009-768x1091.jpg 768w, https:\/\/suomenkuvalehti.fi\/kirjailijanpaivakirja\/wp-content\/uploads\/sites\/21\/2020\/10\/forlaget_holmstrom_tikkanen_highres009-721x1024.jpg 721w, https:\/\/suomenkuvalehti.fi\/kirjailijanpaivakirja\/wp-content\/uploads\/sites\/21\/2020\/10\/forlaget_holmstrom_tikkanen_highres009-300x426.jpg 300w, https:\/\/suomenkuvalehti.fi\/kirjailijanpaivakirja\/wp-content\/uploads\/sites\/21\/2020\/10\/forlaget_holmstrom_tikkanen_highres009-630x895.jpg 630w\" sizes=\"auto, (max-width: 211px) 100vw, 211px\" \/><\/a>    <figcaption class=\"wp-block-image__figcaption\">\n      M\u00e4rta Tikkanen ja Johanna Holmstr\u00f6m.      <span class='wp-block-image__copyright'>&copy; Niklas Sandstr\u00f6m \/ F\u00f6rlaaget M.<\/span>    <\/figcaption>\n      <\/div>\n<\/figure>\n\n\n<p><span class=\"capitalized\"><strong>M\u00e4rta Tikkasella<\/strong><\/span> on maine kirjailijana, jonka teokset her\u00e4tt\u00e4v\u00e4t keskustelua. Kuvaan sopii erinomaisesti, ett\u00e4 kuluneen kirjasyksyn kuumin kirjallisuuskeskustelu on k\u00e4yty <strong>Johanna Holmstr\u00f6min<\/strong> Tikkasesta kirjoittamasta henkil\u00f6kuvasta <em>&#8221;Borde h\u00e5lla k\u00e4ft&#8221; \u2013 En bok om M\u00e4rta Tikkanen<\/em> (&#8221;&#8217;Pit\u00e4isi olla hiljaa&#8217; \u2013 Kirja M\u00e4rta Tikkasesta, F\u00f6rlaget M 2020).<\/p>\n\n\n\n<p>Sanasodan rintamalinja asettui Johanna Holmstr\u00f6min ja <strong>Susanna Ginmanin<\/strong> v\u00e4lille. Ginman on M\u00e4rta Tikkasen tyt\u00e4r ja edunvalvoja. H\u00e4n on my\u00f6s kokenut ja arvovaltainen journalisti, joka ty\u00f6skentelee t\u00e4ll\u00e4 hetkell\u00e4 <em>Huvudstadsbladetin<\/em> p\u00e4\u00e4kirjoitustoimituksen p\u00e4\u00e4llikk\u00f6n\u00e4.<\/p>\n\n\n\n<p>Svenska Ylen haastattelussa Holmstr\u00f6m kertoi kokeneensa, ett\u00e4 Ginman on sensuroinut h\u00e4nt\u00e4. Holmstr\u00f6min mukaan Ginman on kajonnut jopa h\u00e4nen omiin n\u00e4kemyksiins\u00e4 ja halunnut muutettavan kuolleiden henkil\u00f6iden kirjesitaatteja, mit\u00e4 Holmstr\u00f6m sanoo pit\u00e4v\u00e4ns\u00e4 asiakirjav\u00e4\u00e4renn\u00f6ksen\u00e4.<\/p>\n\n\n\n<p>&nbsp;<\/p>\n\n\n\n<p><span class=\"capitalized\">L\u00e4hteiden<\/span> v\u00e4\u00e4ristelylt\u00e4h\u00e4n se kuulostaakin, jos toiveena tai vaatimuksena on ollut kirjeiden sis\u00e4ll\u00f6n muuttaminen.<\/p>\n\n\n\n<p>Sen sijaan esimerkiksi nimien tai tekstinp\u00e4tkien j\u00e4tt\u00e4minen julkaisematta, jos poistot merkit\u00e4\u00e4n asiallisesti, on aivan tavanomainen k\u00e4yt\u00e4nt\u00f6.<\/p>\n\n\n\n<p>Kummasta vaiko jostain muusta on ollut kyse, on kirjan lukijalle sekundaarinen kysymys. Kirja on ilmestynyt enemm\u00e4n tai v\u00e4hemm\u00e4n sensuroituna tai siistittyn\u00e4, eik\u00e4 ainakaan minulle kirjan kuuntelijana (lukija <strong>Ylva Ekblad<\/strong>) ja teoksen paino-pdf:\u00e4\u00e4 selaillessa tullut mieleen, ett\u00e4 jostakin varsinaisesti puuttuisi jotakin.<\/p>\n\n\n\n<p>Tikkasen kirjeit\u00e4 ja h\u00e4nen yst\u00e4viens\u00e4 h\u00e4nelle kirjoittamia kirjeit\u00e4 Holmstr\u00f6m siteeraa runsaasti. Syyn\u00e4 lienee se, ett\u00e4 kirjaprojektin aikana Tikkasen kunto on heikentynyt eiv\u00e4tk\u00e4 haastattelut ole onnistuneet odotetulla tavalla.<\/p>\n\n\n\n<p>Kun tieto kohusta jytkytt\u00e4\u00e4 takaraivossa, on toki helppo arvella, mihin kohtiin muutos- tai poistotoiveet liittyv\u00e4t. Jos kyse on esimerkiksi ihmis- tai sanokaamme rakkaussuhteista, ajatukseni ovat kahtalaiset: M\u00e4rta Tikkasen kirjallisen tuotantoon on kuulunut omael\u00e4m\u00e4kerrallisuus, avoimuus ja rohkeus, joten skagailu tuntuu turhalta sievistelylt\u00e4. Toisaalta en ole varma, olisiko esimerkiksi nimien mainitsemisella muuta kuin juoruarvo.<\/p>\n\n\n\n<p>&nbsp;<\/p>\n\n\n\n<p><span class=\"capitalized\">On my\u00f6s helppo<\/span> ymm\u00e4rt\u00e4\u00e4, miksi kohdehenkil\u00f6n edunvalvojan kommentit ja muutostoiveet ovat iskeneet syv\u00e4lle kirjailijaan. <em>&#8221;Borde h\u00e5lla k\u00e4ft&#8221;<\/em> on nimitt\u00e4in selv\u00e4sti Johanna Holmstr\u00f6min, ei M\u00e4rta Tikkasen teos, vaikka copyright on merkitty heid\u00e4n molempien nimiin.<\/p>\n\n\n\n<p>Holmstr\u00f6m kirjoittaa itsens\u00e4 vahvasti mukaan kirjaan. Ei se aivan kaksoishenkil\u00f6kuva ole, mutta ei j\u00e4\u00e4 kauas.<\/p>\n\n\n\n<p>Ratkaisu on fiksu.<\/p>\n\n\n\n<p>Kirjan kolmannessa luvussa Holmstr\u00f6m kertoo ensimm\u00e4isest\u00e4 kirjatapaamisestaan Tikkasen kanssa kuin rakentaisi romaania. H\u00e4n, siis kirjan kertoja, seisoo j\u00e4\u00e4t\u00e4v\u00e4ss\u00e4 tuulessa Sanit\u00e4\u00e4rinkadulla Ruskeasuolla. Kirkkaansininen taivas saa h\u00e4net ajattelemaan iso\u00e4itins\u00e4 Sipoon saaristossa sijaitsevaa kes\u00e4paikkaa. Kev\u00e4t on varovainen, h\u00e4n on tullut v\u00e4h\u00e4n etuajassa ja on hieman hermostunut.<\/p>\n\n\n\n<p>Hetken p\u00e4\u00e4st\u00e4 kertoja my\u00f6nt\u00e4\u00e4 valehtelevansa: h\u00e4n onkin tavannut Tikkasen kolme kertaa aiemmin. H\u00e4n kertoo tapaamiset lukijalle ja n\u00e4ytt\u00e4\u00e4 lukijalle kirjaty\u00f6ns\u00e4 l\u00e4ht\u00f6kohdat.<\/p>\n\n\n\n<p>Kuvatessaan arkisia keskusteluja ja vaikutelmiaan M\u00e4rta Tikkasesta eri tapaamiskerroilla Holmstr\u00f6m n\u00e4ytt\u00e4\u00e4 nykyhetken tason ja kehyst\u00e4\u00e4 Tikkasen kommentit. Ne ovat haastatteluhetken n\u00e4kemys, jos edes sit\u00e4 \u2013 ehk\u00e4 vain haastateltavan haastatteluhetken vastaus haastattelijan kysymykseen.<\/p>\n\n\n\n<p>Kuvaamalla kahvimaidon etsimist\u00e4 kirjailija pystyy toisinaan kertomaan paljon enemm\u00e4n kuin selitt\u00e4m\u00e4ll\u00e4.<\/p>\n\n\n\n<p>&nbsp;<\/p>\n\n\n\n<p><span class=\"capitalized\">Ratkaisun ansiosta<\/span> Holmstr\u00f6m saa my\u00f6s nostettua esiin M\u00e4rta Tikkasen el\u00e4m\u00e4n kiinnostavia probleemikohtia, jotka kiinnostavat kirjailijaa ja varmasti my\u00f6s suurta osaa lukijoista. Niist\u00e4 keskeinen on, niin kuin on ollut jo vuosikymmenet: kuinka on mahdollista, ett\u00e4 Tikkanen, feministi, eli hankalassa parisuhteessa <strong>Henrik Tikkasen<\/strong> kanssa?<\/p>\n\n\n\n<p>Holmstr\u00f6m on kuitenkin p\u00e4\u00e4tt\u00e4nyt, ett\u00e4 t\u00e4m\u00e4 kirja ei k\u00e4sittele Henrik Tikkasta vaan keskittyy yksinomaan M\u00e4rta Tikkaseen.<\/p>\n\n\n\n<p>Vaan aivan toisin k\u00e4y. Henrik Tikkasen suuri haamu valtaa my\u00f6s Holmstr\u00f6min teoksen.<\/p>\n\n\n\n<p>Se taitaa olla my\u00f6s vastaus Holmstr\u00f6mi\u00e4(kin) vaivanneeseen kysymykseen.<\/p>\n\n\n\n<p>&nbsp;<\/p>\n\n\n\n<p><span class=\"capitalized\">Teokseen<\/span> puuttuminen suututtaa kirjailijaa varmasti siksikin, ett\u00e4 Holmstr\u00f6m on ilman muuta M\u00e4rta Tikkasen puolella. Erityisesti t\u00e4m\u00e4 k\u00e4y ilmi Holmstr\u00f6min k\u00e4sitelless\u00e4 Tikkasen teosten vastaanottoa.<\/p>\n\n\n\n<p><strong>Suvi Aholan<\/strong> <em>Punahilkka<\/em>-romaanista <em>Helsingin Sanomiin<\/em> kirjoittaman arvostelun motiiviksi Holmstr\u00f6m esitt\u00e4\u00e4 suorasukaisesti \u00e4idinmurhan \u2013 mik\u00e4 sopisikaan paremmin 1980-lukuun? Holmstr\u00f6min mukaan Ahola &#8221;murhasi&#8221; <em>Punahilkan<\/em>.<\/p>\n\n\n\n<p><strong>Pekka Tarkan<\/strong> <em>Suurpyyt\u00e4j\u00e4st\u00e4<\/em> <em>Helsingin Sanomiin<\/em> kirjoittaman kritiikin M\u00e4rta Tikkanen katsoo vaikuttaneen siihen, ett\u00e4 kirjaa myytiin suomeksi vain nelisentuhatta kappaletta, selv\u00e4sti v\u00e4hemm\u00e4n kuin <em>Punahilkka<\/em> (kirjan mukaan noin 35 000 kappaletta), ja siihen, ett\u00e4 Tikkanen ei saanut apurahaa. Holmstr\u00f6m ei kyseenalaista Tikkasen uumoiluja.<\/p>\n\n\n\n<p>Kun <em>Jari Tervo<\/em> 1980-luvun alussa esitti Tikkasen teoksesta negatiivisia huomioita <em>Kansan Uutisissa<\/em>, Holmstr\u00f6m pyyhkii ne ik\u00e4\u00e4n kuin omaan arvoonsa mainitsemalla, ett\u00e4 Tervo itse &#8221;ei ole runoilija eik\u00e4 h\u00e4\u00e4vi tyyliniekka&#8221;. Tuolloin Tervolta ei ollut julkaistu kirjamuodossa viel\u00e4 muuta kuin lyriikkaa; Tervon prosaistinura alkoi vasta vuosikymmen my\u00f6hemmin.<\/p>\n\n\n\n<p><strong>G\u00f6sta \u00c5gren<\/strong> taas kuulemma pudotti<em> Suurpyyt\u00e4j\u00e4n <\/em>Finlandia-palkintoehdokkaiden joukosta. L\u00e4hteen\u00e4 t\u00e4lle on M\u00e4rta Tikkasen kirje, jossa h\u00e4n kertoo keskustelleensa asiasta Finlandia-palkintolautakunnan puheenjohtajana toimineen <strong>Kaija Valkosen<\/strong> kanssa. Holmstr\u00f6min siteeraaman Tikkasen kirjeen siteeraaman Valkosen mukaan Valkonen ja <strong>Leena Kirstin\u00e4<\/strong> olivat olleet Tikkasen teoksen puolella.<\/p>\n\n\n\n<p>Teosten vastaanottoa Holmstr\u00f6m esittelee ylip\u00e4\u00e4t\u00e4\u00e4n runsaasti. Kiinnostavaa on erityisesti suomenruotsalaisten, suomenkielisten ja ruotsalaisten lehtien vertailu. Kuka &#8221;ymm\u00e4rsi&#8221; milloinkin Tikkasta parhaiten? Sill\u00e4 ei kai ole mahdollista, ett\u00e4 jokin Tikkasen teos ei olisikaan t\u00e4ysosuma?<\/p>\n\n\n\n<p>&nbsp;<\/p>\n\n\n\n<p><span class=\"capitalized\"><em>&#8221;Borde h\u00e5lla k\u00e4ft&#8221; <\/em><\/span>on alaotsikkonsa mukaisesti kirja M\u00e4rta Tikkasesta, mutta olennaisesti se on Johanna Holmstr\u00f6min M\u00e4rta Tikkasesta kirjoittama kirja samaan tapaan kuin <em>Tuntematon Kimi R\u00e4ikk\u00f6nen<\/em>&nbsp;(Siltala 2018) on <strong>Kari Hotakaisen Kimi R\u00e4ikk\u00f6sest\u00e4<\/strong> kirjoittama kirja.<\/p>\n\n\n\n<p>Tyylilt\u00e4\u00e4n, otteeltaan ja muotovalinnoiltaan teos on sopii mainiosti M\u00e4rta Tikkas -kirjaksi. Ei se v\u00e4ltt\u00e4m\u00e4tt\u00e4 anna sen enemp\u00e4\u00e4 vastauksia kuin Tikkasen omakaan tuotanto, mutta se nostaa esiin kysymyksi\u00e4 ja pohtii niit\u00e4. Ylip\u00e4\u00e4t\u00e4\u00e4n kirjoissa olennaisempaa kuin se, mit\u00e4 kirjassa lukee, on se, mit\u00e4 kirja saa aikaan lukijan p\u00e4\u00e4ss\u00e4.<\/p>\n\n\n","protected":false},"excerpt":{"rendered":"<p>M\u00e4rta Tikkasella on maine kirjailijana, jonka teokset her\u00e4tt\u00e4v\u00e4t keskustelua. Kuvaan sopii erinomaisesti, ett\u00e4 kuluneen kirjasyksyn kuumin kirjallisuuskeskustelu on k\u00e4yty Johanna Holmstr\u00f6min Tikkasesta kirjoittamasta henkil\u00f6kuvasta &#8221;Borde h\u00e5lla k\u00e4ft&#8221; \u2013 En bok om M\u00e4rta<br \/>\nTikkanen (&#038;#&hellip;<\/p>\n","protected":false},"author":129,"featured_media":1931,"comment_status":"open","ping_status":"open","sticky":false,"template":"","format":"standard","meta":{"_acf_changed":false,"asauth_required_access_level":3,"asauth_cansharepaid":"true","om_header_attributes":[],"footnotes":"","om_featured_image_focal_point":[],"om_primary_tag":0,"om_contributors":[],"om_co_authors":[],"beyondwords_generate_audio":"","beyondwords_project_id":"","beyondwords_content_id":"","beyondwords_preview_token":"","beyondwords_player_content":"","beyondwords_player_style":"","beyondwords_language_code":"","beyondwords_language_id":"","beyondwords_title_voice_id":"","beyondwords_body_voice_id":"","beyondwords_summary_voice_id":"","beyondwords_error_message":"","beyondwords_disabled":"","beyondwords_delete_content":"","beyondwords_podcast_id":"","beyondwords_hash":"","publish_post_to_speechkit":"","speechkit_hash":"","speechkit_generate_audio":"","speechkit_project_id":"","speechkit_podcast_id":"","speechkit_error_message":"","speechkit_disabled":"","speechkit_access_key":"","speechkit_error":"","speechkit_info":"","speechkit_response":"","speechkit_retries":"","speechkit_status":"","speechkit_updated_at":"","_speechkit_link":"","_speechkit_text":""},"categories":[1],"tags":[1444,1445],"class_list":["post-1930","post","type-post","status-publish","format-standard","has-post-thumbnail","hentry","category-kirjailijan-paivakirja","tag-johanna-holmstrom","tag-marta-tikkanen"],"om_views":null,"acf":{"tuuma_off":false,"tuuma_kysymys":"","tuuma_vastaus":""},"asauth":{"required_access_level":1,"share_token":"","is_paid":false},"yoast_head":"<!-- This site is optimized with the Yoast SEO plugin v26.4 - https:\/\/yoast.com\/wordpress\/plugins\/seo\/ -->\n<title>Mit\u00e4 M\u00e4rta Tikkasesta saa kirjoittaa? - Kirjailijan p\u00e4iv\u00e4kirja<\/title>\n<meta name=\"robots\" content=\"index, follow, max-snippet:-1, max-image-preview:large, max-video-preview:-1\" \/>\n<link rel=\"canonical\" href=\"https:\/\/suomenkuvalehti.fi\/kirjailijanpaivakirja\/mita-marta-tikkasesta-saa-kirjoittaa\/\" \/>\n<meta property=\"og:locale\" content=\"fi_FI\" \/>\n<meta property=\"og:type\" content=\"article\" \/>\n<meta property=\"og:title\" content=\"Mit\u00e4 M\u00e4rta Tikkasesta saa kirjoittaa? - Kirjailijan p\u00e4iv\u00e4kirja\" \/>\n<meta property=\"og:description\" content=\"M\u00e4rta Tikkasella on maine kirjailijana, jonka teokset her\u00e4tt\u00e4v\u00e4t keskustelua. Kuvaan sopii erinomaisesti, ett\u00e4 kuluneen kirjasyksyn kuumin kirjallisuuskeskustelu on k\u00e4yty Johanna Holmstr\u00f6min Tikkasesta kirjoittamasta henkil\u00f6kuvasta &#8221;Borde h\u00e5lla k\u00e4ft&#8221; \u2013 En bok om M\u00e4rta Tikkanen (&amp;#&hellip;\" \/>\n<meta property=\"og:url\" content=\"https:\/\/suomenkuvalehti.fi\/kirjailijanpaivakirja\/mita-marta-tikkasesta-saa-kirjoittaa\/\" \/>\n<meta property=\"og:site_name\" content=\"Kirjailijan p\u00e4iv\u00e4kirja\" \/>\n<meta property=\"article:published_time\" content=\"2020-10-30T09:00:38+00:00\" \/>\n<meta property=\"og:image\" content=\"https:\/\/suomenkuvalehti.fi\/kirjailijanpaivakirja\/wp-content\/uploads\/sites\/21\/2020\/10\/forlaget_holmstrom_tikkanen_highres009-721x1024.jpg\" \/>\n\t<meta property=\"og:image:width\" content=\"721\" \/>\n\t<meta property=\"og:image:height\" content=\"1024\" \/>\n\t<meta property=\"og:image:type\" content=\"image\/jpeg\" \/>\n<meta name=\"author\" content=\"Karo H\u00e4m\u00e4l\u00e4inen\" \/>\n<meta name=\"twitter:card\" content=\"summary_large_image\" \/>\n<meta name=\"twitter:label1\" content=\"Written by\" \/>\n\t<meta name=\"twitter:data1\" content=\"Karo H\u00e4m\u00e4l\u00e4inen\" \/>\n\t<meta name=\"twitter:label2\" content=\"Est. reading time\" \/>\n\t<meta name=\"twitter:data2\" content=\"5 minuuttia\" \/>\n<script type=\"application\/ld+json\" class=\"yoast-schema-graph\">{\"@context\":\"https:\/\/schema.org\",\"@graph\":[{\"@type\":\"WebPage\",\"@id\":\"https:\/\/suomenkuvalehti.fi\/kirjailijanpaivakirja\/mita-marta-tikkasesta-saa-kirjoittaa\/\",\"url\":\"https:\/\/suomenkuvalehti.fi\/kirjailijanpaivakirja\/mita-marta-tikkasesta-saa-kirjoittaa\/\",\"name\":\"Mit\u00e4 M\u00e4rta Tikkasesta saa kirjoittaa? - Kirjailijan p\u00e4iv\u00e4kirja\",\"isPartOf\":{\"@id\":\"https:\/\/suomenkuvalehti.fi\/kirjailijanpaivakirja\/#website\"},\"primaryImageOfPage\":{\"@id\":\"https:\/\/suomenkuvalehti.fi\/kirjailijanpaivakirja\/mita-marta-tikkasesta-saa-kirjoittaa\/#primaryimage\"},\"image\":{\"@id\":\"https:\/\/suomenkuvalehti.fi\/kirjailijanpaivakirja\/mita-marta-tikkasesta-saa-kirjoittaa\/#primaryimage\"},\"thumbnailUrl\":\"https:\/\/suomenkuvalehti.fi\/kirjailijanpaivakirja\/wp-content\/uploads\/sites\/21\/2020\/10\/forlaget_holmstrom_tikkanen_highres009.jpg\",\"datePublished\":\"2020-10-30T09:00:38+00:00\",\"author\":{\"@id\":\"https:\/\/suomenkuvalehti.fi\/kirjailijanpaivakirja\/#\/schema\/person\/ca2dfd9d508d8c675e07b3c099fc789b\"},\"breadcrumb\":{\"@id\":\"https:\/\/suomenkuvalehti.fi\/kirjailijanpaivakirja\/mita-marta-tikkasesta-saa-kirjoittaa\/#breadcrumb\"},\"inLanguage\":\"fi\",\"potentialAction\":[{\"@type\":\"ReadAction\",\"target\":[\"https:\/\/suomenkuvalehti.fi\/kirjailijanpaivakirja\/mita-marta-tikkasesta-saa-kirjoittaa\/\"]}]},{\"@type\":\"ImageObject\",\"inLanguage\":\"fi\",\"@id\":\"https:\/\/suomenkuvalehti.fi\/kirjailijanpaivakirja\/mita-marta-tikkasesta-saa-kirjoittaa\/#primaryimage\",\"url\":\"https:\/\/suomenkuvalehti.fi\/kirjailijanpaivakirja\/wp-content\/uploads\/sites\/21\/2020\/10\/forlaget_holmstrom_tikkanen_highres009.jpg\",\"contentUrl\":\"https:\/\/suomenkuvalehti.fi\/kirjailijanpaivakirja\/wp-content\/uploads\/sites\/21\/2020\/10\/forlaget_holmstrom_tikkanen_highres009.jpg\",\"width\":4429,\"height\":6292,\"caption\":\"M\u00e4rta Tikkanen ja Johanna Holmstr\u00f6m.\"},{\"@type\":\"BreadcrumbList\",\"@id\":\"https:\/\/suomenkuvalehti.fi\/kirjailijanpaivakirja\/mita-marta-tikkasesta-saa-kirjoittaa\/#breadcrumb\",\"itemListElement\":[{\"@type\":\"ListItem\",\"position\":1,\"name\":\"Home\",\"item\":\"https:\/\/suomenkuvalehti.fi\/kirjailijanpaivakirja\/\"},{\"@type\":\"ListItem\",\"position\":2,\"name\":\"Mit\u00e4 M\u00e4rta Tikkasesta saa kirjoittaa?\"}]},{\"@type\":\"WebSite\",\"@id\":\"https:\/\/suomenkuvalehti.fi\/kirjailijanpaivakirja\/#website\",\"url\":\"https:\/\/suomenkuvalehti.fi\/kirjailijanpaivakirja\/\",\"name\":\"Kirjailijan p\u00e4iv\u00e4kirja\",\"description\":\"Proosakirjailijan arkea ja kirjallisuuden ajankohtaisia aiheita.\",\"potentialAction\":[{\"@type\":\"SearchAction\",\"target\":{\"@type\":\"EntryPoint\",\"urlTemplate\":\"https:\/\/suomenkuvalehti.fi\/haku\/?q={search_term_string}\"},\"query-input\":{\"@type\":\"PropertyValueSpecification\",\"valueRequired\":true,\"valueName\":\"search_term_string\"}}],\"inLanguage\":\"fi\"},{\"@type\":\"Person\",\"@id\":\"https:\/\/suomenkuvalehti.fi\/kirjailijanpaivakirja\/#\/schema\/person\/ca2dfd9d508d8c675e07b3c099fc789b\",\"name\":\"Karo H\u00e4m\u00e4l\u00e4inen\",\"image\":{\"@type\":\"ImageObject\",\"inLanguage\":\"fi\",\"@id\":\"https:\/\/suomenkuvalehti.fi\/kirjailijanpaivakirja\/#\/schema\/person\/image\/\",\"url\":\"https:\/\/suomenkuvalehti.fi\/kirjailijanpaivakirja\/wp-content\/uploads\/sites\/21\/2022\/04\/hamalainen_karo06-1-150x150.jpg\",\"contentUrl\":\"https:\/\/suomenkuvalehti.fi\/kirjailijanpaivakirja\/wp-content\/uploads\/sites\/21\/2022\/04\/hamalainen_karo06-1-150x150.jpg\",\"caption\":\"Karo H\u00e4m\u00e4l\u00e4inen\"},\"description\":\"Karo H\u00e4m\u00e4l\u00e4inen on kirjailija ja talouteen erikoistunut vapaa toimittaja.\"}]}<\/script>\n<!-- \/ Yoast SEO plugin. -->","yoast_head_json":{"title":"Mit\u00e4 M\u00e4rta Tikkasesta saa kirjoittaa? - Kirjailijan p\u00e4iv\u00e4kirja","robots":{"index":"index","follow":"follow","max-snippet":"max-snippet:-1","max-image-preview":"max-image-preview:large","max-video-preview":"max-video-preview:-1"},"canonical":"https:\/\/suomenkuvalehti.fi\/kirjailijanpaivakirja\/mita-marta-tikkasesta-saa-kirjoittaa\/","og_locale":"fi_FI","og_type":"article","og_title":"Mit\u00e4 M\u00e4rta Tikkasesta saa kirjoittaa? - Kirjailijan p\u00e4iv\u00e4kirja","og_description":"M\u00e4rta Tikkasella on maine kirjailijana, jonka teokset her\u00e4tt\u00e4v\u00e4t keskustelua. Kuvaan sopii erinomaisesti, ett\u00e4 kuluneen kirjasyksyn kuumin kirjallisuuskeskustelu on k\u00e4yty Johanna Holmstr\u00f6min Tikkasesta kirjoittamasta henkil\u00f6kuvasta &#8221;Borde h\u00e5lla k\u00e4ft&#8221; \u2013 En bok om M\u00e4rta Tikkanen (&#&hellip;","og_url":"https:\/\/suomenkuvalehti.fi\/kirjailijanpaivakirja\/mita-marta-tikkasesta-saa-kirjoittaa\/","og_site_name":"Kirjailijan p\u00e4iv\u00e4kirja","article_published_time":"2020-10-30T09:00:38+00:00","og_image":[{"width":721,"height":1024,"url":"https:\/\/suomenkuvalehti.fi\/kirjailijanpaivakirja\/wp-content\/uploads\/sites\/21\/2020\/10\/forlaget_holmstrom_tikkanen_highres009-721x1024.jpg","type":"image\/jpeg"}],"author":"Karo H\u00e4m\u00e4l\u00e4inen","twitter_card":"summary_large_image","twitter_misc":{"Written by":"Karo H\u00e4m\u00e4l\u00e4inen","Est. reading time":"5 minuuttia"},"schema":{"@context":"https:\/\/schema.org","@graph":[{"@type":"WebPage","@id":"https:\/\/suomenkuvalehti.fi\/kirjailijanpaivakirja\/mita-marta-tikkasesta-saa-kirjoittaa\/","url":"https:\/\/suomenkuvalehti.fi\/kirjailijanpaivakirja\/mita-marta-tikkasesta-saa-kirjoittaa\/","name":"Mit\u00e4 M\u00e4rta Tikkasesta saa kirjoittaa? - Kirjailijan p\u00e4iv\u00e4kirja","isPartOf":{"@id":"https:\/\/suomenkuvalehti.fi\/kirjailijanpaivakirja\/#website"},"primaryImageOfPage":{"@id":"https:\/\/suomenkuvalehti.fi\/kirjailijanpaivakirja\/mita-marta-tikkasesta-saa-kirjoittaa\/#primaryimage"},"image":{"@id":"https:\/\/suomenkuvalehti.fi\/kirjailijanpaivakirja\/mita-marta-tikkasesta-saa-kirjoittaa\/#primaryimage"},"thumbnailUrl":"https:\/\/suomenkuvalehti.fi\/kirjailijanpaivakirja\/wp-content\/uploads\/sites\/21\/2020\/10\/forlaget_holmstrom_tikkanen_highres009.jpg","datePublished":"2020-10-30T09:00:38+00:00","author":{"@id":"https:\/\/suomenkuvalehti.fi\/kirjailijanpaivakirja\/#\/schema\/person\/ca2dfd9d508d8c675e07b3c099fc789b"},"breadcrumb":{"@id":"https:\/\/suomenkuvalehti.fi\/kirjailijanpaivakirja\/mita-marta-tikkasesta-saa-kirjoittaa\/#breadcrumb"},"inLanguage":"fi","potentialAction":[{"@type":"ReadAction","target":["https:\/\/suomenkuvalehti.fi\/kirjailijanpaivakirja\/mita-marta-tikkasesta-saa-kirjoittaa\/"]}]},{"@type":"ImageObject","inLanguage":"fi","@id":"https:\/\/suomenkuvalehti.fi\/kirjailijanpaivakirja\/mita-marta-tikkasesta-saa-kirjoittaa\/#primaryimage","url":"https:\/\/suomenkuvalehti.fi\/kirjailijanpaivakirja\/wp-content\/uploads\/sites\/21\/2020\/10\/forlaget_holmstrom_tikkanen_highres009.jpg","contentUrl":"https:\/\/suomenkuvalehti.fi\/kirjailijanpaivakirja\/wp-content\/uploads\/sites\/21\/2020\/10\/forlaget_holmstrom_tikkanen_highres009.jpg","width":4429,"height":6292,"caption":"M\u00e4rta Tikkanen ja Johanna Holmstr\u00f6m."},{"@type":"BreadcrumbList","@id":"https:\/\/suomenkuvalehti.fi\/kirjailijanpaivakirja\/mita-marta-tikkasesta-saa-kirjoittaa\/#breadcrumb","itemListElement":[{"@type":"ListItem","position":1,"name":"Home","item":"https:\/\/suomenkuvalehti.fi\/kirjailijanpaivakirja\/"},{"@type":"ListItem","position":2,"name":"Mit\u00e4 M\u00e4rta Tikkasesta saa kirjoittaa?"}]},{"@type":"WebSite","@id":"https:\/\/suomenkuvalehti.fi\/kirjailijanpaivakirja\/#website","url":"https:\/\/suomenkuvalehti.fi\/kirjailijanpaivakirja\/","name":"Kirjailijan p\u00e4iv\u00e4kirja","description":"Proosakirjailijan arkea ja kirjallisuuden ajankohtaisia aiheita.","potentialAction":[{"@type":"SearchAction","target":{"@type":"EntryPoint","urlTemplate":"https:\/\/suomenkuvalehti.fi\/haku\/?q={search_term_string}"},"query-input":{"@type":"PropertyValueSpecification","valueRequired":true,"valueName":"search_term_string"}}],"inLanguage":"fi"},{"@type":"Person","@id":"https:\/\/suomenkuvalehti.fi\/kirjailijanpaivakirja\/#\/schema\/person\/ca2dfd9d508d8c675e07b3c099fc789b","name":"Karo H\u00e4m\u00e4l\u00e4inen","image":{"@type":"ImageObject","inLanguage":"fi","@id":"https:\/\/suomenkuvalehti.fi\/kirjailijanpaivakirja\/#\/schema\/person\/image\/","url":"https:\/\/suomenkuvalehti.fi\/kirjailijanpaivakirja\/wp-content\/uploads\/sites\/21\/2022\/04\/hamalainen_karo06-1-150x150.jpg","contentUrl":"https:\/\/suomenkuvalehti.fi\/kirjailijanpaivakirja\/wp-content\/uploads\/sites\/21\/2022\/04\/hamalainen_karo06-1-150x150.jpg","caption":"Karo H\u00e4m\u00e4l\u00e4inen"},"description":"Karo H\u00e4m\u00e4l\u00e4inen on kirjailija ja talouteen erikoistunut vapaa toimittaja."}]}},"_links":{"self":[{"href":"https:\/\/suomenkuvalehti.fi\/kirjailijanpaivakirja\/wp-json\/wp\/v2\/posts\/1930","targetHints":{"allow":["GET"]}}],"collection":[{"href":"https:\/\/suomenkuvalehti.fi\/kirjailijanpaivakirja\/wp-json\/wp\/v2\/posts"}],"about":[{"href":"https:\/\/suomenkuvalehti.fi\/kirjailijanpaivakirja\/wp-json\/wp\/v2\/types\/post"}],"author":[{"embeddable":true,"href":"https:\/\/suomenkuvalehti.fi\/kirjailijanpaivakirja\/wp-json\/wp\/v2\/users\/129"}],"replies":[{"embeddable":true,"href":"https:\/\/suomenkuvalehti.fi\/kirjailijanpaivakirja\/wp-json\/wp\/v2\/comments?post=1930"}],"version-history":[{"count":1,"href":"https:\/\/suomenkuvalehti.fi\/kirjailijanpaivakirja\/wp-json\/wp\/v2\/posts\/1930\/revisions"}],"predecessor-version":[{"id":1932,"href":"https:\/\/suomenkuvalehti.fi\/kirjailijanpaivakirja\/wp-json\/wp\/v2\/posts\/1930\/revisions\/1932"}],"wp:featuredmedia":[{"embeddable":true,"href":"https:\/\/suomenkuvalehti.fi\/kirjailijanpaivakirja\/wp-json\/wp\/v2\/media\/1931"}],"wp:attachment":[{"href":"https:\/\/suomenkuvalehti.fi\/kirjailijanpaivakirja\/wp-json\/wp\/v2\/media?parent=1930"}],"wp:term":[{"taxonomy":"category","embeddable":true,"href":"https:\/\/suomenkuvalehti.fi\/kirjailijanpaivakirja\/wp-json\/wp\/v2\/categories?post=1930"},{"taxonomy":"post_tag","embeddable":true,"href":"https:\/\/suomenkuvalehti.fi\/kirjailijanpaivakirja\/wp-json\/wp\/v2\/tags?post=1930"}],"curies":[{"name":"wp","href":"https:\/\/api.w.org\/{rel}","templated":true}]}}