{"id":1911,"date":"2020-09-29T09:29:17","date_gmt":"2020-09-29T06:29:17","guid":{"rendered":"https:\/\/suomenkuvalehti.fi\/kirjailijanpaivakirja\/?p=1911"},"modified":"2020-09-29T10:44:24","modified_gmt":"2020-09-29T07:44:24","slug":"teollisuusneuvoksen-karpasenkakan-kokoinen-imagokysymys","status":"publish","type":"post","link":"https:\/\/suomenkuvalehti.fi\/kirjailijanpaivakirja\/teollisuusneuvoksen-karpasenkakan-kokoinen-imagokysymys\/","title":{"rendered":"Teollisuusneuvoksen k\u00e4rp\u00e4senkakan kokoinen imagokysymys"},"content":{"rendered":"<figure class=\"alignleft size-medium wp-block-image\">\n  <div class=\"wp-block-image__inner-container\">\n    <a href='https:\/\/suomenkuvalehti.fi\/kirjailijanpaivakirja\/wp-content\/uploads\/sites\/21\/2020\/09\/9789510452851_frontcover_final.jpg'><img loading=\"lazy\" decoding=\"async\" src=\"https:\/\/suomenkuvalehti.fi\/kirjailijanpaivakirja\/wp-content\/uploads\/sites\/21\/2020\/09\/9789510452851_frontcover_final-190x300.jpg\" alt=\"\" class=\"wp-image-1913\" width=\"1650\" height=\"2611\" style=\"--aspect-ratio: 0.63\" srcset=\"https:\/\/suomenkuvalehti.fi\/kirjailijanpaivakirja\/wp-content\/uploads\/sites\/21\/2020\/09\/9789510452851_frontcover_final-190x300.jpg 190w, https:\/\/suomenkuvalehti.fi\/kirjailijanpaivakirja\/wp-content\/uploads\/sites\/21\/2020\/09\/9789510452851_frontcover_final-768x1215.jpg 768w, https:\/\/suomenkuvalehti.fi\/kirjailijanpaivakirja\/wp-content\/uploads\/sites\/21\/2020\/09\/9789510452851_frontcover_final-647x1024.jpg 647w, https:\/\/suomenkuvalehti.fi\/kirjailijanpaivakirja\/wp-content\/uploads\/sites\/21\/2020\/09\/9789510452851_frontcover_final-300x475.jpg 300w, https:\/\/suomenkuvalehti.fi\/kirjailijanpaivakirja\/wp-content\/uploads\/sites\/21\/2020\/09\/9789510452851_frontcover_final-630x997.jpg 630w, https:\/\/suomenkuvalehti.fi\/kirjailijanpaivakirja\/wp-content\/uploads\/sites\/21\/2020\/09\/9789510452851_frontcover_final.jpg 1650w\" sizes=\"auto, (max-width: 1650px) 100vw, 1650px\" \/><\/a>  <\/div>\n<\/figure>\n\n\n<p><span class=\"capitalized\">Mets\u00e4koneyhti\u00f6<\/span> Ponssen perustaja <strong>Einari Vidgr\u00e9n<\/strong> (1943\u20132010) oli v\u00e4rik\u00e4s persoona, joka esiintyi mielell\u00e4\u00e4n kansanmiehen\u00e4. Oletettavasti t\u00e4t\u00e4 kuvaa vahvistaa <strong>Antti Heikkisen<\/strong> Vidgr\u00e9nist\u00e4 kirjoittama henkil\u00f6kuva <em>Einari<\/em> (WSOY 2020).<\/p>\n\n\n\n<p>Heikkisen kirja ilmestyy 15. lokakuuta, joten sen mahdollista sis\u00e4lt\u00f6\u00e4 ei voi vasta kuin arvailla. Sen sijaan kansi on olemassa. Siin\u00e4 samoin kuin tekstiss\u00e4 kautta teoksen Vidgr\u00e9nin nimi kirjoitetaan ilman e-kirjaimen p\u00e4\u00e4ll\u00e4 olevaa aksenttimerkki\u00e4.<\/p>\n\n\n\n<p>WSOY:n mukaan n\u00e4in on toimittu suvun toivomuksesta.<\/p>\n\n\n\n<p>&nbsp;<\/p>\n\n\n\n<p><em><span class=\"capitalized\">Miksi sukunimi<\/span> kirjoitetaan kirjassa muodossa &#8221;Vidgren&#8221;, Einari Vidgr\u00e9nin poika, Ponssen suurin omistaja <strong>Juha Vidgr\u00e9n<\/strong>?<\/em><\/p>\n\n\n\n<p>&#8221;Sukunimen muokkaus alkuper\u00e4isest\u00e4 asusta &#8217;Widgr\u00e9n&#8217; kuvastaa pienen savolaiskyl\u00e4n el\u00e4m\u00e4nkulkua&#8221;, Vidgr\u00e9n vastaa s\u00e4hk\u00f6postitse.<\/p>\n\n\n\n<p>&#8221;Sukunimen alusta otettiin ensin k\u00e4ytt\u00f6\u00f6n yksinkertainen V, ja tittelit ja heittomerkit heitettiin narikkaan jo ajat sitten&#8221;, h\u00e4n kertoo.<\/p>\n\n\n\n<p>&nbsp;<\/p>\n\n\n\n<p><span class=\"capitalized\">T\u00e4m\u00e4 ei<\/span> kuitenkaan pid\u00e4 paikkaansa. Juha Vidgr\u00e9nin samoin kuin h\u00e4nen veljiens\u00e4 nimet esiintyv\u00e4t esimerkiksi <a href=\"https:\/\/www.ponsse.com\/fi\/hallitus#\/\" target=\"_blank\" rel=\"noopener\">Ponssen nettisivuilla<\/a> \u00e9-kirjaimella kirjoitettuna. Samoin vaikkapa <a href=\"http:\/\/www.evsaatio.fi\/\" target=\"_blank\" rel=\"noopener\">Einari Vidgr\u00e9nin s\u00e4\u00e4ti\u00f6n sivuilla<\/a> Einari Vidgr\u00e9nin sivu kirjoitetaan \u00e9:ll\u00e4.<\/p>\n\n\n\n<p>Ensimm\u00e4isen suhteen suurin sananvalta on Ponssen suurimmalla omistajalla ja kev\u00e4\u00e4seen asti hallituksen puheenjohtajana toimineella Juha Vidgr\u00e9nill\u00e4. S\u00e4\u00e4ti\u00f6n nimen kirjoitusasusta taas lienee p\u00e4\u00e4tt\u00e4nyt Einari Vidgr\u00e9n, joka perusti s\u00e4\u00e4ti\u00f6n viisi vuotta ennen kuolemaansa.<\/p>\n\n\n\n<p>Einari Vidgr\u00e9n oli Oulun yliopiston kunniatohtori ja teollisuusneuvos. Teollisuusneuvoksen titteli ei tule pyyt\u00e4m\u00e4tt\u00e4 ja yll\u00e4tyksen\u00e4. Arvonimiesitykseen on sis\u00e4llytett\u00e4v\u00e4 arvonimen saajan suostumus tietojen hankkimiseen viranomaisilta.<\/p>\n\n\n","protected":false},"excerpt":{"rendered":"<p>Mets\u00e4koneyhti\u00f6 Ponssen perustaja Einari Vidgr\u00e9n (1943\u20132010) oli v\u00e4rik\u00e4s persoona, joka esiintyi mielell\u00e4\u00e4n kansanmiehen\u00e4. Oletettavasti t\u00e4t\u00e4 kuvaa vahvistaa Antti Heikkisen Vidgr\u00e9nist\u00e4 kirjoittama henkil\u00f6kuva Einari (WSOY 2020). Heikkisen kirja ilmestyy 15.<br \/>\nlokakuuta, jot&hellip;<\/p>\n","protected":false},"author":129,"featured_media":1913,"comment_status":"open","ping_status":"open","sticky":false,"template":"","format":"standard","meta":{"_acf_changed":false,"asauth_required_access_level":3,"asauth_cansharepaid":"true","om_header_attributes":[],"footnotes":"","om_featured_image_focal_point":[],"om_primary_tag":0,"om_contributors":[],"om_co_authors":[],"beyondwords_generate_audio":"","beyondwords_project_id":"","beyondwords_content_id":"","beyondwords_preview_token":"","beyondwords_player_content":"","beyondwords_player_style":"","beyondwords_language_code":"","beyondwords_language_id":"","beyondwords_title_voice_id":"","beyondwords_body_voice_id":"","beyondwords_summary_voice_id":"","beyondwords_error_message":"","beyondwords_disabled":"","beyondwords_delete_content":"","beyondwords_podcast_id":"","beyondwords_hash":"","publish_post_to_speechkit":"","speechkit_hash":"","speechkit_generate_audio":"","speechkit_project_id":"","speechkit_podcast_id":"","speechkit_error_message":"","speechkit_disabled":"","speechkit_access_key":"","speechkit_error":"","speechkit_info":"","speechkit_response":"","speechkit_retries":"","speechkit_status":"","speechkit_updated_at":"","_speechkit_link":"","_speechkit_text":""},"categories":[1],"tags":[329,1439],"class_list":["post-1911","post","type-post","status-publish","format-standard","has-post-thumbnail","hentry","category-kirjailijan-paivakirja","tag-antti-heikkinen","tag-einari-vidgren"],"om_views":null,"acf":{"tuuma_off":false,"tuuma_kysymys":"","tuuma_vastaus":""},"asauth":{"required_access_level":1,"share_token":"","is_paid":false},"yoast_head":"<!-- This site is optimized with the Yoast SEO plugin v26.4 - https:\/\/yoast.com\/wordpress\/plugins\/seo\/ -->\n<title>Teollisuusneuvoksen k\u00e4rp\u00e4senkakan kokoinen imagokysymys - Kirjailijan p\u00e4iv\u00e4kirja<\/title>\n<meta name=\"description\" content=\"&quot;Tittelit ja heittomerkit heitettiin narikkaan jo ajat sitten&quot;, Juha Vidgr\u00e9n kertoo. Se ei kuitenkaan pid\u00e4 paikkaansa.\" \/>\n<meta name=\"robots\" content=\"index, follow, max-snippet:-1, max-image-preview:large, max-video-preview:-1\" \/>\n<link rel=\"canonical\" href=\"https:\/\/suomenkuvalehti.fi\/kirjailijanpaivakirja\/teollisuusneuvoksen-karpasenkakan-kokoinen-imagokysymys\/\" \/>\n<meta property=\"og:locale\" content=\"fi_FI\" \/>\n<meta property=\"og:type\" content=\"article\" \/>\n<meta property=\"og:title\" content=\"Teollisuusneuvoksen k\u00e4rp\u00e4senkakan kokoinen imagokysymys - Kirjailijan p\u00e4iv\u00e4kirja\" \/>\n<meta property=\"og:description\" content=\"&quot;Tittelit ja heittomerkit heitettiin narikkaan jo ajat sitten&quot;, Juha Vidgr\u00e9n kertoo. Se ei kuitenkaan pid\u00e4 paikkaansa.\" \/>\n<meta property=\"og:url\" content=\"https:\/\/suomenkuvalehti.fi\/kirjailijanpaivakirja\/teollisuusneuvoksen-karpasenkakan-kokoinen-imagokysymys\/\" \/>\n<meta property=\"og:site_name\" content=\"Kirjailijan p\u00e4iv\u00e4kirja\" \/>\n<meta property=\"article:published_time\" content=\"2020-09-29T06:29:17+00:00\" \/>\n<meta property=\"article:modified_time\" content=\"2020-09-29T07:44:24+00:00\" \/>\n<meta property=\"og:image\" content=\"https:\/\/suomenkuvalehti.fi\/kirjailijanpaivakirja\/wp-content\/uploads\/sites\/21\/2020\/09\/9789510452851_frontcover_final.jpg\" \/>\n\t<meta property=\"og:image:width\" content=\"1650\" \/>\n\t<meta property=\"og:image:height\" content=\"2611\" \/>\n\t<meta property=\"og:image:type\" content=\"image\/jpeg\" \/>\n<meta name=\"author\" content=\"Karo H\u00e4m\u00e4l\u00e4inen\" \/>\n<meta name=\"twitter:card\" content=\"summary_large_image\" \/>\n<meta name=\"twitter:label1\" content=\"Written by\" \/>\n\t<meta name=\"twitter:data1\" content=\"Karo H\u00e4m\u00e4l\u00e4inen\" \/>\n\t<meta name=\"twitter:label2\" content=\"Est. reading time\" \/>\n\t<meta name=\"twitter:data2\" content=\"1 minuutti\" \/>\n<script type=\"application\/ld+json\" class=\"yoast-schema-graph\">{\"@context\":\"https:\/\/schema.org\",\"@graph\":[{\"@type\":\"WebPage\",\"@id\":\"https:\/\/suomenkuvalehti.fi\/kirjailijanpaivakirja\/teollisuusneuvoksen-karpasenkakan-kokoinen-imagokysymys\/\",\"url\":\"https:\/\/suomenkuvalehti.fi\/kirjailijanpaivakirja\/teollisuusneuvoksen-karpasenkakan-kokoinen-imagokysymys\/\",\"name\":\"Teollisuusneuvoksen k\u00e4rp\u00e4senkakan kokoinen imagokysymys - Kirjailijan p\u00e4iv\u00e4kirja\",\"isPartOf\":{\"@id\":\"https:\/\/suomenkuvalehti.fi\/kirjailijanpaivakirja\/#website\"},\"primaryImageOfPage\":{\"@id\":\"https:\/\/suomenkuvalehti.fi\/kirjailijanpaivakirja\/teollisuusneuvoksen-karpasenkakan-kokoinen-imagokysymys\/#primaryimage\"},\"image\":{\"@id\":\"https:\/\/suomenkuvalehti.fi\/kirjailijanpaivakirja\/teollisuusneuvoksen-karpasenkakan-kokoinen-imagokysymys\/#primaryimage\"},\"thumbnailUrl\":\"https:\/\/suomenkuvalehti.fi\/kirjailijanpaivakirja\/wp-content\/uploads\/sites\/21\/2020\/09\/9789510452851_frontcover_final.jpg\",\"datePublished\":\"2020-09-29T06:29:17+00:00\",\"dateModified\":\"2020-09-29T07:44:24+00:00\",\"author\":{\"@id\":\"https:\/\/suomenkuvalehti.fi\/kirjailijanpaivakirja\/#\/schema\/person\/ca2dfd9d508d8c675e07b3c099fc789b\"},\"description\":\"\\\"Tittelit ja heittomerkit heitettiin narikkaan jo ajat sitten\\\", Juha Vidgr\u00e9n kertoo. Se ei kuitenkaan pid\u00e4 paikkaansa.\",\"breadcrumb\":{\"@id\":\"https:\/\/suomenkuvalehti.fi\/kirjailijanpaivakirja\/teollisuusneuvoksen-karpasenkakan-kokoinen-imagokysymys\/#breadcrumb\"},\"inLanguage\":\"fi\",\"potentialAction\":[{\"@type\":\"ReadAction\",\"target\":[\"https:\/\/suomenkuvalehti.fi\/kirjailijanpaivakirja\/teollisuusneuvoksen-karpasenkakan-kokoinen-imagokysymys\/\"]}]},{\"@type\":\"ImageObject\",\"inLanguage\":\"fi\",\"@id\":\"https:\/\/suomenkuvalehti.fi\/kirjailijanpaivakirja\/teollisuusneuvoksen-karpasenkakan-kokoinen-imagokysymys\/#primaryimage\",\"url\":\"https:\/\/suomenkuvalehti.fi\/kirjailijanpaivakirja\/wp-content\/uploads\/sites\/21\/2020\/09\/9789510452851_frontcover_final.jpg\",\"contentUrl\":\"https:\/\/suomenkuvalehti.fi\/kirjailijanpaivakirja\/wp-content\/uploads\/sites\/21\/2020\/09\/9789510452851_frontcover_final.jpg\",\"width\":1650,\"height\":2611},{\"@type\":\"BreadcrumbList\",\"@id\":\"https:\/\/suomenkuvalehti.fi\/kirjailijanpaivakirja\/teollisuusneuvoksen-karpasenkakan-kokoinen-imagokysymys\/#breadcrumb\",\"itemListElement\":[{\"@type\":\"ListItem\",\"position\":1,\"name\":\"Home\",\"item\":\"https:\/\/suomenkuvalehti.fi\/kirjailijanpaivakirja\/\"},{\"@type\":\"ListItem\",\"position\":2,\"name\":\"Teollisuusneuvoksen k\u00e4rp\u00e4senkakan kokoinen imagokysymys\"}]},{\"@type\":\"WebSite\",\"@id\":\"https:\/\/suomenkuvalehti.fi\/kirjailijanpaivakirja\/#website\",\"url\":\"https:\/\/suomenkuvalehti.fi\/kirjailijanpaivakirja\/\",\"name\":\"Kirjailijan p\u00e4iv\u00e4kirja\",\"description\":\"Proosakirjailijan arkea ja kirjallisuuden ajankohtaisia aiheita.\",\"potentialAction\":[{\"@type\":\"SearchAction\",\"target\":{\"@type\":\"EntryPoint\",\"urlTemplate\":\"https:\/\/suomenkuvalehti.fi\/haku\/?q={search_term_string}\"},\"query-input\":{\"@type\":\"PropertyValueSpecification\",\"valueRequired\":true,\"valueName\":\"search_term_string\"}}],\"inLanguage\":\"fi\"},{\"@type\":\"Person\",\"@id\":\"https:\/\/suomenkuvalehti.fi\/kirjailijanpaivakirja\/#\/schema\/person\/ca2dfd9d508d8c675e07b3c099fc789b\",\"name\":\"Karo H\u00e4m\u00e4l\u00e4inen\",\"image\":{\"@type\":\"ImageObject\",\"inLanguage\":\"fi\",\"@id\":\"https:\/\/suomenkuvalehti.fi\/kirjailijanpaivakirja\/#\/schema\/person\/image\/\",\"url\":\"https:\/\/suomenkuvalehti.fi\/kirjailijanpaivakirja\/wp-content\/uploads\/sites\/21\/2022\/04\/hamalainen_karo06-1-150x150.jpg\",\"contentUrl\":\"https:\/\/suomenkuvalehti.fi\/kirjailijanpaivakirja\/wp-content\/uploads\/sites\/21\/2022\/04\/hamalainen_karo06-1-150x150.jpg\",\"caption\":\"Karo H\u00e4m\u00e4l\u00e4inen\"},\"description\":\"Karo H\u00e4m\u00e4l\u00e4inen on kirjailija ja talouteen erikoistunut vapaa toimittaja.\"}]}<\/script>\n<!-- \/ Yoast SEO plugin. -->","yoast_head_json":{"title":"Teollisuusneuvoksen k\u00e4rp\u00e4senkakan kokoinen imagokysymys - Kirjailijan p\u00e4iv\u00e4kirja","description":"\"Tittelit ja heittomerkit heitettiin narikkaan jo ajat sitten\", Juha Vidgr\u00e9n kertoo. Se ei kuitenkaan pid\u00e4 paikkaansa.","robots":{"index":"index","follow":"follow","max-snippet":"max-snippet:-1","max-image-preview":"max-image-preview:large","max-video-preview":"max-video-preview:-1"},"canonical":"https:\/\/suomenkuvalehti.fi\/kirjailijanpaivakirja\/teollisuusneuvoksen-karpasenkakan-kokoinen-imagokysymys\/","og_locale":"fi_FI","og_type":"article","og_title":"Teollisuusneuvoksen k\u00e4rp\u00e4senkakan kokoinen imagokysymys - Kirjailijan p\u00e4iv\u00e4kirja","og_description":"\"Tittelit ja heittomerkit heitettiin narikkaan jo ajat sitten\", Juha Vidgr\u00e9n kertoo. Se ei kuitenkaan pid\u00e4 paikkaansa.","og_url":"https:\/\/suomenkuvalehti.fi\/kirjailijanpaivakirja\/teollisuusneuvoksen-karpasenkakan-kokoinen-imagokysymys\/","og_site_name":"Kirjailijan p\u00e4iv\u00e4kirja","article_published_time":"2020-09-29T06:29:17+00:00","article_modified_time":"2020-09-29T07:44:24+00:00","og_image":[{"width":1650,"height":2611,"url":"https:\/\/suomenkuvalehti.fi\/kirjailijanpaivakirja\/wp-content\/uploads\/sites\/21\/2020\/09\/9789510452851_frontcover_final.jpg","type":"image\/jpeg"}],"author":"Karo H\u00e4m\u00e4l\u00e4inen","twitter_card":"summary_large_image","twitter_misc":{"Written by":"Karo H\u00e4m\u00e4l\u00e4inen","Est. reading time":"1 minuutti"},"schema":{"@context":"https:\/\/schema.org","@graph":[{"@type":"WebPage","@id":"https:\/\/suomenkuvalehti.fi\/kirjailijanpaivakirja\/teollisuusneuvoksen-karpasenkakan-kokoinen-imagokysymys\/","url":"https:\/\/suomenkuvalehti.fi\/kirjailijanpaivakirja\/teollisuusneuvoksen-karpasenkakan-kokoinen-imagokysymys\/","name":"Teollisuusneuvoksen k\u00e4rp\u00e4senkakan kokoinen imagokysymys - Kirjailijan p\u00e4iv\u00e4kirja","isPartOf":{"@id":"https:\/\/suomenkuvalehti.fi\/kirjailijanpaivakirja\/#website"},"primaryImageOfPage":{"@id":"https:\/\/suomenkuvalehti.fi\/kirjailijanpaivakirja\/teollisuusneuvoksen-karpasenkakan-kokoinen-imagokysymys\/#primaryimage"},"image":{"@id":"https:\/\/suomenkuvalehti.fi\/kirjailijanpaivakirja\/teollisuusneuvoksen-karpasenkakan-kokoinen-imagokysymys\/#primaryimage"},"thumbnailUrl":"https:\/\/suomenkuvalehti.fi\/kirjailijanpaivakirja\/wp-content\/uploads\/sites\/21\/2020\/09\/9789510452851_frontcover_final.jpg","datePublished":"2020-09-29T06:29:17+00:00","dateModified":"2020-09-29T07:44:24+00:00","author":{"@id":"https:\/\/suomenkuvalehti.fi\/kirjailijanpaivakirja\/#\/schema\/person\/ca2dfd9d508d8c675e07b3c099fc789b"},"description":"\"Tittelit ja heittomerkit heitettiin narikkaan jo ajat sitten\", Juha Vidgr\u00e9n kertoo. Se ei kuitenkaan pid\u00e4 paikkaansa.","breadcrumb":{"@id":"https:\/\/suomenkuvalehti.fi\/kirjailijanpaivakirja\/teollisuusneuvoksen-karpasenkakan-kokoinen-imagokysymys\/#breadcrumb"},"inLanguage":"fi","potentialAction":[{"@type":"ReadAction","target":["https:\/\/suomenkuvalehti.fi\/kirjailijanpaivakirja\/teollisuusneuvoksen-karpasenkakan-kokoinen-imagokysymys\/"]}]},{"@type":"ImageObject","inLanguage":"fi","@id":"https:\/\/suomenkuvalehti.fi\/kirjailijanpaivakirja\/teollisuusneuvoksen-karpasenkakan-kokoinen-imagokysymys\/#primaryimage","url":"https:\/\/suomenkuvalehti.fi\/kirjailijanpaivakirja\/wp-content\/uploads\/sites\/21\/2020\/09\/9789510452851_frontcover_final.jpg","contentUrl":"https:\/\/suomenkuvalehti.fi\/kirjailijanpaivakirja\/wp-content\/uploads\/sites\/21\/2020\/09\/9789510452851_frontcover_final.jpg","width":1650,"height":2611},{"@type":"BreadcrumbList","@id":"https:\/\/suomenkuvalehti.fi\/kirjailijanpaivakirja\/teollisuusneuvoksen-karpasenkakan-kokoinen-imagokysymys\/#breadcrumb","itemListElement":[{"@type":"ListItem","position":1,"name":"Home","item":"https:\/\/suomenkuvalehti.fi\/kirjailijanpaivakirja\/"},{"@type":"ListItem","position":2,"name":"Teollisuusneuvoksen k\u00e4rp\u00e4senkakan kokoinen imagokysymys"}]},{"@type":"WebSite","@id":"https:\/\/suomenkuvalehti.fi\/kirjailijanpaivakirja\/#website","url":"https:\/\/suomenkuvalehti.fi\/kirjailijanpaivakirja\/","name":"Kirjailijan p\u00e4iv\u00e4kirja","description":"Proosakirjailijan arkea ja kirjallisuuden ajankohtaisia aiheita.","potentialAction":[{"@type":"SearchAction","target":{"@type":"EntryPoint","urlTemplate":"https:\/\/suomenkuvalehti.fi\/haku\/?q={search_term_string}"},"query-input":{"@type":"PropertyValueSpecification","valueRequired":true,"valueName":"search_term_string"}}],"inLanguage":"fi"},{"@type":"Person","@id":"https:\/\/suomenkuvalehti.fi\/kirjailijanpaivakirja\/#\/schema\/person\/ca2dfd9d508d8c675e07b3c099fc789b","name":"Karo H\u00e4m\u00e4l\u00e4inen","image":{"@type":"ImageObject","inLanguage":"fi","@id":"https:\/\/suomenkuvalehti.fi\/kirjailijanpaivakirja\/#\/schema\/person\/image\/","url":"https:\/\/suomenkuvalehti.fi\/kirjailijanpaivakirja\/wp-content\/uploads\/sites\/21\/2022\/04\/hamalainen_karo06-1-150x150.jpg","contentUrl":"https:\/\/suomenkuvalehti.fi\/kirjailijanpaivakirja\/wp-content\/uploads\/sites\/21\/2022\/04\/hamalainen_karo06-1-150x150.jpg","caption":"Karo H\u00e4m\u00e4l\u00e4inen"},"description":"Karo H\u00e4m\u00e4l\u00e4inen on kirjailija ja talouteen erikoistunut vapaa toimittaja."}]}},"_links":{"self":[{"href":"https:\/\/suomenkuvalehti.fi\/kirjailijanpaivakirja\/wp-json\/wp\/v2\/posts\/1911","targetHints":{"allow":["GET"]}}],"collection":[{"href":"https:\/\/suomenkuvalehti.fi\/kirjailijanpaivakirja\/wp-json\/wp\/v2\/posts"}],"about":[{"href":"https:\/\/suomenkuvalehti.fi\/kirjailijanpaivakirja\/wp-json\/wp\/v2\/types\/post"}],"author":[{"embeddable":true,"href":"https:\/\/suomenkuvalehti.fi\/kirjailijanpaivakirja\/wp-json\/wp\/v2\/users\/129"}],"replies":[{"embeddable":true,"href":"https:\/\/suomenkuvalehti.fi\/kirjailijanpaivakirja\/wp-json\/wp\/v2\/comments?post=1911"}],"version-history":[{"count":6,"href":"https:\/\/suomenkuvalehti.fi\/kirjailijanpaivakirja\/wp-json\/wp\/v2\/posts\/1911\/revisions"}],"predecessor-version":[{"id":1918,"href":"https:\/\/suomenkuvalehti.fi\/kirjailijanpaivakirja\/wp-json\/wp\/v2\/posts\/1911\/revisions\/1918"}],"wp:featuredmedia":[{"embeddable":true,"href":"https:\/\/suomenkuvalehti.fi\/kirjailijanpaivakirja\/wp-json\/wp\/v2\/media\/1913"}],"wp:attachment":[{"href":"https:\/\/suomenkuvalehti.fi\/kirjailijanpaivakirja\/wp-json\/wp\/v2\/media?parent=1911"}],"wp:term":[{"taxonomy":"category","embeddable":true,"href":"https:\/\/suomenkuvalehti.fi\/kirjailijanpaivakirja\/wp-json\/wp\/v2\/categories?post=1911"},{"taxonomy":"post_tag","embeddable":true,"href":"https:\/\/suomenkuvalehti.fi\/kirjailijanpaivakirja\/wp-json\/wp\/v2\/tags?post=1911"}],"curies":[{"name":"wp","href":"https:\/\/api.w.org\/{rel}","templated":true}]}}