{"id":1905,"date":"2020-09-28T09:27:54","date_gmt":"2020-09-28T06:27:54","guid":{"rendered":"https:\/\/suomenkuvalehti.fi\/kirjailijanpaivakirja\/?p=1905"},"modified":"2020-09-28T19:38:14","modified_gmt":"2020-09-28T16:38:14","slug":"enta-kun-tietokirjassa-on-epaluotettava-kertoja","status":"publish","type":"post","link":"https:\/\/suomenkuvalehti.fi\/kirjailijanpaivakirja\/enta-kun-tietokirjassa-on-epaluotettava-kertoja\/","title":{"rendered":"Ent\u00e4 kun tietokirjassa on ep\u00e4luotettava kertoja?"},"content":{"rendered":"\n<p><span class=\"capitalized\">Tietokirjan<\/span> olemukseen kuuluu, ett\u00e4 sen ajatellaan olevan totta.<\/p>\n\n\n\n<p>Muistelmat ovat tietokirjallisuudessa oma kategoriansa. Jo lajityypin nimi kertoo, ett\u00e4 kyse on kirjoittajan muistoista. Muistot voivat olla kertojalle tosia, vaikka ne eiv\u00e4t pit\u00e4isi yht\u00e4 muiden ihmisten samasta tapahtumasta muistamien seikkojen kanssa.<\/p>\n\n\n\n<p>Kertoja voi muistaa v\u00e4\u00e4rin.<\/p>\n\n\n\n<p>Muistelmien samoin kuin min\u00e4-esseiden kertoja tekee ratkaisuja my\u00f6s tyylin ehdoilla. T\u00e4ll\u00f6in min\u00e4st\u00e4 tapaa piirty\u00e4 siloiteltu, karrikoitu \u2013 joka tapauksessa tyylitelty. &#8221;Totuus&#8221; ei ole nolla tai ykk\u00f6nen.<\/p>\n\n\n\n<p>On my\u00f6s asioita, joita muistelija ei muista, mutta jotka tuntuvat kuuluvan h\u00e4nen muistelmiinsa. T\u00e4ll\u00f6in muistelmien kirjoittajan on verestett\u00e4v\u00e4 muistiaan kirjallisten l\u00e4hteiden tai kanssaihmisten muistojen avulla.<\/p>\n\n\n\n<p>Siksi on selv\u00e4\u00e4, ett\u00e4 muistelmien totuus on toisenlaista kuin vaikkapa el\u00e4m\u00e4kerran totuus. Muistelmien totuus on niiden kirjoittajan n\u00e4kemys asioiden kulusta, h\u00e4nen tulkintansa ja h\u00e4nen tunteidensa kuvaus.<\/p>\n\n\n\n<p>&nbsp;<\/p>\n\n\n<figure class=\"alignleft size-medium is-resized wp-block-image\">\n  <div class=\"wp-block-image__inner-container\">\n    <a href='https:\/\/suomenkuvalehti.fi\/kirjailijanpaivakirja\/wp-content\/uploads\/sites\/21\/2020\/09\/kale.jpg'><img loading=\"lazy\" decoding=\"async\" src=\"https:\/\/suomenkuvalehti.fi\/kirjailijanpaivakirja\/wp-content\/uploads\/sites\/21\/2020\/09\/kale-206x300.jpg\" alt=\"\" class=\"wp-image-1906\" width=\"206\" height=\"300\" style=\"--aspect-ratio: 0.69\" srcset=\"https:\/\/suomenkuvalehti.fi\/kirjailijanpaivakirja\/wp-content\/uploads\/sites\/21\/2020\/09\/kale-206x300.jpg 206w, https:\/\/suomenkuvalehti.fi\/kirjailijanpaivakirja\/wp-content\/uploads\/sites\/21\/2020\/09\/kale-768x1116.jpg 768w, https:\/\/suomenkuvalehti.fi\/kirjailijanpaivakirja\/wp-content\/uploads\/sites\/21\/2020\/09\/kale-705x1024.jpg 705w, https:\/\/suomenkuvalehti.fi\/kirjailijanpaivakirja\/wp-content\/uploads\/sites\/21\/2020\/09\/kale-300x436.jpg 300w, https:\/\/suomenkuvalehti.fi\/kirjailijanpaivakirja\/wp-content\/uploads\/sites\/21\/2020\/09\/kale-630x915.jpg 630w, https:\/\/suomenkuvalehti.fi\/kirjailijanpaivakirja\/wp-content\/uploads\/sites\/21\/2020\/09\/kale.jpg 1772w\" sizes=\"auto, (max-width: 206px) 100vw, 206px\" \/><\/a>  <\/div>\n<\/figure>\n\n\n<p><span class=\"capitalized\">Toisinaan<\/span> saattaa tulla eteen tilanne, jossa muistelmien kirjoittaja ep\u00e4ilee muistelmien kertojan luotettavuutta. T\u00e4llaisia tilanteita voi tulla silloin, kun muistelija, kertoja ja kirjoittaja ovat sama henkil\u00f6, tai silloin, kun muistelija kirjoittaa muistelmiaan yhdess\u00e4 toisen kirjoittajan kanssa.<\/p>\n\n\n\n<p>T\u00e4m\u00e4 on tilanne esimerkiksi <strong>Kalervo Kummolan<\/strong> muistelmateoksessa <em>Kale \u2013 Rautakansleri<\/em> (Otava 2020), jonka ovat kirjoittaneet Kalervo Kummola ja politiikkaan erikoistunut toimittaja <strong>Jari Korkki<\/strong>.<\/p>\n\n\n\n<p>Teos etenee p\u00e4\u00e4osin min\u00e4muotoisena muisteluna, jossa \u00e4\u00e4ness\u00e4 on Kalervo Kummola ilmeisesti Jari Korkin kirjaamana ja Kummolan hyv\u00e4ksym\u00e4n\u00e4. V\u00e4lill\u00e4 \u00e4\u00e4neen kuitenkin p\u00e4\u00e4see koko joukko tapahtumiin liittyvi\u00e4 henkil\u00f6it\u00e4. Esipuheen mukaan heit\u00e4 on nelj\u00e4kymment\u00e4kolme. Lis\u00e4ksi esipuheessa viitataan nimett\u00f6miin my\u00f6t\u00e4vaikuttajiin.<\/p>\n\n\n\n<p>Nimell\u00e4 esiintyv\u00e4t sivu\u00e4\u00e4net on upotettu kirjan tekstin sekaan yht\u00e4 lailla min\u00e4muodossa. E-kirjaversiosta samoin kuin \u00e4\u00e4nikirjasta on ik\u00e4v\u00e4n hankala hahmottaa, miss\u00e4 sivu\u00e4\u00e4ni loppuu ja \u00e4\u00e4neen palaa j\u00e4lleen Kummola. Painetussa kirjassa t\u00e4t\u00e4 ongelmaa tuskin on.<\/p>\n\n\n\n<p>Ratkaisu on varsin toimiva, ja sivu\u00e4\u00e4net t\u00e4ydent\u00e4v\u00e4t kivasti kertojan muistoa ja kuvaa kertojasta. Eiv\u00e4t sivu\u00e4\u00e4netk\u00e4\u00e4n tietenk\u00e4\u00e4n tee muistelmista objektiivisia. Muistelijalla on valta valita, ketk\u00e4 p\u00e4\u00e4sev\u00e4t \u00e4\u00e4neen h\u00e4nen muistelmissaan, ketk\u00e4 eiv\u00e4t.<\/p>\n\n\n\n<p>&nbsp;<\/p>\n\n\n\n<p><span class=\"capitalized\">Korkeamman<\/span> vaikeuskertoimen ongelman edess\u00e4 on ollut <strong>Marko Erola<\/strong> kirjoittaessaan <em>Mielet\u00f6n vilppi<\/em> -kirjaa (Tammi 2020), jonka tekij\u00f6iksi on merkitty Erola ja <strong>Jouni Ranta<\/strong>. Sama tekij\u00e4merkint\u00e4 oli vuonna 2017 ilmestyneess\u00e4 <em>Vilpit\u00f6n mieli<\/em> -kirjassa, jossa Ranta kertoo, miten h\u00e4n &#8221;myi Suomen t\u00e4yteen v\u00e4\u00e4rennetty\u00e4 taidetta&#8221;.<\/p>\n\n\n\n<p><em>Mielett\u00f6m\u00e4ss\u00e4 vilpiss\u00e4<\/em> \u00e4\u00e4ness\u00e4 on paitsi taidekauppias Jouni Ranta my\u00f6s taidev\u00e4\u00e4rent\u00e4j\u00e4 <strong>Veli Sepp\u00e4<\/strong>, jonka v\u00e4\u00e4renn\u00f6ksill\u00e4 Ranta vuorasi Suomen.<\/p>\n\n\n\n<p>Sek\u00e4 Ranta ett\u00e4 Sepp\u00e4 ovat tienanneet leip\u00e4ns\u00e4 tai ainakin juomansa valehtelemalla, myym\u00e4ll\u00e4 ep\u00e4aitoa aitona. Voipihan tuo olla, ett\u00e4 muistikuvissa ja niist\u00e4 kerrotuissa tarinoissakaan kaikki ei mene ihan jetsulleen todellisuudessa tapahtuneen kanssa.<\/p>\n\n\n\n<p>&nbsp;<\/p>\n\n\n<figure class=\"alignleft size-medium wp-block-image\">\n  <div class=\"wp-block-image__inner-container\">\n    <a href='https:\/\/suomenkuvalehti.fi\/kirjailijanpaivakirja\/wp-content\/uploads\/sites\/21\/2020\/09\/mielet.jpg'><img loading=\"lazy\" decoding=\"async\" src=\"https:\/\/suomenkuvalehti.fi\/kirjailijanpaivakirja\/wp-content\/uploads\/sites\/21\/2020\/09\/mielet-190x300.jpg\" alt=\"\" class=\"wp-image-1908\" width=\"1654\" height=\"2610\" style=\"--aspect-ratio: 0.63\" srcset=\"https:\/\/suomenkuvalehti.fi\/kirjailijanpaivakirja\/wp-content\/uploads\/sites\/21\/2020\/09\/mielet-190x300.jpg 190w, https:\/\/suomenkuvalehti.fi\/kirjailijanpaivakirja\/wp-content\/uploads\/sites\/21\/2020\/09\/mielet-768x1212.jpg 768w, https:\/\/suomenkuvalehti.fi\/kirjailijanpaivakirja\/wp-content\/uploads\/sites\/21\/2020\/09\/mielet-649x1024.jpg 649w, https:\/\/suomenkuvalehti.fi\/kirjailijanpaivakirja\/wp-content\/uploads\/sites\/21\/2020\/09\/mielet-300x473.jpg 300w, https:\/\/suomenkuvalehti.fi\/kirjailijanpaivakirja\/wp-content\/uploads\/sites\/21\/2020\/09\/mielet-630x994.jpg 630w, https:\/\/suomenkuvalehti.fi\/kirjailijanpaivakirja\/wp-content\/uploads\/sites\/21\/2020\/09\/mielet.jpg 1654w\" sizes=\"auto, (max-width: 1654px) 100vw, 1654px\" \/><\/a>  <\/div>\n<\/figure>\n\n\n<p><span class=\"capitalized\">Sepp\u00e4 ja Ranta<\/span> kertovat tarinaansa ja tarinoitaan min\u00e4muotoisesti vuoroluvuin. N\u00e4in joistakin asioista tulee esiin kaksi eri n\u00e4kemyst\u00e4. Lukijan teht\u00e4v\u00e4ksi j\u00e4\u00e4 arvioida, pit\u00e4\u00e4k\u00f6 niist\u00e4 toinen paikkaansa vai pit\u00e4\u00e4k\u00f6 kumpikaan.<\/p>\n\n\n\n<p>Lis\u00e4ksi Erola on tiivist\u00e4nyt <em>Mielett\u00f6m\u00e4n vilpin<\/em> loppupuolelle Pirkanmaan k\u00e4r\u00e4j\u00e4oikeuden p\u00f6yt\u00e4kirjoja. Kuulusteluissa Sep\u00e4lle n\u00e4ytet\u00e4\u00e4n taideteoksia ja Sepp\u00e4 muistelee, milloin h\u00e4n on teoksen tehnyt ja kenelle sen luovuttanut.<\/p>\n\n\n\n<p>Kuulustelup\u00f6yt\u00e4kirjoissa Sepp\u00e4 toistuvasti muistaa asioita eri tavoin kuin mit\u00e4 h\u00e4n on kertonut esitutkinnassa, ainakin mik\u00e4li syytt\u00e4j\u00e4\u00e4 on uskominen.<\/p>\n\n\n\n<p>P\u00f6yt\u00e4kirjojen dialogit ovat omiaan osoittamaan, ettei muuallakaan kirjassa sanottua kannata v\u00e4ltt\u00e4m\u00e4tt\u00e4 pit\u00e4\u00e4 totena.<\/p>\n\n\n\n<p>&nbsp;<\/p>\n\n\n\n<p><span class=\"capitalized\">Jouni Rannan<\/span> n\u00e4k\u00f6kulmasta kerrotussa luvussa 17 &#8221;Ateneumista l\u00f6ysin itseni&#8221; Rannan \u00e4\u00e4nell\u00e4 kerrotaan, kuinka h\u00e4n k\u00e4vi tammikuussa 2020 Ateneumissa katsomassa <strong>Helene Schjerfbeckin<\/strong> noin 130 maalausta, piirustusta ja luonnosta sis\u00e4lt\u00e4v\u00e4n n\u00e4yttelyn.<\/p>\n\n\n\n<p>&#8221;Min\u00e4 menin, koska sain HOK-Elannon ravintolasta lipun aterian kylki\u00e4isen\u00e4.&#8221;<\/p>\n\n\n\n<p>&#8221;Kaivoin kyn\u00e4n taskusta ja aloin toisella kierroksella pit\u00e4\u00e4 p\u00e4\u00e4sylippuun tukkimiehen kirjanpitoa myymist\u00e4ni t\u00f6ist\u00e4. Viivaa tuli p\u00e4\u00e4sylippuun siihen tahtiin, ett\u00e4 alkoi ihan h\u00e4vett\u00e4\u00e4. \u2013\u2013 Nelj\u00e4nkymmenen yli p\u00e4\u00e4sty\u00e4ni luulin, ett\u00e4 siihen loppuivat. Viimeisest\u00e4 n\u00e4yttelyhuoneesta tuli kuitenkin kuusi viivaa lis\u00e4\u00e4.&#8221;<\/p>\n\n\n\n<p>Ateneumissa p\u00e4\u00e4sylipun virkaa toimittaa p\u00e4\u00e4symaksun maksamisesta kertova tarra, johon viivoja on hankala vedell\u00e4. P\u00e4\u00e4sylipun sijaan kertoja \/ Ranta tarkoittaakin kassakoneen kuittia.<\/p>\n\n\n\n<p>Kirjaan onkin painettu kuva Ateneumin taidemuseon kuitista, jossa on kaksi rivi\u00e4 ja loppusummana nolla euroa ja johon on vedetty viivoja, ei tukkimiehen kirjanpidolla vaan yksitt\u00e4isin\u00e4 viivoina. Viivojen v\u00e4lisummaksi on laskettu 42 ja yhteissummaksi 48.<\/p>\n\n\n\n<p>Kuvallinen todiste on omiaan lis\u00e4\u00e4m\u00e4\u00e4n Rannan v\u00e4itteen uskottavuutta: Ateneumin Schjefbeck-n\u00e4yttelyss\u00e4 oli 48 h\u00e4nen myym\u00e4\u00e4ns\u00e4 ty\u00f6t\u00e4.<\/p>\n\n\n\n<p>Kuvasta huolimatta siit\u00e4 ei kuitenkaan ole mit\u00e4\u00e4n muuta todistetta kuin h\u00e4nen sanansa.<\/p>\n\n\n","protected":false},"excerpt":{"rendered":"<p>Tietokirjan olemukseen kuuluu, ett\u00e4 sen ajatellaan olevan totta. Muistelmat ovat tietokirjallisuudessa oma kategoriansa. Jo lajityypin nimi kertoo, ett\u00e4 kyse on kirjoittajan muistoista. Muistot voivat olla kertojalle tosia, vaikka ne eiv\u00e4t pit\u00e4isi yht\u00e4 muiden ihmisten samasta<br \/>\ntapa&hellip;<\/p>\n","protected":false},"author":129,"featured_media":1906,"comment_status":"open","ping_status":"open","sticky":false,"template":"","format":"standard","meta":{"_acf_changed":false,"asauth_required_access_level":3,"asauth_cansharepaid":"true","om_header_attributes":[],"footnotes":"","om_featured_image_focal_point":[],"om_primary_tag":0,"om_contributors":[],"om_co_authors":[],"beyondwords_generate_audio":"","beyondwords_project_id":"","beyondwords_content_id":"","beyondwords_preview_token":"","beyondwords_player_content":"","beyondwords_player_style":"","beyondwords_language_code":"","beyondwords_language_id":"","beyondwords_title_voice_id":"","beyondwords_body_voice_id":"","beyondwords_summary_voice_id":"","beyondwords_error_message":"","beyondwords_disabled":"","beyondwords_delete_content":"","beyondwords_podcast_id":"","beyondwords_hash":"","publish_post_to_speechkit":"","speechkit_hash":"","speechkit_generate_audio":"","speechkit_project_id":"","speechkit_podcast_id":"","speechkit_error_message":"","speechkit_disabled":"","speechkit_access_key":"","speechkit_error":"","speechkit_info":"","speechkit_response":"","speechkit_retries":"","speechkit_status":"","speechkit_updated_at":"","_speechkit_link":"","_speechkit_text":""},"categories":[1],"tags":[1435,1437,1436,807,1434,1438,809],"class_list":["post-1905","post","type-post","status-publish","format-standard","has-post-thumbnail","hentry","category-kirjailijan-paivakirja","tag-jari-korkki","tag-kale","tag-kalervo-kummola","tag-marko-erola","tag-mieleton-vilppi","tag-rautakansleri","tag-vilpiton-mieli"],"om_views":null,"acf":{"tuuma_off":false,"tuuma_kysymys":"","tuuma_vastaus":""},"asauth":{"required_access_level":1,"share_token":"","is_paid":false},"yoast_head":"<!-- This site is optimized with the Yoast SEO plugin v26.4 - https:\/\/yoast.com\/wordpress\/plugins\/seo\/ -->\n<title>Ent\u00e4 kun tietokirjassa on ep\u00e4luotettava kertoja? - Kirjailijan p\u00e4iv\u00e4kirja<\/title>\n<meta name=\"description\" content=\"Kuvallinen todiste on omiaan lis\u00e4\u00e4m\u00e4\u00e4n Jouni Rannan v\u00e4itteen uskottavuutta: Ateneumin Schjefbeck-n\u00e4yttelyss\u00e4 oli 48 h\u00e4nen myym\u00e4\u00e4ns\u00e4 ty\u00f6t\u00e4. Kuvasta huolimatta siit\u00e4 ei kuitenkaan ole mit\u00e4\u00e4n muuta todistetta kuin h\u00e4nen sanansa.\" \/>\n<meta name=\"robots\" content=\"index, follow, max-snippet:-1, max-image-preview:large, max-video-preview:-1\" \/>\n<link rel=\"canonical\" href=\"https:\/\/suomenkuvalehti.fi\/kirjailijanpaivakirja\/enta-kun-tietokirjassa-on-epaluotettava-kertoja\/\" \/>\n<meta property=\"og:locale\" content=\"fi_FI\" \/>\n<meta property=\"og:type\" content=\"article\" \/>\n<meta property=\"og:title\" content=\"Ent\u00e4 kun tietokirjassa on ep\u00e4luotettava kertoja? - Kirjailijan p\u00e4iv\u00e4kirja\" \/>\n<meta property=\"og:description\" content=\"Kuvallinen todiste on omiaan lis\u00e4\u00e4m\u00e4\u00e4n Jouni Rannan v\u00e4itteen uskottavuutta: Ateneumin Schjefbeck-n\u00e4yttelyss\u00e4 oli 48 h\u00e4nen myym\u00e4\u00e4ns\u00e4 ty\u00f6t\u00e4. Kuvasta huolimatta siit\u00e4 ei kuitenkaan ole mit\u00e4\u00e4n muuta todistetta kuin h\u00e4nen sanansa.\" \/>\n<meta property=\"og:url\" content=\"https:\/\/suomenkuvalehti.fi\/kirjailijanpaivakirja\/enta-kun-tietokirjassa-on-epaluotettava-kertoja\/\" \/>\n<meta property=\"og:site_name\" content=\"Kirjailijan p\u00e4iv\u00e4kirja\" \/>\n<meta property=\"article:published_time\" content=\"2020-09-28T06:27:54+00:00\" \/>\n<meta property=\"article:modified_time\" content=\"2020-09-28T16:38:14+00:00\" \/>\n<meta property=\"og:image\" content=\"https:\/\/suomenkuvalehti.fi\/kirjailijanpaivakirja\/wp-content\/uploads\/sites\/21\/2018\/05\/karo_hamalainen_blogi_pieni.jpg\" \/>\n\t<meta property=\"og:image:width\" content=\"600\" \/>\n\t<meta property=\"og:image:height\" content=\"600\" \/>\n\t<meta property=\"og:image:type\" content=\"image\/jpeg\" \/>\n<meta name=\"author\" content=\"Karo H\u00e4m\u00e4l\u00e4inen\" \/>\n<meta name=\"twitter:card\" content=\"summary_large_image\" \/>\n<meta name=\"twitter:image\" content=\"https:\/\/suomenkuvalehti.fi\/kirjailijanpaivakirja\/wp-content\/uploads\/sites\/21\/2018\/05\/karo_hamalainen_blogi_pieni.jpg\" \/>\n<meta name=\"twitter:label1\" content=\"Written by\" \/>\n\t<meta name=\"twitter:data1\" content=\"Karo H\u00e4m\u00e4l\u00e4inen\" \/>\n\t<meta name=\"twitter:label2\" content=\"Est. reading time\" \/>\n\t<meta name=\"twitter:data2\" content=\"4 minuuttia\" \/>\n<script type=\"application\/ld+json\" class=\"yoast-schema-graph\">{\"@context\":\"https:\/\/schema.org\",\"@graph\":[{\"@type\":\"WebPage\",\"@id\":\"https:\/\/suomenkuvalehti.fi\/kirjailijanpaivakirja\/enta-kun-tietokirjassa-on-epaluotettava-kertoja\/\",\"url\":\"https:\/\/suomenkuvalehti.fi\/kirjailijanpaivakirja\/enta-kun-tietokirjassa-on-epaluotettava-kertoja\/\",\"name\":\"Ent\u00e4 kun tietokirjassa on ep\u00e4luotettava kertoja? - Kirjailijan p\u00e4iv\u00e4kirja\",\"isPartOf\":{\"@id\":\"https:\/\/suomenkuvalehti.fi\/kirjailijanpaivakirja\/#website\"},\"primaryImageOfPage\":{\"@id\":\"https:\/\/suomenkuvalehti.fi\/kirjailijanpaivakirja\/enta-kun-tietokirjassa-on-epaluotettava-kertoja\/#primaryimage\"},\"image\":{\"@id\":\"https:\/\/suomenkuvalehti.fi\/kirjailijanpaivakirja\/enta-kun-tietokirjassa-on-epaluotettava-kertoja\/#primaryimage\"},\"thumbnailUrl\":\"https:\/\/suomenkuvalehti.fi\/kirjailijanpaivakirja\/wp-content\/uploads\/sites\/21\/2020\/09\/kale.jpg\",\"datePublished\":\"2020-09-28T06:27:54+00:00\",\"dateModified\":\"2020-09-28T16:38:14+00:00\",\"author\":{\"@id\":\"https:\/\/suomenkuvalehti.fi\/kirjailijanpaivakirja\/#\/schema\/person\/ca2dfd9d508d8c675e07b3c099fc789b\"},\"description\":\"Kuvallinen todiste on omiaan lis\u00e4\u00e4m\u00e4\u00e4n Jouni Rannan v\u00e4itteen uskottavuutta: Ateneumin Schjefbeck-n\u00e4yttelyss\u00e4 oli 48 h\u00e4nen myym\u00e4\u00e4ns\u00e4 ty\u00f6t\u00e4. Kuvasta huolimatta siit\u00e4 ei kuitenkaan ole mit\u00e4\u00e4n muuta todistetta kuin h\u00e4nen sanansa.\",\"breadcrumb\":{\"@id\":\"https:\/\/suomenkuvalehti.fi\/kirjailijanpaivakirja\/enta-kun-tietokirjassa-on-epaluotettava-kertoja\/#breadcrumb\"},\"inLanguage\":\"fi\",\"potentialAction\":[{\"@type\":\"ReadAction\",\"target\":[\"https:\/\/suomenkuvalehti.fi\/kirjailijanpaivakirja\/enta-kun-tietokirjassa-on-epaluotettava-kertoja\/\"]}]},{\"@type\":\"ImageObject\",\"inLanguage\":\"fi\",\"@id\":\"https:\/\/suomenkuvalehti.fi\/kirjailijanpaivakirja\/enta-kun-tietokirjassa-on-epaluotettava-kertoja\/#primaryimage\",\"url\":\"https:\/\/suomenkuvalehti.fi\/kirjailijanpaivakirja\/wp-content\/uploads\/sites\/21\/2020\/09\/kale.jpg\",\"contentUrl\":\"https:\/\/suomenkuvalehti.fi\/kirjailijanpaivakirja\/wp-content\/uploads\/sites\/21\/2020\/09\/kale.jpg\",\"width\":1772,\"height\":2575},{\"@type\":\"BreadcrumbList\",\"@id\":\"https:\/\/suomenkuvalehti.fi\/kirjailijanpaivakirja\/enta-kun-tietokirjassa-on-epaluotettava-kertoja\/#breadcrumb\",\"itemListElement\":[{\"@type\":\"ListItem\",\"position\":1,\"name\":\"Home\",\"item\":\"https:\/\/suomenkuvalehti.fi\/kirjailijanpaivakirja\/\"},{\"@type\":\"ListItem\",\"position\":2,\"name\":\"Ent\u00e4 kun tietokirjassa on ep\u00e4luotettava kertoja?\"}]},{\"@type\":\"WebSite\",\"@id\":\"https:\/\/suomenkuvalehti.fi\/kirjailijanpaivakirja\/#website\",\"url\":\"https:\/\/suomenkuvalehti.fi\/kirjailijanpaivakirja\/\",\"name\":\"Kirjailijan p\u00e4iv\u00e4kirja\",\"description\":\"Proosakirjailijan arkea ja kirjallisuuden ajankohtaisia aiheita.\",\"potentialAction\":[{\"@type\":\"SearchAction\",\"target\":{\"@type\":\"EntryPoint\",\"urlTemplate\":\"https:\/\/suomenkuvalehti.fi\/haku\/?q={search_term_string}\"},\"query-input\":{\"@type\":\"PropertyValueSpecification\",\"valueRequired\":true,\"valueName\":\"search_term_string\"}}],\"inLanguage\":\"fi\"},{\"@type\":\"Person\",\"@id\":\"https:\/\/suomenkuvalehti.fi\/kirjailijanpaivakirja\/#\/schema\/person\/ca2dfd9d508d8c675e07b3c099fc789b\",\"name\":\"Karo H\u00e4m\u00e4l\u00e4inen\",\"image\":{\"@type\":\"ImageObject\",\"inLanguage\":\"fi\",\"@id\":\"https:\/\/suomenkuvalehti.fi\/kirjailijanpaivakirja\/#\/schema\/person\/image\/\",\"url\":\"https:\/\/suomenkuvalehti.fi\/kirjailijanpaivakirja\/wp-content\/uploads\/sites\/21\/2022\/04\/hamalainen_karo06-1-150x150.jpg\",\"contentUrl\":\"https:\/\/suomenkuvalehti.fi\/kirjailijanpaivakirja\/wp-content\/uploads\/sites\/21\/2022\/04\/hamalainen_karo06-1-150x150.jpg\",\"caption\":\"Karo H\u00e4m\u00e4l\u00e4inen\"},\"description\":\"Karo H\u00e4m\u00e4l\u00e4inen on kirjailija ja talouteen erikoistunut vapaa toimittaja.\"}]}<\/script>\n<!-- \/ Yoast SEO plugin. -->","yoast_head_json":{"title":"Ent\u00e4 kun tietokirjassa on ep\u00e4luotettava kertoja? - Kirjailijan p\u00e4iv\u00e4kirja","description":"Kuvallinen todiste on omiaan lis\u00e4\u00e4m\u00e4\u00e4n Jouni Rannan v\u00e4itteen uskottavuutta: Ateneumin Schjefbeck-n\u00e4yttelyss\u00e4 oli 48 h\u00e4nen myym\u00e4\u00e4ns\u00e4 ty\u00f6t\u00e4. Kuvasta huolimatta siit\u00e4 ei kuitenkaan ole mit\u00e4\u00e4n muuta todistetta kuin h\u00e4nen sanansa.","robots":{"index":"index","follow":"follow","max-snippet":"max-snippet:-1","max-image-preview":"max-image-preview:large","max-video-preview":"max-video-preview:-1"},"canonical":"https:\/\/suomenkuvalehti.fi\/kirjailijanpaivakirja\/enta-kun-tietokirjassa-on-epaluotettava-kertoja\/","og_locale":"fi_FI","og_type":"article","og_title":"Ent\u00e4 kun tietokirjassa on ep\u00e4luotettava kertoja? - Kirjailijan p\u00e4iv\u00e4kirja","og_description":"Kuvallinen todiste on omiaan lis\u00e4\u00e4m\u00e4\u00e4n Jouni Rannan v\u00e4itteen uskottavuutta: Ateneumin Schjefbeck-n\u00e4yttelyss\u00e4 oli 48 h\u00e4nen myym\u00e4\u00e4ns\u00e4 ty\u00f6t\u00e4. Kuvasta huolimatta siit\u00e4 ei kuitenkaan ole mit\u00e4\u00e4n muuta todistetta kuin h\u00e4nen sanansa.","og_url":"https:\/\/suomenkuvalehti.fi\/kirjailijanpaivakirja\/enta-kun-tietokirjassa-on-epaluotettava-kertoja\/","og_site_name":"Kirjailijan p\u00e4iv\u00e4kirja","article_published_time":"2020-09-28T06:27:54+00:00","article_modified_time":"2020-09-28T16:38:14+00:00","og_image":[{"width":600,"height":600,"url":"https:\/\/suomenkuvalehti.fi\/kirjailijanpaivakirja\/wp-content\/uploads\/sites\/21\/2018\/05\/karo_hamalainen_blogi_pieni.jpg","type":"image\/jpeg"}],"author":"Karo H\u00e4m\u00e4l\u00e4inen","twitter_card":"summary_large_image","twitter_image":"https:\/\/suomenkuvalehti.fi\/kirjailijanpaivakirja\/wp-content\/uploads\/sites\/21\/2018\/05\/karo_hamalainen_blogi_pieni.jpg","twitter_misc":{"Written by":"Karo H\u00e4m\u00e4l\u00e4inen","Est. reading time":"4 minuuttia"},"schema":{"@context":"https:\/\/schema.org","@graph":[{"@type":"WebPage","@id":"https:\/\/suomenkuvalehti.fi\/kirjailijanpaivakirja\/enta-kun-tietokirjassa-on-epaluotettava-kertoja\/","url":"https:\/\/suomenkuvalehti.fi\/kirjailijanpaivakirja\/enta-kun-tietokirjassa-on-epaluotettava-kertoja\/","name":"Ent\u00e4 kun tietokirjassa on ep\u00e4luotettava kertoja? - Kirjailijan p\u00e4iv\u00e4kirja","isPartOf":{"@id":"https:\/\/suomenkuvalehti.fi\/kirjailijanpaivakirja\/#website"},"primaryImageOfPage":{"@id":"https:\/\/suomenkuvalehti.fi\/kirjailijanpaivakirja\/enta-kun-tietokirjassa-on-epaluotettava-kertoja\/#primaryimage"},"image":{"@id":"https:\/\/suomenkuvalehti.fi\/kirjailijanpaivakirja\/enta-kun-tietokirjassa-on-epaluotettava-kertoja\/#primaryimage"},"thumbnailUrl":"https:\/\/suomenkuvalehti.fi\/kirjailijanpaivakirja\/wp-content\/uploads\/sites\/21\/2020\/09\/kale.jpg","datePublished":"2020-09-28T06:27:54+00:00","dateModified":"2020-09-28T16:38:14+00:00","author":{"@id":"https:\/\/suomenkuvalehti.fi\/kirjailijanpaivakirja\/#\/schema\/person\/ca2dfd9d508d8c675e07b3c099fc789b"},"description":"Kuvallinen todiste on omiaan lis\u00e4\u00e4m\u00e4\u00e4n Jouni Rannan v\u00e4itteen uskottavuutta: Ateneumin Schjefbeck-n\u00e4yttelyss\u00e4 oli 48 h\u00e4nen myym\u00e4\u00e4ns\u00e4 ty\u00f6t\u00e4. Kuvasta huolimatta siit\u00e4 ei kuitenkaan ole mit\u00e4\u00e4n muuta todistetta kuin h\u00e4nen sanansa.","breadcrumb":{"@id":"https:\/\/suomenkuvalehti.fi\/kirjailijanpaivakirja\/enta-kun-tietokirjassa-on-epaluotettava-kertoja\/#breadcrumb"},"inLanguage":"fi","potentialAction":[{"@type":"ReadAction","target":["https:\/\/suomenkuvalehti.fi\/kirjailijanpaivakirja\/enta-kun-tietokirjassa-on-epaluotettava-kertoja\/"]}]},{"@type":"ImageObject","inLanguage":"fi","@id":"https:\/\/suomenkuvalehti.fi\/kirjailijanpaivakirja\/enta-kun-tietokirjassa-on-epaluotettava-kertoja\/#primaryimage","url":"https:\/\/suomenkuvalehti.fi\/kirjailijanpaivakirja\/wp-content\/uploads\/sites\/21\/2020\/09\/kale.jpg","contentUrl":"https:\/\/suomenkuvalehti.fi\/kirjailijanpaivakirja\/wp-content\/uploads\/sites\/21\/2020\/09\/kale.jpg","width":1772,"height":2575},{"@type":"BreadcrumbList","@id":"https:\/\/suomenkuvalehti.fi\/kirjailijanpaivakirja\/enta-kun-tietokirjassa-on-epaluotettava-kertoja\/#breadcrumb","itemListElement":[{"@type":"ListItem","position":1,"name":"Home","item":"https:\/\/suomenkuvalehti.fi\/kirjailijanpaivakirja\/"},{"@type":"ListItem","position":2,"name":"Ent\u00e4 kun tietokirjassa on ep\u00e4luotettava kertoja?"}]},{"@type":"WebSite","@id":"https:\/\/suomenkuvalehti.fi\/kirjailijanpaivakirja\/#website","url":"https:\/\/suomenkuvalehti.fi\/kirjailijanpaivakirja\/","name":"Kirjailijan p\u00e4iv\u00e4kirja","description":"Proosakirjailijan arkea ja kirjallisuuden ajankohtaisia aiheita.","potentialAction":[{"@type":"SearchAction","target":{"@type":"EntryPoint","urlTemplate":"https:\/\/suomenkuvalehti.fi\/haku\/?q={search_term_string}"},"query-input":{"@type":"PropertyValueSpecification","valueRequired":true,"valueName":"search_term_string"}}],"inLanguage":"fi"},{"@type":"Person","@id":"https:\/\/suomenkuvalehti.fi\/kirjailijanpaivakirja\/#\/schema\/person\/ca2dfd9d508d8c675e07b3c099fc789b","name":"Karo H\u00e4m\u00e4l\u00e4inen","image":{"@type":"ImageObject","inLanguage":"fi","@id":"https:\/\/suomenkuvalehti.fi\/kirjailijanpaivakirja\/#\/schema\/person\/image\/","url":"https:\/\/suomenkuvalehti.fi\/kirjailijanpaivakirja\/wp-content\/uploads\/sites\/21\/2022\/04\/hamalainen_karo06-1-150x150.jpg","contentUrl":"https:\/\/suomenkuvalehti.fi\/kirjailijanpaivakirja\/wp-content\/uploads\/sites\/21\/2022\/04\/hamalainen_karo06-1-150x150.jpg","caption":"Karo H\u00e4m\u00e4l\u00e4inen"},"description":"Karo H\u00e4m\u00e4l\u00e4inen on kirjailija ja talouteen erikoistunut vapaa toimittaja."}]}},"_links":{"self":[{"href":"https:\/\/suomenkuvalehti.fi\/kirjailijanpaivakirja\/wp-json\/wp\/v2\/posts\/1905","targetHints":{"allow":["GET"]}}],"collection":[{"href":"https:\/\/suomenkuvalehti.fi\/kirjailijanpaivakirja\/wp-json\/wp\/v2\/posts"}],"about":[{"href":"https:\/\/suomenkuvalehti.fi\/kirjailijanpaivakirja\/wp-json\/wp\/v2\/types\/post"}],"author":[{"embeddable":true,"href":"https:\/\/suomenkuvalehti.fi\/kirjailijanpaivakirja\/wp-json\/wp\/v2\/users\/129"}],"replies":[{"embeddable":true,"href":"https:\/\/suomenkuvalehti.fi\/kirjailijanpaivakirja\/wp-json\/wp\/v2\/comments?post=1905"}],"version-history":[{"count":2,"href":"https:\/\/suomenkuvalehti.fi\/kirjailijanpaivakirja\/wp-json\/wp\/v2\/posts\/1905\/revisions"}],"predecessor-version":[{"id":1910,"href":"https:\/\/suomenkuvalehti.fi\/kirjailijanpaivakirja\/wp-json\/wp\/v2\/posts\/1905\/revisions\/1910"}],"wp:featuredmedia":[{"embeddable":true,"href":"https:\/\/suomenkuvalehti.fi\/kirjailijanpaivakirja\/wp-json\/wp\/v2\/media\/1906"}],"wp:attachment":[{"href":"https:\/\/suomenkuvalehti.fi\/kirjailijanpaivakirja\/wp-json\/wp\/v2\/media?parent=1905"}],"wp:term":[{"taxonomy":"category","embeddable":true,"href":"https:\/\/suomenkuvalehti.fi\/kirjailijanpaivakirja\/wp-json\/wp\/v2\/categories?post=1905"},{"taxonomy":"post_tag","embeddable":true,"href":"https:\/\/suomenkuvalehti.fi\/kirjailijanpaivakirja\/wp-json\/wp\/v2\/tags?post=1905"}],"curies":[{"name":"wp","href":"https:\/\/api.w.org\/{rel}","templated":true}]}}