{"id":1896,"date":"2020-09-24T17:02:57","date_gmt":"2020-09-24T14:02:57","guid":{"rendered":"https:\/\/suomenkuvalehti.fi\/kirjailijanpaivakirja\/?p=1896"},"modified":"2020-09-24T20:18:13","modified_gmt":"2020-09-24T17:18:13","slug":"arvotaan-voittavat-tarinat-ja-lisatarina-kari-hotakainen-kertoo-keksittyja-tarinoita-myos-itsestaan","status":"publish","type":"post","link":"https:\/\/suomenkuvalehti.fi\/kirjailijanpaivakirja\/arvotaan-voittavat-tarinat-ja-lisatarina-kari-hotakainen-kertoo-keksittyja-tarinoita-myos-itsestaan\/","title":{"rendered":"Arvotaan voittavat tarinat ja lis\u00e4tarina \u2013 Kari Hotakainen kertoo keksittyj\u00e4 tarinoita, my\u00f6s itsest\u00e4\u00e4n"},"content":{"rendered":"<figure class=\"alignleft size-medium is-resized wp-block-image\">\n  <div class=\"wp-block-image__inner-container\">\n    <a href='https:\/\/suomenkuvalehti.fi\/kirjailijanpaivakirja\/wp-content\/uploads\/sites\/21\/2020\/09\/tarina-web.jpg'><img loading=\"lazy\" decoding=\"async\" src=\"https:\/\/suomenkuvalehti.fi\/kirjailijanpaivakirja\/wp-content\/uploads\/sites\/21\/2020\/09\/tarina-web-198x300.jpg\" alt=\"\" class=\"wp-image-1897\" width=\"198\" height=\"300\" style=\"--aspect-ratio: 0.66\" srcset=\"https:\/\/suomenkuvalehti.fi\/kirjailijanpaivakirja\/wp-content\/uploads\/sites\/21\/2020\/09\/tarina-web-198x300.jpg 198w, https:\/\/suomenkuvalehti.fi\/kirjailijanpaivakirja\/wp-content\/uploads\/sites\/21\/2020\/09\/tarina-web-300x453.jpg 300w, https:\/\/suomenkuvalehti.fi\/kirjailijanpaivakirja\/wp-content\/uploads\/sites\/21\/2020\/09\/tarina-web.jpg 430w\" sizes=\"auto, (max-width: 198px) 100vw, 198px\" \/><\/a>    <figcaption class=\"wp-block-image__figcaption\">\n      Kari Hotakaisen romaanin p\u00e4\u00e4llyksen on suunnitellut Elina Warsta.          <\/figcaption>\n      <\/div>\n<\/figure>\n\n\n<p><span class=\"capitalized\">&#8221;Tietoyhteiskuntaa<\/span> seuraa tarinayhteiskunta&#8221;, kirjoitin <em>Helsingin Sanomien <\/em>Vieraskyn\u00e4-palstalla kaiken tiet\u00e4v\u00e4n\u00e4 23-vuotiaana toimittajanalkuna joulukuussa 1999.<\/p>\n\n\n\n<p>Kahden vuosikymmenen takainen julistukseni ei ole ainakaan aivan mets\u00e4ss\u00e4. Tunteet ja tarinat ovat monesti t\u00e4rke\u00e4mpi\u00e4 kuin tosiasiat: ratkaisevaa on se, miten asiat koetaan.<\/p>\n\n\n\n<p>Eri asia sitten on, onko ihmiskunta koskaan el\u00e4nyt &#8221;tietoyhteiskunnassa&#8221; sik\u00e4li kuin sen ajatellaan tarkoittavan tietoon nojaamista. Tarinoillahan t\u00e4t\u00e4 maailmaa tuntuu aina hallitun.<\/p>\n\n\n\n<p>&nbsp;<\/p>\n\n\n\n<p><span class=\"capitalized\">Proosakirjallisuus<\/span> rakentuu pitk\u00e4lti tarinoihin. Kirjailijat kirjoittavat tarinoita, jotka koskettavat lukijan sielua. Silloinkin kun kirjailijat kielt\u00e4ytyv\u00e4t kirjoittamasta tarinoita, lukijat n\u00e4kev\u00e4t niit\u00e4.<\/p>\n\n\n\n<p>J\u00e4lkik\u00e4teen tapahtumaketju kuin tapahtumaketju saa tarinan muodon, sill\u00e4 mieli synnytt\u00e4\u00e4 kausaalisuhteet.<\/p>\n\n\n\n<p>Monet syksyn kaunokirjalliset teokset k\u00e4sittelev\u00e4t tai ainakin sivuavat tarinallistamista ja sit\u00e4, mit\u00e4 kaikkea tarinaan sopimatonta j\u00e4\u00e4k\u00e4\u00e4n &#8221;historian&#8221; ulkopuolelle.<\/p>\n\n\n\n<p>Aivan syyt\u00f6n en ole itsek\u00e4\u00e4n t\u00e4h\u00e4n kirjalliseen trendiin, mutta n\u00e4kyvimmin tarinat nostaa esiin <strong>Kari Hotakainen<\/strong>, joka on per\u00e4ti nimennyt romaaninsa <em>Tarinaksi<\/em> (Siltala 2020).<\/p>\n\n\n\n<p>&nbsp;<\/p>\n\n\n\n<p><span class=\"capitalized\">Hotakaisen<\/span> <em>Tarinan<\/em> fiktiivisess\u00e4 todellisuudessa maaseudulta (jonka nimi teoksessa on Maaseutu) kaupunkiin (Kaupunkiin) muuttaneet ovat ruuhkauttaneet kerrostalot jos kohta ostoskeskuksetkin.<\/p>\n\n\n\n<p>Vuonna 1967 osoitteeseen Raatteentie 62 rakennetun kerrostalon asukkaita l\u00e4hestyt\u00e4\u00e4n tiedotteella, jonka mukaan vuokra-asumisoikeuksia joudutaan rajaamaan. Asukasvalinnan pohjaksi nykyisten asukkaiden on t\u00e4ytett\u00e4v\u00e4 lomake, jossa kysell\u00e4\u00e4n heid\u00e4n el\u00e4m\u00e4st\u00e4\u00e4n ja tarinastaan.<\/p>\n\n\n\n<p>&#8221;Parhaiden tarinoiden kertoja saavat asumisoikeuden uudessa vuokratalossa&#8221;, tiedote lupaa asukkaille.<\/p>\n\n\n\n<p>T\u00e4m\u00e4n kehyksen sis\u00e4ll\u00e4 Hotakainen p\u00e4\u00e4see kertomaan fiktiivisten kertojien \u00e4\u00e4nill\u00e4 fiktiivisten henkil\u00f6iden el\u00e4m\u00e4ntarinoita. Muistelen, ett\u00e4 samalla tapaa lyhyehk\u00f6ille el\u00e4m\u00e4ntarinoille Hotakainen olisi rakentanut my\u00f6s teoksensa <em>Finnhits<\/em>&nbsp;(WSOY 2007), mutta <em>Finnnhits<\/em>-kappaleeni lienee pudonnut kirjahyllyn v\u00e4liin, joten en p\u00e4\u00e4se tarkistamaan asiaa.<\/p>\n\n\n\n<p>&nbsp;<\/p>\n\n\n\n<p><span class=\"capitalized\">Sen sijaan<\/span> k\u00e4teeni osui Hotakaisen vuonna 2001 ilmestynyt kirja <em>El\u00e4m\u00e4 ja muita juttuja<\/em> (WSOY 2001). Siihen on painettu teksti nimelt\u00e4 &#8221;F1&#8221;, jonka p\u00e4\u00e4henkil\u00f6 valmistautuu sohvan pohjalla alkavaan formulakauteen.<\/p>\n\n\n\n<p>&#8221;Mikan ja Kimin vuoksi me t\u00e4h\u00e4n alennumme. Inhottava kysymys kuuluu: ent\u00e4 jos n\u00e4m\u00e4 sorjat pojat olisivat huipulla traktorin taakkavedossa, lajissa johon el\u00e4in ei pysty mutta jota v\u00e4ijyt\u00e4\u00e4n sankoin joukoin Eurosportilta? \u2013\u2013 Laittaisitko sin\u00e4 kellon soimaan aamuy\u00f6ll\u00e4 p\u00e4\u00e4st\u00e4ksesi seuraamaan kun Valmetin perustarkoitusta pilkataan?&#8221;<\/p>\n\n\n\n<p>&#8221;F1&#8221;-tekstin lempe\u00e4 iva osoittaa kiinnostusta ja viehtymyst\u00e4 formula 1:t\u00e4 kohtaan. Uteliaisuus F1-maailmaa kohtaan on ilmeinen.<\/p>\n\n\n\n<p>Kun Hotakaisen <em>Tuntematon Kimi R\u00e4ikk\u00f6nen<\/em> (Siltala 2018) ilmestyi, kirjailija v\u00e4itti <a href=\"https:\/\/seura.fi\/asiat\/ajankohtaista\/nain-kirjailija-kari-hotakainen-loysi-yhteyden-kimi-raikkoseen-taiteessa-ja-formuloissa-on-yhta-paljon-paskanpuhumista\/\" target=\"_blank\" rel=\"noopener\"><em>Seurassa<\/em><\/a>, ett\u00e4 ennen kirjan kirjoittamista h\u00e4n ei seurannut Formula 1 -sarjaa tai tiennyt koko lajista mit\u00e4\u00e4n, <strong>Kimi R\u00e4ikk\u00f6sest\u00e4<\/strong> puhumattakaan.<\/p>\n\n\n\n<p>&#8221;T\u00e4st\u00e4 l\u00e4htien kaikki on kiinni moottorien luotettavuudesta.&#8221;<\/p>\n\n\n","protected":false},"excerpt":{"rendered":"<p>&#8221;Tietoyhteiskuntaa seuraa tarinayhteiskunta&#8221;, kirjoitin Helsingin Sanomien Vieraskyn\u00e4-palstalla kaiken tiet\u00e4v\u00e4n\u00e4 23-vuotiaana toimittajanalkuna joulukuussa 1999. Kahden vuosikymmenen takainen julistukseni ei ole<br \/>\nain&hellip;<\/p>\n","protected":false},"author":129,"featured_media":1897,"comment_status":"open","ping_status":"open","sticky":false,"template":"","format":"standard","meta":{"_acf_changed":false,"asauth_required_access_level":3,"asauth_cansharepaid":"true","om_header_attributes":[],"footnotes":"","om_featured_image_focal_point":[],"om_primary_tag":0,"om_contributors":[],"om_co_authors":[],"beyondwords_generate_audio":"","beyondwords_project_id":"","beyondwords_content_id":"","beyondwords_preview_token":"","beyondwords_player_content":"","beyondwords_player_style":"","beyondwords_language_code":"","beyondwords_language_id":"","beyondwords_title_voice_id":"","beyondwords_body_voice_id":"","beyondwords_summary_voice_id":"","beyondwords_error_message":"","beyondwords_disabled":"","beyondwords_delete_content":"","beyondwords_podcast_id":"","beyondwords_hash":"","publish_post_to_speechkit":"","speechkit_hash":"","speechkit_generate_audio":"","speechkit_project_id":"","speechkit_podcast_id":"","speechkit_error_message":"","speechkit_disabled":"","speechkit_access_key":"","speechkit_error":"","speechkit_info":"","speechkit_response":"","speechkit_retries":"","speechkit_status":"","speechkit_updated_at":"","_speechkit_link":"","_speechkit_text":""},"categories":[1],"tags":[504],"class_list":["post-1896","post","type-post","status-publish","format-standard","has-post-thumbnail","hentry","category-kirjailijan-paivakirja","tag-kari-hotakainen"],"om_views":null,"acf":{"tuuma_off":false,"tuuma_kysymys":"","tuuma_vastaus":""},"asauth":{"required_access_level":1,"share_token":"","is_paid":false},"yoast_head":"<!-- This site is optimized with the Yoast SEO plugin v26.4 - https:\/\/yoast.com\/wordpress\/plugins\/seo\/ -->\n<title>Arvotaan voittavat tarinat ja lis\u00e4tarina \u2013 Kari Hotakainen kertoo keksittyj\u00e4 tarinoita, my\u00f6s itsest\u00e4\u00e4n - Kirjailijan p\u00e4iv\u00e4kirja<\/title>\n<meta name=\"description\" content=\"Monet syksyn kaunokirjalliset teokset k\u00e4sittelev\u00e4t tai ainakin sivuavat tarinallistamista ja sit\u00e4, mit\u00e4 kaikkea tarinaan sopimatonta j\u00e4\u00e4k\u00e4\u00e4n &quot;historian&quot; ulkopuolelle.\" \/>\n<meta name=\"robots\" content=\"index, follow, max-snippet:-1, max-image-preview:large, max-video-preview:-1\" \/>\n<link rel=\"canonical\" href=\"https:\/\/suomenkuvalehti.fi\/kirjailijanpaivakirja\/arvotaan-voittavat-tarinat-ja-lisatarina-kari-hotakainen-kertoo-keksittyja-tarinoita-myos-itsestaan\/\" \/>\n<meta property=\"og:locale\" content=\"fi_FI\" \/>\n<meta property=\"og:type\" content=\"article\" \/>\n<meta property=\"og:title\" content=\"Arvotaan voittavat tarinat ja lis\u00e4tarina \u2013 Kari Hotakainen kertoo keksittyj\u00e4 tarinoita, my\u00f6s itsest\u00e4\u00e4n - Kirjailijan p\u00e4iv\u00e4kirja\" \/>\n<meta property=\"og:description\" content=\"Monet syksyn kaunokirjalliset teokset k\u00e4sittelev\u00e4t tai ainakin sivuavat tarinallistamista ja sit\u00e4, mit\u00e4 kaikkea tarinaan sopimatonta j\u00e4\u00e4k\u00e4\u00e4n &quot;historian&quot; ulkopuolelle.\" \/>\n<meta property=\"og:url\" content=\"https:\/\/suomenkuvalehti.fi\/kirjailijanpaivakirja\/arvotaan-voittavat-tarinat-ja-lisatarina-kari-hotakainen-kertoo-keksittyja-tarinoita-myos-itsestaan\/\" \/>\n<meta property=\"og:site_name\" content=\"Kirjailijan p\u00e4iv\u00e4kirja\" \/>\n<meta property=\"article:published_time\" content=\"2020-09-24T14:02:57+00:00\" \/>\n<meta property=\"article:modified_time\" content=\"2020-09-24T17:18:13+00:00\" \/>\n<meta property=\"og:image\" content=\"https:\/\/suomenkuvalehti.fi\/kirjailijanpaivakirja\/wp-content\/uploads\/sites\/21\/2020\/09\/tarina-web.jpg\" \/>\n\t<meta property=\"og:image:width\" content=\"430\" \/>\n\t<meta property=\"og:image:height\" content=\"650\" \/>\n\t<meta property=\"og:image:type\" content=\"image\/jpeg\" \/>\n<meta name=\"author\" content=\"Karo H\u00e4m\u00e4l\u00e4inen\" \/>\n<meta name=\"twitter:card\" content=\"summary_large_image\" \/>\n<meta name=\"twitter:label1\" content=\"Written by\" \/>\n\t<meta name=\"twitter:data1\" content=\"Karo H\u00e4m\u00e4l\u00e4inen\" \/>\n\t<meta name=\"twitter:label2\" content=\"Est. reading time\" \/>\n\t<meta name=\"twitter:data2\" content=\"2 minuuttia\" \/>\n<script type=\"application\/ld+json\" class=\"yoast-schema-graph\">{\"@context\":\"https:\/\/schema.org\",\"@graph\":[{\"@type\":\"WebPage\",\"@id\":\"https:\/\/suomenkuvalehti.fi\/kirjailijanpaivakirja\/arvotaan-voittavat-tarinat-ja-lisatarina-kari-hotakainen-kertoo-keksittyja-tarinoita-myos-itsestaan\/\",\"url\":\"https:\/\/suomenkuvalehti.fi\/kirjailijanpaivakirja\/arvotaan-voittavat-tarinat-ja-lisatarina-kari-hotakainen-kertoo-keksittyja-tarinoita-myos-itsestaan\/\",\"name\":\"Arvotaan voittavat tarinat ja lis\u00e4tarina \u2013 Kari Hotakainen kertoo keksittyj\u00e4 tarinoita, my\u00f6s itsest\u00e4\u00e4n - Kirjailijan p\u00e4iv\u00e4kirja\",\"isPartOf\":{\"@id\":\"https:\/\/suomenkuvalehti.fi\/kirjailijanpaivakirja\/#website\"},\"primaryImageOfPage\":{\"@id\":\"https:\/\/suomenkuvalehti.fi\/kirjailijanpaivakirja\/arvotaan-voittavat-tarinat-ja-lisatarina-kari-hotakainen-kertoo-keksittyja-tarinoita-myos-itsestaan\/#primaryimage\"},\"image\":{\"@id\":\"https:\/\/suomenkuvalehti.fi\/kirjailijanpaivakirja\/arvotaan-voittavat-tarinat-ja-lisatarina-kari-hotakainen-kertoo-keksittyja-tarinoita-myos-itsestaan\/#primaryimage\"},\"thumbnailUrl\":\"https:\/\/suomenkuvalehti.fi\/kirjailijanpaivakirja\/wp-content\/uploads\/sites\/21\/2020\/09\/tarina-web.jpg\",\"datePublished\":\"2020-09-24T14:02:57+00:00\",\"dateModified\":\"2020-09-24T17:18:13+00:00\",\"author\":{\"@id\":\"https:\/\/suomenkuvalehti.fi\/kirjailijanpaivakirja\/#\/schema\/person\/ca2dfd9d508d8c675e07b3c099fc789b\"},\"description\":\"Monet syksyn kaunokirjalliset teokset k\u00e4sittelev\u00e4t tai ainakin sivuavat tarinallistamista ja sit\u00e4, mit\u00e4 kaikkea tarinaan sopimatonta j\u00e4\u00e4k\u00e4\u00e4n \\\"historian\\\" ulkopuolelle.\",\"breadcrumb\":{\"@id\":\"https:\/\/suomenkuvalehti.fi\/kirjailijanpaivakirja\/arvotaan-voittavat-tarinat-ja-lisatarina-kari-hotakainen-kertoo-keksittyja-tarinoita-myos-itsestaan\/#breadcrumb\"},\"inLanguage\":\"fi\",\"potentialAction\":[{\"@type\":\"ReadAction\",\"target\":[\"https:\/\/suomenkuvalehti.fi\/kirjailijanpaivakirja\/arvotaan-voittavat-tarinat-ja-lisatarina-kari-hotakainen-kertoo-keksittyja-tarinoita-myos-itsestaan\/\"]}]},{\"@type\":\"ImageObject\",\"inLanguage\":\"fi\",\"@id\":\"https:\/\/suomenkuvalehti.fi\/kirjailijanpaivakirja\/arvotaan-voittavat-tarinat-ja-lisatarina-kari-hotakainen-kertoo-keksittyja-tarinoita-myos-itsestaan\/#primaryimage\",\"url\":\"https:\/\/suomenkuvalehti.fi\/kirjailijanpaivakirja\/wp-content\/uploads\/sites\/21\/2020\/09\/tarina-web.jpg\",\"contentUrl\":\"https:\/\/suomenkuvalehti.fi\/kirjailijanpaivakirja\/wp-content\/uploads\/sites\/21\/2020\/09\/tarina-web.jpg\",\"width\":430,\"height\":650,\"caption\":\"Kari Hotakaisen romaanin ulkoasun on suunnitellut Elina Warsta.\"},{\"@type\":\"BreadcrumbList\",\"@id\":\"https:\/\/suomenkuvalehti.fi\/kirjailijanpaivakirja\/arvotaan-voittavat-tarinat-ja-lisatarina-kari-hotakainen-kertoo-keksittyja-tarinoita-myos-itsestaan\/#breadcrumb\",\"itemListElement\":[{\"@type\":\"ListItem\",\"position\":1,\"name\":\"Home\",\"item\":\"https:\/\/suomenkuvalehti.fi\/kirjailijanpaivakirja\/\"},{\"@type\":\"ListItem\",\"position\":2,\"name\":\"Arvotaan voittavat tarinat ja lis\u00e4tarina \u2013 Kari Hotakainen kertoo keksittyj\u00e4 tarinoita, my\u00f6s itsest\u00e4\u00e4n\"}]},{\"@type\":\"WebSite\",\"@id\":\"https:\/\/suomenkuvalehti.fi\/kirjailijanpaivakirja\/#website\",\"url\":\"https:\/\/suomenkuvalehti.fi\/kirjailijanpaivakirja\/\",\"name\":\"Kirjailijan p\u00e4iv\u00e4kirja\",\"description\":\"Proosakirjailijan arkea ja kirjallisuuden ajankohtaisia aiheita.\",\"potentialAction\":[{\"@type\":\"SearchAction\",\"target\":{\"@type\":\"EntryPoint\",\"urlTemplate\":\"https:\/\/suomenkuvalehti.fi\/haku\/?q={search_term_string}\"},\"query-input\":{\"@type\":\"PropertyValueSpecification\",\"valueRequired\":true,\"valueName\":\"search_term_string\"}}],\"inLanguage\":\"fi\"},{\"@type\":\"Person\",\"@id\":\"https:\/\/suomenkuvalehti.fi\/kirjailijanpaivakirja\/#\/schema\/person\/ca2dfd9d508d8c675e07b3c099fc789b\",\"name\":\"Karo H\u00e4m\u00e4l\u00e4inen\",\"image\":{\"@type\":\"ImageObject\",\"inLanguage\":\"fi\",\"@id\":\"https:\/\/suomenkuvalehti.fi\/kirjailijanpaivakirja\/#\/schema\/person\/image\/\",\"url\":\"https:\/\/suomenkuvalehti.fi\/kirjailijanpaivakirja\/wp-content\/uploads\/sites\/21\/2022\/04\/hamalainen_karo06-1-150x150.jpg\",\"contentUrl\":\"https:\/\/suomenkuvalehti.fi\/kirjailijanpaivakirja\/wp-content\/uploads\/sites\/21\/2022\/04\/hamalainen_karo06-1-150x150.jpg\",\"caption\":\"Karo H\u00e4m\u00e4l\u00e4inen\"},\"description\":\"Karo H\u00e4m\u00e4l\u00e4inen on kirjailija ja talouteen erikoistunut vapaa toimittaja.\"}]}<\/script>\n<!-- \/ Yoast SEO plugin. -->","yoast_head_json":{"title":"Arvotaan voittavat tarinat ja lis\u00e4tarina \u2013 Kari Hotakainen kertoo keksittyj\u00e4 tarinoita, my\u00f6s itsest\u00e4\u00e4n - Kirjailijan p\u00e4iv\u00e4kirja","description":"Monet syksyn kaunokirjalliset teokset k\u00e4sittelev\u00e4t tai ainakin sivuavat tarinallistamista ja sit\u00e4, mit\u00e4 kaikkea tarinaan sopimatonta j\u00e4\u00e4k\u00e4\u00e4n \"historian\" ulkopuolelle.","robots":{"index":"index","follow":"follow","max-snippet":"max-snippet:-1","max-image-preview":"max-image-preview:large","max-video-preview":"max-video-preview:-1"},"canonical":"https:\/\/suomenkuvalehti.fi\/kirjailijanpaivakirja\/arvotaan-voittavat-tarinat-ja-lisatarina-kari-hotakainen-kertoo-keksittyja-tarinoita-myos-itsestaan\/","og_locale":"fi_FI","og_type":"article","og_title":"Arvotaan voittavat tarinat ja lis\u00e4tarina \u2013 Kari Hotakainen kertoo keksittyj\u00e4 tarinoita, my\u00f6s itsest\u00e4\u00e4n - Kirjailijan p\u00e4iv\u00e4kirja","og_description":"Monet syksyn kaunokirjalliset teokset k\u00e4sittelev\u00e4t tai ainakin sivuavat tarinallistamista ja sit\u00e4, mit\u00e4 kaikkea tarinaan sopimatonta j\u00e4\u00e4k\u00e4\u00e4n \"historian\" ulkopuolelle.","og_url":"https:\/\/suomenkuvalehti.fi\/kirjailijanpaivakirja\/arvotaan-voittavat-tarinat-ja-lisatarina-kari-hotakainen-kertoo-keksittyja-tarinoita-myos-itsestaan\/","og_site_name":"Kirjailijan p\u00e4iv\u00e4kirja","article_published_time":"2020-09-24T14:02:57+00:00","article_modified_time":"2020-09-24T17:18:13+00:00","og_image":[{"width":430,"height":650,"url":"https:\/\/suomenkuvalehti.fi\/kirjailijanpaivakirja\/wp-content\/uploads\/sites\/21\/2020\/09\/tarina-web.jpg","type":"image\/jpeg"}],"author":"Karo H\u00e4m\u00e4l\u00e4inen","twitter_card":"summary_large_image","twitter_misc":{"Written by":"Karo H\u00e4m\u00e4l\u00e4inen","Est. reading time":"2 minuuttia"},"schema":{"@context":"https:\/\/schema.org","@graph":[{"@type":"WebPage","@id":"https:\/\/suomenkuvalehti.fi\/kirjailijanpaivakirja\/arvotaan-voittavat-tarinat-ja-lisatarina-kari-hotakainen-kertoo-keksittyja-tarinoita-myos-itsestaan\/","url":"https:\/\/suomenkuvalehti.fi\/kirjailijanpaivakirja\/arvotaan-voittavat-tarinat-ja-lisatarina-kari-hotakainen-kertoo-keksittyja-tarinoita-myos-itsestaan\/","name":"Arvotaan voittavat tarinat ja lis\u00e4tarina \u2013 Kari Hotakainen kertoo keksittyj\u00e4 tarinoita, my\u00f6s itsest\u00e4\u00e4n - Kirjailijan p\u00e4iv\u00e4kirja","isPartOf":{"@id":"https:\/\/suomenkuvalehti.fi\/kirjailijanpaivakirja\/#website"},"primaryImageOfPage":{"@id":"https:\/\/suomenkuvalehti.fi\/kirjailijanpaivakirja\/arvotaan-voittavat-tarinat-ja-lisatarina-kari-hotakainen-kertoo-keksittyja-tarinoita-myos-itsestaan\/#primaryimage"},"image":{"@id":"https:\/\/suomenkuvalehti.fi\/kirjailijanpaivakirja\/arvotaan-voittavat-tarinat-ja-lisatarina-kari-hotakainen-kertoo-keksittyja-tarinoita-myos-itsestaan\/#primaryimage"},"thumbnailUrl":"https:\/\/suomenkuvalehti.fi\/kirjailijanpaivakirja\/wp-content\/uploads\/sites\/21\/2020\/09\/tarina-web.jpg","datePublished":"2020-09-24T14:02:57+00:00","dateModified":"2020-09-24T17:18:13+00:00","author":{"@id":"https:\/\/suomenkuvalehti.fi\/kirjailijanpaivakirja\/#\/schema\/person\/ca2dfd9d508d8c675e07b3c099fc789b"},"description":"Monet syksyn kaunokirjalliset teokset k\u00e4sittelev\u00e4t tai ainakin sivuavat tarinallistamista ja sit\u00e4, mit\u00e4 kaikkea tarinaan sopimatonta j\u00e4\u00e4k\u00e4\u00e4n \"historian\" ulkopuolelle.","breadcrumb":{"@id":"https:\/\/suomenkuvalehti.fi\/kirjailijanpaivakirja\/arvotaan-voittavat-tarinat-ja-lisatarina-kari-hotakainen-kertoo-keksittyja-tarinoita-myos-itsestaan\/#breadcrumb"},"inLanguage":"fi","potentialAction":[{"@type":"ReadAction","target":["https:\/\/suomenkuvalehti.fi\/kirjailijanpaivakirja\/arvotaan-voittavat-tarinat-ja-lisatarina-kari-hotakainen-kertoo-keksittyja-tarinoita-myos-itsestaan\/"]}]},{"@type":"ImageObject","inLanguage":"fi","@id":"https:\/\/suomenkuvalehti.fi\/kirjailijanpaivakirja\/arvotaan-voittavat-tarinat-ja-lisatarina-kari-hotakainen-kertoo-keksittyja-tarinoita-myos-itsestaan\/#primaryimage","url":"https:\/\/suomenkuvalehti.fi\/kirjailijanpaivakirja\/wp-content\/uploads\/sites\/21\/2020\/09\/tarina-web.jpg","contentUrl":"https:\/\/suomenkuvalehti.fi\/kirjailijanpaivakirja\/wp-content\/uploads\/sites\/21\/2020\/09\/tarina-web.jpg","width":430,"height":650,"caption":"Kari Hotakaisen romaanin ulkoasun on suunnitellut Elina Warsta."},{"@type":"BreadcrumbList","@id":"https:\/\/suomenkuvalehti.fi\/kirjailijanpaivakirja\/arvotaan-voittavat-tarinat-ja-lisatarina-kari-hotakainen-kertoo-keksittyja-tarinoita-myos-itsestaan\/#breadcrumb","itemListElement":[{"@type":"ListItem","position":1,"name":"Home","item":"https:\/\/suomenkuvalehti.fi\/kirjailijanpaivakirja\/"},{"@type":"ListItem","position":2,"name":"Arvotaan voittavat tarinat ja lis\u00e4tarina \u2013 Kari Hotakainen kertoo keksittyj\u00e4 tarinoita, my\u00f6s itsest\u00e4\u00e4n"}]},{"@type":"WebSite","@id":"https:\/\/suomenkuvalehti.fi\/kirjailijanpaivakirja\/#website","url":"https:\/\/suomenkuvalehti.fi\/kirjailijanpaivakirja\/","name":"Kirjailijan p\u00e4iv\u00e4kirja","description":"Proosakirjailijan arkea ja kirjallisuuden ajankohtaisia aiheita.","potentialAction":[{"@type":"SearchAction","target":{"@type":"EntryPoint","urlTemplate":"https:\/\/suomenkuvalehti.fi\/haku\/?q={search_term_string}"},"query-input":{"@type":"PropertyValueSpecification","valueRequired":true,"valueName":"search_term_string"}}],"inLanguage":"fi"},{"@type":"Person","@id":"https:\/\/suomenkuvalehti.fi\/kirjailijanpaivakirja\/#\/schema\/person\/ca2dfd9d508d8c675e07b3c099fc789b","name":"Karo H\u00e4m\u00e4l\u00e4inen","image":{"@type":"ImageObject","inLanguage":"fi","@id":"https:\/\/suomenkuvalehti.fi\/kirjailijanpaivakirja\/#\/schema\/person\/image\/","url":"https:\/\/suomenkuvalehti.fi\/kirjailijanpaivakirja\/wp-content\/uploads\/sites\/21\/2022\/04\/hamalainen_karo06-1-150x150.jpg","contentUrl":"https:\/\/suomenkuvalehti.fi\/kirjailijanpaivakirja\/wp-content\/uploads\/sites\/21\/2022\/04\/hamalainen_karo06-1-150x150.jpg","caption":"Karo H\u00e4m\u00e4l\u00e4inen"},"description":"Karo H\u00e4m\u00e4l\u00e4inen on kirjailija ja talouteen erikoistunut vapaa toimittaja."}]}},"_links":{"self":[{"href":"https:\/\/suomenkuvalehti.fi\/kirjailijanpaivakirja\/wp-json\/wp\/v2\/posts\/1896","targetHints":{"allow":["GET"]}}],"collection":[{"href":"https:\/\/suomenkuvalehti.fi\/kirjailijanpaivakirja\/wp-json\/wp\/v2\/posts"}],"about":[{"href":"https:\/\/suomenkuvalehti.fi\/kirjailijanpaivakirja\/wp-json\/wp\/v2\/types\/post"}],"author":[{"embeddable":true,"href":"https:\/\/suomenkuvalehti.fi\/kirjailijanpaivakirja\/wp-json\/wp\/v2\/users\/129"}],"replies":[{"embeddable":true,"href":"https:\/\/suomenkuvalehti.fi\/kirjailijanpaivakirja\/wp-json\/wp\/v2\/comments?post=1896"}],"version-history":[{"count":6,"href":"https:\/\/suomenkuvalehti.fi\/kirjailijanpaivakirja\/wp-json\/wp\/v2\/posts\/1896\/revisions"}],"predecessor-version":[{"id":1904,"href":"https:\/\/suomenkuvalehti.fi\/kirjailijanpaivakirja\/wp-json\/wp\/v2\/posts\/1896\/revisions\/1904"}],"wp:featuredmedia":[{"embeddable":true,"href":"https:\/\/suomenkuvalehti.fi\/kirjailijanpaivakirja\/wp-json\/wp\/v2\/media\/1897"}],"wp:attachment":[{"href":"https:\/\/suomenkuvalehti.fi\/kirjailijanpaivakirja\/wp-json\/wp\/v2\/media?parent=1896"}],"wp:term":[{"taxonomy":"category","embeddable":true,"href":"https:\/\/suomenkuvalehti.fi\/kirjailijanpaivakirja\/wp-json\/wp\/v2\/categories?post=1896"},{"taxonomy":"post_tag","embeddable":true,"href":"https:\/\/suomenkuvalehti.fi\/kirjailijanpaivakirja\/wp-json\/wp\/v2\/tags?post=1896"}],"curies":[{"name":"wp","href":"https:\/\/api.w.org\/{rel}","templated":true}]}}